{"id":2761,"date":"2011-05-23T07:30:22","date_gmt":"2011-05-23T07:30:22","guid":{"rendered":"https:\/\/la-presse-anarchiste.net\/index.php\/2011\/05\/23\/le-contre-coup-electoral-de-la-guerre\/"},"modified":"2011-05-23T07:30:22","modified_gmt":"2011-05-23T07:30:22","slug":"le-contre-coup-electoral-de-la-guerre","status":"publish","type":"post","link":"https:\/\/la-presse-anarchiste.net\/index.php\/2011\/05\/23\/le-contre-coup-electoral-de-la-guerre\/","title":{"rendered":"Le contre-coup  \u00e9lectoral de la guerre"},"content":{"rendered":"<div class=\"pdfprnt-buttons pdfprnt-buttons-post pdfprnt-top-right\"><a href=\"https:\/\/la-presse-anarchiste.net\/index.php\/wp-json\/wp\/v2\/posts\/2761?print=pdf\" class=\"pdfprnt-button pdfprnt-button-pdf\" target=\"_blank\"><img decoding=\"async\" src=\"https:\/\/la-presse-anarchiste.net\/wp-content\/plugins\/pdf-print\/images\/pdf.png\" alt=\"image_pdf\" title=\"Afficher le PDF\"><\/a><a href=\"https:\/\/la-presse-anarchiste.net\/index.php\/wp-json\/wp\/v2\/posts\/2761?print=print\" class=\"pdfprnt-button pdfprnt-button-print\" target=\"_blank\"><img decoding=\"async\" src=\"https:\/\/la-presse-anarchiste.net\/wp-content\/plugins\/pdf-print\/images\/print.png\" alt=\"image_print\" title=\"Contenu imprim\u00e9\"><\/a><\/div><p>Les \u00e9lec\u00adtions ne sont pas une chose impor\u00adtante dans l\u2019\u00e9\u00advo\u00adlu\u00adtion des peuples, mais ce n\u2019est point non plus une mani\u00adfes\u00adta\u00adtion n\u00e9gli\u00adgeable. On conna\u00eet le r\u00e9sul\u00adtat du renou\u00advel\u00adle\u00adment l\u00e9gis\u00adla\u00adtif r\u00e9cent en Ita\u00adlie, en France et en Bel\u00adgique, suc\u00adc\u00e8s socia\u00adliste ind\u00e9\u00adniable au Nord et au Sud, recul tr\u00e8s net en France. T\u00e2chons de mon\u00adtrer, en \u00e9tu\u00addiant quelques-uns des fac\u00adteurs qui ont jou\u00e9, com\u00adment ces votes se rat\u00adtachent aux ph\u00e9\u00adno\u00adm\u00e8nes g\u00e9n\u00e9\u00adraux et locaux, que l\u2019on peut qua\u00adli\u00adfier&nbsp;: liqui\u00adda\u00adtion de la guerre mondiale.<\/p>\n<p><i>D\u00e9cla\u00adra\u00adtion de guerre<\/i>.\u200a\u2014\u200aLa ques\u00adtion n\u2019existe pas pour la Bel\u00adgique qui a \u00e9t\u00e9 vio\u00adlem\u00adment mise en guerre. Pour la France, elle s\u2019est \u00e0 peine pos\u00e9e&nbsp;; com\u00adbien y avait-il de gens, en ao\u00fbt 1914, conseillant de mettre les pouces et d\u2019\u00e9\u00advi\u00adter la guerre par la sou\u00admis\u00adsion&nbsp;? Au contraire, pour l\u2019I\u00adta\u00adlie, le pro\u00adbl\u00e8me est res\u00adt\u00e9 entier pen\u00addant, dix mois et, sans id\u00e9al, ce pays est fina\u00adle\u00adment entr\u00e9 en guerre du c\u00f4t\u00e9 du plus offrant.<\/p>\n<p><i>Poids de la guerre<\/i>.\u200a\u2014\u200aSans contes\u00adta\u00adtions, c\u2019est la France qui, effec\u00adti\u00adve\u00adment, a pay\u00e9 le plus, par le sang de ses hommes, la des\u00adtruc\u00adtion de ses villes, de ses usines, de ses champs. Mais c\u2019est la Bel\u00adgique qui, mora\u00adle\u00adment, a souf\u00adfert le plus, par la connais\u00adsance plus intime qu\u2019elle a d\u00fb faire de l\u2019en\u00adva\u00adhis\u00adseur. L\u2019I\u00adta\u00adlie, dans son ensemble, a \u00e0 peine connu la guerre. Cons\u00e9\u00adquem\u00adment, l\u2019es\u00adprit anti-alle\u00admand va en d\u00e9crois\u00adsant de la Bel\u00adgique \u00e0 l\u2019Italie.<\/p>\n<p><i>Vie ch\u00e8re<\/i>. \u2013 Cons\u00e9\u00adquence de quatre ann\u00e9es de guerre et, sub\u00adsi\u00addiai\u00adre\u00adment, de la pr\u00e9\u00adsence des arm\u00e9es anglo-saxonnes sur le Conti\u00adnent, n\u2019a pas \u00e9t\u00e9 com\u00adbat\u00adtue par les gou\u00adver\u00adne\u00adments, qu\u2019ils n\u2019aient vou\u00adlu, su on pu&nbsp;; et du Nord au Midi, \u00e0 tra\u00advers tous les par\u00adtis, l\u2019in\u00adca\u00adpa\u00adci\u00adt\u00e9 a \u00e9t\u00e9 ana\u00adlogue&nbsp;; Sem\u00adbat n\u2019a pas mieux r\u00e9us\u00adsi que Cla\u00adveille. Corol\u00adlai\u00adre\u00adment, cer\u00adtaines classes se sont enri\u00adchies en France et en Bel\u00adgique celle des pay\u00adsans sur\u00adtout\u200a\u2014\u200aMoins en Ita\u00adlie, et la soif de l\u2019ordre d\u00e9vore le nou\u00adveau&nbsp;riche.<\/p>\n<p><i>Au point de vue mili\u00adtaire<\/i>, ce qu\u2019on appelle la gloire a \u00e9t\u00e9 don\u00adn\u00e9 prin\u00adci\u00adpa\u00adle\u00adment \u00e0 la France, et c\u2019est un ph\u00e9\u00adno\u00adm\u00e8ne g\u00e9n\u00e9\u00adral et com\u00adpr\u00e9\u00adhen\u00adsible de la psy\u00adcho\u00adlo\u00adgie des foules qu\u2019\u00e0 la vic\u00adtoire suc\u00adc\u00e8de la r\u00e9action.&nbsp;<\/p>\n<p>Contre-coup de la <i>R\u00e9vo\u00adlu\u00adtion russe<\/i>, ou plu\u00adt\u00f4t de sa phase bol\u00adche\u00adviste. Les socia\u00adlistes ita\u00adliens n\u2019ont pas cach\u00e9 leur sym\u00adpa\u00adthie&nbsp;; ceux de France l\u2019ont fait avec moins d\u2019en\u00adsemble&nbsp;; ceux de Bel\u00adgique ont net\u00adte\u00adment r\u00e9pu\u00addi\u00e9 le ter\u00adro\u00adrisme r\u00e9vo\u00adlu\u00adtion\u00adnaire. Et \u00e0 l\u2019autre extr\u00e9\u00admi\u00adt\u00e9 de la gamme poli\u00adtique, tan\u00addis qu\u2019un par\u00adti super-natio\u00adna\u00adliste ita\u00adlien ne crai\u00adgnait pas de faire un nou\u00advel appel aux armes, les natio\u00adna\u00adlistes de France bais\u00adsaient la voix, et ils ne pous\u00adsaient pas leur \u00ab&nbsp;reven\u00addi\u00adca\u00adtion&nbsp;\u00bb sur la rive gauche du Rhin, plus loin que le bas\u00adsin de la&nbsp;Sarre.<\/p>\n<p>R\u00e9ca\u00adpi\u00adtu\u00adlons. En <i>Bel\u00adgique<\/i>, tout s\u2019est pas\u00ads\u00e9 en un cadre natio\u00adna\u00adliste d\u00e9fen\u00adsif anti-alle\u00admand&nbsp;; alors, d\u2019autres fac\u00adteurs locaux ont eu toute lati\u00adtude pour faire sen\u00adtir leur action, et c\u2019est le plus jeune, le plus actif, le plus pro\u00admet\u00adteur des deux par\u00adtis anti-cl\u00e9\u00adri\u00adcaux, qui a pro\u00adfi\u00adt\u00e9 de la situa\u00adtion. En <i>Ita\u00adlie<\/i>, c\u2019est la r\u00e9ac\u00adtion contre ceux qui, de pro\u00adpos d\u00e9li\u00adb\u00e9\u00adr\u00e9, ont fait entrer le pays en guerre&nbsp;; c\u2019est la riposte au natio\u00adna\u00adlisme agres\u00adsif. En France, c\u2019est \u00ab&nbsp;le bou\u00adlet de la victoire&nbsp;\u00bb.<\/p>\n<p>Et ce n\u2019est pas trop pay\u00e9. Qu\u2019on le veuille ou non, en fait, jus\u00adqu\u2019en 1914, les mili\u00adta\u00adrismes de tous les pays \u00e9taient syn\u00addi\u00adqu\u00e9s&nbsp;; les \u00e9tats-majors du monde entier gra\u00advi\u00adtaient autour du G.Q.G. de Ber\u00adlin. L\u2019ar\u00adma\u00adture est bri\u00ads\u00e9e main\u00adte\u00adnant, et nul poten\u00adtat n\u2019en recol\u00adle\u00adra les mor\u00adceaux. Com\u00adpa\u00adr\u00e9e \u00e0 cette vic\u00adtoire, qu\u2019est-ce qu\u2019une p\u00e9riode r\u00e9ac\u00adtion\u00adnaire, dur\u00e2t-elle vingt ans&nbsp;? Sans confondre la dis\u00adcus\u00adsion par\u00adle\u00admen\u00adtaire avec l\u2019\u00e9\u00adla\u00adbo\u00adra\u00adtion d\u2019une soci\u00e9\u00adt\u00e9 com\u00admu\u00adniste, on peut \u00e9vi\u00addem\u00adment \u00eatre vex\u00e9 de la pi\u00e8tre figure que fait la France actuelle dans l\u2019\u00e9\u00advo\u00adlu\u00adtion mon\u00addiale&nbsp;; mais puis\u00adqu\u2019un nou\u00adveau r\u00e9pit est accor\u00add\u00e9 au gou\u00adver\u00adne\u00adment des int\u00e9\u00adr\u00eats capi\u00adta\u00adlistes, ne vaut-il pas mieux que le socia\u00adlisme soit net\u00adte\u00adment \u00e9car\u00adt\u00e9 du voi\u00adsi\u00adnage du Pou\u00advoir&nbsp;? La net\u00adte\u00adt\u00e9 de notre vision, de ce que nous vou\u00adlons obte\u00adnir, y gagne\u00adra. Et un autre dan\u00adger nous guette, plus grand que celui d\u2019une l\u00e9gis\u00adla\u00adture sans socia\u00adliste&nbsp;: c\u2019est la propre d\u00e9mo\u00adra\u00adli\u00adsa\u00adtion de la masse&nbsp;; c\u2019est le m\u00e9pris de l\u2019i\u00add\u00e9al et la recherche du gain sans effort.<\/p>\n<p>[\/\u200bPaul <sc>Reclus<\/sc>\/\u200b]<\/p>\n","protected":false},"excerpt":{"rendered":"<p>Les \u00e9lec\u00adtions ne sont pas une chose impor\u00adtante dans l\u2019\u00e9\u00advo\u00adlu\u00adtion des peuples, mais ce n\u2019est point non plus une mani\u00adfes\u00adta\u00adtion n\u00e9gli\u00adgeable. On conna\u00eet le r\u00e9sul\u00adtat du renou\u00advel\u00adle\u00adment l\u00e9gis\u00adla\u00adtif r\u00e9cent en Ita\u00adlie, en France et en Bel\u00adgique, suc\u00adc\u00e8s socia\u00adliste ind\u00e9\u00adniable au Nord et au Sud, recul tr\u00e8s net en France. T\u00e2chons de mon\u00adtrer, en \u00e9tu\u00addiant quelques-uns&nbsp;[\u2026]<\/p>\n","protected":false},"author":1,"featured_media":0,"comment_status":"closed","ping_status":"closed","sticky":false,"template":"","format":"standard","meta":{"wp_typography_post_enhancements_disabled":false,"footnotes":""},"categories":[335],"tags":[],"ppma_author":[540],"class_list":["post-2761","post","type-post","status-publish","format-standard","hentry","category-les-temps-nouveaux-na7-15-janvier-1920"],"authors":[{"term_id":540,"user_id":1,"is_guest":0,"slug":"admin_3gikpwyf","display_name":"Vincent Dubuc","avatar_url":"https:\/\/secure.gravatar.com\/avatar\/d015720652c25fd2ced191ade86430094e1f288a17483713e3b34d26dea52507?s=96&d=mm&r=g","author_category":"","user_url":"https:\/\/la-presse-anarchiste.net","last_name":"Dubuc","first_name":"Vincent","job_title":"","description":""}],"_links":{"self":[{"href":"https:\/\/la-presse-anarchiste.net\/index.php\/wp-json\/wp\/v2\/posts\/2761","targetHints":{"allow":["GET"]}}],"collection":[{"href":"https:\/\/la-presse-anarchiste.net\/index.php\/wp-json\/wp\/v2\/posts"}],"about":[{"href":"https:\/\/la-presse-anarchiste.net\/index.php\/wp-json\/wp\/v2\/types\/post"}],"author":[{"embeddable":true,"href":"https:\/\/la-presse-anarchiste.net\/index.php\/wp-json\/wp\/v2\/users\/1"}],"replies":[{"embeddable":true,"href":"https:\/\/la-presse-anarchiste.net\/index.php\/wp-json\/wp\/v2\/comments?post=2761"}],"version-history":[{"count":0,"href":"https:\/\/la-presse-anarchiste.net\/index.php\/wp-json\/wp\/v2\/posts\/2761\/revisions"}],"wp:attachment":[{"href":"https:\/\/la-presse-anarchiste.net\/index.php\/wp-json\/wp\/v2\/media?parent=2761"}],"wp:term":[{"taxonomy":"category","embeddable":true,"href":"https:\/\/la-presse-anarchiste.net\/index.php\/wp-json\/wp\/v2\/categories?post=2761"},{"taxonomy":"post_tag","embeddable":true,"href":"https:\/\/la-presse-anarchiste.net\/index.php\/wp-json\/wp\/v2\/tags?post=2761"},{"taxonomy":"author","embeddable":true,"href":"https:\/\/la-presse-anarchiste.net\/index.php\/wp-json\/wp\/v2\/ppma_author?post=2761"}],"curies":[{"name":"wp","href":"https:\/\/api.w.org\/{rel}","templated":true}]}}