{"id":2767,"date":"2011-05-24T15:30:47","date_gmt":"2011-05-24T15:30:47","guid":{"rendered":"https:\/\/la-presse-anarchiste.net\/index.php\/2011\/05\/24\/assemblee-generale-de-la-federation-ouvriere-du-val-de-saint-imier\/"},"modified":"2011-05-24T15:30:47","modified_gmt":"2011-05-24T15:30:47","slug":"assemblee-generale-de-la-federation-ouvriere-du-val-de-saint-imier","status":"publish","type":"post","link":"https:\/\/la-presse-anarchiste.net\/index.php\/2011\/05\/24\/assemblee-generale-de-la-federation-ouvriere-du-val-de-saint-imier\/","title":{"rendered":"Assembl\u00e9e g\u00e9n\u00e9rale de la F\u00e9d\u00e9ration ouvri\u00e8re du val de Saint-Imier"},"content":{"rendered":"<div class=\"pdfprnt-buttons pdfprnt-buttons-post pdfprnt-top-right\"><a href=\"https:\/\/la-presse-anarchiste.net\/index.php\/wp-json\/wp\/v2\/posts\/2767?print=pdf\" class=\"pdfprnt-button pdfprnt-button-pdf\" target=\"_blank\"><img decoding=\"async\" src=\"https:\/\/la-presse-anarchiste.net\/wp-content\/plugins\/pdf-print\/images\/pdf.png\" alt=\"image_pdf\" title=\"Afficher le PDF\"><\/a><a href=\"https:\/\/la-presse-anarchiste.net\/index.php\/wp-json\/wp\/v2\/posts\/2767?print=print\" class=\"pdfprnt-button pdfprnt-button-print\" target=\"_blank\"><img decoding=\"async\" src=\"https:\/\/la-presse-anarchiste.net\/wp-content\/plugins\/pdf-print\/images\/print.png\" alt=\"image_print\" title=\"Contenu imprim\u00e9\"><\/a><\/div><p>[[Article publi\u00e9 sans&nbsp;titre]]<\/p>\n<p>[\/\u200bSonvillier, le 4 novembre 1872.\/]<\/p>\n<p>Com\u00adpa\u00adgnons R\u00e9dac\u00adteurs du <i>Bul\u00adle\u00adtin de la F\u00e9d\u00e9\u00adra\u00adtion juras\u00adsienne<\/i>.<\/p>\n<p>La F\u00e9d\u00e9\u00adra\u00adtion ouvri\u00e8re du Val de Saint-Imier s\u2019est r\u00e9unie le 3 novembre en assem\u00adbl\u00e9e g\u00e9n\u00e9rale.<\/p>\n<p>Elle a adop\u00adt\u00e9 \u00e0 l\u2019u\u00adna\u00adni\u00admi\u00adt\u00e9, sur la pro\u00adpo\u00adsi\u00adtion des diverses com\u00admis\u00adsions admi\u00adnis\u00adtra\u00adtives et de son comi\u00adt\u00e9 cen\u00adtral, les r\u00e9so\u00adlu\u00adtions sui\u00advantes&nbsp;; nous vous serions obli\u00adg\u00e9s, si vous vou\u00adliez leur don\u00adner une place dans les colonnes de votre esti\u00admable journal&nbsp;:<\/p>\n<h2>1\u00b0 Enqu\u00eate et statistique.<\/h2>\n<p>Consi\u00add\u00e9\u00adrant&nbsp;:<\/p>\n<p>Que des arres\u00adta\u00adtions d\u2019ou\u00advriers pour affaires de dettes ont eu&nbsp;lieu&nbsp;;<\/p>\n<p>Que cette pra\u00adtique atteint la digni\u00adt\u00e9 de la classe ouvri\u00e8re et met les ouvriers en dehors du droit commun&nbsp;;<\/p>\n<p>L\u2019as\u00adsem\u00adbl\u00e9e g\u00e9n\u00e9\u00adrale de la f\u00e9d\u00e9\u00adra\u00adtion ouvri\u00e8re du Val de Saint-Imier, tenue le 3 novembre 1872, d\u00e9cide&nbsp;:<\/p>\n<p>1\u00b0 La com\u00admis\u00adsion d\u2019en\u00adqu\u00eate et de sta\u00adtis\u00adtique est char\u00adg\u00e9e d\u2019ou\u00advrir imm\u00e9\u00addia\u00adte\u00adment une enqu\u00eate s\u00e9rieuse sur les causes qui ont ame\u00adn\u00e9 les arres\u00adta\u00adtions pr\u00e9\u00adci\u00adt\u00e9es et sur la mani\u00e8re l\u00e9gale de pro\u00adc\u00e9\u00adder en pareille circonstance.<\/p>\n<p>2\u00b0 La com\u00admis\u00adsion fera rap\u00adport dans la plus pro\u00adchaine s\u00e9ance du comi\u00adt\u00e9 cen\u00adtral et de la f\u00e9d\u00e9ration.<\/p>\n<h2>2\u00b0 R\u00e9sistance.<\/h2>\n<p>Appel aux ouvriers du Val de Saint-Imier.<\/p>\n<p>Com\u00adpa\u00adgnons&nbsp;!<\/p>\n<p>Nous ne r\u00e9p\u00e9\u00adtons pas aujourd\u2019\u00adhui ce qui a d\u00e9j\u00e0 \u00e9t\u00e9 dit tant de fois, que la classe ouvri\u00e8re ne pour\u00adra tra\u00advailler s\u00e9rieu\u00adse\u00adment \u00e0 l\u2019a\u00adm\u00e9\u00adlio\u00adra\u00adtion de sa posi\u00adtion, qu\u2019au\u00adtant qu\u2019elle sera unie dans son orga\u00adni\u00adsa\u00adtion et dans une action commune.<\/p>\n<p>Pour que cette orga\u00adni\u00adsa\u00adtion et cette action servent r\u00e9el\u00adle\u00adment les int\u00e9\u00adr\u00eats de la classe ouvri\u00e8re, il faut qu\u2019elles soient abso\u00adlu\u00adment libres, et le fait, non pas d\u2019un plan savam\u00adment com\u00adbi\u00adn\u00e9, mais le r\u00e9sul\u00adtat des n\u00e9ces\u00adsi\u00adt\u00e9s propres \u00e0 chaque m\u00e9tier.<\/p>\n<p>L\u2019or\u00adga\u00adni\u00adsa\u00adtion de chaque m\u00e9tier en soci\u00e9\u00adt\u00e9s, qui se f\u00e9d\u00e8rent libre\u00adment entre elles, est d\u00e9fi\u00adni\u00adti\u00adve\u00adment deve\u00adnue, dans les centres indus\u00adtriels, la base fon\u00adda\u00admen\u00adtale du mou\u00adve\u00adment ouvrier.<\/p>\n<p>Les exp\u00e9\u00adriences g\u00e9n\u00e9\u00adrales, et plus par\u00adti\u00adcu\u00adli\u00e8\u00adre\u00adment celles propres \u00e0 notre indus\u00adtrie, faites dans ce domaine, sont une d\u00e9mons\u00adtra\u00adtion posi\u00adtive que la classe ouvri\u00e8re pour\u00adra agir s\u00e9rieu\u00adse\u00adment, si elle veut s\u2019or\u00adga\u00adni\u00adser confor\u00adm\u00e9\u00adment aux int\u00e9\u00adr\u00eats qui lui sont propres.<\/p>\n<p>La F\u00e9d\u00e9\u00adra\u00adtion ouvri\u00e8re du Val de Saint-Imier, d\u00e9fi\u00adni\u00adti\u00adve\u00adment orga\u00adni\u00ads\u00e9e, se pro\u00adpose de grou\u00adper tous les \u00e9l\u00e9\u00adments ouvriers de notre val\u00adlon dans le but indi\u00adqu\u00e9 ci-dessus.<\/p>\n<p>Quelques-uns de nos m\u00e9tiers sont tr\u00e8s s\u00e9rieu\u00adse\u00adment orga\u00adni\u00ads\u00e9s, dans la plu\u00adpart cepen\u00addant une indif\u00adf\u00e9\u00adrence trop grande para\u00adlyse toute organisation.<\/p>\n<p>L\u2019his\u00adtoire de notre indus\u00adtrie hor\u00adlo\u00adg\u00e8re devrait nous apprendre com\u00adbien est fatale pour le bien-\u00eatre du peuple l\u2019in\u00addif\u00adf\u00e9\u00adrence dans un moment de pros\u00adp\u00e9\u00adri\u00adt\u00e9, o\u00f9 il suf\u00adfi\u00adrait d\u2019un peu d\u2019ac\u00adti\u00advi\u00adt\u00e9 de cha\u00adcun pour pro\u00adduire une orga\u00adni\u00adsa\u00adtion puis\u00adsante qui contien\u00addrait le gage cer\u00adtain d\u2019un ave\u00adnir meilleur pour notre popu\u00adla\u00adtion ouvri\u00e8re.<\/p>\n<p>Nous fai\u00adsons donc appel \u00e0 tous ceux qui sont res\u00adt\u00e9s indif\u00adf\u00e9\u00adrents et nous leur disons&nbsp;: Orga\u00adni\u00adsez-vous, joi\u00adgnez vos efforts aux n\u00f4tres, et que, par notre acti\u00advi\u00adt\u00e9 com\u00admune, nous r\u00e9a\u00adli\u00adsions quelques-unes des am\u00e9\u00adlio\u00adra\u00adtions que n\u00e9ces\u00adsite imp\u00e9\u00adrieu\u00adse\u00adment la situa\u00adtion qui nous est&nbsp;faite.<\/p>\n<p>La com\u00admis\u00adsion de r\u00e9sis\u00adtance se met \u00e0 la dis\u00adpo\u00adsi\u00adtion de tous ceux qui dans leurs m\u00e9tiers res\u00adpec\u00adtifs vou\u00addront prendre l\u2019i\u00adni\u00adtia\u00adtive d\u2019une orga\u00adni\u00adsa\u00adtion quelconque.<\/p>\n<p>Salut fra\u00adter\u00adnel. <\/p>\n<h2>3\u00b0 Travail et \u00e9change.<\/h2>\n<p>Consi\u00add\u00e9\u00adrant,<\/p>\n<p>Que la situa\u00adtion pros\u00adp\u00e8re dans laquelle est actuel\u00adle\u00adment l\u2019in\u00addus\u00adtrie hor\u00adlo\u00adg\u00e8re faci\u00adlite la cr\u00e9a\u00adtion d\u2019un comp\u00adtoir ouvrier&nbsp;;<\/p>\n<p>Qu\u2019un comp\u00adtoir ouvrier offri\u00adra dans une cer\u00adtaine mesure \u00e0 la classe ouvri\u00e8re quelques garan\u00adties d\u2019in\u00add\u00e9\u00adpen\u00addance qu\u2019elle ne pos\u00ads\u00e8de pas dans la situa\u00adtion pr\u00e9sente&nbsp;;<\/p>\n<p>La F\u00e9d\u00e9\u00adra\u00adtion ouvri\u00e8re du Val de Saint-Imier, dans son assem\u00adbl\u00e9e du 3 novembre 1872, d\u00e9cide&nbsp;:<\/p>\n<p>1\u00b0 Un comp\u00adtoir ouvrier sera for\u00adm\u00e9 dans le sein de la F\u00e9d\u00e9ration&nbsp;;<\/p>\n<p>2\u00b0 Tous les adh\u00e9\u00adrents \u00e0 la f\u00e9d\u00e9\u00adra\u00adtion sont invi\u00adt\u00e9s \u00e0 sou\u00admettre d\u2019i\u00adci au 1<sup>er<\/sup> d\u00e9cembre pro\u00adchain \u00e0 la com\u00admis\u00adsion de Tra\u00advail et \u00e9change leurs pro\u00adpo\u00adsi\u00adtions concer\u00adnant l\u2019or\u00adga\u00adni\u00adsa\u00adtion du comptoir&nbsp;;<\/p>\n<p>3\u00b0 La com\u00admis\u00adsion de Tra\u00advail et \u00e9change pr\u00e9\u00adsen\u00adte\u00adra \u00e0 la plus pro\u00adchaine s\u00e9ance un plan d\u2019organisation.<\/p>\n<h2>4\u00b0 Subsistances.<\/h2>\n<p>Consi\u00add\u00e9\u00adrant,<\/p>\n<p>Que les diverses ins\u00adti\u00adtu\u00adtions qui ont \u00e9t\u00e9 fon\u00add\u00e9es dans le Val de Saint-Imier, en vue de mettre \u00e0 la dis\u00adpo\u00adsi\u00adtion de la classe ouvri\u00e8re, les objets de consom\u00adma\u00adtion au prix le plus minime pos\u00adsible, ne satis\u00adfont pas les int\u00e9\u00adr\u00eats r\u00e9els des ouvriers&nbsp;;<\/p>\n<p>Que la F\u00e9d\u00e9\u00adra\u00adtion, en tant qu\u2019ex\u00adpres\u00adsion orga\u00adnique de la classe ouvri\u00e8re du Val\u00adlon, doit tendre \u00e0 concen\u00adtrer f\u00e9d\u00e9\u00adra\u00adti\u00adve\u00adment en elle toute la puis\u00adsance \u00e9co\u00adno\u00admique du pro\u00adl\u00e9\u00adta\u00adriat de notre contr\u00e9e&nbsp;;<\/p>\n<p>L\u2019as\u00adsem\u00adbl\u00e9e g\u00e9n\u00e9\u00adrale de la F\u00e9d\u00e9\u00adra\u00adtion ouvri\u00e8re du Val de Saint-Imier. du 3 novembre 1872,<br>\nd\u00e9cide&nbsp;:<\/p>\n<p>1\u00b0 La com\u00admis\u00adsion des sub\u00adsis\u00adtances pren\u00addra dans le sein de la F\u00e9d\u00e9\u00adra\u00adtion l\u2019i\u00adni\u00adtia\u00adtive de l\u2019or\u00adga\u00adni\u00adsa\u00adtion de l\u2019a\u00adchat et de la vente des objets de consommation&nbsp;;<\/p>\n<p>2\u00b0 Les sommes n\u00e9ces\u00adsaires aux achats seront, pour com\u00admen\u00adcer les op\u00e9\u00adra\u00adtions, pro\u00adcu\u00adr\u00e9es au moyen d\u2019a\u00advances faites par les adh\u00e9rents.<\/p>\n<p>3\u00b0 Chaque adh\u00e9\u00adrent vou\u00adlant par\u00adti\u00adci\u00adper aux op\u00e9\u00adra\u00adtions rece\u00advra en \u00e9change des sommes avan\u00adc\u00e9es par lui, l\u2019\u00e9\u00adqui\u00advalent en objets de consommation&nbsp;;<\/p>\n<p>4\u00b0 Toutes les op\u00e9\u00adra\u00adtions se feront au comp\u00adtant, et sans pr\u00e9\u00adle\u00adver aucun b\u00e9n\u00e9\u00adfice&nbsp;; les objets de consom\u00adma\u00adtion seront livr\u00e9s aux adh\u00e9\u00adrents au prix de revient aug\u00admen\u00adt\u00e9 des frais d\u2019administration.<\/p>\n<p>5\u00b0 La com\u00admis\u00adsion pr\u00e9\u00adsen\u00adte\u00adra pour l\u2019une des pro\u00adchaines s\u00e9ances, un pro\u00adjet d\u2019or\u00adga\u00adni\u00adsa\u00adtion posi\u00adtive de cette branche d\u2019administration.<\/p>\n<h2>5\u00b0 Enseignement et propagande.<\/h2>\n<p>Consi\u00add\u00e9\u00adrant,<\/p>\n<p>Que la F\u00e9d\u00e9\u00adra\u00adtion ayant pour but l\u2019a\u00adm\u00e9\u00adlio\u00adra\u00adtion de la classe ouvri\u00e8re, doit n\u00e9ces\u00adsai\u00adre\u00adment se pr\u00e9\u00adoc\u00adcu\u00adper du d\u00e9ve\u00adlop\u00adpe\u00adment intel\u00adlec\u00adtuel et moral des ouvriers.<\/p>\n<p>L\u2019as\u00adsem\u00adbl\u00e9e de la F\u00e9d\u00e9\u00adra\u00adtion du 3 novembre 1872,<\/p>\n<p>d\u00e9cide&nbsp;:<\/p>\n<p>1\u00b0 Des conf\u00e9\u00adrences popu\u00adlaires seront don\u00adn\u00e9es dans les diverses loca\u00adli\u00adt\u00e9s o\u00f9 habitent des adh\u00e9\u00adrents \u00e0 la f\u00e9d\u00e9\u00adra\u00adtion, dans le but de mettre \u00e0 la dis\u00adpo\u00adsi\u00adtion des ouvriers les moyens d\u2019ac\u00adqu\u00e9\u00adrir les plus grandes sommes de connais\u00adsances utiles&nbsp;;<\/p>\n<p>2\u00b0 La F\u00e9d\u00e9\u00adra\u00adtion fait appel \u00e0 toutes les per\u00adsonnes qui vou\u00addraient lui pr\u00ea\u00adter leur concours actif dans cette&nbsp;\u0153uvre&nbsp;;<\/p>\n<p>3\u00b0 La com\u00admis\u00adsion d\u2019en\u00adsei\u00adgne\u00adment et pro\u00adpa\u00adgande est char\u00adg\u00e9e de l\u2019or\u00adga\u00adni\u00adsa\u00adtion des conf\u00e9\u00adrences popu\u00adlaires et de toute ins\u00adti\u00adtu\u00adtion ayant pour but d\u2019\u00e9\u00adclai\u00adrer les ouvriers.<\/p>\n<p>Au nom de l\u2019as\u00adsem\u00adbl\u00e9e de la F\u00e9d\u00e9\u00adra\u00adtion du Val de Saint-Imier du 3 novembre 1872.<\/p>\n<p>[\/\u200bLe secr\u00e9\u00adtaire, Paul <sc>Junet<br>\n<br>Le pr\u00e9\u00adsident, A. <sc>Jean\u00adre\u00adnaud<\/sc>\/\u200b]<\/sc><\/p>\n","protected":false},"excerpt":{"rendered":"<p>[[Article publi\u00e9 sans&nbsp;titre]] [\/\u200b\u200bSonvillier, le 4 novembre 1872.\/] Com\u00adpa\u00adgnons R\u00e9dac\u00adteurs du Bul\u00adle\u00adtin de la F\u00e9d\u00e9\u00adra\u00adtion juras\u00adsienne. La F\u00e9d\u00e9\u00adra\u00adtion ouvri\u00e8re du Val de Saint-Imier s\u2019est r\u00e9unie le 3 novembre en assem\u00adbl\u00e9e g\u00e9n\u00e9\u00adrale. Elle a adop\u00adt\u00e9 \u00e0 l\u2019u\u00adna\u00adni\u00admi\u00adt\u00e9, sur la pro\u00adpo\u00adsi\u00adtion des diverses com\u00admis\u00adsions admi\u00adnis\u00adtra\u00adtives et de son comi\u00adt\u00e9 cen\u00adtral, les r\u00e9so\u00adlu\u00adtions sui\u00advantes&nbsp;; nous vous serions oblig\u00e9s,&nbsp;[\u2026]<\/p>\n","protected":false},"author":1,"featured_media":0,"comment_status":"closed","ping_status":"closed","sticky":false,"template":"","format":"standard","meta":{"wp_typography_post_enhancements_disabled":false,"footnotes":""},"categories":[336],"tags":[],"ppma_author":[540],"class_list":["post-2767","post","type-post","status-publish","format-standard","hentry","category-bulletin-de-la-federation-jurassienne-n20-21-10-novembre-1872"],"authors":[{"term_id":540,"user_id":1,"is_guest":0,"slug":"admin_3gikpwyf","display_name":"Vincent Dubuc","avatar_url":"https:\/\/secure.gravatar.com\/avatar\/d015720652c25fd2ced191ade86430094e1f288a17483713e3b34d26dea52507?s=96&d=mm&r=g","author_category":"","user_url":"https:\/\/la-presse-anarchiste.net","last_name":"Dubuc","first_name":"Vincent","job_title":"","description":""}],"_links":{"self":[{"href":"https:\/\/la-presse-anarchiste.net\/index.php\/wp-json\/wp\/v2\/posts\/2767","targetHints":{"allow":["GET"]}}],"collection":[{"href":"https:\/\/la-presse-anarchiste.net\/index.php\/wp-json\/wp\/v2\/posts"}],"about":[{"href":"https:\/\/la-presse-anarchiste.net\/index.php\/wp-json\/wp\/v2\/types\/post"}],"author":[{"embeddable":true,"href":"https:\/\/la-presse-anarchiste.net\/index.php\/wp-json\/wp\/v2\/users\/1"}],"replies":[{"embeddable":true,"href":"https:\/\/la-presse-anarchiste.net\/index.php\/wp-json\/wp\/v2\/comments?post=2767"}],"version-history":[{"count":0,"href":"https:\/\/la-presse-anarchiste.net\/index.php\/wp-json\/wp\/v2\/posts\/2767\/revisions"}],"wp:attachment":[{"href":"https:\/\/la-presse-anarchiste.net\/index.php\/wp-json\/wp\/v2\/media?parent=2767"}],"wp:term":[{"taxonomy":"category","embeddable":true,"href":"https:\/\/la-presse-anarchiste.net\/index.php\/wp-json\/wp\/v2\/categories?post=2767"},{"taxonomy":"post_tag","embeddable":true,"href":"https:\/\/la-presse-anarchiste.net\/index.php\/wp-json\/wp\/v2\/tags?post=2767"},{"taxonomy":"author","embeddable":true,"href":"https:\/\/la-presse-anarchiste.net\/index.php\/wp-json\/wp\/v2\/ppma_author?post=2767"}],"curies":[{"name":"wp","href":"https:\/\/api.w.org\/{rel}","templated":true}]}}