{"id":2768,"date":"2011-05-24T15:31:20","date_gmt":"2011-05-24T15:31:20","guid":{"rendered":"https:\/\/la-presse-anarchiste.net\/index.php\/2011\/05\/24\/extrait-du-proces-verbal-de-la-seance-du-comite-federal-jurassien-du-10-novembre-1872\/"},"modified":"2011-05-24T15:31:20","modified_gmt":"2011-05-24T15:31:20","slug":"extrait-du-proces-verbal-de-la-seance-du-comite-federal-jurassien-du-10-novembre-1872","status":"publish","type":"post","link":"https:\/\/la-presse-anarchiste.net\/index.php\/2011\/05\/24\/extrait-du-proces-verbal-de-la-seance-du-comite-federal-jurassien-du-10-novembre-1872\/","title":{"rendered":"Extrait du proc\u00e8s-verbal de la s\u00e9ance du Comit\u00e9 F\u00e9d\u00e9ral jurassien du 10 novembre 1872"},"content":{"rendered":"<div class=\"pdfprnt-buttons pdfprnt-buttons-post pdfprnt-top-right\"><a href=\"https:\/\/la-presse-anarchiste.net\/index.php\/wp-json\/wp\/v2\/posts\/2768?print=pdf\" class=\"pdfprnt-button pdfprnt-button-pdf\" target=\"_blank\"><img decoding=\"async\" src=\"https:\/\/la-presse-anarchiste.net\/wp-content\/plugins\/pdf-print\/images\/pdf.png\" alt=\"image_pdf\" title=\"Afficher le PDF\"><\/a><a href=\"https:\/\/la-presse-anarchiste.net\/index.php\/wp-json\/wp\/v2\/posts\/2768?print=print\" class=\"pdfprnt-button pdfprnt-button-print\" target=\"_blank\"><img decoding=\"async\" src=\"https:\/\/la-presse-anarchiste.net\/wp-content\/plugins\/pdf-print\/images\/print.png\" alt=\"image_print\" title=\"Contenu imprim\u00e9\"><\/a><\/div><p>[(Le Comi\u00adt\u00e9 f\u00e9d\u00e9\u00adral juras\u00adsien a cru utile de publier \u00e0 l\u2019a\u00adve\u00adnir dans le <i>Bul\u00adle\u00adtin<\/i> un extrait du pro\u00adc\u00e8s-ver\u00adbal de ses s\u00e9ances, afin de tenir les membres de notre f\u00e9d\u00e9\u00adra\u00adtion au cou\u00adrant des rela\u00adtions du Comi\u00adt\u00e9 f\u00e9d\u00e9\u00adral tant avec les sec\u00adtions de l\u2019in\u00adt\u00e9\u00adrieur qu\u2019a\u00advec celles de l\u2019ex\u00adt\u00e9\u00adrieur. Voi\u00adci, pour com\u00admen\u00adcer, l\u2019ex\u00adtrait du pro\u00adc\u00e8s-ver\u00adbal de la s\u00e9ance du 10 novembre&nbsp;:)]<\/p>\n<p>Sont pr\u00e9\u00adsents&nbsp;: Alfred Andri\u00e9, Paul Junet et Adh\u00e9\u00admar Schwitzgu\u00e9bel.<\/p>\n<p>Sont absents&nbsp;: Charles Cho\u00adpard et Jus\u00adtin Guerber.&nbsp;<\/p>\n<p>Quelques membres de diverses sec\u00adtions assistent \u00e0 la s\u00e9ance.<\/p>\n<h2>I. Nouvelles des sections de la F\u00e9d\u00e9ration Jurassienne.<\/h2>\n<p>1. Re\u00e7u d\u2019une sec\u00adtion fran\u00ad\u00e7aise la somme de vingt francs pour coti\u00adsa\u00adtions f\u00e9d\u00e9\u00adrales et g\u00e9n\u00e9\u00adrales (65 membres.)\u200a\u2014\u200aLa m\u00eame sec\u00adtion adh\u00e8re aux r\u00e9so\u00adlu\u00adtions du Congr\u00e8s de Saint-Imier et nous annonce la for\u00adma\u00adtion de divers nou\u00adveaux groupes en France qui adh\u00e8rent \u00e0 la F\u00e9d\u00e9\u00adra\u00adtion jurassienne.<\/p>\n<p>2. Une. sec\u00adtion alsa\u00adcienne donne des ren\u00adsei\u00adgne\u00adments sur sa situa\u00adtion&nbsp;; \u00e0 la suite de l\u2019op\u00adtion du 1<sup>er<\/sup> octobre, elle se trouve r\u00e9duite \u00e0 20 membres&nbsp;; elle annonce l\u2019en\u00advoi pro\u00adchain des coti\u00adsa\u00adtions f\u00e9d\u00e9rales.<\/p>\n<p>3. La sec\u00adtion de la Chaux-de-Fonds envoie 20 francs pour paie\u00adment de 20 abon\u00adne\u00adments au <i>Bul\u00adle\u00adtin<\/i>, 3<sup>e<\/sup> tri\u00admestre. Le comi\u00adt\u00e9 de cette Sec\u00adtion a \u00e9t\u00e9 renou\u00adve\u00adl\u00e9&nbsp;; il est com\u00adpo\u00ads\u00e9 comme&nbsp;suit&nbsp;:<\/p>\n<p>Fritz Heng, secr\u00e9\u00adtaire-cor\u00adres\u00adpon\u00addant&nbsp;; L<sup>s<\/sup>-Andr\u00e9 Dela\u00adcoste, secr\u00e9\u00adtaire des s\u00e9ances&nbsp;; Jules Mar\u00adte\u00adlet, cais\u00adsier&nbsp;; Louis Robert et \u00c9mile Gin\u00adnel, assesseurs.<\/p>\n<p>L\u2019a\u00addresse du secr\u00e9\u00adtaire-cor\u00adres\u00adpon\u00addant est&nbsp;: Fritz Heng, gra\u00adveur, Gro\u00adgne\u00adrie 9, Chaux-de-Fonds.<\/p>\n<p>4. La sec\u00adtion de Por\u00adren\u00adtruy demande \u00e0 r\u00e9gu\u00adla\u00adri\u00adser sa situa\u00adtion vis-\u00e0-vis de la F\u00e9d\u00e9\u00adra\u00adtion juras\u00adsienne&nbsp;; elle annonce qu\u2019une somme de 30 fr. 80 cent. a \u00e9t\u00e9 sous\u00adcrite pour les frais de la d\u00e9l\u00e9\u00adga\u00adtion au Congr\u00e8s de la Haye. Les ren\u00adsei\u00adgne\u00adments deman\u00add\u00e9s ont \u00e9t\u00e9 four\u00adnis \u00e0 la sec\u00adtion de Porrentruy.<\/p>\n<p>5. Le com\u00adpa\u00adgnon Favre, membre du Cercle d\u2019\u00e9\u00adtudes sociales de Saint-Imier, r\u00e9si\u00addant actuel\u00adle\u00adment dans le Valais, annonce qu\u2019il tra\u00advaille \u00e0 la for\u00adma\u00adtion de sec\u00adtions dans ce can\u00adton et demande un man\u00addat pour l\u2019ac\u00adcr\u00e9\u00addi\u00adter en sa qua\u00adli\u00adt\u00e9 d\u2019adh\u00e9\u00adrent \u00e0 la F\u00e9d\u00e9\u00adra\u00adtion juras\u00adsienne. Il a \u00e9t\u00e9 satis\u00adfait \u00e0 la demande du com\u00adpa\u00adgnon&nbsp;Favre.<\/p>\n<p>6. Le com\u00adpa\u00adgnon Jules Mon\u00adtels adresse une pro\u00adtes\u00adta\u00adtion concer\u00adnant le accu\u00adsa\u00adtions por\u00adt\u00e9es contre Bous\u00adquet au Congr\u00e8s de la Haye&nbsp;; l\u2019in\u00adser\u00adtion dans le <i>Bul\u00adle\u00adtin<\/i> en est&nbsp;vot\u00e9e.<\/p>\n<p>Le m\u00eame envoie la somme de 4 fr. pour son abon\u00adne\u00adment annuel au <i>Bul\u00adle\u00adtin<\/i>.<\/p>\n<p>7. Le com\u00adpa\u00adgnon Stu\u00addi de Car\u00adnier envoie \u00e9ga\u00adle\u00adment la somme de cinq francs pour son abon\u00adne\u00adment au <i>Bul\u00adle\u00adtin<\/i>.<\/p>\n<p>8. Une adh\u00e9\u00adrente, M.&nbsp;R., envoie la somme de cin\u00adquante francs pour faci\u00adli\u00adter le Comi\u00adt\u00e9 f\u00e9d\u00e9\u00adral dans son activit\u00e9.<\/p>\n<h2>II. Nouvelles de l\u2019Ext\u00e9rieur.<\/h2>\n<p>9. Une lettre de France nous com\u00admu\u00adnique les r\u00e9so\u00adlu\u00adtions adop\u00adt\u00e9es par un Congr\u00e8s fran\u00ad\u00e7ais, com\u00adpo\u00ads\u00e9 de 23 d\u00e9l\u00e9\u00adgu\u00e9s de sec\u00adtions fran\u00e7aises.<\/p>\n<p>a) sur l\u2019ac\u00adtion poli\u00adtique actuelle des classes ouvri\u00e8res, le Congr\u00e8s vote l\u2019abs\u00adten\u00adtion pure et simple en mati\u00e8re \u00e9lectorale.<\/p>\n<p>Cette r\u00e9so\u00adlu\u00adtion a \u00e9t\u00e9 adop\u00adt\u00e9e par 22 voix contre une.<\/p>\n<p>b) Sur l\u2019or\u00adga\u00adni\u00adsa\u00adtion des forces ouvri\u00e8res, le Congr\u00e8s vote la cr\u00e9a\u00adtion de groupes autonomes.<\/p>\n<p>10. Une leltre d\u2019un com\u00adpa\u00adgnon fran\u00ad\u00e7ais nous avise que deux impor\u00adtantes sec\u00adtions du Midi se sont pro\u00adnon\u00adc\u00e9es pour les r\u00e9so\u00adlu\u00adtions du Congr\u00e8s de Saint-Imier.<\/p>\n<p>11. Un inter\u00adna\u00adtio\u00adnal de Mar\u00adseille demande, au nom d\u2019un groupe d\u2019ou\u00advriers r\u00e9vo\u00adlu\u00adtion\u00adnaires, des ren\u00adsei\u00adgne\u00adments posi\u00adtifs sur les tra\u00adhi\u00adsons de Gam\u00adbet\u00adta pen\u00addant la guerre&nbsp;; la lettre sera trans\u00admise aux r\u00e9fu\u00adgi\u00e9s de la Com\u00admune qui pour\u00adront don\u00adner les \u00e9clair\u00adcis\u00adse\u00adments demand\u00e9s.<\/p>\n<p>12. Le comi\u00adt\u00e9 f\u00e9d\u00e9\u00adral de la Val\u00adl\u00e9e de la Vesdre (Bel\u00adgique) nous accuse r\u00e9cep\u00adtion des docu\u00adments que nous lui avons adres\u00ads\u00e9s&nbsp;; il t\u00e9moigne son indi\u00adgna\u00adtion contre toutes les man\u0153uvres des hommes de l\u2019ex-Conseil g\u00e9n\u00e9ral.<\/p>\n<p>Il est d\u00e9ci\u00add\u00e9 d\u2019en\u00advoyer au Congr\u00e8s de la F\u00e9d\u00e9\u00adra\u00adtion de la Val\u00adl\u00e9e de la Vesdre, r\u00e9uni aujourd\u2019\u00adhui \u00e0 Ver\u00adviers, un salut t\u00e9l\u00e9graphique.<\/p>\n<p>13. Une lettre du com\u00adpa\u00adgnon Gerhard d\u2019Am\u00adster\u00addam, secr\u00e9\u00adtaire-cor\u00adres\u00adpon\u00addant de la F\u00e9d\u00e9\u00adra\u00adtion n\u00e9er\u00adlan\u00addaise, accuse r\u00e9cep\u00adtion des r\u00e9so\u00adlu\u00adtions du Congr\u00e8s de Saint-Iinier et esp\u00e8re pou\u00advoir en annon\u00adcer sous peu offi\u00adciel\u00adle\u00adment l\u2019ac\u00adcep\u00adta\u00adtion par la F\u00e9d\u00e9\u00adra\u00adtion n\u00e9erlandaise.<\/p>\n<p>14. Un com\u00adpa\u00adgnon com\u00admu\u00adnique une lettre d\u2019un membre du Conseil f\u00e9d\u00e9\u00adral anglais et d\u00e9l\u00e9\u00adgu\u00e9 \u00e0 la Haye, accu\u00adsant r\u00e9cep\u00adtion des docu\u00adments \u00e9ma\u00adnant de la F\u00e9d\u00e9\u00adra\u00adtion juras\u00adsienne et don\u00adnant des ren\u00adsei\u00adgne\u00adments sur les man\u0153uvres occultes pra\u00adti\u00adqu\u00e9es encore en ce moment en Angle\u00adterre par Marx et Engels contre le Conseil f\u00e9d\u00e9\u00adral anglais, qui s\u2019est ral\u00adli\u00e9 \u00e0 la d\u00e9cla\u00adra\u00adtion de la mino\u00adri\u00adt\u00e9 du Congr\u00e8s de la&nbsp;Haye.<\/p>\n<p>15. Une lettre de la com\u00admis\u00adsion de cor\u00adres\u00adpon\u00addance ita\u00adlienne donne des ren\u00adsei\u00adgne\u00adments sur la situa\u00adtion mis\u00e9\u00adrable des ouvriers de Rome et fait pr\u00e9\u00advoir des gr\u00e8ves pro\u00adchaines dans cette ville&nbsp;; elle demande si, dans ce cas, les ouvriers romains pour\u00adraient comp\u00adter sur l\u2019ap\u00adpui de la F\u00e9d\u00e9\u00adra\u00adtion jurassienne\u2026<\/p>\n<p>Les sec\u00adtions sont invi\u00adt\u00e9es \u00e0 com\u00admu\u00adni\u00adquer de suite au Comi\u00adt\u00e9 f\u00e9d\u00e9\u00adral ce qu\u2019elles seraient dis\u00adpo\u00ads\u00e9es \u00e0&nbsp;faire.<\/p>\n<p>16. Le Conseil f\u00e9d\u00e9\u00adral de la R\u00e9gion espa\u00adgnole accuse \u00e9ga\u00adle\u00adment r\u00e9cep\u00adtion des m\u00eames docu\u00adments men\u00adtion\u00adn\u00e9s plus haut&nbsp;; il a pro\u00adpo\u00ads\u00e9 aux sec\u00adtions espa\u00adgnoles de r\u00e9unir le Congr\u00e8s r\u00e9gio\u00adnal le 25 d\u00e9cembre pro\u00adchain au lieu du prin\u00adtemps 1873, afin que la F\u00e9d\u00e9\u00adra\u00adtion espa\u00adgnole puisse se pro\u00adnon\u00adcer de suite sur les r\u00e9so\u00adlu\u00adtions du Congr\u00e8s de St-Imier.<\/p>\n<p>17. Le Conseil local de la F\u00e9d\u00e9\u00adra\u00adtion bar\u00adce\u00adlo\u00adnaise accuse r\u00e9cep\u00adtion des docu\u00adments adres\u00ads\u00e9s \u00e0 eux par nous&nbsp;; la F\u00e9d\u00e9\u00adra\u00adtion de Bar\u00adce\u00adlone n\u2019a pas encore \u00e9t\u00e9 appe\u00adl\u00e9e \u00e0 se pro\u00adnon\u00adcer sur les r\u00e9so\u00adlu\u00adtions du Congr\u00e8s de St-Imier, mais l\u2019o\u00adpi\u00adnion g\u00e9n\u00e9\u00adrale s\u2019est d\u00e9j\u00e0 mani\u00adfes\u00adt\u00e9e en faveur du pacte de soli\u00adda\u00adri\u00adt\u00e9 \u00e0 \u00e9ta\u00adblir entre les f\u00e9d\u00e9\u00adra\u00adtions. autonomes.<\/p>\n<p>Les tra\u00advailleurs bar\u00adce\u00adlo\u00adnais affirment leur soli\u00adda\u00adri\u00adt\u00e9 pra\u00adtique envers les tra\u00advailleurs de tous les&nbsp;pays.<\/p>\n<p>18. L\u2019U\u00adnion des typo\u00adgraphes espa\u00adgnols envoie une cir\u00adcu\u00adlaire annon\u00ad\u00e7ant que les typo\u00adgraphes de Bar\u00adce\u00adlone sont en gr\u00e8ve et demande l\u2019ap\u00adpui des autres f\u00e9d\u00e9rations.<\/p>\n<p>19. La sec\u00adtion de Mon\u00adt\u00e9\u00advi\u00add\u00e9o, par l\u2019in\u00adter\u00adm\u00e9\u00addiaire d\u2019un ami, mani\u00adfeste le d\u00e9sir d\u2019en\u00adtrer en rela\u00adtions avec la F\u00e9d\u00e9\u00adra\u00adtion juras\u00adsienne et demande le <i>Bul\u00adle\u00adtin<\/i>.<\/p>\n<p>20. Le Comi\u00adt\u00e9 f\u00e9d\u00e9\u00adral porte \u00e0 la connais\u00adsance des Sec\u00adtions, qu\u2019il re\u00e7oit, en \u00e9change du <i>Bul\u00adle\u00adtin<\/i>, les jour\u00adnaux sui\u00advants&nbsp;: le <i>Socia\u00adliste<\/i> de New-York, organe des Sec\u00adtions am\u00e9\u00adri\u00adcaines&nbsp;; <i>the Inter\u00adna\u00adtio\u00adnal Herald<\/i>, de Londres, organe de la f\u00e9d\u00e9\u00adra\u00adtion anglaise&nbsp;; l\u2019<i>Inter\u00adna\u00adtio\u00adnale<\/i>, de Bruxelles, organe de la f\u00e9d\u00e9\u00adra\u00adtion belge&nbsp;; la <i>Liber\u00adt\u00e9<\/i>, de Bruxelles&nbsp;; le <i>Mira\u00adbeau<\/i>, de Ver\u00adviers&nbsp;; la <i>Fede\u00adra\u00adcion<\/i>, organe de la f\u00e9d\u00e9\u00adra\u00adtion de Bar\u00adce\u00adlone&nbsp;; <i>el Conde\u00adna\u00addo<\/i>, organe de la f\u00e9d\u00e9\u00adra\u00adtion de Madrid&nbsp;; la <i>Razon<\/i>, organe de la f\u00e9d\u00e9\u00adra\u00adtion de S\u00e9ville&nbsp;; la <i>Favilla<\/i>, de Man\u00adtoue (Ita\u00adlie)&nbsp;; le <i>Gaz\u00adzet\u00adti\u00adno rosa<\/i>, de&nbsp;Milan.<\/p>\n<h2>III. R\u00e9solutions sp\u00e9ciales du Comit\u00e9 f\u00e9d\u00e9ral.<\/h2>\n<p>21. Il est vot\u00e9 la r\u00e9dac\u00adtion d\u2019une cir\u00adcu\u00adlaire aux sec\u00adtions de la F\u00e9d\u00e9\u00adra\u00adtion juras\u00adsienne, pour les appe\u00adler \u00e0 se pro\u00adnon\u00adcer cat\u00e9\u00adgo\u00adri\u00adque\u00adment sur les r\u00e9so\u00adlu\u00adtions du Congr\u00e8s de St-Imier et sur l\u2019at\u00adti\u00adtude \u00e0 venir de la dite F\u00e9d\u00e9ration.<\/p>\n<p>22. Vot\u00e9 la publi\u00adca\u00adtion dans le <i>Bul\u00adle\u00adtin<\/i> d\u2019un extrait du pro\u00adc\u00e8s-ver\u00adbal de chaque s\u00e9ance du comi\u00adt\u00e9 f\u00e9d\u00e9ral.<\/p>\n<p>Pour le Comi\u00adt\u00e9 f\u00e9d\u00e9\u00adral jurassien&nbsp;:<br>\n<br>Le secr\u00e9\u00adtaire des s\u00e9ances,<br>\n<br>Paul<sc>Junet<\/sc><\/p>\n","protected":false},"excerpt":{"rendered":"<p>[(Le Comi\u00adt\u00e9 f\u00e9d\u00e9\u00adral juras\u00adsien a cru utile de publier \u00e0 l\u2019a\u00adve\u00adnir dans le Bul\u00adle\u00adtin un extrait du pro\u00ad\u00adc\u00e8s-ver\u00ad\u00adbal de ses s\u00e9ances, afin de tenir les membres de notre f\u00e9d\u00e9\u00adra\u00adtion au cou\u00adrant des rela\u00adtions du Comi\u00adt\u00e9 f\u00e9d\u00e9\u00adral tant avec les sec\u00adtions de l\u2019in\u00adt\u00e9\u00adrieur qu\u2019a\u00advec celles de l\u2019ex\u00adt\u00e9\u00adrieur. Voi\u00adci, pour com\u00admen\u00adcer, l\u2019ex\u00adtrait du pro\u00ad\u00adc\u00e8s-ver\u00ad\u00adbal de la s\u00e9ance&nbsp;[\u2026]<\/p>\n","protected":false},"author":1,"featured_media":0,"comment_status":"closed","ping_status":"closed","sticky":false,"template":"","format":"standard","meta":{"wp_typography_post_enhancements_disabled":false,"footnotes":""},"categories":[336],"tags":[],"ppma_author":[540],"class_list":["post-2768","post","type-post","status-publish","format-standard","hentry","category-bulletin-de-la-federation-jurassienne-n20-21-10-novembre-1872"],"authors":[{"term_id":540,"user_id":1,"is_guest":0,"slug":"admin_3gikpwyf","display_name":"Vincent Dubuc","avatar_url":"https:\/\/secure.gravatar.com\/avatar\/d015720652c25fd2ced191ade86430094e1f288a17483713e3b34d26dea52507?s=96&d=mm&r=g","author_category":"","user_url":"https:\/\/la-presse-anarchiste.net","last_name":"Dubuc","first_name":"Vincent","job_title":"","description":""}],"_links":{"self":[{"href":"https:\/\/la-presse-anarchiste.net\/index.php\/wp-json\/wp\/v2\/posts\/2768","targetHints":{"allow":["GET"]}}],"collection":[{"href":"https:\/\/la-presse-anarchiste.net\/index.php\/wp-json\/wp\/v2\/posts"}],"about":[{"href":"https:\/\/la-presse-anarchiste.net\/index.php\/wp-json\/wp\/v2\/types\/post"}],"author":[{"embeddable":true,"href":"https:\/\/la-presse-anarchiste.net\/index.php\/wp-json\/wp\/v2\/users\/1"}],"replies":[{"embeddable":true,"href":"https:\/\/la-presse-anarchiste.net\/index.php\/wp-json\/wp\/v2\/comments?post=2768"}],"version-history":[{"count":0,"href":"https:\/\/la-presse-anarchiste.net\/index.php\/wp-json\/wp\/v2\/posts\/2768\/revisions"}],"wp:attachment":[{"href":"https:\/\/la-presse-anarchiste.net\/index.php\/wp-json\/wp\/v2\/media?parent=2768"}],"wp:term":[{"taxonomy":"category","embeddable":true,"href":"https:\/\/la-presse-anarchiste.net\/index.php\/wp-json\/wp\/v2\/categories?post=2768"},{"taxonomy":"post_tag","embeddable":true,"href":"https:\/\/la-presse-anarchiste.net\/index.php\/wp-json\/wp\/v2\/tags?post=2768"},{"taxonomy":"author","embeddable":true,"href":"https:\/\/la-presse-anarchiste.net\/index.php\/wp-json\/wp\/v2\/ppma_author?post=2768"}],"curies":[{"name":"wp","href":"https:\/\/api.w.org\/{rel}","templated":true}]}}