{"id":2770,"date":"2011-05-24T15:31:51","date_gmt":"2011-05-24T15:31:51","guid":{"rendered":"https:\/\/la-presse-anarchiste.net\/index.php\/2011\/05\/24\/protestation-de-la-federation-rouennaise\/"},"modified":"2011-05-24T15:31:51","modified_gmt":"2011-05-24T15:31:51","slug":"protestation-de-la-federation-rouennaise","status":"publish","type":"post","link":"https:\/\/la-presse-anarchiste.net\/index.php\/2011\/05\/24\/protestation-de-la-federation-rouennaise\/","title":{"rendered":"Protestation de la f\u00e9d\u00e9ration rouennaise"},"content":{"rendered":"<div class=\"pdfprnt-buttons pdfprnt-buttons-post pdfprnt-top-right\"><a href=\"https:\/\/la-presse-anarchiste.net\/index.php\/wp-json\/wp\/v2\/posts\/2770?print=pdf\" class=\"pdfprnt-button pdfprnt-button-pdf\" target=\"_blank\"><img decoding=\"async\" src=\"https:\/\/la-presse-anarchiste.net\/wp-content\/plugins\/pdf-print\/images\/pdf.png\" alt=\"image_pdf\" title=\"Afficher le PDF\"><\/a><a href=\"https:\/\/la-presse-anarchiste.net\/index.php\/wp-json\/wp\/v2\/posts\/2770?print=print\" class=\"pdfprnt-button pdfprnt-button-print\" target=\"_blank\"><img decoding=\"async\" src=\"https:\/\/la-presse-anarchiste.net\/wp-content\/plugins\/pdf-print\/images\/print.png\" alt=\"image_print\" title=\"Contenu imprim\u00e9\"><\/a><\/div><p>La F\u00e9d\u00e9\u00adra\u00adtion inter\u00adna\u00adtio\u00adnale de Rouen vient de publier dans l\u2019<i>Inter\u00adna\u00adtio\u00adnale<\/i> de Bruxelles une pro\u00adtes\u00adta\u00adtion contre les votes du congr\u00e8s de la&nbsp;Haye.<\/p>\n<p>Dans ce docu\u00adment, les Inter\u00adna\u00adtio\u00adnaux de Rouen pro\u00adtestent contre l\u2019aug\u00admen\u00adta\u00adtion de pou\u00advoirs du conseil g\u00e9n\u00e9\u00adral, contre le vote qui trans\u00adforme l\u2019In\u00adter\u00adna\u00adtio\u00adnale en une soci\u00e9\u00adt\u00e9 poli\u00adtique, et en g\u00e9n\u00e9\u00adral contre les modi\u00adfi\u00adca\u00adtions faites aux sta\u00adtuts de l\u2019As\u00adso\u00adcia\u00adtion. La F\u00e9d\u00e9\u00adra\u00adtion rouen\u00adnaise avait confi\u00e9 \u00e0 un d\u00e9l\u00e9\u00adgu\u00e9 le man\u00addat de la repr\u00e9\u00adsen\u00adter \u00e0 la Haye. Ce d\u00e9l\u00e9\u00adgu\u00e9 s\u2019est per\u00admis de voter dans un sens com\u00adpl\u00e8\u00adte\u00adment oppo\u00ads\u00e9 au man\u00addat qu\u2019il avait&nbsp;re\u00e7u.<\/p>\n<p>En cons\u00e9\u00adquence, la F\u00e9d\u00e9\u00adra\u00adtion rouen\u00adnaise d\u00e9clare nul le vote \u00e9mis en son nom au Congr\u00e8s de la Haye, et donne pleine et enti\u00e8re adh\u00e9\u00adsion \u00e0 la pro\u00adtes\u00adta\u00adtion de la minorit\u00e9.<\/p>\n<p>Nous le savions bien que ces soi-disant d\u00e9l\u00e9\u00adgu\u00e9s de la France qui se sont faits les ins\u00adtru\u00adments com\u00adplai\u00adsants de M.&nbsp;Marx et ont aid\u00e9 \u00e0 la majo\u00adri\u00adt\u00e9 \u00e0 d\u00e9na\u00adtu\u00adrer les sta\u00adtuts de l\u2019In\u00adter\u00adna\u00adtio\u00adnale, ne repr\u00e9\u00adsen\u00adtaient. pas le pro\u00adl\u00e9\u00adta\u00adriat fran\u00ad\u00e7ais, et qu\u2019ils seraient d\u00e9sa\u00advou\u00e9s. Rouen n\u2019est pas la seule sec\u00adtion qui ait pro\u00adtes\u00adt\u00e9. D\u2019autres, que la pru\u00addence nous d\u00e9fend de nom\u00admer ici, mais que la plu\u00adpart de nos lec\u00adteurs. connaissent, ont pro\u00adtes\u00adt\u00e9 aus\u00adsi contre l\u2019in\u00addigne abus qui a \u00e9t\u00e9 fait de leurs noms et ont d\u00e9cla\u00adr\u00e9 se ral\u00adlier \u00e0 la d\u00e9cla\u00adra\u00adtion de la mino\u00adri\u00adt\u00e9 ain\u00adsi qu\u2019aux r\u00e9so\u00adlu\u00adtions du Congr\u00e8s de St-Imier.<\/p>\n","protected":false},"excerpt":{"rendered":"<p>La F\u00e9d\u00e9\u00adra\u00adtion inter\u00adna\u00adtio\u00adnale de Rouen vient de publier dans l\u2019Inter\u00adna\u00adtio\u00adnale de Bruxelles une pro\u00adtes\u00adta\u00adtion contre les votes du congr\u00e8s de la&nbsp;Haye. Dans ce docu\u00adment, les Inter\u00adna\u00adtio\u00adnaux de Rouen pro\u00adtestent contre l\u2019aug\u00admen\u00adta\u00adtion de pou\u00advoirs du conseil g\u00e9n\u00e9\u00adral, contre le vote qui trans\u00adforme l\u2019In\u00adter\u00adna\u00adtio\u00adnale en une soci\u00e9\u00adt\u00e9 poli\u00adtique, et en g\u00e9n\u00e9\u00adral contre les modi\u00adfi\u00adca\u00adtions faites aux statuts&nbsp;[\u2026]<\/p>\n","protected":false},"author":1,"featured_media":0,"comment_status":"closed","ping_status":"closed","sticky":false,"template":"","format":"standard","meta":{"wp_typography_post_enhancements_disabled":false,"footnotes":""},"categories":[336],"tags":[],"ppma_author":[540],"class_list":["post-2770","post","type-post","status-publish","format-standard","hentry","category-bulletin-de-la-federation-jurassienne-n20-21-10-novembre-1872"],"authors":[{"term_id":540,"user_id":1,"is_guest":0,"slug":"admin_3gikpwyf","display_name":"Vincent Dubuc","avatar_url":"https:\/\/secure.gravatar.com\/avatar\/d015720652c25fd2ced191ade86430094e1f288a17483713e3b34d26dea52507?s=96&d=mm&r=g","author_category":"","user_url":"https:\/\/la-presse-anarchiste.net","last_name":"Dubuc","first_name":"Vincent","job_title":"","description":""}],"_links":{"self":[{"href":"https:\/\/la-presse-anarchiste.net\/index.php\/wp-json\/wp\/v2\/posts\/2770","targetHints":{"allow":["GET"]}}],"collection":[{"href":"https:\/\/la-presse-anarchiste.net\/index.php\/wp-json\/wp\/v2\/posts"}],"about":[{"href":"https:\/\/la-presse-anarchiste.net\/index.php\/wp-json\/wp\/v2\/types\/post"}],"author":[{"embeddable":true,"href":"https:\/\/la-presse-anarchiste.net\/index.php\/wp-json\/wp\/v2\/users\/1"}],"replies":[{"embeddable":true,"href":"https:\/\/la-presse-anarchiste.net\/index.php\/wp-json\/wp\/v2\/comments?post=2770"}],"version-history":[{"count":0,"href":"https:\/\/la-presse-anarchiste.net\/index.php\/wp-json\/wp\/v2\/posts\/2770\/revisions"}],"wp:attachment":[{"href":"https:\/\/la-presse-anarchiste.net\/index.php\/wp-json\/wp\/v2\/media?parent=2770"}],"wp:term":[{"taxonomy":"category","embeddable":true,"href":"https:\/\/la-presse-anarchiste.net\/index.php\/wp-json\/wp\/v2\/categories?post=2770"},{"taxonomy":"post_tag","embeddable":true,"href":"https:\/\/la-presse-anarchiste.net\/index.php\/wp-json\/wp\/v2\/tags?post=2770"},{"taxonomy":"author","embeddable":true,"href":"https:\/\/la-presse-anarchiste.net\/index.php\/wp-json\/wp\/v2\/ppma_author?post=2770"}],"curies":[{"name":"wp","href":"https:\/\/api.w.org\/{rel}","templated":true}]}}