{"id":2774,"date":"2011-05-24T15:32:43","date_gmt":"2011-05-24T15:32:43","guid":{"rendered":"https:\/\/la-presse-anarchiste.net\/index.php\/2011\/05\/24\/le-nouveau-conseil-general\/"},"modified":"2011-05-24T15:32:43","modified_gmt":"2011-05-24T15:32:43","slug":"le-nouveau-conseil-general","status":"publish","type":"post","link":"https:\/\/la-presse-anarchiste.net\/index.php\/2011\/05\/24\/le-nouveau-conseil-general\/","title":{"rendered":"Le nouveau Conseil g\u00e9n\u00e9ral"},"content":{"rendered":"<div class=\"pdfprnt-buttons pdfprnt-buttons-post pdfprnt-top-right\"><a href=\"https:\/\/la-presse-anarchiste.net\/index.php\/wp-json\/wp\/v2\/posts\/2774?print=pdf\" class=\"pdfprnt-button pdfprnt-button-pdf\" target=\"_blank\"><img decoding=\"async\" src=\"https:\/\/la-presse-anarchiste.net\/wp-content\/plugins\/pdf-print\/images\/pdf.png\" alt=\"image_pdf\" title=\"Afficher le PDF\"><\/a><a href=\"https:\/\/la-presse-anarchiste.net\/index.php\/wp-json\/wp\/v2\/posts\/2774?print=print\" class=\"pdfprnt-button pdfprnt-button-print\" target=\"_blank\"><img decoding=\"async\" src=\"https:\/\/la-presse-anarchiste.net\/wp-content\/plugins\/pdf-print\/images\/print.png\" alt=\"image_print\" title=\"Contenu imprim\u00e9\"><\/a><\/div><p><i>On lit dans l\u2019<i>Inter\u00adna\u00adtio\u00adnale<\/i> de Bruxelles&nbsp;:<\/i><\/p>\n<p>Le mou\u00adve\u00adment anti-auto\u00adri\u00adtaire est tou\u00adjours en bonne voie. Les nou\u00advelles des diverses contr\u00e9es o\u00f9 l\u2019As\u00adso\u00adcia\u00adtion compte le plus grand nombre de membres sont excel\u00adlentes&nbsp;; et bien\u00adt\u00f4t, sans doute, on aura com\u00adpl\u00e8\u00adte\u00adment oubli\u00e9 qu\u2019il existe \u00e0 New-York un Conseil g\u00e9n\u00e9\u00adral h\u00e9ri\u00adtier de celui de Londres et des vues poli\u00adtiques des hommes qui le com\u00adpo\u00adsaient. Dans quelque temps, se ren\u00addant mieux compte des cons\u00e9\u00adquences du Congr\u00e8s de La Haye, on recon\u00adna\u00ee\u00adtra qu\u2019il s\u2019y est fait au moins un tra\u00advail utile et salu\u00adtaire&nbsp;: la divi\u00adsion nette et pr\u00e9\u00adcise des poli\u00adti\u00adqueurs et des auto\u00adri\u00adtaires, d\u2019un c\u00f4t\u00e9, et de l\u2019autre, des tra\u00advailleurs qui veulent la R\u00e9vo\u00adlu\u00adtion sociale, et qui ne veulent pas autre&nbsp;chose.<\/p>\n<p>Pour ses d\u00e9buts sur le nou\u00adveau conti\u00adnent, le Conseil de New-York joue de mal\u00adheur&nbsp;: l\u2019autre jour, c\u2019\u00e9\u00adtait le com\u00adpa\u00adgnon David qui annon\u00ad\u00e7ait son refus de si\u00e9\u00adger au Conseil g\u00e9n\u00e9\u00adral. Aujourd\u2019\u00adhui, c\u2019est le citoyen Ward qui fait dans le <i>Socia\u00adliste<\/i> la m\u00eame d\u00e9cla\u00adra\u00adtion. La majo\u00adri\u00adt\u00e9 de La Haye va sans doute r\u00e9fl\u00e9\u00adchir un peu tard aux incon\u00adv\u00e9\u00adnients qu\u2019il y a \u00e0 nom\u00admer des citoyens sans leur consen\u00adte\u00adment. Ce n\u2019est certes pas nous qui son\u00adge\u00adrons \u00e0 nous en plaindre.<\/p>\n","protected":false},"excerpt":{"rendered":"<p>On lit dans l\u2019Inter\u00adna\u00adtio\u00adnale de Bruxelles&nbsp;: Le mou\u00adve\u00adment anti-auto\u00ad\u00adri\u00ad\u00adtaire est tou\u00adjours en bonne voie. Les nou\u00advelles des diverses contr\u00e9es o\u00f9 l\u2019As\u00adso\u00adcia\u00adtion compte le plus grand nombre de membres sont excel\u00adlentes&nbsp;; et bien\u00adt\u00f4t, sans doute, on aura com\u00adpl\u00e8\u00adte\u00adment oubli\u00e9 qu\u2019il existe \u00e0 New-York un Conseil g\u00e9n\u00e9\u00adral h\u00e9ri\u00adtier de celui de Londres et des vues poli\u00adtiques des&nbsp;[\u2026]<\/p>\n","protected":false},"author":1,"featured_media":0,"comment_status":"closed","ping_status":"closed","sticky":false,"template":"","format":"standard","meta":{"wp_typography_post_enhancements_disabled":false,"footnotes":""},"categories":[336],"tags":[],"ppma_author":[540],"class_list":["post-2774","post","type-post","status-publish","format-standard","hentry","category-bulletin-de-la-federation-jurassienne-n20-21-10-novembre-1872"],"authors":[{"term_id":540,"user_id":1,"is_guest":0,"slug":"admin_3gikpwyf","display_name":"Vincent Dubuc","avatar_url":"https:\/\/secure.gravatar.com\/avatar\/d015720652c25fd2ced191ade86430094e1f288a17483713e3b34d26dea52507?s=96&d=mm&r=g","author_category":"","user_url":"https:\/\/la-presse-anarchiste.net","last_name":"Dubuc","first_name":"Vincent","job_title":"","description":""}],"_links":{"self":[{"href":"https:\/\/la-presse-anarchiste.net\/index.php\/wp-json\/wp\/v2\/posts\/2774","targetHints":{"allow":["GET"]}}],"collection":[{"href":"https:\/\/la-presse-anarchiste.net\/index.php\/wp-json\/wp\/v2\/posts"}],"about":[{"href":"https:\/\/la-presse-anarchiste.net\/index.php\/wp-json\/wp\/v2\/types\/post"}],"author":[{"embeddable":true,"href":"https:\/\/la-presse-anarchiste.net\/index.php\/wp-json\/wp\/v2\/users\/1"}],"replies":[{"embeddable":true,"href":"https:\/\/la-presse-anarchiste.net\/index.php\/wp-json\/wp\/v2\/comments?post=2774"}],"version-history":[{"count":0,"href":"https:\/\/la-presse-anarchiste.net\/index.php\/wp-json\/wp\/v2\/posts\/2774\/revisions"}],"wp:attachment":[{"href":"https:\/\/la-presse-anarchiste.net\/index.php\/wp-json\/wp\/v2\/media?parent=2774"}],"wp:term":[{"taxonomy":"category","embeddable":true,"href":"https:\/\/la-presse-anarchiste.net\/index.php\/wp-json\/wp\/v2\/categories?post=2774"},{"taxonomy":"post_tag","embeddable":true,"href":"https:\/\/la-presse-anarchiste.net\/index.php\/wp-json\/wp\/v2\/tags?post=2774"},{"taxonomy":"author","embeddable":true,"href":"https:\/\/la-presse-anarchiste.net\/index.php\/wp-json\/wp\/v2\/ppma_author?post=2774"}],"curies":[{"name":"wp","href":"https:\/\/api.w.org\/{rel}","templated":true}]}}