{"id":2779,"date":"2011-05-25T21:42:53","date_gmt":"2011-05-25T21:42:53","guid":{"rendered":"https:\/\/la-presse-anarchiste.net\/index.php\/2011\/05\/25\/douze-annees-de-guerre-civile-et-de-terreur-fasciste-1920-1932\/"},"modified":"2011-05-25T21:42:53","modified_gmt":"2011-05-25T21:42:53","slug":"douze-annees-de-guerre-civile-et-de-terreur-fasciste-1920-1932","status":"publish","type":"post","link":"https:\/\/la-presse-anarchiste.net\/index.php\/2011\/05\/25\/douze-annees-de-guerre-civile-et-de-terreur-fasciste-1920-1932\/","title":{"rendered":"Douze ann\u00e9es de guerre civile et de terreur fasciste (1920 \u2013&nbsp;1932)"},"content":{"rendered":"<div class=\"pdfprnt-buttons pdfprnt-buttons-post pdfprnt-top-right\"><a href=\"https:\/\/la-presse-anarchiste.net\/index.php\/wp-json\/wp\/v2\/posts\/2779?print=pdf\" class=\"pdfprnt-button pdfprnt-button-pdf\" target=\"_blank\"><img decoding=\"async\" src=\"https:\/\/la-presse-anarchiste.net\/wp-content\/plugins\/pdf-print\/images\/pdf.png\" alt=\"image_pdf\" title=\"Afficher le PDF\"><\/a><a href=\"https:\/\/la-presse-anarchiste.net\/index.php\/wp-json\/wp\/v2\/posts\/2779?print=print\" class=\"pdfprnt-button pdfprnt-button-print\" target=\"_blank\"><img decoding=\"async\" src=\"https:\/\/la-presse-anarchiste.net\/wp-content\/plugins\/pdf-print\/images\/print.png\" alt=\"image_print\" title=\"Contenu imprim\u00e9\"><\/a><\/div><p>[[Suite et&nbsp;fin]]<\/p>\n<p>[(<\/p>\n<p>(I.N.O.) \u2013 Il y a dix ans, en octobre 1922, le fas\u00adcisme ita\u00adlien a r\u00e9a\u00adli\u00ads\u00e9 la conqu\u00eate du pou\u00advoir. Ain\u00adsi l\u2019I\u00adta\u00adlie est un des pays o\u00f9 se sont mani\u00adfes\u00adt\u00e9 le plus ouver\u00adte\u00adment les cons\u00e9\u00adquences poli\u00adtiques de la crise mor\u00adtelle du capi\u00adta\u00adlisme. Main\u00adte\u00adnant que les unes apr\u00e8s les autres, les nations les plus favo\u00adri\u00ads\u00e9es sombrent \u00e0 leur tour dans la catas\u00adtrophe mon\u00addiale, il est urgent de pla\u00adcer devant les tra\u00advailleurs quelques faits v\u00e9cus, quelques le\u00e7ons essen\u00adtielles tir\u00e9es de l\u2019ex\u00adp\u00e9\u00adrience du pro\u00adl\u00e9\u00adta\u00adriat italien.<\/p>\n<p>Le sort san\u00adglant du peuple ita\u00adlien est le m\u00eame qui est sus\u00adpen\u00addu aujourd\u2019\u00adhui, dans toutes les nations soi-disant d\u00e9mo\u00adcra\u00adtiques, au-des\u00adsus des pro\u00adl\u00e9\u00adtaires et des pay\u00adsans. Un dilemme est pos\u00e9 devant la classe tra\u00advailleuse de chaque pays, et ce dilemme se for\u00admule ain\u00adsi&nbsp;: \u00ab&nbsp;Ter\u00adreur r\u00e9ac\u00adtion\u00adnaire, ou action directe pro\u00adl\u00e9\u00adta\u00adrienne pous\u00ads\u00e9e jus\u00adqu\u2019\u00e0 ses der\u00adni\u00e8res cons\u00e9\u00adquences, jus\u00adqu\u2019\u00e0 l\u2019a\u00adbo\u00adli\u00adtion du sala\u00adriat et de la pro\u00adpri\u00e9\u00adt\u00e9 pri\u00adv\u00e9e, jus\u00adqu\u2019\u00e0 l\u2019a\u00adv\u00e8\u00adne\u00adment des masses tra\u00advailleuses orga\u00adni\u00ads\u00e9es sur le plan de la production&nbsp;\u00bb.<\/p>\n<p>Faute d\u2019a\u00advoir exer\u00adc\u00e9 assez auda\u00adcieu\u00adse\u00adment leur ini\u00adtia\u00adtive dans le domaine de l\u2019ex\u00adpro\u00adpria\u00adtion et de la guerre de classe, faute d\u2019a\u00advoir su s\u2019ar\u00adra\u00adcher aux illu\u00adsions r\u00e9pan\u00addues par les poli\u00adti\u00adciens et les bonzes r\u00e9for\u00admistes\u200a\u2014\u200ales masses ita\u00adliennes ont suc\u00adcom\u00adb\u00e9 au seuil m\u00eame d\u2019une vic\u00adtoire d\u00e9ci\u00adsive. Quelques mois de d\u00e9faillance ont \u00e9t\u00e9 pay\u00e9s par une ago\u00adnie phy\u00adsique et morale inter\u00admi\u00adnable qui s\u2019est pour\u00adsui\u00advie pen\u00addant dix ans d\u00e9j\u00e0 \u00e0 l\u2019u\u00adsine comme aux champs, dans les pri\u00adsons et les lieux de rel\u00e9\u00adga\u00adtion et jus\u00adqu\u2019en terre d\u2019exil.<\/p>\n<p>Dans les pages qui suivent, un ouvrier ita\u00adlien essaye d\u2019\u00e9\u00adclair\u00adcir le c\u00f4t\u00e9 poli\u00adtique des \u00e9v\u00e9\u00adne\u00adments d\u2019I\u00adta\u00adlie, en par\u00adti\u00adcu\u00adlier le r\u00f4le jou\u00e9 par le Par\u00adti Com\u00admu\u00adniste. Il d\u00e9crit ce r\u00f4le comme \u00e0 la fois brillant et fatal dans les ann\u00e9es qui ont pr\u00e9\u00adc\u00e9\u00add\u00e9 la conqu\u00eate fas\u00adciste, puis de plus en plus lourd et mis\u00e9\u00adrable dans les ann\u00e9es qui ont sui\u00advi. Il est pro\u00adbable que cette appr\u00e9\u00adcia\u00adtion sera contre\u00addite par cer\u00adtains de nos lec\u00adteurs, et nous accueille\u00adrons bien volon\u00adtiers d\u2019autres t\u00e9moi\u00adgnages objec\u00adtifs, pour\u00advu qu\u2019ils soient, comme celui de notre cama\u00adrade, pui\u00ads\u00e9s aux sources m\u00eames de l\u2019ex\u00adp\u00e9\u00adrience et de la&nbsp;lutte.<\/p>\n<p>)]<\/p>\n<p>La prise du pou\u00advoir par Mus\u00adso\u00adli\u00adni en octobre 1922 a \u00e9t\u00e9 accom\u00adpa\u00adgn\u00e9e de la r\u00e9ac\u00adtion la plus vio\u00adlente et la plus impi\u00adtoyable qu\u2019ait jamais souf\u00adfert le peuple ita\u00adlien. Ce fut une cur\u00e9e san\u00adglante, sans tr\u00eave ni r\u00e9pit, contre tous les \u00e9l\u00e9\u00adments r\u00e9vo\u00adlu\u00adtion\u00adnaires&nbsp;: assas\u00adsi\u00adnats en masses, sup\u00adpres\u00adsions clan\u00addes\u00adtines, an\u00e9an\u00adtis\u00adse\u00adment des orga\u00adni\u00adsa\u00adtions ouvri\u00e8res, inter\u00addic\u00adtions, condam\u00adna\u00adtions, d\u00e9por\u00adta\u00adtions, tous les moyens l\u00e9gaux et extra-l\u00e9gaux se com\u00adbi\u00adnaient pour faire r\u00e9gner \u00e0 l\u2019\u00e9\u00adchelle natio\u00adnale un v\u00e9ri\u00adtable r\u00e9gime de terreur.<\/p>\n<p>L\u2019an\u00adn\u00e9e 1923 fut pour le pro\u00adl\u00e9\u00adta\u00adriat ita\u00adlien l\u2019heure la plus noire de son exis\u00adtence. Tous les mili\u00adtants en vue \u00e9taient pri\u00adson\u00adniers ou ex\u00e9\u00adcu\u00adt\u00e9s, les pers\u00adpec\u00adtives r\u00e9vo\u00adlu\u00adtion\u00adnaires de l\u2019\u00e9\u00adpoque pr\u00e9\u00adc\u00e9\u00addente \u00e9taient r\u00e9duites \u00e0 n\u00e9ant. Lors\u00adqu\u2019\u00e0 la fin de l\u2019an\u00adn\u00e9e s\u2019a\u00adjou\u00adta \u00e0 cela la cer\u00adti\u00adtude de l\u2019a\u00advor\u00adte\u00adment de la r\u00e9vo\u00adlu\u00adtion en Alle\u00admagne, l\u2019a\u00adbat\u00adte\u00adment \u00e9tait si com\u00adplet que les fas\u00adcistes purent sans crainte d\u00e9ban\u00adder les res\u00adsorts de la r\u00e9pres\u00adsion et se repo\u00adser sur leurs lauriers.<\/p>\n<p>C\u2019est ain\u00adsi que, pen\u00addant le d\u00e9but de 1924, une cer\u00adtaine reprise p\u00fbt se mani\u00adfes\u00adter dans le mou\u00adve\u00adment ouvrier. La sta\u00adbi\u00adli\u00adsa\u00adtion du r\u00e9gime, apr\u00e8s la ter\u00adreur de 1923, avait per\u00admis un cer\u00adtain regain d\u2019ac\u00adti\u00advi\u00adt\u00e9 poli\u00adtique et la pro\u00adpa\u00adgande com\u00admu\u00adniste elle-m\u00eame \u00e9tait tol\u00e9\u00adr\u00e9e. Le par\u00adti se recons\u00adti\u00adtua sous la direc\u00adtion de Gram\u00adsi et Ter\u00adra\u00adci\u00adni (ancienne frac\u00adtion ordinoviste).<\/p>\n<p>En juin 1924, le secr\u00e9\u00adtaire du par\u00adti socia\u00adliste, Mat\u00adteo\u00adti, fut assas\u00adsi\u00adn\u00e9 au moment o\u00f9 il pr\u00e9\u00adpa\u00adrait contre Mus\u00adso\u00adli\u00adni une cam\u00adpagne de r\u00e9v\u00e9\u00adla\u00adtions per\u00adson\u00adnelles. Le cas en lui-m\u00eame n\u2019a\u00advait rien d\u2019ex\u00adtra\u00ador\u00addi\u00adnaire, puisque des cen\u00adtaines et des cen\u00adtaines d\u2019autres oppo\u00adsants au r\u00e9gime avaient subi le m\u00eame sort. Mais Mat\u00adteo\u00adti \u00e9tait un chef, une per\u00adson\u00adna\u00adli\u00adt\u00e9 c\u00e9l\u00e8bre. Le par\u00adti socia\u00adliste s\u2019empara de cette mort et l\u2019\u00e9\u00adle\u00adva en sym\u00adbole du mar\u00adty\u00adro\u00adloge du pro\u00adl\u00e9\u00adta\u00adriat ita\u00adlien. Tous les par\u00adtis de gauche l\u2019ex\u00adploi\u00adt\u00e8rent poli\u00adti\u00adque\u00adment au maxi\u00admum. Dans les masses ouvri\u00e8res on re\u00e7ut la nou\u00advelle comme un signal ouvrant la pos\u00adsi\u00adbi\u00adli\u00adt\u00e9 d\u2019un mou\u00adve\u00adment insur\u00adrec\u00adtion\u00adnel d\u2019en\u00adsemble. Tan\u00addis que les chefs de la d\u00e9mo\u00adcra\u00adtie, du par\u00adti socia\u00adliste et les autres frac\u00adtions par\u00adle\u00admen\u00adtaires de gauche se reti\u00adraient du Par\u00adle\u00adment (Mon\u00adte\u00adci\u00adto\u00adrio) en signe de pro\u00adtes\u00adta\u00adtion, d\u00e9cla\u00adrant qu\u2019ils ne si\u00e9\u00adge\u00adraient plus jus\u00adqu\u2019\u00e0 ce que les assas\u00adsins fussent punis, les masses, \u00e0 Milan, Turin, Rome, d\u00e9fer\u00adlaient spon\u00adta\u00adn\u00e9\u00adment dans les rues, balayant tout sur leur pas\u00adsage, sac\u00adca\u00adgeant caf\u00e9s et maga\u00adsins, pleines d\u2019es\u00adpoir dans l\u2019\u00e9\u00adlar\u00adgis\u00adse\u00adment du mou\u00adve\u00adment et atten\u00addant de leurs orga\u00adni\u00adsa\u00adtions de classe le d\u00e9clen\u00adche\u00adment de la gr\u00e8ve g\u00e9n\u00e9\u00adrale. Le par\u00adti com\u00admu\u00adniste et sa frac\u00adtion par\u00adle\u00admen\u00adtaire s\u2019\u00e9\u00adtait d\u2019a\u00adbord asso\u00adci\u00e9 aux autres par\u00adtis et s\u2019\u00e9\u00adtait avec eux \u00ab&nbsp;reti\u00adr\u00e9 sur l\u2019A\u00adven\u00adtin&nbsp;\u00bb. \u2013 Il pro\u00adpo\u00adsa la consti\u00adtu\u00adtion d\u2019un par\u00adle\u00adment extra-l\u00e9gal des par\u00adtis d\u2019op\u00adpo\u00adsi\u00adtion. Les social-d\u00e9mo\u00adcrates et les d\u00e9mo\u00adcrates refu\u00ads\u00e8rent. Apr\u00e8s quelques jours de pour\u00adpar\u00adlers inutiles, le par\u00adti com\u00admu\u00adniste r\u00e9in\u00adt\u00e9\u00adgra sa place \u00e0 Mon\u00adte\u00adci\u00adto\u00adrio \u2013 Apr\u00e8s l\u2019\u00e9\u00adchec des pour\u00adpar\u00adlers entre la frac\u00adtion par\u00adle\u00admen\u00adtaire com\u00admu\u00adniste et l\u2019op\u00adpo\u00adsi\u00adtion de \u00ab&nbsp;l\u2019A\u00adven\u00adtin&nbsp;\u00bb, le par\u00adti com\u00admu\u00adniste s\u2019empara du mot d\u2019ordre Gr\u00e8ve G\u00e9n\u00e9\u00adrale, puis la C.G.T. ita\u00adlienne refu\u00adsa de le suivre sur ce ter\u00adrain. L\u2019agitation en faveur de la gr\u00e8ve g\u00e9n\u00e9\u00adrale arri\u00advait trop tard, les masses ayant d\u00e9j\u00e0 \u00e9pui\u00ads\u00e9 leur effort dans des mani\u00adfes\u00adta\u00adtions r\u00e9p\u00e9\u00adt\u00e9es, et ayant \u00e9t\u00e9 d\u00e9cou\u00adra\u00adg\u00e9es par la tra\u00adhi\u00adson g\u00e9n\u00e9\u00adrale des orga\u00adni\u00adsa\u00adtions qui avaient lais\u00ads\u00e9 pas\u00adser sans agir une situa\u00adtion aus\u00adsi exceptionnelle.<\/p>\n<p>En effet, celle-ci com\u00adpor\u00adtait, sinon la cer\u00adti\u00adtude du d\u00e9ve\u00adlop\u00adpe\u00adment imm\u00e9\u00addiat d\u2019une r\u00e9vo\u00adlu\u00adtion, du moins des pos\u00adsi\u00adbi\u00adli\u00adt\u00e9s consi\u00add\u00e9\u00adrables pour enga\u00adger une lutte offen\u00adsive dont les r\u00e9sul\u00adtats auraient \u00e9t\u00e9 d\u2019une f\u00e9con\u00addi\u00adt\u00e9 presque illimit\u00e9e.<\/p>\n<p>La milice fas\u00adciste appe\u00adl\u00e9e sur le champ pour com\u00adbattre les ouvriers dans la rue n\u2019a\u00advait r\u00e9pon\u00addu \u00e0 l\u2019ordre de mobi\u00adli\u00adsa\u00adtion que dans la pro\u00adpor\u00adtion de 25&nbsp;%. On avait consi\u00adgn\u00e9 les sol\u00addats dans les casernes sans les employer au main\u00adtien de l\u2019ordre, de peur qu\u2019ils ne fissent cause com\u00admune avec le peuple. Si des groupes de com\u00adbat\u00adtants ouvriers avaient alors mar\u00adch\u00e9 \u00e0 l\u2019at\u00adtaque des for\u00adma\u00adtions adverses, se r\u00e9ser\u00advant ain\u00adsi le b\u00e9n\u00e9\u00adfice moral et tac\u00adtique de l\u2019au\u00addace et de la sur\u00adprise, il est pos\u00adsible que la sup\u00adpres\u00adsion des cadres fas\u00adcistes et mili\u00adtaires, la fra\u00adter\u00adni\u00adsa\u00adtion et l\u2019ar\u00adme\u00adment du pro\u00adl\u00e9\u00adta\u00adriat auraient pris une enver\u00adgure consi\u00add\u00e9\u00adrable. Dans le pire des cas, le r\u00e9gime eut \u00e9t\u00e9 \u00e9bran\u00adl\u00e9, et les sacri\u00adfices com\u00adpen\u00ads\u00e9s par un accrois\u00adse\u00adment de la com\u00adba\u00adti\u00advi\u00adt\u00e9 des masses, car il est \u00e0 remar\u00adquer que par\u00adtout o\u00f9 des actions auda\u00adcieuses de guerre civile ont \u00e9t\u00e9 men\u00e9es par les ouvriers, l\u2019a\u00advan\u00adtage moral est res\u00adt\u00e9 par la suite \u00e0 la r\u00e9sis\u00adtance tou\u00adjours renais\u00adsante du pro\u00adl\u00e9\u00adta\u00adriat. Mal\u00adheu\u00adreu\u00adse\u00adment, on se conten\u00adta g\u00e9n\u00e9\u00adra\u00adle\u00adment d\u2019at\u00adtendre l\u2019at\u00adtaque de l\u2019en\u00adne\u00admi, lui lais\u00adsant ain\u00adsi toute l\u2019i\u00adni\u00adtia\u00adtive et toute la s\u00e9cu\u00adri\u00adt\u00e9 de ses op\u00e9\u00adra\u00adtions. La crainte d\u2019en\u00adcou\u00adrir une r\u00e9pres\u00adsion plus grave en pre\u00adnant la res\u00adpon\u00adsa\u00adbi\u00adli\u00adt\u00e9 for\u00admelle de l\u2019of\u00adfen\u00adsive a pour\u00adtant \u00e9t\u00e9 tou\u00adjours condam\u00adn\u00e9e par l\u2019ex\u00adp\u00e9\u00adrience&nbsp;: m\u00eame dans les cas les plus \u00e9vi\u00addents de l\u00e9gi\u00adtime d\u00e9fense, le pro\u00adl\u00e9\u00adtaire qui fait usage des armes a tou\u00adjours contre lui toutes les forces de la l\u00e9ga\u00adli\u00adt\u00e9&nbsp;; il n\u2019\u00e9\u00adchappe aux balles fas\u00adcistes que pour suc\u00adcom\u00adber \u00e0 la r\u00e9pres\u00adsion polici\u00e8re.<\/p>\n<p>Le par\u00adti com\u00admu\u00adniste et la III<sup>e<\/sup> Inter\u00adna\u00adtio\u00adnale portent une grave res\u00adpon\u00adsa\u00adbi\u00adli\u00adt\u00e9 dans la d\u00e9route de 1924. Pen\u00addant 48 heures le gou\u00adver\u00adne\u00adment de Mus\u00adso\u00adli\u00adni \u00e9tait aux abois et le par\u00adti com\u00admu\u00adniste ne fit abso\u00adlu\u00adment rien pour exploi\u00adter la situa\u00adtion autre\u00adment que sur un ter\u00adrain par\u00adle\u00admen\u00adtaire. Com\u00adment faut-il expli\u00adquer ou com\u00adprendre la posi\u00adtion de tra\u00adhi\u00adson qu\u2019il prit \u00e0 ce moment. Nous avons d\u00e9j\u00e0 signa\u00adl\u00e9 de quelle id\u00e9o\u00adlo\u00adgie se nour\u00adris\u00adsait le lea\u00adder de la frac\u00adtion ordi\u00adno\u00adviste deve\u00adnu le chef du P. C. D\u2019ac\u00adcord avec Gobet\u00adti et son \u00e9quipe de \u00ab&nbsp;la R\u00e9vo\u00adlu\u00adtion lib\u00e9\u00adrale&nbsp;\u00bb, il consi\u00add\u00e9\u00adrait qu\u2019une r\u00e9vo\u00adlu\u00adtion pro\u00adl\u00e9\u00adta\u00adrienne en Ita\u00adlie n\u2019\u00e9\u00adtait pas encore m\u00fbre, et qu\u2019il fal\u00adlait dans une pre\u00admi\u00e8re \u00e9tape de carac\u00adt\u00e8re natio\u00adnal mar\u00adcher de front avec les petits-bour\u00adgeois, les intel\u00adlec\u00adtuels et autres d\u00e9clas\u00ads\u00e9s du capi\u00adta\u00adlisme, \u00e0 qui leur situa\u00adtion dans la crise conf\u00e9\u00adrait un r\u00f4le \u00ab&nbsp;r\u00e9vo\u00adlu\u00adtion\u00adnaire&nbsp;\u00bb. Voi\u00adl\u00e0 pour\u00adquoi la frac\u00adtion par\u00adle\u00admen\u00adtaire du par\u00adti com\u00admu\u00adniste pro\u00adpo\u00adsait aux par\u00adtis repr\u00e9\u00adsen\u00adta\u00adtifs de ces couches une alliance sur leur propre terrain.<\/p>\n<p>L\u2019In\u00adter\u00adna\u00adtio\u00adnale Com\u00admu\u00adniste trou\u00adva dans les \u00e9l\u00e9\u00adments ordi\u00adno\u00advistes de la t\u00eate du par\u00adti des hommes et une id\u00e9o\u00adlo\u00adgie tout \u00e0 fait appro\u00adpri\u00e9s aux oppor\u00adtu\u00adni\u00adt\u00e9s de la poli\u00adtique natio\u00adnale russe. <i>Un fait d\u2019une extra\u00ador\u00addi\u00adnaire impor\u00adtance se pro\u00addui\u00adsit 24 heures apr\u00e8s l\u2019as\u00adsas\u00adsi\u00adnat de Mat\u00adteo\u00adti&nbsp;: Mus\u00adso\u00adli\u00adni fut re\u00e7u solen\u00adnel\u00adle\u00adment, sur sa demande, par l\u2019am\u00adbas\u00adsa\u00addeur sovi\u00e9\u00adtique qui avait \u00e9t\u00e9 son h\u00f4te offi\u00adciel quelque temps aupa\u00adra\u00advant<\/i>. Ce fait pro\u00addui\u00adsit sur la masse des ouvriers l\u2019ef\u00adfet d\u2019une douche froide. Des pro\u00adtes\u00adta\u00adtions vio\u00adlentes de la part de sec\u00adtions com\u00admu\u00adnistes diverses furent adres\u00ads\u00e9es \u00e0 la cen\u00adtrale du par\u00adti. Lorsque le cas fut por\u00adt\u00e9 devant le V<sup>e<\/sup> Congr\u00e8s inter\u00adna\u00adtio\u00adnal de Mos\u00adcou, les diri\u00adgeants de l\u2019In\u00adter\u00adna\u00adtio\u00adnale, expli\u00adqu\u00e8rent qu\u2019en refu\u00adsant d\u2019in\u00advi\u00adter Mus\u00adso\u00adli\u00adni l\u2019am\u00adbas\u00adsa\u00addeur russe aurait encou\u00adru la rup\u00adture d\u2019un contrat com\u00admer\u00adcial concer\u00adnant l\u2019a\u00adchat annuel de deux mil\u00adlions de tonnes de char\u00adbon. Bien enten\u00addu, il n\u2019a\u00advait pas \u00e9t\u00e9 sans deman\u00adder des direc\u00adtives \u00e0 Mos\u00adcou. Tou\u00adte\u00adfois on le rap\u00adpe\u00adla quelques mois apr\u00e8s pour cal\u00admer le m\u00e9con\u00adten\u00adte\u00adment des cama\u00adrades et il fut rem\u00adpla\u00adc\u00e9 par Doga\u00adlevs\u00adki. Ain\u00adsi, pour la sau\u00adve\u00adgarde d\u2019un contrat com\u00admer\u00adcial, le Komin\u00adtern n\u2019a\u00advait pas h\u00e9si\u00adt\u00e9 \u00e0 sacri\u00adfier les pos\u00adsi\u00adbi\u00adli\u00adt\u00e9s d\u2019une r\u00e9vo\u00adlu\u00adtion en Italie.<\/p>\n<p>Ce fait fut exploi\u00adt\u00e9 au maxi\u00admum par la social-d\u00e9mo\u00adcra\u00adtie et por\u00adta une confu\u00adsion extr\u00eame dans l\u2019es\u00adprit des masses.<\/p>\n<p>Si l\u2019as\u00adsas\u00adsi\u00adnat de Mat\u00adteo\u00adti n\u2019ou\u00advrit pas en Ita\u00adlie une \u00e8re r\u00e9vo\u00adlu\u00adtion\u00adnaire, ce ne fut pas la faute des ouvriers d\u2019a\u00advant-garde qui firent leur pos\u00adsible pour cela. Mais la confiance que la masse met\u00adtait dans ses chefs et dans les orga\u00adni\u00adsa\u00adtions qui lui pro\u00admet\u00adtaient la vic\u00adtoire, fut la v\u00e9ri\u00adtable cause de son \u00e9chec. Devant la tra\u00adhi\u00adson g\u00e9n\u00e9\u00adrale des par\u00adtis et des syn\u00addi\u00adcats, elle se trou\u00adva d\u00e9cou\u00adra\u00adg\u00e9e, d\u00e9so\u00adrien\u00adt\u00e9e, d\u00e9mo\u00adra\u00adli\u00ads\u00e9e. Elle accep\u00adta son \u00e9chec et se r\u00e9si\u00adgna appa\u00adrem\u00adment pour quelque temps. Jus\u00adqu\u2019\u00e0 la fin de 1924, c\u2019est-\u00e0-dire pen\u00addant six mois, les fas\u00adcistes mar\u00adqu\u00e8rent le coup qu\u2019ils avaient re\u00e7u par un impor\u00adtant zig\u00adzag vers le lib\u00e9\u00adra\u00adlisme&nbsp;: une cer\u00adtaine tran\u00adquilli\u00adt\u00e9 fut accor\u00add\u00e9e \u00e0 la classe ouvri\u00e8re et \u00e0 ses organisations.<\/p>\n<p>L\u2019es\u00adpoir dans un retour de la d\u00e9mo\u00adcra\u00adtie fut ain\u00adsi r\u00e9chauf\u00adf\u00e9 par\u00adtout. Un apai\u00adse\u00adment se fit, la ter\u00adreur ayant presque com\u00adpl\u00e8\u00adte\u00adment dis\u00adpa\u00adru. Les par\u00adtis de gauche menaient leur oppo\u00adsi\u00adtion sen\u00adti\u00admen\u00adtale sur le ter\u00adrain du \u00ab&nbsp;m\u00e9pris&nbsp;\u00bb, de la \u00ab&nbsp;condam\u00adna\u00adtion morale&nbsp;\u00bb\u00bb, etc., ce qui avait un cer\u00adtain effet sur les sen\u00adti\u00adments des masses, mais sans les pr\u00e9\u00adpa\u00adrer \u00e0 la lutte r\u00e9elle.&nbsp;<\/p>\n<p>Tout \u00e0\u2011coup, Mus\u00adso\u00adli\u00adni et son gou\u00adver\u00adne\u00adment, se sen\u00adtant assez forts, sai\u00adsirent de nou\u00adveau la cra\u00advache. \u00c0 la fin de 1924 il pro\u00adcla\u00adma \u00e0 la Chambre et fit ex\u00e9\u00adcu\u00adter par l\u2019ap\u00adpa\u00adreil fas\u00adciste une d\u00e9ci\u00adsion par laquelle, dans les qua\u00adrante-huit heures, tout fut remis dans l\u2019\u00e9\u00adtat o\u00f9 il se trou\u00advait avant la mort de Mat\u00adteo\u00adti&nbsp;: plus d\u2019op\u00adpo\u00adsi\u00adtion morale, plus de presse libre, plus de tol\u00e9\u00adrance d\u00e9mo\u00adcra\u00adtique&nbsp;; les jour\u00adnaux furent sai\u00adsis, les mili\u00adtants arr\u00ea\u00adt\u00e9s en masse. Le Par\u00adti Com\u00admu\u00adniste et sa presse retom\u00adb\u00e8rent dans l\u2019ill\u00e9\u00adga\u00adli\u00adt\u00e9. Le par\u00adle\u00adment lui-m\u00eame fut dis\u00adsout. Dans les nou\u00advelles \u00e9lec\u00adtions aucune can\u00addi\u00adda\u00adture ne fut accep\u00adt\u00e9e en-dehors de celles du par\u00adti fasciste.<\/p>\n<p>D\u00e9sor\u00admais la bour\u00adgeoi\u00adsie ita\u00adlienne se sen\u00adti\u00adra assez for\u00adte\u00adment gar\u00add\u00e9e par le fas\u00adcisme pour pou\u00advoir se pas\u00adser des social-d\u00e9mo\u00adcrates et des r\u00e9pu\u00adbli\u00adcains. Ce r\u00e9gime est celui qui r\u00e8gne encore actuel\u00adle\u00adment en Ita\u00adlie&nbsp;; la ter\u00adreur n\u2019a fait que se d\u00e9ve\u00adlop\u00adper gra\u00adduel\u00adle\u00adment d\u2019an\u00adn\u00e9e en ann\u00e9e. Jus\u00adqu\u2019en 1929, les mili\u00adtants arr\u00ea\u00adt\u00e9s \u00e9taient envoy\u00e9s en rel\u00e9\u00adga\u00adtion dans les \u00eeles. Mais \u00e0 par\u00adtir de cette date, ils sont jug\u00e9s par un tri\u00adbu\u00adnal sp\u00e9\u00adcial com\u00adpo\u00ads\u00e9 uni\u00adque\u00adment de fas\u00adcistes et arm\u00e9 de la peine de mort par <i>fusilla\u00adtion dans le dos<\/i>. C\u2019est de cette mani\u00e8re inf\u00e2me qu\u2019ont p\u00e9ri les h\u00e9ros Del\u00adla Mag\u00adgio\u00adra, Schir\u00adru, Bevone et Sbar\u00addel\u00adlo\u00adto,&nbsp;etc.<\/p>\n<p>On pou\u00advait croire que ce r\u00e9gime effroyable de r\u00e9pres\u00adsion aurait r\u00e9duit \u00e0 n\u00e9ant toute acti\u00advi\u00adt\u00e9 r\u00e9vo\u00adlu\u00adtion\u00adnaire en Ita\u00adlie. Il n\u2019en fut cepen\u00addant pas ain\u00adsi. Si d\u2019un c\u00f4t\u00e9 nous devons consta\u00adter la faillite des orga\u00adni\u00adsa\u00adtions soi-disant r\u00e9vo\u00adlu\u00adtion\u00adnaires (par\u00adtis et syn\u00addi\u00adcats\u2026), d\u2019autre part nous voyons se mani\u00adfes\u00adter tou\u00adjours de nou\u00adveau l\u2019ac\u00adti\u00advi\u00adt\u00e9 spon\u00adta\u00adn\u00e9e et n\u00e9ces\u00adsai\u00adre\u00adment frag\u00admen\u00adtaire de groupes et d\u2019hommes qui m\u00e8nent <i>par tous les moyens<\/i> une lutte ill\u00e9\u00adgale contre l\u2019au\u00adto\u00adri\u00adt\u00e9 fasciste.<\/p>\n<p>Nous pou\u00advons affir\u00admer sans exa\u00adg\u00e9\u00adra\u00adtion que l\u2019I\u00adta\u00adlie vit, depuis de longues ann\u00e9es, dans une situa\u00adtion de guerre civile latente mais per\u00adp\u00e9\u00adtuelle. Des sou\u00adl\u00e8\u00adve\u00adments pay\u00adsans, pre\u00adnant la forme de r\u00e9volte ouverte contre le pou\u00advoir, se pro\u00adduisent presque jour\u00adnel\u00adle\u00adment&nbsp;: assauts de muni\u00adci\u00adpa\u00adli\u00adt\u00e9s, incen\u00addies des si\u00e8ges de fas\u00adcio, etc. Les repr\u00e9\u00adsailles contre les \u00e9l\u00e9\u00adments fas\u00adcistes se pour\u00adsuivent sans r\u00e9pit et l\u2019\u00e9\u00adli\u00admi\u00adna\u00adtion phy\u00adsique des plus agres\u00adsifs d\u2019entre eux \u00e9chappe \u00e0 toute sta\u00adtis\u00adtique. Des pr\u00eatres, membres du par\u00adti, sont tu\u00e9s pen\u00addant l\u2019exer\u00adcice de leur sacer\u00addoce. Les repr\u00e9\u00adsailles ne touchent pas <i>seule\u00adment les fas\u00adciste mais aus\u00adsi les membres de<\/i>[[par\u00adtie man\u00adquante dans l\u2019o\u00adri\u00adgi\u00adnal]] la gen\u00addar\u00adme\u00adrie et de la police. C\u2019est jus\u00adte\u00adment cette pres\u00adsion vio\u00adlente, impla\u00adcable, tou\u00adjours renou\u00adve\u00adl\u00e9e au sein des masses qui a n\u00e9ces\u00adsi\u00adt\u00e9 le fonc\u00adtion\u00adne\u00adment du tri\u00adbu\u00adnal sp\u00e9\u00adcial et des pelo\u00adtons d\u2019ex\u00e9\u00adcu\u00adtion. La ter\u00adreur se ren\u00adforce peu \u00e0 peu, comme \u00e9tant le seul moyen pour le fas\u00adcisme de se cram\u00adpon\u00adner au pouvoir.<\/p>\n<p>Les \u00e9l\u00e9\u00adments r\u00e9pu\u00adbli\u00adcains, socia\u00adlistes, maxi\u00adma\u00adlistes et com\u00admu\u00adnistes qui ont pu quit\u00adter l\u2019I\u00adta\u00adlie pour fuir l\u2019en\u00adfer de la r\u00e9pres\u00adsion se sont trans\u00adpor\u00adt\u00e9s en France dans leur grande majo\u00adri\u00adt\u00e9. Cette \u00e9mi\u00adgra\u00adtion fut sys\u00adt\u00e9\u00adma\u00adti\u00adque\u00adment encou\u00adra\u00adg\u00e9e et orga\u00adni\u00ads\u00e9e par la III<sup>e<\/sup> Inter\u00adna\u00adtio\u00adnale, dans l\u2019es\u00adpoir de consti\u00adtuer en France un par\u00adti de masse de tra\u00advailleurs \u00e9mi\u00adgr\u00e9s en pro\u00adfi\u00adtant de l\u2019hos\u00adti\u00adli\u00adt\u00e9 franco-italienne.<\/p>\n<p>D\u2019autre part il n\u2019est pas impos\u00adsible qu\u2019un des sou\u00adcis des diri\u00adgeants russes n\u2019ait \u00e9t\u00e9 d\u2019\u00e9\u00advi\u00adter des causes de fric\u00adtion avec leur alli\u00e9e diplo\u00adma\u00adtique, l\u2019I\u00adta\u00adlie, en cau\u00adsant au contraire \u00e0 la France, puis\u00adsance adverse, un maxi\u00admum d\u2019embarras int\u00e9\u00adrieurs. Tou\u00adjours est-il que, si quelques \u00e9mi\u00adgrants ont pous\u00ads\u00e9 jus\u00adqu\u2019en Am\u00e9\u00adrique du Nord ou en Am\u00e9\u00adrique Cen\u00adtrale, c\u2019est sur\u00adtout en France, Suisse et Bel\u00adgique qu\u2019ils se sont ins\u00adtal\u00adl\u00e9s, et c\u2019est en France qu\u2019ils ont don\u00adn\u00e9 vie \u00e0 ses prin\u00adci\u00adpales organisations.<\/p>\n<p>Ces der\u00adni\u00e8res com\u00adprennent avant tout la \u00ab&nbsp;Concen\u00adtra\u00adtion Anti\u00adfas\u00adciste&nbsp;\u00bb, qui r\u00e9unit dans son sein social-d\u00e9mo\u00adcrates, lib\u00e9\u00adraux, r\u00e9pu\u00adbli\u00adcains et socia\u00adlistes-r\u00e9vo\u00adlu\u00adtion\u00adnaires. Le Par\u00adti Com\u00admu\u00adniste se tient \u00e0 l\u2019\u00e9\u00adcart sur la base des \u00ab&nbsp;Groupes com\u00admu\u00adnistes de langue ita\u00adlienne&nbsp;\u00bb, et des \u00ab&nbsp;Comi\u00adt\u00e9s pro\u00adl\u00e9\u00adta\u00adriens anti\u00adfas\u00adcistes&nbsp;\u00bb dont il vou\u00adlait faire des orga\u00adni\u00adsa\u00adtions de&nbsp;masse.<\/p>\n<p>La \u00ab&nbsp;Concen\u00adtra\u00adtion anti\u00adfas\u00adciste&nbsp;\u00bb jouit en France d\u2019une pleine liber\u00adt\u00e9 d\u2019ac\u00adtion, elle s\u2019ap\u00adpuie sur l\u2019ordre consti\u00adtu\u00e9 et sa colonne ver\u00adt\u00e9\u00adbrale est consti\u00adtu\u00e9e par la franc-ma\u00e7on\u00adne\u00adrie. Au d\u00e9but, son pro\u00adgramme consis\u00adtait \u00e0 exer\u00adcer une pres\u00adsion morale sur le roi et sur une par\u00adtie de la bour\u00adgeoi\u00adsie ita\u00adlienne pour les ame\u00adner \u00e0 se d\u00e9bar\u00adras\u00adser du fascisme.<\/p>\n<p>La seule r\u00e9ponse \u00e9tait l\u2019ac\u00adcen\u00adtua\u00adtion de la ter\u00adreur en Italie.<\/p>\n<p>La Concen\u00adtra\u00adtion s\u2019a\u00adper\u00ad\u00e7ut qu\u2019en Ita\u00adlie elle n\u2019a\u00advait rien \u00e0 esp\u00e9\u00adrer d\u2019une action de la bour\u00adgeoi\u00adsie contre le fas\u00adcisme, (cepen\u00addant elle pr\u00e9\u00adtend tou\u00adjours que le fas\u00adcisme n\u2019est pas l\u2019arme de la bour\u00adgeoi\u00adsie ita\u00adlienne, mais un pou\u00advoir \u00ab&nbsp;en soi&nbsp;\u00bb qui s\u2019i\u00adden\u00adti\u00adfiait \u00e0 elle tout en l\u2019op\u00adpri\u00admant). Elle chan\u00adgea donc son fusil d\u2019\u00e9\u00adpaule et entre\u00adprit de lut\u00adter <i>aus\u00adsi<\/i> contre la mai\u00adson royale, pour \u00e9ta\u00adblir en Ita\u00adlie une \u00ab&nbsp;R\u00e9pu\u00adblique popu\u00adlaire&nbsp;\u00bb. Ce pro\u00adgramme \u00e9tait mis en avant par l\u2019une des frac\u00adtions de la Concen\u00adtra\u00adtion, sous le nom \u00ab&nbsp;Jus\u00adtice et Liber\u00adt\u00e9&nbsp;\u00bb. Le pro\u00adgramme de \u00ab&nbsp;Jus\u00adtice et Liber\u00adt\u00e9&nbsp;\u00bb, adop\u00adt\u00e9 offi\u00adciel\u00adle\u00adment par la \u00ab&nbsp;Concen\u00adtra\u00adtion anti\u00adfas\u00adciste&nbsp;\u00bb tout enti\u00e8re, consiste dans des reven\u00addi\u00adca\u00adtions essen\u00adtiel\u00adle\u00adment d\u00e9ma\u00adgo\u00adgiques&nbsp;: Abo\u00adli\u00adtion de la monar\u00adchie, expro\u00adpria\u00adtion et remise \u00e0 l\u2019\u00c9\u00adtat des grands domaines fon\u00adciers, r\u00e9in\u00adt\u00e9\u00adgra\u00adtion des orga\u00adni\u00adsa\u00adtions ouvri\u00e8res dans leurs locaux et leurs biens mono\u00adpo\u00adli\u00ads\u00e9s par le fas\u00adcisme, contr\u00f4le de l\u2019\u00c9\u00adtat sur l\u2019in\u00addus\u00adtrie pri\u00adv\u00e9e et sur les banques, sub\u00adven\u00adtions aux coop\u00e9\u00adra\u00adtives, rem\u00adpla\u00adce\u00adment des milices fas\u00adcistes par des corps de gen\u00addar\u00adme\u00adrie (cara\u00adbi\u00adnie\u00adri) char\u00adg\u00e9s du main\u00adtien de l\u2019ordre, natio\u00adna\u00adli\u00adsa\u00adtion des che\u00admins du fer. La \u00ab&nbsp;R\u00e9pu\u00adblique popu\u00adlaire des tra\u00advailleurs ita\u00adliens&nbsp;\u00bb n\u2019ap\u00adpor\u00adte\u00adrait dans le r\u00e9gime d\u2019op\u00adpres\u00adsion et d\u2019ex\u00adploi\u00adta\u00adtion de la bour\u00adgeoi\u00adsie que des chan\u00adge\u00adments pure\u00adment for\u00admels, tels que ceux qui sont inter\u00adve\u00adnus en Espagne depuis la chute de Berenguer.<\/p>\n<p>La \u00ab&nbsp;Concen\u00adtra\u00adtion&nbsp;\u00bb \u00e9dite un jour\u00adnal (\u00ab&nbsp;Liber\u00adta&nbsp;\u00bb) et tra\u00advaille eu Ita\u00adlie m\u00eame sur le ter\u00adrain de l\u2019ill\u00e9galit\u00e9.&nbsp;<\/p>\n<p>De la \u00ab&nbsp;Concen\u00adtra\u00adtion&nbsp;\u00bb s\u2019est d\u00e9ta\u00adch\u00e9e une frac\u00adtion socia\u00adliste qui a fon\u00add\u00e9 le \u00ab&nbsp;Par\u00adti maxi\u00adma\u00adliste ita\u00adlien&nbsp;\u00bb (Socia\u00adliste R\u00e9vo\u00adlu\u00adtion\u00adnaire), qui est ana\u00adlogue an S.A.P. alle\u00admand. Il publie un organe, \u00ab&nbsp;Avan\u00adti&nbsp;\u00bb, sous la direc\u00adtion d\u2019An\u00adge\u00adli\u00adca Balabanova.<\/p>\n<p>Il y a eu aus\u00adsi une scis\u00adsion par\u00admi les r\u00e9pu\u00adbli\u00adcains. Les rai\u00adsons du d\u00e9part de ces divers \u00e9l\u00e9\u00adments sur\u00adtout dans l\u2019o\u00adrien\u00adta\u00adtion grande-bour\u00adgeoise de la \u00ab&nbsp;Concen\u00adtra\u00adtion&nbsp;\u00bb qui a englo\u00adb\u00e9 der\u00adni\u00e8\u00adre\u00adment des frac\u00adtions poli\u00adtiques diri\u00adg\u00e9es par l\u2019ex-pr\u00e9\u00adsident du Conseil Nit\u00adti, repr\u00e9\u00adsen\u00adtant typique de la Haute-Finance et de la poli\u00adtique qui a ouvert la voie au fas\u00adcisme dans les ann\u00e9es 1919 \u2013 1922. Nit\u00adti est deve\u00adnu le v\u00e9ri\u00adtable chef poli\u00adtique de l\u2019\u00e9\u00admi\u00adgra\u00adtion, celui qui tire les ficelles des pan\u00adtins appe\u00adl\u00e9s Nen\u00adni, Tr\u00e8ves, etc.<\/p>\n<p>Le par\u00adti com\u00admu\u00adniste ita\u00adlien se com\u00adpose au som\u00admet d\u2019une caste diri\u00adgeante d\u00e9vou\u00e9e au gou\u00adver\u00adne\u00adment russe. Aucun congr\u00e8s n\u2019a nom\u00adm\u00e9 ces fonc\u00adtion\u00adnaires agrip\u00adp\u00e9s \u00e0 leurs postes&nbsp;; ils ne rendent de compte \u00e0 per\u00adsonne, et finan\u00adci\u00e8\u00adre\u00adment, ils d\u00e9pendent direc\u00adte\u00adment et exclu\u00adsi\u00adve\u00adment des caisses de l\u2019\u00c9\u00adtat russe. \u00c0 la base, il r\u00e9unit quelques cen\u00adtaines d\u2019in\u00addi\u00advi\u00addus, d\u00e9pour\u00advus de clar\u00adt\u00e9 poli\u00adtique et d\u2019i\u00add\u00e9al r\u00e9vo\u00adlu\u00adtion\u00adnaire, au point d\u2019ac\u00adcep\u00adter sans aucune r\u00e9ac\u00adtion les direc\u00adtives bureau\u00adcra\u00adtiques les plus mal\u00adsaines. \u00c0 un cer\u00adtain moment, le P.C. avait dres\u00ads\u00e9 un pro\u00adgramme de tran\u00adsi\u00adtion, ajour\u00adnant en Ita\u00adlie la lutte pour la dic\u00adta\u00adture du pro\u00adl\u00e9\u00adta\u00adriat et y sub\u00adsti\u00adtuant l\u2019i\u00add\u00e9o\u00adlo\u00adgie d\u2019une r\u00e9vo\u00adlu\u00adtion popu\u00adlaire accom\u00adplie avec, le concours de la \u00ab&nbsp;Concen\u00adtra\u00adtion&nbsp;\u00bb. Il s\u2019\u00e9\u00adtait m\u00eame \u00e9ta\u00adbli \u00e0 cette occa\u00adsion des rap\u00adports cor\u00addiaux entre le som\u00admet du P.C. et les hautes sph\u00e8res concen\u00adtra\u00adtion\u00adnistes. Ensuite, on a jug\u00e9 que le mot d\u2019ordre de la \u00ab&nbsp;r\u00e9vo\u00adlu\u00adtion popu\u00adlaire&nbsp;\u00bb en Ita\u00adlie, on ne sait par quel tour\u00adnant de l\u2019his\u00adtoire, avait ces\u00ads\u00e9 d\u2019\u00eatre adap\u00adt\u00e9 aux cir\u00adcons\u00adtances, et il fut rem\u00adpla\u00adc\u00e9 par le mot d\u2019ordre du \u00ab&nbsp;gou\u00adver\u00adne\u00adment ouvrier et pay\u00adsan, comme expres\u00adsion de la dic\u00adta\u00adture pro\u00adl\u00e9\u00adta\u00adrienne&nbsp;\u00bb. Le par\u00adti com\u00admu\u00adniste est un par\u00adti d\u2019\u00e9\u00admi\u00adgr\u00e9s, il n\u2019a aucune rami\u00adfi\u00adca\u00adtion en Ita\u00adlie. Il envoie de temps en temps des pro\u00adpa\u00adgan\u00addistes de l\u2019autre c\u00f4t\u00e9 des fron\u00adti\u00e8res, ces cama\u00adrades se dis\u00adtinguent plu\u00adt\u00f4t par leur esprit d\u2019a\u00adven\u00adture que par leur conscience r\u00e9vo\u00adlu\u00adtion\u00adnaire. On les choi\u00adsit par\u00admi des gens dis\u00adpo\u00ads\u00e9s \u00e0 accep\u00adter n\u2019im\u00adporte quel ordre et leur niveau id\u00e9o\u00adlo\u00adgique est tr\u00e8s bas. Une fois arri\u00adv\u00e9s en Ita\u00adlie, ils sont arr\u00ea\u00adt\u00e9s au bout de peu de temps, et avec eux tous les cama\u00adrades qui les ont appro\u00adch\u00e9s. Par\u00adfois m\u00eame ils sont pris d\u00e8s leur entr\u00e9e dans le pays, ayant \u00e9t\u00e9 signa\u00adl\u00e9s \u00e0 la police par ceux-l\u00e0 m\u00eames qui les envoyaient. De temps en temps, en effet, au som\u00admet des orga\u00adni\u00adsa\u00adtions ill\u00e9\u00adgales, on d\u00e9couvre un mou\u00adchard, gros appoin\u00adt\u00e9 \u00e0 la fois de l\u2019\u00e9\u00adtat russe et de l\u2019\u00e9\u00adtat ita\u00adlien cer\u00adtains man\u00adgeaient encore \u00e0 un troi\u00adsi\u00e8me r\u00e2te\u00adlier, celui de l\u2019\u00e9\u00adtat fran\u00e7ais.<\/p>\n<p>\u00c0 la suite des nom\u00adbreuses arres\u00adta\u00adtions en Ita\u00adlie des \u00e9l\u00e9\u00adments arri\u00advant de France, les pro\u00adl\u00e9\u00adtaires ita\u00adliens sont tr\u00e8s m\u00e9fiants et t\u00e2chent d\u2019\u00e9\u00advi\u00adter la ren\u00adcontre de ces \u00e9mis\u00adsaires. Cette crainte n\u2019est pas injus\u00adti\u00adfi\u00e9e, car les faits d\u00e9montrent que la police ita\u00adlienne est infor\u00adm\u00e9e de ce qui se passe dans le P.C.I. o\u00f9 ses espions sont en permanence.<\/p>\n<p>Il n\u2019existe donc pas \u00e0 pro\u00adpre\u00adment par\u00adler d\u2019or\u00adga\u00adni\u00adsa\u00adtion r\u00e9vo\u00adlu\u00adtion\u00adnaire en Ita\u00adlie. Il est aus\u00adsi tr\u00e8s dif\u00adfi\u00adcile de dres\u00adser un tableau des diverses ten\u00addances id\u00e9o\u00adlo\u00adgiques, car la r\u00e9ac\u00adtion met sur le m\u00eame niveau tous ceux qui sont contre le fas\u00adcisme. Selon la ter\u00admi\u00adno\u00adlo\u00adgie fas\u00adciste, tous les hommes qui agissent contre le r\u00e9gime sur le ter\u00adrain de la ter\u00adreur indi\u00advi\u00adduelle sont qua\u00adli\u00adfi\u00e9s \u00ab&nbsp;com\u00admu\u00adnistes&nbsp;\u00bb et condam\u00adn\u00e9s comme tels. \u00c0 quoi le P.C. r\u00e9pond bien sou\u00advent en d\u00e9sa\u00advouant hon\u00adteu\u00adse\u00adment les pro\u00adl\u00e9\u00adtaires les plus cou\u00adra\u00adgeux, ou encore en trai\u00adtant de mou\u00adchards les anar\u00adchistes qui attentent \u00e0 la s\u00e9cu\u00adri\u00adt\u00e9 du r\u00e9gime (Schir\u00adru).<\/p>\n<p>Les pers\u00adpec\u00adtives d\u2019une r\u00e9vo\u00adlu\u00adtion est Ita\u00adlie sont aus\u00adsi extr\u00eames que la r\u00e9ac\u00adtion qui p\u00e8se actuel\u00adle\u00adment sur ce pays. Vu la crise \u00e9co\u00adno\u00admique et sociale exa\u00adcer\u00adb\u00e9e, tout accom\u00admo\u00adde\u00adment, toute r\u00e9con\u00adci\u00adlia\u00adtion pro\u00advi\u00adsoire sur le ter\u00adrain d\u2019une exp\u00e9\u00adrience d\u00e9mo\u00adcra\u00adtique et de solu\u00adtions \u00e9co\u00adno\u00admiques petites-bour\u00adgeoises sont impos\u00adsibles. Une exp\u00e9\u00adrience \u00e0 l\u2019es\u00adpa\u00adgnole, m\u00eame \u00e0 la russe, ne peut s\u2019y d\u00e9ve\u00adlop\u00adper. La r\u00e9vo\u00adlu\u00adtion comme abou\u00adtis\u00adsant final d\u2019une s\u00e9rie inin\u00adter\u00adrom\u00adpue de sou\u00adl\u00e8\u00adve\u00adments sociaux sera pro\u00adfonde et fera table rase du fas\u00adcisme, de la bour\u00adgeoi\u00adsie et de ses \u00e9pi\u00adgones \u00ab&nbsp;concen\u00adtra\u00adtion\u00adnistes&nbsp;\u00bb. Toute ten\u00adta\u00adtive de socia\u00adlisme bureau\u00adcra\u00adtique est vou\u00e9 \u00e0 l\u2019\u00e9\u00adchec. \u00c0 cause de cela la bour\u00adgeoi\u00adsie ita\u00adlienne voit l\u2019a\u00adb\u00eeme devant elle et c\u2019est pour\u00adquoi elle se rac\u00adcroche au fas\u00adcisme jus\u00adqu\u2019\u00e0 la der\u00adni\u00e8re limite, contrai\u00adre\u00adment au v\u0153u de la \u00ab&nbsp;Concentration&nbsp;\u00bb.<\/p>\n<p>Certes, le P.C. essaie\u00adra d\u2019ex\u00adploi\u00adter le mou\u00adve\u00adment r\u00e9vo\u00adlu\u00adtion\u00adnaire pour ses propres fins. Il repr\u00e9\u00adsente \u00e0 ce point de vue la der\u00adni\u00e8re bar\u00adri\u00e8re qui puisse s\u2019op\u00adpo\u00adser, avec la com\u00adpli\u00adci\u00adt\u00e9 d\u2019une cer\u00adtaine couche bour\u00adgeoise, au triomphe de la r\u00e9vo\u00adlu\u00adtion dans les masses. Mais le pro\u00adl\u00e9\u00adta\u00adriat ita\u00adlien consta\u00adte\u00adra vite que le seul chan\u00adge\u00adment appor\u00adt\u00e9 par un \u00ab&nbsp;gou\u00adver\u00adne\u00adment ouvrier et pay\u00adsan&nbsp;\u00bb serait le chan\u00adge\u00adment de la caste diri\u00adgeante au pouvoir.<\/p>\n<p>Il faut aus\u00adsi tenir en consi\u00add\u00e9\u00adra\u00adtion l\u2019ef\u00adfort lib\u00e9\u00adra\u00adteur que peut appor\u00adter le mou\u00adve\u00adment anar\u00adchiste, dont les tra\u00addi\u00adtions for\u00adte\u00adment enra\u00adci\u00adn\u00e9es en Ita\u00adlie, ont \u00e9t\u00e9 main\u00adte\u00adnues vivantes par l\u2019ac\u00adtion et les sacri\u00adfices des mino\u00adri\u00adt\u00e9s enga\u00adg\u00e9es dans l\u2019ac\u00adtion terroriste.<\/p>\n<p>Sur les anar\u00adchistes, au moins, le fameux sophisme. l\u00e9ni\u00adno-mar\u00adxiste (\u00ab&nbsp;La r\u00e9vo\u00adlu\u00adtion appa\u00adra\u00eet au milieu d\u2019un monde d\u2019en\u00adne\u00admi&nbsp;\u00bb, elle doit sou\u00adte\u00adnir contre eux une lutte per\u00adma\u00adnente et vio\u00adlente, donc elle doit <i>consti\u00adtuer un \u00e9tat<\/i>&nbsp;\u00bb) n\u2019au\u00adra pas prise, parce qu\u2019elle est en contra\u00addic\u00adtion avec toutes les don\u00adn\u00e9es de l\u2019ex\u00adp\u00e9\u00adrience acquise en Ita\u00adlie \u00e0 tra\u00advers douze ans de guerre civile, et sui\u00advant les\u00adquelles la r\u00e9vo\u00adlu\u00adtion est un mou\u00adve\u00adment de bas en haut, non pas une dic\u00adta\u00adture \u00e0 la mani\u00e8re jacobine.<\/p>\n<p>[\/\u200bVico\/\u200b]<\/p>\n","protected":false},"excerpt":{"rendered":"<p>[[Suite et&nbsp;fin]] [( (I.N.O.) \u2013 Il y a dix ans, en octobre 1922, le fas\u00adcisme ita\u00adlien a r\u00e9a\u00adli\u00ads\u00e9 la conqu\u00eate du pou\u00advoir. Ain\u00adsi l\u2019I\u00adta\u00adlie est un des pays o\u00f9 se sont mani\u00adfes\u00adt\u00e9 le plus ouver\u00adte\u00adment les cons\u00e9\u00adquences poli\u00adtiques de la crise mor\u00adtelle du capi\u00adta\u00adlisme. Main\u00adte\u00adnant que les unes apr\u00e8s les autres, les nations les&nbsp;plus&nbsp;[\u2026]<\/p>\n","protected":false},"author":1,"featured_media":0,"comment_status":"closed","ping_status":"closed","sticky":false,"template":"","format":"standard","meta":{"wp_typography_post_enhancements_disabled":false,"footnotes":""},"categories":[334],"tags":[],"ppma_author":[540],"class_list":["post-2779","post","type-post","status-publish","format-standard","hentry","category-correspondance-internationale-ouvriere-n3-19-novembre-1932"],"authors":[{"term_id":540,"user_id":1,"is_guest":0,"slug":"admin_3gikpwyf","display_name":"Vincent Dubuc","avatar_url":"https:\/\/secure.gravatar.com\/avatar\/d015720652c25fd2ced191ade86430094e1f288a17483713e3b34d26dea52507?s=96&d=mm&r=g","author_category":"","user_url":"https:\/\/la-presse-anarchiste.net","last_name":"Dubuc","first_name":"Vincent","job_title":"","description":""}],"_links":{"self":[{"href":"https:\/\/la-presse-anarchiste.net\/index.php\/wp-json\/wp\/v2\/posts\/2779","targetHints":{"allow":["GET"]}}],"collection":[{"href":"https:\/\/la-presse-anarchiste.net\/index.php\/wp-json\/wp\/v2\/posts"}],"about":[{"href":"https:\/\/la-presse-anarchiste.net\/index.php\/wp-json\/wp\/v2\/types\/post"}],"author":[{"embeddable":true,"href":"https:\/\/la-presse-anarchiste.net\/index.php\/wp-json\/wp\/v2\/users\/1"}],"replies":[{"embeddable":true,"href":"https:\/\/la-presse-anarchiste.net\/index.php\/wp-json\/wp\/v2\/comments?post=2779"}],"version-history":[{"count":0,"href":"https:\/\/la-presse-anarchiste.net\/index.php\/wp-json\/wp\/v2\/posts\/2779\/revisions"}],"wp:attachment":[{"href":"https:\/\/la-presse-anarchiste.net\/index.php\/wp-json\/wp\/v2\/media?parent=2779"}],"wp:term":[{"taxonomy":"category","embeddable":true,"href":"https:\/\/la-presse-anarchiste.net\/index.php\/wp-json\/wp\/v2\/categories?post=2779"},{"taxonomy":"post_tag","embeddable":true,"href":"https:\/\/la-presse-anarchiste.net\/index.php\/wp-json\/wp\/v2\/tags?post=2779"},{"taxonomy":"author","embeddable":true,"href":"https:\/\/la-presse-anarchiste.net\/index.php\/wp-json\/wp\/v2\/ppma_author?post=2779"}],"curies":[{"name":"wp","href":"https:\/\/api.w.org\/{rel}","templated":true}]}}