{"id":2790,"date":"2011-05-28T17:28:48","date_gmt":"2011-05-28T17:28:48","guid":{"rendered":"https:\/\/la-presse-anarchiste.net\/index.php\/2011\/05\/28\/le-fonctionnarisme-syndical\/"},"modified":"2011-05-28T17:28:48","modified_gmt":"2011-05-28T17:28:48","slug":"le-fonctionnarisme-syndical","status":"publish","type":"post","link":"https:\/\/la-presse-anarchiste.net\/index.php\/2011\/05\/28\/le-fonctionnarisme-syndical\/","title":{"rendered":"Le fonctionnarisme syndical"},"content":{"rendered":"<div class=\"pdfprnt-buttons pdfprnt-buttons-post pdfprnt-top-right\"><a href=\"https:\/\/la-presse-anarchiste.net\/index.php\/wp-json\/wp\/v2\/posts\/2790?print=pdf\" class=\"pdfprnt-button pdfprnt-button-pdf\" target=\"_blank\"><img decoding=\"async\" src=\"https:\/\/la-presse-anarchiste.net\/wp-content\/plugins\/pdf-print\/images\/pdf.png\" alt=\"image_pdf\" title=\"Afficher le PDF\"><\/a><a href=\"https:\/\/la-presse-anarchiste.net\/index.php\/wp-json\/wp\/v2\/posts\/2790?print=print\" class=\"pdfprnt-button pdfprnt-button-print\" target=\"_blank\"><img decoding=\"async\" src=\"https:\/\/la-presse-anarchiste.net\/wp-content\/plugins\/pdf-print\/images\/print.png\" alt=\"image_print\" title=\"Contenu imprim\u00e9\"><\/a><\/div><p>[(<\/p>\n<p>Nous consi\u00add\u00e9\u00adrions cette enqu\u00eate comme termin\u00e9e.<br>\nMais nous rece\u00advons de notre cama\u00adrade Georges Bas\u00adtien la r\u00e9ponse ci-des\u00adsous, et comme elle expose des id\u00e9es qui s\u2019\u00e9loignent sen\u00adsi\u00adble\u00adment de la presque tota\u00adli\u00adt\u00e9 des r\u00e9ponses qu\u2019a publi\u00e9es la R.A., nous pen\u00adsons qu\u2019il est utile de la publier, afin de faire entendre tous les sons de cloche.<\/p>\n<p>Cette r\u00e9ponse de Bas\u00adtien met\u00adtra fin \u00e0 notre enqu\u00eate sur le Fonc\u00adtion\u00adna\u00adrisme Syndical.<\/p>\n<p>)]<\/p>\n<p>En limi\u00adtant l\u2019enqu\u00eate \u00e0 la seule ques\u00adtion du fonc\u00adtion\u00adna\u00adrisme syn\u00addi\u00adcal, on se condamne \u00e0 tour\u00adner dans un cercle vicieux, impos\u00adsible \u00e0 fran\u00adchir. Et je constate qu\u2019au fur et \u00e0 mesure que l\u2019enqu\u00eate se pour\u00adsuit, la ques\u00adtion s\u2019\u00e9largit et c\u2019est toute l\u2019organisation syn\u00addi\u00adcale qui est en&nbsp;jeu.<\/p>\n<p>Vou\u00adloir limi\u00adter le nombre des fonc\u00adtion\u00adnaires, la dur\u00e9e de leur man\u00addat, leurs pou\u00advoirs, c\u2019est faire comme ceux qui pro\u00adposent des retouches au sys\u00adt\u00e8me \u00e9lec\u00adto\u00adral, esp\u00e9\u00adrant nous don\u00adner une \u00ab&nbsp;bonne R\u00e9publique&nbsp;\u00bb.<\/p>\n<p>Les fonc\u00adtion\u00adnaires qu\u2019on chas\u00adse\u00adra par la porte ren\u00adtre\u00adront par la fen\u00eatre. Qui emp\u00ea\u00adche\u00adra un secr\u00e9\u00adtaire d\u2019U.D. de deve\u00adnir per\u00adma\u00adnent d\u2019un par\u00adti et de rede\u00adve\u00adnir per\u00adma\u00adnent syn\u00addi\u00adcal, alter\u00adna\u00adti\u00adve\u00adment&nbsp;? Et les loca\u00adli\u00adt\u00e9s o\u00f9 on ne trou\u00adve\u00adra pas de rem\u00adpla\u00ad\u00e7ants&nbsp;? Et les sales indi\u00advi\u00addus qui, sachant qu\u2019ils doivent s\u2019en aller, apr\u00e8s avoir pris go\u00fbt au <i>far\u00adniente<\/i> des bureau\u00adcrates, pro\u00adfi\u00adte\u00adront de leur pas\u00adsage pour se cr\u00e9er des situa\u00adtions futures, quitte \u00e0 tra\u00adhir pour arri\u00adver \u00e0 ce r\u00e9sul\u00adtat. Et tous les cas d\u2019esp\u00e8ces, qui se pr\u00e9\u00adsen\u00adte\u00adront conti\u00adnuel\u00adle\u00adment et fini\u00adront par faire du r\u00e8gle\u00adment un vul\u00adgaire chif\u00adfon de papier.<\/p>\n<p>Allez donc dans cha\u00adquz ville o\u00f9 existent un ou plu\u00adsieurs per\u00adma\u00adnents&nbsp;; essayez de solu\u00adtion\u00adner la ques\u00adtion loca\u00adle\u00adment, et vous m\u2019en direz des nouvelles.<\/p>\n<p>J\u2019attends, \u00e0 la pra\u00adtique et \u00e0 l\u2019exp\u00e9rience, le r\u00e9sul\u00adtat des r\u00e9for\u00admettes qu\u2019on veut appor\u00adter au fonc\u00adtion\u00adna\u00adrisme syn\u00addi\u00adcal. Je suis \u00e0 l\u2019avance s\u00fbr du r\u00e9sul\u00adtat n\u00e9ga\u00adtif de l\u2019exp\u00e9rience qu\u2019on veut ten\u00adter, v\u00e9ri\u00adtable cau\u00adt\u00e8re sur une jambe de&nbsp;bois.<\/p>\n<p>La fonc\u00adtion cr\u00e9e l\u2019organe, dit la science. Cette v\u00e9ri\u00adt\u00e9 est plus que d\u00e9mon\u00adtr\u00e9e dans le syndicalisme.<\/p>\n<p>Le sys\u00adt\u00e8me d\u2019organisation syn\u00addi\u00adcale, tel qu\u2019il existe dans les deux C.G.T., est une v\u00e9ri\u00adtable m\u00e9ca\u00adnique com\u00adpli\u00adqu\u00e9e qui n\u00e9ces\u00adsite des m\u00e9ca\u00adni\u00adciens pour fonctionner.<\/p>\n<p>Conser\u00advez un bureau conf\u00e9\u00add\u00e9\u00adral, des F\u00e9d\u00e9\u00adra\u00adtions d\u2019industrie, des U.D. ou U.R. et essayez de les faire mar\u00adcher sans fonc\u00adtion\u00adnaires, pour voir un peu. Cha\u00adcun de ces orga\u00adnismes, v\u00e9ri\u00adtable \u00c9tat en minia\u00adture, \u00e0 l\u2019heure actuelle, et \u00c9tat gran\u00addeur nature dans la soci\u00e9\u00adt\u00e9 post-r\u00e9vo\u00adlu\u00adtion\u00adnaire, se conduit et est fata\u00adle\u00adment appe\u00adl\u00e9 \u00e0 se conduire comme tout \u00c9tat. Il tend \u00e0 r\u00e9sor\u00adber en lui, peu \u00e0 peu, toute la vie syn\u00addi\u00adcale&nbsp;: pro\u00adpa\u00adgande, action, soli\u00adda\u00adri\u00adt\u00e9, etc\u2026 et, natu\u00adrel\u00adle\u00adment, plus ses attri\u00adbu\u00adtions gran\u00addissent, plus son fonc\u00adtion\u00adna\u00adrisme doit se d\u00e9velopper.<\/p>\n<p>Les mili\u00adtants qui agissent dans le milieu sp\u00e9\u00adcial des orga\u00adni\u00adsa\u00adtions cen\u00adtra\u00adli\u00ads\u00e9es finissent par voir les choses d\u2019une fa\u00e7on tel\u00adle\u00adment g\u00e9n\u00e9\u00adrale, haut pla\u00adc\u00e9e, qu\u2019ils n\u2019ont bien\u00adt\u00f4t plus rien de com\u00admun avec les masses (le joli mot&nbsp;?) leurs d\u00e9si\u00adrs, leurs aspi\u00adra\u00adtions. Au lieu de l\u2019action des foules, c\u2019est bien\u00adt\u00f4t la d\u00e9ci\u00adsion des Comi\u00adt\u00e9s, les man\u0153uvres de cou\u00adlisse, la popote plus ou moins trouble qui pr\u00e9\u00addo\u00admine chez ces militants.<\/p>\n<p>Ce syn\u00addi\u00adca\u00adlisme de Comi\u00adt\u00e9s res\u00adsemble bou\u00adgre\u00adment au par\u00adle\u00admen\u00adta\u00adrisme tant d\u00e9cri\u00e9 dans nos milieux. Com\u00adpa\u00adrez les luttes de ten\u00addances et des per\u00adson\u00adna\u00adli\u00adt\u00e9s aux batailles \u00e9lec\u00adto\u00adrales, vous serez frap\u00adp\u00e9s de la ressemblance.<\/p>\n<p>Ce n\u2019est pas de ce milieu-l\u00e0 que vien\u00addra la mort du fonc\u00adtion\u00adna\u00adrisme, c\u2019est au contraire l\u00e0 qu\u2019il germe, prend racine et s\u2019\u00e9panouit ensuite sous les chauds rayons d\u2019une caisse for\u00adte\u00adment ali\u00admen\u00adt\u00e9e par les coti\u00adsa\u00adtions des syndiqu\u00e9s.<\/p>\n<p>Nous sommes d\u2019accord sur ce point&nbsp;: le fonc\u00adtion\u00adna\u00adrisme est une plaie pour le mou\u00adve\u00adment syn\u00addi\u00adcal. Mais on ne gu\u00e9\u00adrit un mal qu\u2019en s\u2019attaquant \u00e0 ses causes.<\/p>\n<p>Les causes, ce sont&nbsp;: d\u2019une part, la copie du sys\u00adt\u00e8me par\u00adle\u00admen\u00adtaire et d\u00e9mo\u00adcra\u00adtique qui abou\u00adtit \u00e0 la pr\u00e9\u00addo\u00admi\u00adnance des Comi\u00adt\u00e9s, Com\u00admis\u00adsions, Bureaux, etc\u2026&nbsp;; de l\u2019autre, la cen\u00adtra\u00adli\u00adsa\u00adtion <i>de fait<\/i>, sinon de prin\u00adcipe, qui com\u00adplique tout le m\u00e9ca\u00adnisme syndical.<\/p>\n<p>Ne pas s\u2019attaquer \u00e0 ces causes, cher\u00adcher \u00e0 les an\u00e9an\u00adtir, et par\u00adler d\u2019am\u00e9lioration du fonc\u00adtion\u00adna\u00adrisme, c\u2019est se trom\u00adper ou trom\u00adper les autres.<\/p>\n<p>Ceux qui veulent des orga\u00adni\u00adsa\u00adtions cen\u00adtrales, des C.G.T., des F\u00e9d\u00e9\u00adra\u00adtions, des Unions r\u00e9gio\u00adnales, <i>admi\u00adnis\u00adtrant<\/i>, gou\u00adver\u00adnant le mou\u00adve\u00adment ouvrier doivent logi\u00adque\u00adment en accep\u00adter les cons\u00e9\u00adquences. Si l\u2019on conserve la machine, il faut gar\u00adder les machinistes.<\/p>\n<p>Je conclus. Sup\u00adpri\u00admons le bureau conf\u00e9\u00add\u00e9\u00adral, les bureaux f\u00e9d\u00e9\u00adraux, les autres orga\u00adnismes d\u00e9par\u00adte\u00admen\u00adtaux ou r\u00e9gio\u00adnaux, et nous sup\u00adpri\u00adme\u00adrons, en m\u00eame temps que la fonc\u00adtion, le fonctionnaire.<\/p>\n<p>Que toute la force active du syn\u00addi\u00adca\u00adlisme se fasse loca\u00adle\u00adment, par l\u2019union en un syn\u00addi\u00adcat unique ou en une liai\u00adson \u00e9troite de tous les \u00e9l\u00e9\u00adments cor\u00adpo\u00adra\u00adtifs d\u2019une loca\u00adli\u00adt\u00e9. L\u00e0, chez nous, nous avons un contr\u00f4le direct, toutes les faci\u00adli\u00adt\u00e9s de savoir ce qui se passe et ce qui se fait dans notre orga\u00adni\u00adsa\u00adtion, que nous n\u2019aurons jamais dans un Comi\u00adt\u00e9 Cen\u00adtral, dont on nous fer\u00adme\u00adra la porte si nous sommes trop mau\u00advais coucheurs.<\/p>\n<p>Que toute l\u2019action, l\u2019\u00e9ducation, la pro\u00adpa\u00adgande soit faite direc\u00adte\u00adment par les syn\u00addi\u00adqu\u00e9s, chez eux, et non plus l\u00e0-haut, \u00e0&nbsp;Paris.<\/p>\n<p>Si l\u2019information, la sta\u00adtis\u00adtique, les condi\u00adtions de tra\u00advail, les recherches tech\u00adniques, les ser\u00advices d\u2019\u00e9dition, de pro\u00adpa\u00adgande, les ren\u00adsei\u00adgne\u00adments juri\u00addiques, etc., en un mot toutes les \u0153uvres qui peuvent mettre debout nos orga\u00adni\u00adsa\u00adtions ouvri\u00e8res n\u00e9ces\u00adsitent du per\u00adson\u00adnel, embau\u00adchons des employ\u00e9s com\u00adp\u00e9\u00adtents dans la forme expri\u00adm\u00e9e par Le Meillour, mais ce per\u00adson\u00adnel <i>acces\u00adsoire<\/i> n\u2019aura rien \u00e0 voir dans l\u2019administration ni l\u2019orientation du syn\u00addi\u00adca\u00adlisme. Char\u00adg\u00e9s d\u2019un tra\u00advail d\u00e9ter\u00admi\u00adn\u00e9 pour lequel ils seront r\u00e9tri\u00adbu\u00e9s, ils n\u2019auront qu\u2019\u00e0 s\u2019occuper de ce tra\u00advail et, pour le reste, ren\u00adtre\u00adront comme simples syn\u00addi\u00adqu\u00e9s dans leur cor\u00adpo\u00adra\u00adtion ou leur syn\u00addi\u00adcat unique.<\/p>\n<p>Les Unions locales ou les syn\u00addi\u00adcats d\u2019une m\u00eame cor\u00adpo\u00adra\u00adtion pour\u00adront cr\u00e9er par <i>libre-entente<\/i> de ces orga\u00adnismes \u00e0 qui ils ne ver\u00adse\u00adront que les sommes n\u00e9ces\u00adsaires \u00e0 leur fonc\u00adtion\u00adne\u00adment&nbsp;; c\u2019est une affaire d\u2019utilit\u00e9 \u00e0 dis\u00adcu\u00adter et \u00e9ta\u00adblir entre les int\u00e9ress\u00e9s.<\/p>\n<p>Mais, de gr\u00e2ce, qu\u2019on laisse ces <i>orga\u00adnismes acces\u00adsoires<\/i> \u00e0 leur seul r\u00f4le d\u2019information, sta\u00adtis\u00adtique, tech\u00adnique, liai\u00adson, etc., et qu\u2019on ne vienne pas nous les impo\u00adser en Comi\u00adt\u00e9s direc\u00adteurs, en Chambre des d\u00e9pu\u00adt\u00e9s en minia\u00adture, fabri\u00adquant des lois, don\u00adnant des ordres et raflant les cotisations.<\/p>\n<p>Puisqu\u2019il y a actuel\u00adle\u00adment crise du syn\u00addi\u00adca\u00adlisme, r\u00e9vo\u00adlu\u00adtion dans le mou\u00adve\u00adment ouvrier, puisque l\u2019autorit\u00e9 des Jou\u00adhaux et consorts est m\u00e9con\u00adnue\u200a\u2014\u200atout au moins par nous\u200a\u2014\u200a\u00e9ta\u00adblis\u00adsons de suite la Mai\u00adson Nou\u00advelle du Syn\u00addi\u00adca\u00adlisme sur les bases du F\u00e9d\u00e9\u00adra\u00adlisme effec\u00adtif, de l\u2019Autonomie des syndicats.<\/p>\n<p>Autre\u00adment, dis\u00adcu\u00adter sur les r\u00e9formes \u00e0 appor\u00adter aux moda\u00adli\u00adt\u00e9s du fonc\u00adtion\u00adna\u00adrisme, c\u2019est bien perdre son&nbsp;temps.<\/p>\n<p>Venu au monde sur le fumier par\u00adle\u00admen\u00adtaire et cen\u00adtra\u00adliste, Il conti\u00adnue\u00adra \u00e0 gran\u00addir, \u00e9touf\u00adfant tout le reste et nar\u00adguant toutes les illu\u00adsoires entraves.<\/p>\n<p>[\/\u200bGeorges <sc>Bas\u00adtien<\/sc>.\/\u200b]<\/p>\n","protected":false},"excerpt":{"rendered":"<p>[( Nous consi\u00add\u00e9\u00adrions cette enqu\u00eate comme ter\u00admi\u00adn\u00e9e. Mais nous rece\u00advons de notre cama\u00adrade Georges Bas\u00adtien la r\u00e9ponse ci-des\u00ad\u00adsous, et comme elle expose des id\u00e9es qui s\u2019\u00e9loignent sen\u00adsi\u00adble\u00adment de la presque tota\u00adli\u00adt\u00e9 des r\u00e9ponses qu\u2019a publi\u00e9es la R.A., nous pen\u00adsons qu\u2019il est utile de la publier, afin de faire entendre tous les sons de cloche. Cette&nbsp;[\u2026]<\/p>\n","protected":false},"author":1,"featured_media":0,"comment_status":"closed","ping_status":"closed","sticky":false,"template":"","format":"standard","meta":{"wp_typography_post_enhancements_disabled":false,"footnotes":""},"categories":[318],"tags":[],"ppma_author":[540],"class_list":["post-2790","post","type-post","status-publish","format-standard","hentry","category-la-revue-anarchiste-na5-mai-1922"],"authors":[{"term_id":540,"user_id":1,"is_guest":0,"slug":"admin_3gikpwyf","display_name":"Vincent Dubuc","avatar_url":"https:\/\/secure.gravatar.com\/avatar\/d015720652c25fd2ced191ade86430094e1f288a17483713e3b34d26dea52507?s=96&d=mm&r=g","author_category":"","user_url":"https:\/\/la-presse-anarchiste.net","last_name":"Dubuc","first_name":"Vincent","job_title":"","description":""}],"_links":{"self":[{"href":"https:\/\/la-presse-anarchiste.net\/index.php\/wp-json\/wp\/v2\/posts\/2790","targetHints":{"allow":["GET"]}}],"collection":[{"href":"https:\/\/la-presse-anarchiste.net\/index.php\/wp-json\/wp\/v2\/posts"}],"about":[{"href":"https:\/\/la-presse-anarchiste.net\/index.php\/wp-json\/wp\/v2\/types\/post"}],"author":[{"embeddable":true,"href":"https:\/\/la-presse-anarchiste.net\/index.php\/wp-json\/wp\/v2\/users\/1"}],"replies":[{"embeddable":true,"href":"https:\/\/la-presse-anarchiste.net\/index.php\/wp-json\/wp\/v2\/comments?post=2790"}],"version-history":[{"count":0,"href":"https:\/\/la-presse-anarchiste.net\/index.php\/wp-json\/wp\/v2\/posts\/2790\/revisions"}],"wp:attachment":[{"href":"https:\/\/la-presse-anarchiste.net\/index.php\/wp-json\/wp\/v2\/media?parent=2790"}],"wp:term":[{"taxonomy":"category","embeddable":true,"href":"https:\/\/la-presse-anarchiste.net\/index.php\/wp-json\/wp\/v2\/categories?post=2790"},{"taxonomy":"post_tag","embeddable":true,"href":"https:\/\/la-presse-anarchiste.net\/index.php\/wp-json\/wp\/v2\/tags?post=2790"},{"taxonomy":"author","embeddable":true,"href":"https:\/\/la-presse-anarchiste.net\/index.php\/wp-json\/wp\/v2\/ppma_author?post=2790"}],"curies":[{"name":"wp","href":"https:\/\/api.w.org\/{rel}","templated":true}]}}