{"id":2794,"date":"2011-05-28T17:28:58","date_gmt":"2011-05-28T17:28:58","guid":{"rendered":"https:\/\/la-presse-anarchiste.net\/index.php\/2011\/05\/28\/revue-des-revues-5\/"},"modified":"2011-05-28T17:28:58","modified_gmt":"2011-05-28T17:28:58","slug":"revue-des-revues-5","status":"publish","type":"post","link":"https:\/\/la-presse-anarchiste.net\/index.php\/2011\/05\/28\/revue-des-revues-5\/","title":{"rendered":"Revue des revues"},"content":{"rendered":"<div class=\"pdfprnt-buttons pdfprnt-buttons-post pdfprnt-top-right\"><a href=\"https:\/\/la-presse-anarchiste.net\/index.php\/wp-json\/wp\/v2\/posts\/2794?print=pdf\" class=\"pdfprnt-button pdfprnt-button-pdf\" target=\"_blank\"><img decoding=\"async\" src=\"https:\/\/la-presse-anarchiste.net\/wp-content\/plugins\/pdf-print\/images\/pdf.png\" alt=\"image_pdf\" title=\"Afficher le PDF\"><\/a><a href=\"https:\/\/la-presse-anarchiste.net\/index.php\/wp-json\/wp\/v2\/posts\/2794?print=print\" class=\"pdfprnt-button pdfprnt-button-print\" target=\"_blank\"><img decoding=\"async\" src=\"https:\/\/la-presse-anarchiste.net\/wp-content\/plugins\/pdf-print\/images\/print.png\" alt=\"image_print\" title=\"Contenu imprim\u00e9\"><\/a><\/div><p>Le <i>Cra\u00adpouillot<\/i> (3, place de la Sor\u00adbonne, Paris), est d\u00e9ci\u00add\u00e9\u00adment l\u2019une des plus int\u00e9\u00adres\u00adsantes par\u00admi les innom\u00adbrables revues lit\u00adt\u00e9\u00adraires et artis\u00adtiques, parais\u00adsant \u00e0 Paris. On y fait preuve d\u2019une ind\u00e9\u00adpen\u00addance rare, qui doit s\u00fbre\u00adment cho\u00adquer sou\u00advent dans les milieux, plu\u00adt\u00f4t bour\u00adgeois, il faut le dire, o\u00f9 cette revue se r\u00e9pand.<\/p>\n<p>Dans le num\u00e9\u00adro de mai, j\u2019y ai fort go\u00fb\u00adt\u00e9 un ori\u00adgi\u00adnal conte d\u2019amour de Mau\u00adrice Deko\u00adbra que je regrette de ne pou\u00advoir citer plus lon\u00adgue\u00adment. Mais sur\u00adtout il y a un d\u00e9so\u00adpi\u00adlant compte ren\u00addu du <i>Salon des Artistes fran\u00ad\u00e7ais<\/i>, par Robert Rey. M.&nbsp;Rey a conscien\u00adcieu\u00adse\u00adment par\u00adcou\u00adru ce Salon o\u00f9 explo\u00ads\u00e8rent toutes les cro\u00fbtes, toutes les gloires offi\u00adcielles de la pein\u00adture moderne. Il en rend compte avec une douce iro\u00adnie, sans \u00e9clat, sans col\u00e8re semble-t-il, mais n\u2019en est que plus f\u00e9roce. \u00c9coutez-le&nbsp;:<\/p>\n<blockquote><p>\u00ab&nbsp;Bra\u00advo, M.&nbsp;Georges Scott&nbsp;! Voi\u00adl\u00e0 vrai\u00adment un c\u0153ur de Fran\u00ad\u00e7aise, cette jeune fille au pro\u00adfil \u00e9ner\u00adgique et brun, la vraie fian\u00adc\u00e9e du lieu\u00adte\u00adnant de chas\u00adseurs \u00e0 pied, celle qui fit bais\u00adser les yeux du uhlan sou\u00addain timide, telle enfin que nous la mon\u00adtr\u00e9e M.&nbsp;Ren\u00e9 Bazin, de l\u2019Acad\u00e9mie fran\u00ad\u00e7aise. Infir\u00admi\u00e8re au che\u00advet de nos chers bles\u00ads\u00e9s, elle soigne encore au fond des h\u00f4pi\u00adtaux ceux dont les m\u00e9de\u00adcins mili\u00adtaires n\u2019ont pu depuis quatre ans venir \u00e0 bout. Sur son c\u0153ur de Fran\u00ad\u00e7aise, la L\u00e9gion d\u2019honneur et la Croix de guerre font deux sublimes taches. Elle regarde la ligne bleue des Vosges et sera infir\u00admi\u00e8re-major la pro\u00adchaine fois. On se sent r\u00e9con\u00adfor\u00adt\u00e9 devant une \u0153uvre aus\u00adsi belle, et ras\u00adsu\u00adr\u00e9&nbsp;; tou\u00adjours pour la pro\u00adchaine fois.&nbsp;\u00bb<\/p><\/blockquote>\n<p>Et le <i>Ch\u00e2\u00adti\u00adment de Guillaume II<\/i>, par M.&nbsp;Gervex&nbsp;:<\/p>\n<blockquote><p>\u00ab&nbsp;Dans un pay\u00adsage de flamme et de car\u00adnage, par\u00admi des enfants morts, dont la lueur de l\u2019incendie rou\u00adgit les chairs bla\u00adfardes, un Gui\u00adlaume II, en casque \u00e0 pointe, cherche \u00e0 fuir sour\u00adnoi\u00adse\u00adment. Il \u00e9chap\u00adpe\u00adrait peut-\u00eatre \u00e0 la ven\u00adgeance, car, supr\u00eame roue\u00adrie, il s\u2019est d\u00e9gui\u00ads\u00e9 en sol\u00addat boche de cin\u00e9\u00adma. Mais il a pill\u00e9 des caves&nbsp;: de sa musette sort le gou\u00adlot dor\u00e9 d\u2019une bou\u00adteille de Cham\u00adpagne. C\u2019est ce qui l\u2019a per\u00addu, La ven\u00adgeance \u00e9tend vers lui son glaive. Vrai\u00adment la Ven\u00adgeance de Prud\u2019hon n\u2019est qu\u2019une midi\u00adnette \u00e0 c\u00f4t\u00e9 de celle de M.&nbsp;Ger\u00advex. Celle-ci semble dire \u00e0 l\u2019homme d\u2019Amerongen&nbsp;: \u00ab&nbsp;Un jour pro\u00adchain M.&nbsp;Ger\u00advex fera ton por\u00adtrait, en boche de cin\u00e9\u00adma&nbsp;\u00bb et nous com\u00adpre\u00adnons alors tout ce que peut conte\u00adnir d\u2019horreur la gri\u00admace du mau\u00addit. Ce tableau a la gran\u00addeur du ch\u00e2\u00adti\u00adment (2 m. 50 sur 1 m.&nbsp;90).&nbsp;\u00bb<\/p><\/blockquote>\n<p>N\u2019est-ce pas que cela aide bien \u00ab&nbsp;<i>\u00e0 mieux com\u00adprendre la haute mani\u00adfes\u00adta\u00adtion d\u2019art moderne que repr\u00e9\u00adsente ce Salon des Artistes fran\u00ad\u00e7ais<\/i>&nbsp;\u00bb comme conclut, sans sour\u00adciller, M.&nbsp;Robert Rey.<\/p>\n<p>[|<b>*  *  *  *<\/b>|]<br>\n<\/p>\n<p>Apr\u00e8s cette revue, somme toute luxueuse, avec ses repro\u00adduc\u00adtions d\u2019\u0153uvres d\u2019art, ses num\u00e9\u00adros sp\u00e9\u00adciaux, le choix de sa pr\u00e9\u00adsen\u00adta\u00adtion, par\u00adlons un peu d\u2019une ten\u00adta\u00adtive infi\u00adni\u00adment plus modeste, et n\u00e9an\u00admoins fort int\u00e9\u00adres\u00adsante. Je veux d\u00e9si\u00adgner <i>L\u2019Outil et la Plume<\/i> (64, rue de Paris, Les Lilas (Seine), r\u00e9di\u00adg\u00e9e\u200a\u2014\u200aet impri\u00adm\u00e9e\u200a\u2014\u200apar quelques ouvriers manuels.<\/p>\n<p>Dans le num\u00e9\u00adro 1, un po\u00e8me&nbsp;: <i>Pr\u00ea\u00adtresses de Sapho<\/i>, par E. Giraud, ma foi gu\u00e8re tendre pour nous, pauvres hommes&nbsp;:<\/p>\n<poesie>La morale est un leurre et Bili\u00adtis fut&nbsp;sage<br>\nD\u2019avoir su pr\u00e9\u00adf\u00e9\u00adrer \u00e0 l\u2019homme impur et&nbsp;vil<br>\nLa caresse l\u00e9g\u00e8re et le bai\u00adser subtil<br>\nDes vierges dont le corps n\u2019a point encore d\u2019usage.<br>\nSur ton corps d\u00e9li\u00adcat flotte un go\u00fbt de luxure<br>\nToute ma chair se p\u00e2me \u00e0 l\u2019odeur de ta&nbsp;chair<br>\nAban\u00addonne la bouche \u00e0 mon d\u00e9sir pervers<br>\nJe te veux et ta gorge appelle mes morsures.<br>\nLaisse-moi d\u00e9cou\u00advrir la pointe de tes&nbsp;seins\u2026<\/poesie>\n<p>Je m\u2019arr\u00eate, ne vou\u00adlant \u00e9ner\u00adver per\u00adsonne, ni sur\u00adtout trou\u00adbler quelque char\u00admante lectrice.<\/p>\n<p>J\u2019aime moins les po\u00e8mes de P. Trouiller, m\u00eame quand il les signe P. Reilloust&nbsp;; il m\u2019excusera de le lui dire en toute cama\u00adra\u00adde\u00adrie. Et quand je le vois \u00e0 la page sui\u00advante d\u00e9dier une prose \u00ab&nbsp;\u00e0 l\u2019ami Paul Bru\u00adlat&nbsp;\u00bb je sou\u00adris et n\u2019insiste pas. \u00c0 quoi&nbsp;bon&nbsp;!<\/p>\n<p>Mais la <i>Chan\u00adson de la Morte<\/i>, de C. Cham\u00adbiet. est un beau&nbsp;po\u00e8me&nbsp;:<\/p>\n<poesie>La morte m\u2019a par\u00adl\u00e9 ce&nbsp;soir<br>\n\u2026\u2026\u2026\u2026\u2026\u2026\u2026\u2026\u2026\u2026\u2026\u2026\u2026\u2026\u2026\u2026\u2026\u2026\u2026\u2026<br>\nElle avait comme aux temps pass\u00e9s<br>\nMis jupe noire et blanc corsage<br>\nSes che\u00adveux blonds, fins et tass\u00e9s<br>\nAur\u00e9o\u00adlaient son clair visage.<br>\nElle appa\u00adrut telle \u00e0 mes&nbsp;yeux<br>\nDons ma cham\u00adbrette solitaire<br>\nQue jadis au lit mortuaire<br>\nO\u00f9 se fer\u00adm\u00e8rent ses yeux&nbsp;bleus.<br>\n\u2026\u2026\u2026\u2026\u2026\u2026\u2026\u2026\u2026\u2026\u2026\u2026\u2026\u2026\u2026\u2026\u2026\u2026\u2026\u2026<br>\nLe ciel, la lampe, tout est&nbsp;noir<br>\nLa morte m\u2019a par\u00adl\u00e9 ce&nbsp;soir&nbsp;!<\/poesie>\n<p>[|<b>*  *  *  *<\/b>|]<br>\n<\/p>\n<p>D\u2019un tout autre genre encore, mais aus\u00adsi int\u00e9\u00adres\u00adsants sont les <i>Essais Cri\u00adtiques<\/i> (39, Chauss\u00e9e\u2011d\u2019Antin, Paris\u20119<sup>e<\/sup>), o\u00f9 un seul r\u00e9dac\u00adteur, M.&nbsp;Mar\u00adcel Aza\u00efs, traite la poli\u00adtique fran\u00ad\u00e7aise et \u00e9tran\u00adg\u00e8re, parle des livres, des revues, des th\u00e9\u00e2tres et des concerts.<\/p>\n<p>M.&nbsp;Aza\u00efs est roya\u00adliste&nbsp;: c\u2019est dire que nous sommes loin de par\u00adta\u00adger toutes ses id\u00e9es. Mais cela ne l\u2019emp\u00eache pas de dire ce qu\u2019il pense, m\u00eame si \u00e7a d\u00e9pla\u00eet aux roya\u00adlistes. C\u2019est ain\u00adsi qu\u2019il \u00e9rein\u00adta dans un r\u00e9cent num\u00e9\u00adro les po\u00e8mes de M.&nbsp;Joa\u00adchim Gas\u00adquet, lequel fut sacr\u00e9 grand po\u00e8te par l\u2019<i>Action fran\u00ad\u00e7aise<\/i>, pr\u00e9\u00adci\u00ads\u00e9\u00adment parce que royaliste.<\/p>\n<p>Dans le num\u00e9\u00adro de mai, il parle du nou\u00adveau livre de Paul Morand&nbsp;: <i>Ouvert la nuit<\/i> et r\u00e9sume ain\u00adsi son impres\u00adsion&nbsp;: \u00ab&nbsp;Les qua\u00adli\u00adt\u00e9s de M.&nbsp;Morand sont noy\u00e9es dans mille aff\u00e9\u00adte\u00adries. Cet auteur ne peut s\u2019exprimer sim\u00adple\u00adment&nbsp;: il a jou\u00e9 \u00e0 \u00e9pa\u00adter le bour\u00adgeois, il ne peut plus s\u2019en gu\u00e9\u00adrir. On lui a dit qu\u2019il unis\u00adsait les choses par des rap\u00adports nou\u00adveaux, il est condam\u00adn\u00e9 \u00e0 cher\u00adcher ces rap\u00adports, comme le che\u00adval, enfer\u00adm\u00e9 dans une bat\u00adteuse, est contraint de mar\u00adcher sur un plan\u00adcher \u00e9ter\u00adnel\u00adle\u00adment fuyant.&nbsp;\u00bb<\/p>\n<p>Il y a en outre, une chro\u00adnique th\u00e9\u00e2\u00adtrale (sur l\u2019<i>Ate\u00adlier<\/i> de Dul\u00adlin) une chro\u00adnique des concerts et une sub\u00adstan\u00adtielle \u00e9tude sur l\u2019\u0153uvre de G. Le R\u00e9v\u00e9\u00adrend, ins\u00adti\u00adtu\u00adteur nor\u00admand. Par\u00admi les extraits cit\u00e9s, rete\u00adnons celui-ci&nbsp;:<\/p>\n<blockquote><p>Il y a des po\u00e8tes qu\u2019il ne faut pas cher\u00adcher \u00e0 com\u00adprendre et qu\u2019il ne faut pas appro\u00adfon\u00addir. On y per\u00addrait sa peine et ses illu\u00adsions. Leur \u0153uvre est un jar\u00addin clos de murs avec des \u00e9clats de verre des\u00adsus. Il faut sup\u00adpo\u00adser des mer\u00adveilles \u00e0 l\u2019int\u00e9rieur, mais se gar\u00adder d\u2019y aller voir. Ces riches ont acca\u00adpa\u00adr\u00e9 une lieue de terre et de soleil&nbsp;; mais il y a, \u00e0 c\u00f4t\u00e9 de leur bien, tout l\u2019univers. Cou\u00adrons les grands che\u00admins ensemble, mon ami&nbsp;; et si, du haut de leur mur, ils nous har\u00adc\u00e8lent, sachons dire merde aux dis\u00adciples de Mallarm\u00e9.<\/p><\/blockquote>\n<p>[|<b>*  *  *  *<\/b>|]<br>\n<\/p>\n<p>La <i>Revue F\u00e9d\u00e9\u00adra\u00adliste<\/i> (6, rue Neuve, Lyon) est un autre organe roya\u00adliste. Pour\u00adtant, on sait y par\u00adler sans par\u00adti-pris du der\u00adnier livre d\u2019Henri B\u00e9raud&nbsp;: <i>Le vitriol de lune<\/i> (et l\u2019on sait que B\u00e9raud, quoique repor\u00adter et bour\u00adreur de cr\u00e2nes au <i>Petit Pari\u00adsien<\/i> est consi\u00add\u00e9\u00adr\u00e9 comme un \u00e9cri\u00advain \u00ab&nbsp;d\u2019avant-garde&nbsp;\u00bb).<\/p>\n<p>On \u00e9trille, par contre, assez rude\u00adment la dynas\u00adtie r\u00e9pu\u00adbli\u00adcaine des Ber\u00adthe\u00adlot&nbsp;: \u00ab&nbsp;Les Ber\u00adthe\u00adlot son\u00adgeaient moins \u00e0 ser\u00advir l\u2019\u00c9tat qu\u2019\u00e0 s\u2019en ser\u00advir. Ils n\u2019avaient pas eu le temps de se cr\u00e9er les tra\u00addi\u00adtions et l\u2019\u00e9tat d\u2019esprit d\u2019une v\u00e9ri\u00adtable aris\u00adto\u00adcra\u00adtie de gou\u00adver\u00adne\u00adment, comme la V\u00e9ni\u00adtienne ou l\u2019Anglaise&nbsp;; ils en \u00e9taient res\u00adt\u00e9s aux concep\u00adtions du bour\u00adgeois qui tra\u00advaille pour s\u2019enrichir et ne voit gu\u00e8re au-del\u00e0 de sa propre famille. Ce vice, trop r\u00e9pan\u00addu dans les grandes mai\u00adsons r\u00e9pu\u00adbli\u00adcaines, n\u2019est pas sans excuses&nbsp;: l\u2019aristocratie n\u2019a pas en France de racines v\u00e9ri\u00adtables, et l\u2019int\u00e9r\u00eat g\u00e9n\u00e9\u00adral y a tou\u00adjours \u00e9t\u00e9 d\u00e9fen\u00addu, non par les grands, mais par le&nbsp;roi.&nbsp;\u00bb<\/p>\n<p>Hum&nbsp;! conclu\u00adsion dou\u00adteuse. \u00c0 mon humble avis, le roi, comme les grands, se ser\u00advait de l\u2019\u00c9tat plus qu\u2019il ne le ser\u00advait. Les exemples foi\u00adsonnent. Et Louis XIV comme Louis XI ou Napo\u00adl\u00e9on, se fou\u00adtaient pas mal du bon popu\u00adlo de France et de Navarre, et de son int\u00e9\u00adr\u00eat g\u00e9n\u00e9ral&nbsp;!<\/p>\n<p>[|<b>*  *  *  *<\/b>|]<br>\n<\/p>\n<p>La <i>Chro\u00adnique de l\u2019Ours<\/i> (94, rue Saint-Lazare, Paris), est tou\u00adjours fort int\u00e9ressante.<\/p>\n<p>Dans le num\u00e9\u00adro 6, l\u2019Ours \u00e9tu\u00addie le roman sans per\u00adson\u00adnages \u00e0 pro\u00adpos d\u2019un volume de Mar\u00adcel\u00adlo-Fabri&nbsp;; il constate que les <i>Rou\u00adgon-Mac\u00adquartCom\u00e9\u00addie HumaineJean-Chris\u00adtophe\u00ab&nbsp;L\u2019Ours se r\u00e9jouit\u2026<\/i><\/p>\n<p>Il s\u2019inqui\u00e9tait que l\u2019on puisse \u00eatre en l\u2019an de gr\u00e2ce 1922 (j\u2019\u00e9cris cela pour vous, mon cher Luc-Albert Moreau) \u00e0 la fois vice-pr\u00e9\u00adsident de la Soci\u00e9\u00adt\u00e9 des Artistes ind\u00e9\u00adpen\u00addants et membre asso\u00adci\u00e9 de la Soci\u00e9\u00adt\u00e9 natio\u00adnale&nbsp;; il s\u2019inqui\u00e9tait de voir que l\u2019on puisse\u200a\u2014\u200abien que r\u00e9dac\u00adteur judi\u00adciaire en un grand quo\u00adti\u00addien o\u00f9 la r\u00e8gle est d\u2019\u00eatre, tou\u00adjours, contre l\u2019accus\u00e9 [[Quand le dit accu\u00ads\u00e9 est pauvre, cher Ours&nbsp;!! Et dites donc, pour\u00adquoi ne pas mettre de nom ici&nbsp;? Je serais curieux de conna\u00eetre ce nou\u00advel amphi\u00adbie&nbsp;! M.W.]].\u200a\u2014\u200apas\u00adser au sein des avant-gardes lit\u00adt\u00e9\u00adraires comme un esprit libre et sub\u00adtil&nbsp;; il s\u2019inqui\u00e9tait, ayant eu la sur\u00adprise dou\u00adlou\u00adreuse de lire dans l\u2019ignoble <i>Petit Pari\u00adsien<\/i> la signa\u00adture d\u2019un L\u00e9on Werth&nbsp;; il se deman\u00addait, si, spi\u00adri\u00adtuel\u00adle\u00adment aus\u00adsi, nos g\u00e9n\u00e9\u00adra\u00adtions allaient se conten\u00adter de consta\u00adter, iro\u00adni\u00adque\u00adment qu\u2019elles m\u00e9ritent ample\u00adment d\u2019\u00eatre appe\u00adl\u00e9es les sacri\u00adfi\u00e9es&nbsp;; et si, lais\u00adsant les g\u00e9rontes le ventre \u00e0 table, nous allions nous satis\u00adfaire de nous abreu\u00adver des fonds de carafe et de nous sus\u00adten\u00adter de miettes. Quoi&nbsp;! si t\u00f4t r\u00e9si\u00adgn\u00e9s&nbsp;? Duha\u00admel si\u00e9\u00adgeant, d\u00e9j\u00e0 au jury du prix Bal\u00adzac, Zaha\u00adroff entre Paul Bour\u00adget et Hen\u00adri Bordeaux\u2026<\/p>\n<p>Dans la mai\u00adson pour\u00adtant si mal g\u00e9r\u00e9e par leurs a\u00een\u00e9s, les jeunes p\u00e9n\u00e9\u00adtraient \u00e0 genoux, et par\u00adfois \u00e0 plat ventre. Mais voi\u00adci qu\u2019exc\u00e9d\u00e9s, les autres grognent Lu mai\u00adson est \u00e0 eux, c\u2019est \u00e0 nous d\u2019en sortir\u2026&nbsp;\u00bb<\/p>\n<p>Comme de juste, le <i>Mer\u00adcure de France<\/i> ne nous fait pas le ser\u00advice d\u2019\u00e9change&nbsp;: cela lui rap\u00adpel\u00adle\u00adrait trop f\u00e2cheu\u00adse\u00adment sa jeu\u00adnesse, le temps o\u00f9 il \u00e9tait anar\u00adchiste avec la <i>Revue Blanche<\/i>, l\u2019<i>Ermi\u00adtage<\/i> et tant d\u2019autres, avant de deve\u00adnir bas\u00adse\u00adment poli\u00adcier. Son chro\u00adni\u00adqueur des revues, M.&nbsp;Charles-Hen\u00adri Hirsch, r\u00e9pu\u00adt\u00e9 cepen\u00addant pour son lib\u00e9\u00adra\u00adlisme, ne cita plus jamais <i>Les Humbles<\/i> depuis que j\u2019eus le culot de ne pas crier au chef\u2011d\u2019\u0153uvre devant un de ses romans. Quelle ven\u00adgeance, n\u2019est-ce pas&nbsp;!<\/p>\n<p>Or, <i>Clar\u00adt\u00e9<\/i> nous apprend que le <i>Mer\u00adcure de France<\/i> consa\u00adcra 30 pages \u00e0 l\u2019apologie de l\u2019<i>Union civique<\/i>. Et <i>Clar\u00adt\u00e9<\/i> para\u00eet s\u2019en \u00e9ton\u00adner. Avez-vous donc oubli\u00e9 la guerre et les salo\u00adpe\u00adries com\u00admises alors dans ce m\u00eame <i>Mer\u00adcure<\/i> par le Dumur et ses aco\u00adlytes, cocos sans g\u00e9nie et l\u00e2ches calom\u00adnia\u00adteurs, insul\u00adtant Guil\u00adbeaux qui ne pou\u00advait se d\u00e9fendre.<\/p>\n<p>[|<b>*  *  *  *<\/b>|]<br>\n<\/p>\n<p>Il est vrai que <i>Clar\u00adt\u00e9<\/i> oublie faci\u00adle\u00adment ses pr\u00e9\u00add\u00e9\u00adces\u00adseurs en R\u00e9vo\u00adlu\u00adtion, ceux qui se fai\u00adsaient condam\u00adner \u00e0 mort pour d\u00e9fai\u00adtisme pen\u00addant que les Clar\u00adtistes les plus \u00e9mi\u00adnents attra\u00adpaient des croix de guerre avec palmes, voire des L\u00e9gions d\u2019Honneur&nbsp;!<\/p>\n<p>Hen\u00adri Guil\u00adbeaux, r\u00e9fu\u00adgi\u00e9 \u00e0 Mos\u00adcou, conti\u00adnue \u00e0 \u00e9crire des po\u00e8mes. Il en fit par\u00adve\u00adnir en France. Dujar\u00addin en publia un dans ses <i>Cahiers Id\u00e9a\u00adlistes Fran\u00ad\u00e7ais<\/i>&nbsp;; Aver\u00admaete en ins\u00e9\u00adra un autre dans <i>Lumi\u00e8re<\/i> (revue belge fort int\u00e9\u00adres\u00adsante dont je vous repar\u00adle\u00adrai un de ces jours). <i>Clar\u00adt\u00e9<\/i> refu\u00adsa de publier le moindre vers de l\u2019absent. Ah&nbsp;! comme dit un ami&nbsp;: \u00ab&nbsp;<i>C\u2019est dif\u00adfi\u00adcile \u00e0 pla\u00adcer les vers d\u2019un exi\u00adl\u00e9, condam\u00adn\u00e9 \u00e0 mort<\/i>&nbsp;\u00bb.<\/p>\n<p><i>Les Humbles<\/i> viennent d\u2019\u00e9diter l\u2019ensemble de ces po\u00e8mes sous le titre&nbsp;: <i>Kras\u00adkreml<\/i>, sui\u00advi d\u2019autres po\u00e8mes. (2 francs \u00e0 la <i>Librai\u00adrie Sociale<\/i>). Non pas que nous esti\u00admons tous ces po\u00e8mes comme des chefs\u2011d\u2019\u0153uvre. Mais au moins ils sont int\u00e9\u00adres\u00adsants&nbsp;: il est curieux de suivre l\u2019\u00e9volution chez Guil\u00adbeaux de ce qu\u2019il appe\u00adlait avant-guerre le <i>dyna\u00admisme<\/i>. Et ces po\u00e9\u00adsies ne res\u00adsemblent gu\u00e8re \u00e0 la pro\u00adduc\u00adtion contemporaine.<\/p>\n<p>Puis, nous avons vou\u00adlu faire entendre la voix trop oubli\u00e9e d\u2019un exi\u00adl\u00e9, aban\u00addon\u00adn\u00e9 par ses amis m\u00eames. Car enfin, Guil\u00adbeaux, com\u00admu\u00adniste, est infi\u00adni\u00adment plus rap\u00adpro\u00adch\u00e9 des id\u00e9es direc\u00adtrices de <i>Clar\u00adt\u00e9<\/i> que de celles des <i>Humbles<\/i>.<\/p>\n<p>Le volume est illus\u00adtr\u00e9 de linos gra\u00adv\u00e9s Albert Dae\u00adnens, vrai\u00adment curieux&nbsp;: syn\u00adth\u00e9\u00adtiques, d\u00e9co\u00adra\u00adtifs, un peu mys\u00adt\u00e9\u00adrieux peut-\u00eatre. \u00c7a fait une jolie \u00e9dition.<\/p>\n<p>N\u2019est-ce pas que je m\u2019y entends, cama\u00adrades, \u00e0 van\u00adter ma marchandise&nbsp;?<\/p>\n<p>[\/\u200bMaurice <sc>Wul\u00adlens<\/sc>.\/\u200b]<\/p>\n<p>P.S.\u200a\u2014\u200aJ\u2019ai re\u00e7u aus\u00adsi de copieux num\u00e9\u00adros de <i>Choses de th\u00e9\u00e2tre<\/i> (1(4, fau\u00adbourg St-Hono\u00adr\u00e9. Paris) et du <i>Monde Nou\u00adveau<\/i> (42, bou\u00adle\u00advard Ras\u00adpail. Paris). J\u2019y revien\u00addrai prochainement.<\/p>\n","protected":false},"excerpt":{"rendered":"<p>Le Cra\u00adpouillot (3, place de la Sor\u00adbonne, Paris), est d\u00e9ci\u00add\u00e9\u00adment l\u2019une des plus int\u00e9\u00adres\u00adsantes par\u00admi les innom\u00adbrables revues lit\u00adt\u00e9\u00adraires et artis\u00adtiques, parais\u00adsant \u00e0 Paris. On y fait preuve d\u2019une ind\u00e9\u00adpen\u00addance rare, qui doit s\u00fbre\u00adment cho\u00adquer sou\u00advent dans les milieux, plu\u00adt\u00f4t bour\u00adgeois, il faut le dire, o\u00f9 cette revue se r\u00e9pand. Dans le num\u00e9\u00adro de&nbsp;mai,&nbsp;[\u2026]<\/p>\n","protected":false},"author":1,"featured_media":0,"comment_status":"closed","ping_status":"closed","sticky":false,"template":"","format":"standard","meta":{"wp_typography_post_enhancements_disabled":false,"footnotes":""},"categories":[318],"tags":[],"ppma_author":[540],"class_list":["post-2794","post","type-post","status-publish","format-standard","hentry","category-la-revue-anarchiste-na5-mai-1922"],"authors":[{"term_id":540,"user_id":1,"is_guest":0,"slug":"admin_3gikpwyf","display_name":"Vincent Dubuc","avatar_url":"https:\/\/secure.gravatar.com\/avatar\/d015720652c25fd2ced191ade86430094e1f288a17483713e3b34d26dea52507?s=96&d=mm&r=g","author_category":"","user_url":"https:\/\/la-presse-anarchiste.net","last_name":"Dubuc","first_name":"Vincent","job_title":"","description":""}],"_links":{"self":[{"href":"https:\/\/la-presse-anarchiste.net\/index.php\/wp-json\/wp\/v2\/posts\/2794","targetHints":{"allow":["GET"]}}],"collection":[{"href":"https:\/\/la-presse-anarchiste.net\/index.php\/wp-json\/wp\/v2\/posts"}],"about":[{"href":"https:\/\/la-presse-anarchiste.net\/index.php\/wp-json\/wp\/v2\/types\/post"}],"author":[{"embeddable":true,"href":"https:\/\/la-presse-anarchiste.net\/index.php\/wp-json\/wp\/v2\/users\/1"}],"replies":[{"embeddable":true,"href":"https:\/\/la-presse-anarchiste.net\/index.php\/wp-json\/wp\/v2\/comments?post=2794"}],"version-history":[{"count":0,"href":"https:\/\/la-presse-anarchiste.net\/index.php\/wp-json\/wp\/v2\/posts\/2794\/revisions"}],"wp:attachment":[{"href":"https:\/\/la-presse-anarchiste.net\/index.php\/wp-json\/wp\/v2\/media?parent=2794"}],"wp:term":[{"taxonomy":"category","embeddable":true,"href":"https:\/\/la-presse-anarchiste.net\/index.php\/wp-json\/wp\/v2\/categories?post=2794"},{"taxonomy":"post_tag","embeddable":true,"href":"https:\/\/la-presse-anarchiste.net\/index.php\/wp-json\/wp\/v2\/tags?post=2794"},{"taxonomy":"author","embeddable":true,"href":"https:\/\/la-presse-anarchiste.net\/index.php\/wp-json\/wp\/v2\/ppma_author?post=2794"}],"curies":[{"name":"wp","href":"https:\/\/api.w.org\/{rel}","templated":true}]}}