{"id":2801,"date":"2011-05-29T04:22:58","date_gmt":"2011-05-29T04:22:58","guid":{"rendered":"https:\/\/la-presse-anarchiste.net\/index.php\/2011\/05\/29\/a-la-revue-comique\/"},"modified":"2011-05-29T04:22:58","modified_gmt":"2011-05-29T04:22:58","slug":"a-la-revue-comique","status":"publish","type":"post","link":"https:\/\/la-presse-anarchiste.net\/index.php\/2011\/05\/29\/a-la-revue-comique\/","title":{"rendered":"A la \u201cRevue Comique\u201d"},"content":{"rendered":"<div class=\"pdfprnt-buttons pdfprnt-buttons-post pdfprnt-top-right\"><a href=\"https:\/\/la-presse-anarchiste.net\/index.php\/wp-json\/wp\/v2\/posts\/2801?print=pdf\" class=\"pdfprnt-button pdfprnt-button-pdf\" target=\"_blank\"><img decoding=\"async\" src=\"https:\/\/la-presse-anarchiste.net\/wp-content\/plugins\/pdf-print\/images\/pdf.png\" alt=\"image_pdf\" title=\"Afficher le PDF\"><\/a><a href=\"https:\/\/la-presse-anarchiste.net\/index.php\/wp-json\/wp\/v2\/posts\/2801?print=print\" class=\"pdfprnt-button pdfprnt-button-print\" target=\"_blank\"><img decoding=\"async\" src=\"https:\/\/la-presse-anarchiste.net\/wp-content\/plugins\/pdf-print\/images\/print.png\" alt=\"image_print\" title=\"Contenu imprim\u00e9\"><\/a><\/div><p>La <i>Revue<\/i>, dans son der\u00adnier num\u00e9\u00adro, se gausse jovia\u00adle\u00adment de nous, et assai\u00adsonne ses argu\u00adments niais d\u2019un gros sel, qui nous le croyons pas\u00adse\u00adra dif\u00adfi\u00adci\u00adle\u00adment pour Gau\u00adlois aux yeux de ses lec\u00adteurs. Elle veut \u00e0 \u00eatre <i>comique<\/i>, qu\u2019elle s\u2019en tienne donc l\u00e0, la pauvre fille&nbsp;! et ne se m\u00eale plus de faire de la cri\u00adtique anti-socia\u00adliste. \u00c7a lui va trop&nbsp;mal.&nbsp;<\/p>\n<p>D\u00e8s l\u2019a\u00adbord, son r\u00e9dac\u00adteur s\u2019es\u00adclaffe&nbsp;; les id\u00e9es n\u2019\u00e9\u00adclosent pas faci\u00adle\u00adment dans sa cer\u00advelle de bour\u00adgeois, son sang p\u00e2le (et pro\u00adba\u00adble\u00adment \u00e0 tem\u00adp\u00e9\u00adra\u00adture variable) ne bat jamais bien fort dans ses art\u00e8res. Quant \u00e0 une pen\u00ads\u00e9e altruiste, c\u2019est un merle blanc qui ne s\u2019est jamais \u00e9ga\u00adr\u00e9 dans courge aus\u00adsi vide. Aus\u00adsi, est-il tout \u00e9bau\u00adbi et nous le dit-il b\u00eate\u00adment, d\u2019ap\u00adprendre que nous avons un <i>id\u00e9al<\/i> dont nous pour\u00adsui\u00advons la r\u00e9alisation.&nbsp;<\/p>\n<p>Puis apr\u00e8s une longue colonne de bali\u00advernes, sans queue ni t\u00eate, il nous lance les miri\u00adfiques argu\u00adments qui doivent nous <i>tom\u00adber<\/i>. Vrai, bour\u00adgeoi\u00adsillon de mon c\u0153ur, (par anti-phrase) tu n\u2019es pas&nbsp;malin&nbsp;!&nbsp;<\/p>\n<p>Comme mor\u00adceau de r\u00e9sis\u00adtance, nous avons l\u2019i\u00adn\u00e9\u00advi\u00adtable apo\u00adlo\u00adgie de l\u2019<i>ouvrier hon\u00adn\u00eate<\/i> qui accepte sans mur\u00admu\u00adrer l\u2019i\u00adn\u00e9\u00adga\u00adli\u00adt\u00e9 <i><forc i> (<html><i>Revue<\/i>. C\u2019est celui qui dans les ate\u00adliers sert de chien de garde au patron, casse du sucre sur ses col\u00adl\u00e8gues. C\u2019est celui qui sou\u00adte\u00adneur de ses ma\u00eetres s\u2019en\u00adr\u00f4le dans les bandes poli\u00adci\u00e8res. Ce sont encore des ouvriers hon\u00adn\u00eates que les sol\u00addats, \u00e9ga\u00adr\u00e9s par des sc\u00e9\u00adl\u00e9\u00adrats de votre classe, gor\u00adg\u00e9s par eux d\u2019or et de vin, qui en Juin 1848, au 2 D\u00e9cembre 51 et en Mai 71 mas\u00adsa\u00adcraient leurs fr\u00e8res avec tant de&nbsp;rage.<\/html><\/forc><\/i><\/p>\n<p>Et ou avez-vous vu qu\u2019elle est <i>for\u00adc\u00e9e<\/i>, cette in\u00e9ga\u00adli\u00adt\u00e9, c\u2019est \u00e0 dire \u00e9ter\u00adnelle&nbsp;? Est-ce par ce que vous \u00eates les plus forts&nbsp;; ou bien de ce que le peuple a jus\u00adqu\u2019i\u00adci eu la b\u00eatise de res\u00adpec\u00adter vos pri\u00advi\u00adl\u00e8ges, concluez-vous que <i>for\u00adc\u00e9\u00adment<\/i> il les res\u00adpec\u00adte\u00adra toujours&nbsp;?&nbsp;<\/p>\n<p>D\u2019ailleurs, c\u2019est un plat r\u00e9chauf\u00adf\u00e9 que vous nous ser\u00advez&nbsp;; la ren\u00adgaine est vieille, elle date du si\u00e8cle der\u00adnier et \u00e9tait jet\u00e9e \u00e0 la t\u00eate des bour\u00adgeois d\u2019a\u00adlors par les d\u00e9fen\u00adseurs de la noblesse et du cler\u00adg\u00e9. Ce qui n\u2019a pas emp\u00ea\u00adch\u00e9 vos p\u00e8res (qui n\u2019\u00e9\u00adtaient pas ce jour-l\u00e0 du c\u00f4t\u00e9 des <i>hon\u00adn\u00eates gens<\/i>) avec l\u2019aide puis\u00adsant du peuple, de bri\u00adser cette in\u00e9ga\u00adli\u00adt\u00e9 <i>for\u00adc\u00e9e<\/i> et de sup\u00adpri\u00admer les anciennes castes.&nbsp;<\/p>\n<p>Aujourd\u2019\u00adhui le peuple, (du moins en par\u00adtie) conscient de ses int\u00e9\u00adr\u00eats, veut faire contre la Bour\u00adgeoi\u00adsie une R\u00e9vo\u00adlu\u00adtion sem\u00adblable \u00e0 celle qu\u2019elle fit contre la noblesse. Vous pous\u00adsez des cris de paon, c\u2019est natu\u00adrel&nbsp;! Il n\u2019y a tel comme un voleur pour se d\u00e9battre, comme un beau diable s\u2019il est ques\u00adtion de lui faire rendre gorge. Et c\u2019est le cas, nous vou\u00adlons reprendre le capi\u00adtal social, injus\u00adte\u00adment d\u00e9te\u00adnu par vous, et le mettre dans les mains de ceux qui l\u2019u\u00adti\u00adlisent direc\u00adte\u00adment&nbsp;: don\u00adner le champ au pay\u00adsan, la mine au mineur, l\u2019ou\u00adtil \u00e0 l\u2019ouvrier.&nbsp;<\/p>\n<p>Quant \u00e0 votre or, si vous y tenez trop nous vous le lais\u00adse\u00adrons&nbsp;; si vous ne vou\u00adlez pas pro\u00adduire vous-m\u00eame, mettre enfin la main \u00e0 la p\u00e2te, eh bien, vous le <i>man\u00adge\u00adrez<\/i>&nbsp;! <\/p>\n<p>[|<b>*  *  *  *<\/b>|]<br>\n<\/p>\n<p>Vous nous repro\u00adchez nos vices, \u00e0 nous tra\u00advailleurs c\u2019est peu adroit, vous aper\u00adce\u00advez la paille de notre \u0153il, mais ne voyez pas votre poutre.&nbsp;<\/p>\n<p>Les vices du peuple sont la cons\u00e9\u00adquence de sa mis\u00e8re, de son sort pr\u00e9\u00adcaire&nbsp;; mais, que le milieu d\u00e9mo\u00adra\u00adli\u00adsa\u00adteur qui lui est fait par ses exploi\u00adteurs soit d\u00e9truit, et alors ses pas\u00adsions n\u2019\u00e9\u00adtant plus com\u00adpri\u00adm\u00e9es elles auront un essor har\u00admo\u00adnieux, qui tour\u00adne\u00adra au pro\u00adfit de l\u2019hu\u00adma\u00adni\u00adt\u00e9. N\u2019\u00e9\u00adtant plus sur\u00adme\u00adn\u00e9 par un tra\u00advail exor\u00adbi\u00adtant, il ne cher\u00adche\u00adra pas les bru\u00adtales dis\u00adtrac\u00adtions qui lui sont fata\u00adle\u00adment n\u00e9ces\u00adsaires aujourd\u2019\u00adhui&nbsp;; toutes les jouis\u00adsances intel\u00adlec\u00adtuelles \u00e9tant \u00e0 sa por\u00adt\u00e9e, au lieu d\u2019\u00eatre le pri\u00advi\u00adl\u00e8ge d\u2019une classe, suf\u00adfi\u00adront ample\u00adment \u00e0 satis\u00adfaire ses besoins d\u2019ac\u00adti\u00advi\u00adt\u00e9, aid\u00e9es du tra\u00advail mat\u00e9\u00adriel, qui libre\u00adment accom\u00adpli, ne sera gu\u00e8re qu\u2019une gym\u00adnas\u00adtique corporelle.&nbsp;<\/p>\n<p>Mais si les vices du peuple sont excu\u00adsables, en dirons-nous autant de ceux de la Bour\u00adgeoi\u00adsie&nbsp;? Il n\u2019y a pas ici de situa\u00adtion mat\u00e9\u00adrielle inf\u00e9\u00adrieure et il y a une ins\u00adtruc\u00adtion sup\u00e9\u00adrieure que n\u2019a pas le peuple&nbsp;; mais il y \u00e0 l\u2019in\u00adfluence per\u00adni\u00adcieuse qu\u2019exerce le pri\u00advi\u00adl\u00e8ge et qui explique la l\u00e8pre hideuse, quoique a\u2011demi cach\u00e9e sous un men\u00adteur d\u00e9co\u00adrum, dont sont ron\u00adg\u00e9es les classes diri\u00adgeantes. Si les tra\u00advailleurs <i>l\u00e8vent le coude<\/i>, les petits bour\u00adgeois font de <i>petits sou\u00adpers<\/i>&nbsp;; c\u2019est par eux que sont s\u00e9duites et jet\u00e9es au ruis\u00adseau les filles du peuple&nbsp;; c\u2019est dans leurs rangs que se recrutent les bataillons sodo\u00admites\u200a\u2014\u200aetc.&nbsp;<\/p>\n<p>[|<b>*  *  *  *<\/b>|]<br>\n<\/p>\n<p>Vous avouez qu\u2019il y a des patrons des\u00adpotes et exi\u00adgeants&nbsp;; la rai\u00adson n\u2019en est pas tant \u00e0 leurs ins\u00adtincts mau\u00advais, qu\u2019a l\u2019or\u00adga\u00adni\u00adsa\u00adtion anti-humaine qui leur donne des droits mons\u00adtrueux sur leurs sem\u00adblables. Aurez-vous la volon\u00adt\u00e9 et le pou\u00advoir de sup\u00adpri\u00admer tous ces mau\u00advais, que demain d\u2019autres rena\u00ee\u00adtraient. Il ne sert de rien d\u2019at\u00adteindre les effets, tant que la cause n\u2019est pas d\u00e9truite.&nbsp;<\/p>\n<p>Pour\u00adquoi ces larmes de cro\u00adco\u00addile sur ces pauvres patrons, plus \u00e0 plaindre que leurs ouvriers&nbsp;? Si leur sort est si triste que ne prennent-ils la place des tra\u00advailleurs&nbsp;; ce serait la meilleure preuve \u00e0 don\u00adner, des mis\u00e8res qui les \u00e9crasent. Nous pre\u00adnons le soleil \u00e0 t\u00e9moin, que si tous les patrons du Havre veulent abdi\u00adquer, nous ne pr\u00ea\u00adche\u00adrons plus la R\u00e9vo\u00adlu\u00adtion sociale.&nbsp;<\/p>\n<p>Mais vrai\u00adment o\u00f9 vous d\u00e9pas\u00adsez toutes bornes, c\u2019est dans votre phrase finale. D\u2019a\u00adpr\u00e8s vous le patron nour\u00adrit son ouvrier, et il pousse la gen\u00adtillesse jus\u00adqu\u2019\u00e0 don\u00adner \u00e0 man\u00adger \u00e0 ses enfants. C\u2019est d\u2019un cocasse pyra\u00admi\u00addal, et vous ne pou\u00adviez mieux prou\u00adver que vous ne connais\u00adsez pas le pre\u00admier mot d\u2019\u00e9\u00adco\u00adno\u00admie sociale. Ma r\u00e9ponse s\u2019al\u00adlonge d\u00e9me\u00adsu\u00adr\u00e9\u00adment, mais si vous vou\u00adlez appor\u00adter \u00e0 la lec\u00adture de nos sui\u00advants num\u00e9\u00adros, le m\u00eame soin que pour le pre\u00admier, vous appren\u00addrez qu\u2019elle est la v\u00e9ri\u00adtable ori\u00adgine des for\u00adtunes individuelles.&nbsp;<\/p>\n","protected":false},"excerpt":{"rendered":"<p>La Revue, dans son der\u00adnier num\u00e9\u00adro, se gausse jovia\u00adle\u00adment de nous, et assai\u00adsonne ses argu\u00adments niais d\u2019un gros sel, qui nous le croyons pas\u00adse\u00adra dif\u00adfi\u00adci\u00adle\u00adment pour Gau\u00adlois aux yeux de ses lec\u00adteurs. Elle veut \u00e0 \u00eatre comique, qu\u2019elle s\u2019en tienne donc l\u00e0, la pauvre fille&nbsp;! et ne se m\u00eale plus de faire de la critique&nbsp;[\u2026]<\/p>\n","protected":false},"author":1,"featured_media":0,"comment_status":"closed","ping_status":"closed","sticky":false,"template":"","format":"standard","meta":{"wp_typography_post_enhancements_disabled":false,"footnotes":""},"categories":[338],"tags":[],"ppma_author":[540],"class_list":["post-2801","post","type-post","status-publish","format-standard","hentry","category-lidee-ouvriere-n3-24-sept-1-oct-1887"],"authors":[{"term_id":540,"user_id":1,"is_guest":0,"slug":"admin_3gikpwyf","display_name":"Vincent Dubuc","avatar_url":"https:\/\/secure.gravatar.com\/avatar\/d015720652c25fd2ced191ade86430094e1f288a17483713e3b34d26dea52507?s=96&d=mm&r=g","author_category":"","user_url":"https:\/\/la-presse-anarchiste.net","last_name":"Dubuc","first_name":"Vincent","job_title":"","description":""}],"_links":{"self":[{"href":"https:\/\/la-presse-anarchiste.net\/index.php\/wp-json\/wp\/v2\/posts\/2801","targetHints":{"allow":["GET"]}}],"collection":[{"href":"https:\/\/la-presse-anarchiste.net\/index.php\/wp-json\/wp\/v2\/posts"}],"about":[{"href":"https:\/\/la-presse-anarchiste.net\/index.php\/wp-json\/wp\/v2\/types\/post"}],"author":[{"embeddable":true,"href":"https:\/\/la-presse-anarchiste.net\/index.php\/wp-json\/wp\/v2\/users\/1"}],"replies":[{"embeddable":true,"href":"https:\/\/la-presse-anarchiste.net\/index.php\/wp-json\/wp\/v2\/comments?post=2801"}],"version-history":[{"count":0,"href":"https:\/\/la-presse-anarchiste.net\/index.php\/wp-json\/wp\/v2\/posts\/2801\/revisions"}],"wp:attachment":[{"href":"https:\/\/la-presse-anarchiste.net\/index.php\/wp-json\/wp\/v2\/media?parent=2801"}],"wp:term":[{"taxonomy":"category","embeddable":true,"href":"https:\/\/la-presse-anarchiste.net\/index.php\/wp-json\/wp\/v2\/categories?post=2801"},{"taxonomy":"post_tag","embeddable":true,"href":"https:\/\/la-presse-anarchiste.net\/index.php\/wp-json\/wp\/v2\/tags?post=2801"},{"taxonomy":"author","embeddable":true,"href":"https:\/\/la-presse-anarchiste.net\/index.php\/wp-json\/wp\/v2\/ppma_author?post=2801"}],"curies":[{"name":"wp","href":"https:\/\/api.w.org\/{rel}","templated":true}]}}