{"id":2805,"date":"2011-05-30T03:17:31","date_gmt":"2011-05-30T03:17:31","guid":{"rendered":"https:\/\/la-presse-anarchiste.net\/index.php\/2011\/05\/30\/echos-de-la-semaine-3\/"},"modified":"2011-05-30T03:17:31","modified_gmt":"2011-05-30T03:17:31","slug":"echos-de-la-semaine-3","status":"publish","type":"post","link":"https:\/\/la-presse-anarchiste.net\/index.php\/2011\/05\/30\/echos-de-la-semaine-3\/","title":{"rendered":"Echos de la semaine"},"content":{"rendered":"<div class=\"pdfprnt-buttons pdfprnt-buttons-post pdfprnt-top-right\"><a href=\"https:\/\/la-presse-anarchiste.net\/index.php\/wp-json\/wp\/v2\/posts\/2805?print=pdf\" class=\"pdfprnt-button pdfprnt-button-pdf\" target=\"_blank\"><img decoding=\"async\" src=\"https:\/\/la-presse-anarchiste.net\/wp-content\/plugins\/pdf-print\/images\/pdf.png\" alt=\"image_pdf\" title=\"Afficher le PDF\"><\/a><a href=\"https:\/\/la-presse-anarchiste.net\/index.php\/wp-json\/wp\/v2\/posts\/2805?print=print\" class=\"pdfprnt-button pdfprnt-button-print\" target=\"_blank\"><img decoding=\"async\" src=\"https:\/\/la-presse-anarchiste.net\/wp-content\/plugins\/pdf-print\/images\/print.png\" alt=\"image_print\" title=\"Contenu imprim\u00e9\"><\/a><\/div><h2>France<\/h2>\n<p>L\u2019in\u00addif\u00adf\u00e9\u00adrence tous les jours crois\u00adsan\u00adt\u00e9 de la masse, en mati\u00e8re \u00e9lec\u00adto\u00adrale, \u00e0 le don de flan\u00adquer un joli trac aux cr\u00e9\u00adtins \u00ab&nbsp;qui nous gou\u00advernent&nbsp;\u00bb Oyez plut\u00f4t&nbsp;:<\/p>\n<blockquote><p>\u00ab&nbsp;Le conseil g\u00e9n\u00e9\u00adral de la Gironde a \u00e9mis un v\u0153u pour appe\u00adler l\u2019at\u00adten\u00adtion du gou\u00adver\u00adne\u00adment sur l\u2019abs\u00adten\u00adtion des \u00e9lec\u00adteurs dans les \u00e9lec\u00adtions, et deman\u00addant qu\u2019une loi p\u00e9nale assure l\u2019o\u00adbli\u00adga\u00adtion du vote.&nbsp;\u00bb (<i>Intran\u00adsi\u00adgeant<\/i>).<\/p><\/blockquote>\n<p>O d\u00e9cr\u00e9\u00adpi\u00adtude, et liber\u00adt\u00e9 bourgeoises&nbsp;!<\/p>\n<p>[|<b>*  *  *  *<\/b>|]<br>\n<\/p>\n<p>Tou\u00adjours de l\u2019<i>Intran\u00adsi\u00adgeant<\/i>.<\/p>\n<p>Le pr\u00e9\u00adfet de la Haute-Garonne et le chef du labo\u00adra\u00adtoire muni\u00adci\u00adpal de Tou\u00adlouse sont all\u00e9s \u00e0 Vil\u00adle\u00adfranche pour v\u00e9ri\u00adfier les liquides et les den\u00adr\u00e9es des mar\u00adchands qui suivent les troupes, plu\u00adsieurs indis\u00adpo\u00adsi\u00adtions et <i>cas d\u2019empoisonnement<\/i> ayant eu&nbsp;lieu.<\/p>\n<p>Sans com\u00admen\u00adtaires n\u2019est-ce pas&nbsp;!<\/p>\n<p>[|<b>*  *  *  *<\/b>|]<br>\n<\/p>\n<p><b>Saint- Ouen-de-Thou\u00adber\u00adville<\/b> (Eure).\u200a\u2014\u200aEncore une vic\u00adtime de la Patrie. Une jeune fille de quinze ans, nom\u00adm\u00e9e L\u00e9a Hor\u00adtense Angrand est deve\u00adnue folle depuis la mort de son fr\u00e8re, tu\u00e9 au Ton\u00adkin l\u2019an dernier.<\/p>\n<p><b>Laval<\/b>. (Mayenne).\u200a\u2014\u200aDes mani\u00adfestes <i>Aux Conscrits<\/i>, de la ligue des anti-patriotes, ont \u00e9t\u00e9 dis\u00adtri\u00adbu\u00e9s par des com\u00adpa\u00adgnons, sol\u00addats du 101<sup>e<\/sup> de ligne, au champ de man\u0153uvre de Laval&nbsp;; nous f\u00e9li\u00adci\u00adtons ces com\u00adpa\u00adgnons de la pro\u00adpa\u00adgande qu\u2019ils ont&nbsp;fait.<\/p>\n<p><b>Cho\u00adlet<\/b> (Maine-et-Loire).\u200a\u2014\u200a10.690 ouvriers tis\u00adse\u00adrands sont on gr\u00e8ve. L\u00e0, la rapa\u00adci\u00adt\u00e9 capi\u00adta\u00adliste s\u2019est encore une fois de plus mon\u00adtr\u00e9e \u00e0 nos yeux sous son v\u00e9ri\u00adtable mais bar\u00adbare aspect. On tra\u00advaille <i>douze heures<\/i> pour un salaire maxi\u00admum de <i>un franc 45<\/i> par&nbsp;jour.<\/p>\n<p>Hors de la ville, enfer\u00adm\u00e9 dans des caves sans air, presque sans lumi\u00e8re, on tra\u00advaille douze heures pour un salaire de <i>soixante et quinze cen\u00adtimes \u00e0 un franc<\/i>.<\/p>\n<p>Mal\u00adheu\u00adreu\u00adse\u00adment, comme toutes les gr\u00e8ves paci\u00adfiques, celle-ci sera encore une fois sans r\u00e9sultat.<\/p>\n<p>Un moment l\u2019es\u00adprit de r\u00e9volte et la digni\u00adt\u00e9 humaines s\u2019\u00e9\u00adtaient r\u00e9veill\u00e9s dans les cer\u00adveaux de ces for\u00ad\u00e7ats du tra\u00advail, mais bien\u00adt\u00f4t, ils recom\u00admen\u00adce\u00adront \u00e0 \u00ab&nbsp;tra\u00advailler&nbsp;\u00bb pour un salaire aus\u00adsi d\u00e9ri\u00adsoire que par le&nbsp;pass\u00e9.<\/p>\n<p>Jus\u00adqu\u2019au jour o\u00f9 de nou\u00adveau las de tant de fatigues et de mis\u00e8res, leurs esto\u00admacs vides les lan\u00adce\u00adront la rage au c\u0153ur&nbsp;; sur ceux qui sont l\u2019ob\u00adjet de leur mis\u00e9\u00adrable situation.<\/p>\n<h2>Allemagne<\/h2>\n<p>Robert Win\u00adter socia\u00adliste expul\u00ads\u00e9 de Franc\u00adfort, fut condam\u00adn\u00e9 r\u00e9cem\u00adment \u00e0 deux mois de pri\u00adson pour pro\u00adpa\u00adgande d\u2019\u00e9\u00adcrits socialistes.<\/p>\n<p>Win\u00adter par\u00advint cepen\u00addant \u00e0 prendre la fuite&nbsp;; mais on \u00e0 d\u00e9cou\u00advert qu\u2019un cer\u00adtain Guillaume Wisz\u00adner de Mayence, avait por\u00adt\u00e9 \u00e0 la gare l\u00e0 malle de Win\u00adter, pour lequel il avait \u00e9ga\u00adle\u00adment pris un billet. Guillaume Wisz\u00adner, mis en \u00e9tat d\u2019ar\u00adres\u00adta\u00adtion, vient d\u2019\u00eatre condam\u00adn\u00e9 \u00e0 deux mois de prison.<\/p>\n<p>On voit qu\u2019il n\u2019est gu\u00e8re avan\u00adta\u00adgeux de se faire le com\u00admis\u00adsion\u00adnaire dans le pays de Bismark.<\/p>\n<p>[|<b>*  *  *  *<\/b>|]<br>\n<\/p>\n<p>Le 3 octobre ont com\u00admen\u00adc\u00e9e Leip\u00adzig devant le tri\u00adbu\u00adnal de l\u2019empire le pro\u00adc\u00e8s des anar\u00adchistes. D\u2019a\u00adpr\u00e8s les nou\u00advelles, les d\u00e9bats se feraient \u00e0 huis clos, et le comp. Neve serait d\u00e9fen\u00addu par l\u2019a\u00advo\u00adcat Mun\u00adckel de Berlin.<\/p>\n<h2>Russie<\/h2>\n<p>Un grand pro\u00adc\u00e8s nihi\u00adliste se juge\u00adra encore cette ann\u00e9e \u00e0 St-P\u00e9ters\u00adbourg. Par\u00admi les pr\u00e9\u00adve\u00adnus se trouvent une quin\u00adzaine d\u2019of\u00adfi\u00adciers de l\u2019ar\u00adm\u00e9e Russe appar\u00adte\u00adnant \u00e0 tous les grades.<\/p>\n<p>[|<b>*  *  *  *<\/b>|]<br>\n<\/p>\n<p>Des pla\u00adcards nihi\u00adlistes ont \u00e9t\u00e9 dis\u00adtri\u00adbu\u00e9s \u00e0 St-P\u00e9ters\u00adbourg. Ils annoncent la r\u00e9or\u00adga\u00adni\u00adsa\u00adtion du par\u00adti et la reprise de la pro\u00adpa\u00adgande par le&nbsp;fait.<\/p>\n<p>Entre autres nou\u00advelles, les nihi\u00adlistes racontent que, gr\u00e2ce \u00e0 la pro\u00adpa\u00adgande faite par les exi\u00adl\u00e9s en Sib\u00e9\u00adrie, vingt-cinq pri\u00adson\u00adniers poli\u00adtiques ont pu s\u2019en\u00adfuir, sui\u00advis dans leur \u00e9va\u00adsion par qua\u00adrante-trois ge\u00f4liers.<\/p>\n<h2>Espagne<\/h2>\n<p><b>Linares<\/b> \u2013 Un mee\u00adting socia\u00adliste a eu lieu ces. jours der\u00adniers. Plus de trois&nbsp;; mille per\u00adsonnes y assis\u00adtaient. Apr\u00e8s un grand nombre de dis\u00adcours des r\u00e9so\u00adlu\u00adtions tr\u00e8s \u00e9ner\u00adgiques ont \u00e9t\u00e9 prises \u00e0 l\u2019\u00e9\u00adgard des divers par\u00adtis dont les men\u00e9es poli\u00adti\u00adciennes fatiguent la classe ouvri\u00e8re.<\/p>\n<p><b>Gra\u00adza\u00adle\u00adma<\/b> (pro\u00advince de Cadix). \u2013 La gen\u00addar\u00adme\u00adrie \u00e0 arr\u00ea\u00adt\u00e9 quinze indi\u00advi\u00addus, labou\u00adreurs et jour\u00adna\u00adliers, impli\u00adqu\u00e9s dans diverses asso\u00adcia\u00adtions socia\u00adlistes. Plu\u00adsieurs livres et<\/p>\n<h2>Italie<\/h2>\n<p><b>Milan<\/b>.\u200a\u2014\u200a8.000 ma\u00e7ons sont en gr\u00e8ve, Ils r\u00e9clament une aug\u00admen\u00adta\u00adtion de salaires. Comme tou\u00adjours, il y a force arres\u00adta\u00adtions&nbsp;; la gen\u00addar\u00adme\u00adrie arr\u00eate les plus militants.<\/p>\n<p><b>Rome<\/b>.\u200a\u2014\u200a15.000 ma\u00e7ons et ouvriers en b\u00e2ti\u00adment sont \u00e9ga\u00adle\u00adment en gr\u00e8ve. La cause de cette sus\u00adpen\u00adsion est encore due \u00e0 l\u2019in\u00adsuf\u00adfi\u00adsance des salaires. Comme leurs cama\u00adrades de Milan, au lieu de r\u00e9cla\u00admer une aug\u00admen\u00adta\u00adtion, les gr\u00e9\u00advistes feraient bien mieux de s\u2019at\u00adta\u00adquer \u00e0 ce monstre qui est la cause de tous leurs maux&nbsp;: le capital.<\/p>\n<h2>Belgique<\/h2>\n<p><b>Gand<\/b>.\u200a\u2014\u200aUne gr\u00e8ve impor\u00adtante vient d\u2019\u00e9\u00adcla\u00adter \u00e0 Lede\u00adberg-Gand, dans les fila\u00adtures de lin Des\u00adtaarke fr\u00e8res. Cette gr\u00e8ve doit son son ori\u00adgine aux inces\u00adsantes r\u00e9duc\u00adtions de salaire op\u00e9\u00adr\u00e9es sur les tra\u00advailleurs de cette mai\u00adson par les exploi\u00adteurs qui la dirigent.<\/p>\n<p>Same\u00addi les gr\u00e9\u00advistes se sont r\u00e9unis vers six heures et demie, ont atten\u00addu l\u00e0 sor\u00adtie des ouvriers des autres \u00e9ta\u00adblis\u00adse\u00adments indus\u00adtriels qui se sont joints \u00e0 eux&nbsp;; et cette impo\u00adsante mani\u00adfes\u00adta\u00adtion a par\u00adcou\u00adru les rues de Lede\u00adberg jusque devant l\u2019ha\u00adbi\u00adta\u00adtion du contre-ma\u00eetre. Celui-ci a \u00e9t\u00e9 hu\u00e9 puis les mani\u00adfes\u00adtants se sont remis en marche en se diri\u00adgeant vers la demeure des exploi\u00adteurs Des\u00adtaarke qui en indi\u00advi\u00addus pr\u00e9\u00advoyants avaient pris soin de flan\u00adquer leur porte de deux agents.<\/p>\n<p>Les poli\u00adciers furent entou\u00adr\u00e9s et mal\u00adme\u00adn\u00e9s. L\u2019un d\u2019eux par\u00adv\u00eent pour\u00adtant \u00e0 tirer son sabre en fai\u00adsant le mou\u00adli\u00adnet. Dans cette bagarre aucun fait grave ne s\u2019est produit.<\/p>\n<p>La gr\u00e8ve devient g\u00e9n\u00e9\u00adrale et il se pour\u00adrait que d\u2019i\u00adci quelques jours Gand devienne le th\u00e9\u00e2tre de s\u00e9rieuses mani\u00adfes\u00adta\u00adtions de la part des gr\u00e9vistes.<\/p>\n<h2>\u00c9tats-Unis<\/h2>\n<p><b>Chi\u00adca\u00adgo<\/b>.\u200a\u2014\u200aL\u2019ar\u00adr\u00eat de mort pro\u00adnon\u00adc\u00e9 par les bour\u00adgeois contre les sept anar\u00adchistes de Chi\u00adca\u00adgo vient d\u2019\u00eatre confirm\u00e9.<\/p>\n<p>Sept hommes envoy\u00e9s \u00e0 la potence sous l\u2019ac\u00adcu\u00adsa\u00adtion d\u2019a\u00advoir jet\u00e9 une bombe\u200a\u2014\u200al\u2019ab\u00adsurde de la condam\u00adna\u00adtion n\u2019ar\u00adr\u00eate m\u00eame pas les bour\u00adgeois. Ils veulent ter\u00adro\u00adri\u00adser et sept potences leur semblent bonnes pour-cela.<\/p>\n<p>L\u2019ex\u00e9\u00adcu\u00adtion doit avoir lieu le 11 novembre, et tout porte a croire que lors m\u00eame que l\u2019af\u00adfaire serait por\u00adt\u00e9e devant une Cour supr\u00eame f\u00e9d\u00e9\u00adrale, le r\u00e9sul\u00adtat sera tou\u00adjours le&nbsp;m\u00eame.<\/p>\n<p>Une femme de cou\u00adrage Madame Par\u00adsons, par\u00adcourt l\u2019A\u00adm\u00e9\u00adrique.  Son audi\u00adtoire fr\u00e9\u00admit de rage lors\u00adqu\u2019elle raconte les d\u00e9tails inou\u00efs de ce pro\u00adc\u00e8s, o\u00f9 l\u2019on a pour\u00adsui\u00advi les id\u00e9es sans m\u00eame se sou\u00adcier d\u2019ap\u00adpor\u00adter des preuves contre les hommes. Pou\u00advait-on, en effet, prou\u00adver qu\u2019ils se soient mis \u00e0 sept pour jeter une&nbsp;bombe&nbsp;?<\/p>\n<p>Most a aus\u00adsi pro\u00adnon\u00adc\u00e9 dans un mee\u00adting monstre tenu \u00e0 New-York la semaine pas\u00ads\u00e9e, un dis\u00adcours tr\u00e8s \u00e9nergique.<\/p>\n<p>Tous les socia\u00adlistes de Chi\u00adca\u00adgo sont sur\u00adveill\u00e9s minu\u00adtieu\u00adse\u00adment depuis un mois\u200a\u2014\u200adu moins Eber\u00adsold, chef de la police de Chi\u00adca\u00adgo, s\u2019en vante. Il s\u2019at\u00adtend \u00e0 une r\u00e9sis\u00adtance arm\u00e9e de leur&nbsp;part.<\/p>\n","protected":false},"excerpt":{"rendered":"<p>France L\u2019in\u00addif\u00adf\u00e9\u00adrence tous les jours crois\u00adsan\u00adt\u00e9 de la masse, en mati\u00e8re \u00e9lec\u00adto\u00adrale, \u00e0 le don de flan\u00adquer un joli trac aux cr\u00e9\u00adtins \u00ab&nbsp;qui nous gou\u00advernent&nbsp;\u00bb Oyez plu\u00adt\u00f4t&nbsp;: \u00ab&nbsp;Le conseil g\u00e9n\u00e9\u00adral de la Gironde a \u00e9mis un v\u0153u pour appe\u00adler l\u2019at\u00adten\u00adtion du gou\u00adver\u00adne\u00adment sur l\u2019abs\u00adten\u00adtion des \u00e9lec\u00adteurs dans les \u00e9lec\u00adtions, et deman\u00addant qu\u2019une loi p\u00e9nale assure&nbsp;[\u2026]<\/p>\n","protected":false},"author":1,"featured_media":0,"comment_status":"closed","ping_status":"closed","sticky":false,"template":"","format":"standard","meta":{"wp_typography_post_enhancements_disabled":false,"footnotes":""},"categories":[339],"tags":[],"ppma_author":[540],"class_list":["post-2805","post","type-post","status-publish","format-standard","hentry","category-lidee-ouvriere-n4-1-8-octobre-1887"],"authors":[{"term_id":540,"user_id":1,"is_guest":0,"slug":"admin_3gikpwyf","display_name":"Vincent Dubuc","avatar_url":"https:\/\/secure.gravatar.com\/avatar\/d015720652c25fd2ced191ade86430094e1f288a17483713e3b34d26dea52507?s=96&d=mm&r=g","author_category":"","user_url":"https:\/\/la-presse-anarchiste.net","last_name":"Dubuc","first_name":"Vincent","job_title":"","description":""}],"_links":{"self":[{"href":"https:\/\/la-presse-anarchiste.net\/index.php\/wp-json\/wp\/v2\/posts\/2805","targetHints":{"allow":["GET"]}}],"collection":[{"href":"https:\/\/la-presse-anarchiste.net\/index.php\/wp-json\/wp\/v2\/posts"}],"about":[{"href":"https:\/\/la-presse-anarchiste.net\/index.php\/wp-json\/wp\/v2\/types\/post"}],"author":[{"embeddable":true,"href":"https:\/\/la-presse-anarchiste.net\/index.php\/wp-json\/wp\/v2\/users\/1"}],"replies":[{"embeddable":true,"href":"https:\/\/la-presse-anarchiste.net\/index.php\/wp-json\/wp\/v2\/comments?post=2805"}],"version-history":[{"count":0,"href":"https:\/\/la-presse-anarchiste.net\/index.php\/wp-json\/wp\/v2\/posts\/2805\/revisions"}],"wp:attachment":[{"href":"https:\/\/la-presse-anarchiste.net\/index.php\/wp-json\/wp\/v2\/media?parent=2805"}],"wp:term":[{"taxonomy":"category","embeddable":true,"href":"https:\/\/la-presse-anarchiste.net\/index.php\/wp-json\/wp\/v2\/categories?post=2805"},{"taxonomy":"post_tag","embeddable":true,"href":"https:\/\/la-presse-anarchiste.net\/index.php\/wp-json\/wp\/v2\/tags?post=2805"},{"taxonomy":"author","embeddable":true,"href":"https:\/\/la-presse-anarchiste.net\/index.php\/wp-json\/wp\/v2\/ppma_author?post=2805"}],"curies":[{"name":"wp","href":"https:\/\/api.w.org\/{rel}","templated":true}]}}