{"id":2809,"date":"2011-05-30T03:17:37","date_gmt":"2011-05-30T03:17:37","guid":{"rendered":"https:\/\/la-presse-anarchiste.net\/index.php\/2011\/05\/30\/lincident-de-raon-sur-plaine\/"},"modified":"2011-05-30T03:17:37","modified_gmt":"2011-05-30T03:17:37","slug":"lincident-de-raon-sur-plaine","status":"publish","type":"post","link":"https:\/\/la-presse-anarchiste.net\/index.php\/2011\/05\/30\/lincident-de-raon-sur-plaine\/","title":{"rendered":"L\u2019incident de Raon-sur-plaine"},"content":{"rendered":"<div class=\"pdfprnt-buttons pdfprnt-buttons-post pdfprnt-top-right\"><a href=\"https:\/\/la-presse-anarchiste.net\/index.php\/wp-json\/wp\/v2\/posts\/2809?print=pdf\" class=\"pdfprnt-button pdfprnt-button-pdf\" target=\"_blank\"><img decoding=\"async\" src=\"https:\/\/la-presse-anarchiste.net\/wp-content\/plugins\/pdf-print\/images\/pdf.png\" alt=\"image_pdf\" title=\"Afficher le PDF\"><\/a><a href=\"https:\/\/la-presse-anarchiste.net\/index.php\/wp-json\/wp\/v2\/posts\/2809?print=print\" class=\"pdfprnt-button pdfprnt-button-print\" target=\"_blank\"><img decoding=\"async\" src=\"https:\/\/la-presse-anarchiste.net\/wp-content\/plugins\/pdf-print\/images\/print.png\" alt=\"image_print\" title=\"Contenu imprim\u00e9\"><\/a><\/div><p>Quand para\u00ee\u00adtront ces lignes le nou\u00adveau conflit fran\u00adco-alle\u00admand aura pro\u00adba\u00adble\u00adment eu son issue diplomatique.<\/p>\n<p>N\u2019im\u00adporte, il est bon d\u2019exa\u00admi\u00adner le mal\u00adheu\u00adreux inci\u00addent de Raon-sur-plaine et le jugeant sans arri\u00e8re pen\u00ads\u00e9e nous deman\u00adder s\u2019il jus\u00adti\u00adfie bien les criaille\u00adries d\u00e9rou\u00adl\u00e9\u00addistes, et si au contraire tout ce tapage n\u2019est pas entre\u00adte\u00adnu par la presse bour\u00adgeoise dans l\u2019es\u00adpoir qu\u2019il redon\u00adne\u00adra un peu de vita\u00adli\u00adt\u00e9 au patrio\u00adtisme que le bon sens du peuple com\u00admence \u00e0 mettre sur la m\u00eame ligne que les super\u00adsti\u00adtions reli\u00adgieuses. Nous sommes d\u2019au\u00adtant mieux \u00e0 m\u00eame de pro\u00adnon\u00adcer avec impar\u00adtia\u00adli\u00adt\u00e9 que nous fai\u00adsons n\u00f4tre l\u2019a\u00adpho\u00adrisme d\u2019Er\u00adnest Renan&nbsp;: \u00ab&nbsp;l\u00e0 ou le socia\u00adlisme appa\u00adrait, le patrio\u00adtisme dispara\u00eet.&nbsp;\u00bb<\/p>\n<p>[|<b>*  *  *  *<\/b>|]<br>\n<\/p>\n<p>Et d\u2019a\u00adbord n\u2019en\u00adre\u00adgistre-t-on pas jour\u00adnel\u00adle\u00adment des faits qui rap\u00adpellent par bien des c\u00f4t\u00e9s celui qui nous occupe&nbsp;?<\/p>\n<p>Il ne se passe pas de mois qu\u2019un sol\u00addat en fac\u00adtion, dans une pri\u00adson, un fort, etc., ne tire sur un pas\u00adsant sans avoir un sem\u00adblant de rai\u00adson \u00e0 all\u00e9\u00adguer. Sim\u00adple\u00adment parce que c\u2019est la <i>consigne<\/i>, et qu\u2019il lui est ordon\u00adn\u00e9 de tirer sur un \u00eatre humain \u2013 comme sur un lapin \u2013 si par impru\u00addence ou igno\u00adrance, il s\u2019est mis \u00e0 la por\u00adt\u00e9e de son fusil. En fouillant les <i>faits divers<\/i> de ces der\u00adni\u00e8res ann\u00e9es, nous trou\u00adve\u00adrons le r\u00e9cit de l\u2019as\u00adsas\u00adsi\u00adnat d\u2019un pauvre diable. Le sol\u00addat en tirant <i>fai\u00adsait son devoir<\/i>, en ver\u00adtu de ce prin\u00adcipe d\u2019a\u00adbru\u00adtis\u00adse\u00adment aus\u00adsi mons\u00adtrueux que b\u00eate&nbsp;: l\u2019o\u00adb\u00e9is\u00adsance passive&nbsp;!<\/p>\n<p>Pen\u00addant qua\u00adrante-huit heures, quelques rou\u00adblards du radi\u00adca\u00adlisme font du bruit autour de ce cadavre, all\u00e8guent des phrases ron\u00adflantes sur le mili\u00adta\u00adrisme, partent en guerre contre l\u2019o\u00adb\u00e9is\u00adsance pas\u00adsive\u2026 et puis tout est oubli\u00e9\u2026 jus\u00adqu\u2019\u00e0 la prochaine.<\/p>\n<p>Ici c\u2019est un fran\u00ad\u00e7ais qui est tu\u00e9 par un sol\u00addat fran\u00ad\u00e7ais, au lieu de l\u2019\u00eatre par un sol\u00addat alle\u00admand. J\u2019a\u00advoue que pour ce mal\u00adheu\u00adreux, aucun de ces deux modes de pas\u00adser de vie \u00e0 tr\u00e9\u00adpas, n\u2019est plus avan\u00adta\u00adgeux que l\u2019autre.<\/p>\n<p>Dans ces deux cas les cri\u00admi\u00adnels ne sont pas les sol\u00addats, chez qui le ser\u00advice mili\u00adtaire a r\u00e9veill\u00e9 les ins\u00adtincts f\u00e9roces de l\u2019a\u00adni\u00admal humain&nbsp;; on leur a don\u00adn\u00e9 une consigne, ils la rem\u00adplissent, sans att\u00e9\u00adnuer sa bru\u00adta\u00adli\u00adt\u00e9 par leur rai\u00adson\u00adne\u00adment\u200a\u2014\u200ace qui leur est impos\u00adsible gr\u00e2ce \u00e0 leur manque d\u2019ins\u00adtruc\u00adtion. Pre\u00adnons-nous en aux bar\u00adbares ins\u00adti\u00adtu\u00adtions qui barrent la route \u00e0 l\u2019hu\u00adma\u00adni\u00adt\u00e9 et sur\u00adtout \u00e0 ceux qui les incarnent et en sont comme la repr\u00e9\u00adsen\u00adta\u00adtion vivante. Sur\u00adtout, ne tom\u00adbons pas dans le pi\u00e8ge que nous ten\u00addant les abru\u00adtis\u00adseurs patentes du peuple, c\u2019est assez de subir les n\u00e9fastes ins\u00adti\u00adtu\u00adtions qui nous \u00e9crasent, sans aller nous faire tuer pour les d\u00e9fendre.<\/p>\n<p>[|<b>*  *  *  *<\/b>|]<br>\n<\/p>\n<p>Sup\u00adpo\u00adsons main\u00adte\u00adnant qu\u2019au lieu de s\u2019\u00eatre passe sur la fron\u00adti\u00e8re fran\u00adco-alle\u00admande, l\u2019in\u00adci\u00addent de Raon-sur-plaine se soit d\u00e9rou\u00adl\u00e9 \u00e0 la fron\u00adti\u00e8re espa\u00adgnole ou italienne.<\/p>\n<p>Il eut, c\u2019est indis\u00adcu\u00adtable, \u00e9mu l\u2019o\u00adpi\u00adnion publique. Mais tous eussent vu dans ce mal\u00adheu\u00adreux \u00e9v\u00e9\u00adne\u00adment ce qu\u2019il y a r\u00e9el\u00adle\u00adment, une absurde obser\u00adva\u00adtion de la consigne, et nul n\u2019eut son\u00adg\u00e9 \u00e0 y voir un casus&nbsp;b\u00e9lli.<\/p>\n<p>Cette dif\u00adf\u00e9\u00adrence d\u2019in\u00adter\u00adpr\u00e9\u00adta\u00adtion d\u2019un fait iden\u00adtique, qu\u2019il se passe ici ou l\u00e0, n\u2019est-il pas la preuve \u00e9vi\u00addente de la mau\u00advaise foi des poli\u00adti\u00adqueurs et bour\u00adgeois&nbsp;; et ne vient-il pas appuyer ce que nous disions en commen\u00e7ant&nbsp;<\/p>\n<p>Ce que cherchent nos exploi\u00adteurs c\u2019est par un habile d\u00e9ri\u00adva\u00adtif enrayer les id\u00e9es d\u2019\u00e9\u00adman\u00adci\u00adpa\u00adtion qui vont en se d\u00e9ve\u00adlop\u00adpant rapi\u00adde\u00adment au sein des masses affa\u00adm\u00e9es. Pas de meilleur moyen que de faire vibrer la corde patrio\u00adtique, atti\u00adser des ran\u00adcunes, r\u00e9veiller de vieilles haines, et par ce moyen faire perdre au pro\u00adl\u00e9\u00adta\u00adriat la notion de ses int\u00e9\u00adr\u00eats. Les peuples sont faits pour ses don\u00adner la main, leurs aspi\u00adra\u00adtions sont iden\u00adtiques et leurs enne\u00admis sont les&nbsp;m\u00eames.<\/p>\n<p>D\u00e9jouons donc, ces machia\u00adv\u00e9\u00adliques pro\u00adjets, prou\u00advons \u00e0 nos ma\u00eetres que dor\u00e9\u00adna\u00advant nous ne vou\u00adlons plus \u00eatre dupes et pro\u00adcla\u00admons bien haut que nous n\u2019at\u00adten\u00addons qu\u2019une occa\u00adsion pour prendre notre revanche\u2026 mais pas sur les allemands.<\/p>\n<p>Le Bour\u00adgeois pour nous voi\u00adl\u00e0 l\u2019en\u00adne\u00admi, qu\u2019il soit fran\u00ad\u00e7ais ou allemand.<\/p>\n<p>Et afin qu\u2019on ne nous lance pas dans une aven\u00adture dont les suites ne peuvent \u00eatre pr\u00e9\u00advues et qui ferait cou\u00adler des flots de sang, disons fer\u00adme\u00adment \u00e0 nos ma\u00eetres que nous refu\u00adsons de les suivre, ne vou\u00adlant pas por\u00adter les armes contre des hommes dont le seul crime est d\u2019\u00eatre n\u00e9s un peu plus \u00e0 l\u2019Ouest que&nbsp;nous.<\/p>\n<p>Qu\u2019ils sachent que s\u2019ils d\u00e9clarent la guerre \u00e0 nos voi\u00adsins nous la ferons \u00e0 nos enne\u00admis et que nous ser\u00adrons d\u2019au\u00adtant plus sans piti\u00e9 que c\u2019est \u00e0 eux que nous devrons l\u2019invasion.<\/p>\n<p>Quant au peuple alle\u00admand, il sau\u00adra lui aus\u00adsi quand le moment sera venu cou\u00adrir sus \u00e0 ses bour\u00adgeois et leur faire rendre gorge.<\/p>\n<p>Cette besogne d\u2019as\u00adsai\u00adnis\u00adse\u00adment accom\u00adplie, alle\u00admands et fran\u00ad\u00e7ais ne seront plus expo\u00ads\u00e9s \u00e0 s\u2019en\u00adtr\u00e9\u00adgor\u00adger pour satis\u00adfaire les caprices de quelques dou\u00adzaines de sc\u00e9l\u00e9rats.<\/p>\n","protected":false},"excerpt":{"rendered":"<p>Quand para\u00ee\u00adtront ces lignes le nou\u00adveau conflit fran\u00ad\u00adco-alle\u00ad\u00admand aura pro\u00adba\u00adble\u00adment eu son issue diplo\u00adma\u00adtique. N\u2019im\u00adporte, il est bon d\u2019exa\u00admi\u00adner le mal\u00adheu\u00adreux inci\u00addent de Raon-sur-plaine et le jugeant sans arri\u00e8re pen\u00ads\u00e9e nous deman\u00adder s\u2019il jus\u00adti\u00adfie bien les criaille\u00adries d\u00e9rou\u00adl\u00e9\u00addistes, et si au contraire tout ce tapage n\u2019est pas entre\u00adte\u00adnu par la presse bour\u00adgeoise dans l\u2019es\u00adpoir qu\u2019il [\u2026]<\/p>\n","protected":false},"author":1,"featured_media":0,"comment_status":"closed","ping_status":"closed","sticky":false,"template":"","format":"standard","meta":{"wp_typography_post_enhancements_disabled":false,"footnotes":""},"categories":[339],"tags":[],"ppma_author":[540],"class_list":["post-2809","post","type-post","status-publish","format-standard","hentry","category-lidee-ouvriere-n4-1-8-octobre-1887"],"authors":[{"term_id":540,"user_id":1,"is_guest":0,"slug":"admin_3gikpwyf","display_name":"Vincent Dubuc","avatar_url":"https:\/\/secure.gravatar.com\/avatar\/d015720652c25fd2ced191ade86430094e1f288a17483713e3b34d26dea52507?s=96&d=mm&r=g","author_category":"","user_url":"https:\/\/la-presse-anarchiste.net","last_name":"Dubuc","first_name":"Vincent","job_title":"","description":""}],"_links":{"self":[{"href":"https:\/\/la-presse-anarchiste.net\/index.php\/wp-json\/wp\/v2\/posts\/2809","targetHints":{"allow":["GET"]}}],"collection":[{"href":"https:\/\/la-presse-anarchiste.net\/index.php\/wp-json\/wp\/v2\/posts"}],"about":[{"href":"https:\/\/la-presse-anarchiste.net\/index.php\/wp-json\/wp\/v2\/types\/post"}],"author":[{"embeddable":true,"href":"https:\/\/la-presse-anarchiste.net\/index.php\/wp-json\/wp\/v2\/users\/1"}],"replies":[{"embeddable":true,"href":"https:\/\/la-presse-anarchiste.net\/index.php\/wp-json\/wp\/v2\/comments?post=2809"}],"version-history":[{"count":0,"href":"https:\/\/la-presse-anarchiste.net\/index.php\/wp-json\/wp\/v2\/posts\/2809\/revisions"}],"wp:attachment":[{"href":"https:\/\/la-presse-anarchiste.net\/index.php\/wp-json\/wp\/v2\/media?parent=2809"}],"wp:term":[{"taxonomy":"category","embeddable":true,"href":"https:\/\/la-presse-anarchiste.net\/index.php\/wp-json\/wp\/v2\/categories?post=2809"},{"taxonomy":"post_tag","embeddable":true,"href":"https:\/\/la-presse-anarchiste.net\/index.php\/wp-json\/wp\/v2\/tags?post=2809"},{"taxonomy":"author","embeddable":true,"href":"https:\/\/la-presse-anarchiste.net\/index.php\/wp-json\/wp\/v2\/ppma_author?post=2809"}],"curies":[{"name":"wp","href":"https:\/\/api.w.org\/{rel}","templated":true}]}}