{"id":2830,"date":"2011-06-03T21:49:03","date_gmt":"2011-06-03T21:49:03","guid":{"rendered":"https:\/\/la-presse-anarchiste.net\/index.php\/2011\/06\/03\/le-petit-havre-et-lidee-ouvriere\/"},"modified":"2011-06-03T21:49:03","modified_gmt":"2011-06-03T21:49:03","slug":"le-petit-havre-et-lidee-ouvriere","status":"publish","type":"post","link":"https:\/\/la-presse-anarchiste.net\/index.php\/2011\/06\/03\/le-petit-havre-et-lidee-ouvriere\/","title":{"rendered":"Le <i>Petit Havre<\/i> et <i>L\u2019Id\u00e9e Ouvri\u00e8re<\/i>"},"content":{"rendered":"<div class=\"pdfprnt-buttons pdfprnt-buttons-post pdfprnt-top-right\"><a href=\"https:\/\/la-presse-anarchiste.net\/index.php\/wp-json\/wp\/v2\/posts\/2830?print=pdf\" class=\"pdfprnt-button pdfprnt-button-pdf\" target=\"_blank\"><img decoding=\"async\" src=\"https:\/\/la-presse-anarchiste.net\/wp-content\/plugins\/pdf-print\/images\/pdf.png\" alt=\"image_pdf\" title=\"Afficher le PDF\"><\/a><a href=\"https:\/\/la-presse-anarchiste.net\/index.php\/wp-json\/wp\/v2\/posts\/2830?print=print\" class=\"pdfprnt-button pdfprnt-button-print\" target=\"_blank\"><img decoding=\"async\" src=\"https:\/\/la-presse-anarchiste.net\/wp-content\/plugins\/pdf-print\/images\/print.png\" alt=\"image_print\" title=\"Contenu imprim\u00e9\"><\/a><\/div><p>Dans notre second num\u00e9\u00adro, nous deman\u00addions au jour\u00adnal <i>le Petit H\u00e2vre<\/i> ce qu\u2019il pen\u00adsait de la ques\u00adtion sociale, quel \u00e9tait \u00e0 ce sujet son pro\u00adgramme et, par quels tours de force admi\u00adnis\u00adtra\u00adtifs, il pr\u00e9\u00adten\u00addait pou\u00advoir am\u00e9\u00adlio\u00adrer le sort de la classe travailleuse.&nbsp;<\/p>\n<p>Trois semaines se sont \u00e9cou\u00adl\u00e9es et il n\u2019a pas os\u00e9 se pro\u00adnon\u00adcer&nbsp;! pour\u00adquoi ce mutisme&nbsp;? Pour\u00adquoi&nbsp;? C\u2019est bien simple, <i>Le Petit H\u00e2vre<\/i> aspire \u00e0 la tyran\u00adnie&nbsp;; toute sa conduite depuis le jour de sa fon\u00adda\u00adtion, le d\u00e9montre&nbsp;; il d\u00e9cerne une sta\u00adtue \u00e0 Thiers, \u00e0 Gam\u00adbet\u00adta, un apo\u00adth\u00e9ose \u00e0 Vic\u00adtor Hugo, \u00e0 cet autre, un sabre d\u2019hon\u00adneur, il accable de son m\u00e9pris les com\u00admu\u00adnistes, les indi\u00advi\u00addua\u00adlistes, il \u00e9touffe la science, tout son pou\u00advoir, et s\u2019a\u00adcharne sur les socialistes.&nbsp;<\/p>\n<p>Nous lui avons dit de nous faire conna\u00eetre son sys\u00adt\u00e8me poli\u00adtique&nbsp;? Il est \u00e9ton\u00adnant que le public ne l\u2019ait pas devi\u00adn\u00e9. <i>Le Petit havre<\/i>, ayant pour toute doc\u00adtrine sociale, cette pen\u00ads\u00e9e de Hobbes, que \u00ab&nbsp;la guerre est l\u2019\u00e9\u00adtat natu\u00adrel du genre humain,&nbsp;\u00bb n\u2019a pas d\u2019autre sys\u00adt\u00e8me que le sabre, d\u2019autre solu\u00adtion que les conseils de guerre et la fusillade en masse, la dis\u00adci\u00adpline mili\u00adtaire est sa r\u00e8gle morale, et un code p\u00e9nal \u00e9ner\u00adgique, avec une pro\u00adc\u00e9\u00addure exp\u00e9\u00addi\u00adtive, cou\u00adronne l\u2019\u0153uvre et lui sert de sanction.&nbsp;<\/p>\n<p>Ne deman\u00addez pas au <i>Petit havre<\/i> d\u2019autre plan d\u2019or\u00adga\u00adni\u00adsa\u00adtion poli\u00adtique et sociale, il n\u2019en n\u2019a pas. Un gou\u00adver\u00adne\u00adment mili\u00adtaire, c\u2019est-\u00e0-dire l\u2019\u00e9\u00adtat de si\u00e8ge \u00e0 per\u00adp\u00e9\u00adtui\u00adt\u00e9, le silence impo\u00ads\u00e9 \u00e0 l\u2019o\u00adpi\u00adnion, l\u2019ex\u00adploi\u00adta\u00adtion de l\u2019homme par l\u2019homme, et par une cons\u00e9\u00adquence in\u00e9vi\u00adtable, la mis\u00e8re des tra\u00advailleurs. C\u2019est pour cela qu\u2019il outrage ceux dont la rai\u00adson d\u00e9daigne de le suivre, c\u2019est pour cela qu\u2019il disait lors des der\u00adni\u00e8res conf\u00e9\u00adrences ouvri\u00e8res au Havre, que le public ne nous sui\u00advrait&nbsp;pas&nbsp;?<\/p>\n<p>Mais <i>Petit havre<\/i>, sachez-le bien, l\u2019ou\u00advrier vient a nous, il sait dis\u00adtin\u00adguer ses amis de ses adver\u00adsaires. Mais, en serait-il autre\u00adment, nous atten\u00addrions dix ans, s\u2019il le fal\u00adlait, mais, pour l\u2019a\u00adche\u00adter au prix de notre devoir et de notre ind\u00e9\u00adpen\u00addance, jamais&nbsp;!&nbsp;<\/p>\n<p>Tra\u00advailleur, regarde cette machine qu\u2019on appelle un jour\u00adnal, et songe \u00e0 tout le bien qu\u2019elle peut faire, et au mal qu\u2019elle fait presque tou\u00adjours, et tu ne sau\u00adras lequel l\u2019emporte en toi de la col\u00e8re ou, du d\u00e9go\u00fbt. Figures-toi un porte- voix immense, ayant son embou\u00adchure dans le sombre bureau d\u2019une impri\u00adme\u00adrie, et se fai\u00adsant entendre plus loin que les signaux t\u00e9l\u00e9\u00adgra\u00adphiques ne peuvent \u00eatre aper\u00ad\u00e7us. C\u2019est par la que les exploi\u00adteurs ayant le capi\u00adtal, r\u00e9pandent au loin les vraies et les fausses nou\u00advelles&nbsp;; c\u2019est par ce tube&nbsp; gigan\u00adtesque qu\u2019\u00e0 ton grand dom\u00admage, mais au pro\u00adfit des capi\u00adta\u00adlistes, pleuvent sur toi chaque jour, les invec\u00adtives, les men\u00adsonges, les calom\u00adnies, les faits d\u00e9gui\u00ads\u00e9s, mutil\u00e9s.&nbsp;<\/p>\n<p>Lorsque le qua\u00addru\u00adp\u00e8de immonde que les Orien\u00adtaux pros\u00adcrivent de leurs tables cherche dans la fange son infecte p\u00e2ture, tout passe entre ses m\u00e2choires affa\u00adm\u00e9es&nbsp;; les excr\u00e9\u00adments d\u2019a\u00adni\u00admaux, les d\u00e9bris de cadavres, les r\u00e9si\u00addus empes\u00adt\u00e9s, la vase gluante&nbsp;: le palais de la b\u00eate sait choi\u00adsir ce qui lui plait, le reste est reje\u00adt\u00e9 par l\u2019a\u00adni\u00admal gou\u00adlu. Voi\u00adl\u00e0 l\u2019i\u00admage de la fabrique \u00e0 jour\u00adnaux&nbsp;: Voi\u00adl\u00e0 le <i>Petit havre<\/i>. L\u2019or que cherchent les jour\u00adna\u00adlistes \u00e0 tra\u00advers leurs impu\u00adre\u00adt\u00e9s quo\u00adti\u00addiennes, tombe au pied de la machine, le noir tor\u00adrent d\u00e9borde et roule sur le public.&nbsp;<\/p>\n<p>C\u2019est sur\u00adtout dans les ques\u00adtions de haute poli\u00adtique et de socia\u00adbi\u00adli\u00adt\u00e9 qu\u2019il y a plai\u00adsir \u00e0 les entendre&nbsp;: \u00c9cou\u00adtez <i>le Petit havre<\/i>, il crie \u00e0 faire trem\u00adbler les 86 d\u00e9par\u00adte\u00adments. La r\u00e9vi\u00adsion, la r\u00e9vi\u00adsion&nbsp;; c\u2019est bien, lui dit-on, nous la vou\u00adlons aus\u00adsi. Voi\u00adl\u00e0 qui est r\u00e9so\u00adlu. \u00c0 pr\u00e9\u00adsent, si l\u2019on te nom\u00admait pr\u00e9\u00adsident de la R\u00e9pu\u00adblique que ferais-tu&nbsp;? parle, parle <sc>monstre<\/sc>. Quoi tu cries \u00e0 bas les socia\u00adlistes, \u00e0 bas la liber\u00adt\u00e9, que demandes-tu donc&nbsp;? (La sou\u00adve\u00adrai\u00adne\u00adt\u00e9 du peuple, la r\u00e9vi\u00adsion) et apr\u00e8s&nbsp;? R\u00e9ponds, mais r\u00e9ponds donc <sc>hur\u00adleur<\/sc>&nbsp;! (Je t\u2019en\u00adtends, tu cries&nbsp;: Pro\u00adcu\u00adreur, sai\u00adsis\u00adsez tous les socia\u00adlistes, tous les \u00e9galitaires.)&nbsp;<\/p>\n<p>Tra\u00advailleurs \u00e9ga\u00adli\u00adtaires, vous tous hommes de c\u0153ur et d\u2019in\u00adtel\u00adli\u00adgence, jus\u00adqu\u2019\u00e0 quand serez-vous abu\u00ads\u00e9s par ces tar\u00adtufes poli\u00adtiques, espions sor\u00adtis de la bande des H\u00e9ron et des Fouch\u00e9.&nbsp;<\/p>\n<p>[|<b>*  *  *  *<\/b>|]<br>\n<\/p>\n<p>L\u2019<i>Id\u00e9e Ouvri\u00e8re<\/i> met \u00e0 la dis\u00adpo\u00adsi\u00adtion de la presse locale, ou \u00e0 toute autre per\u00adsonne de la loca\u00adli\u00adt\u00e9, une colonne de son jour\u00adnal ne pou\u00advant faire plus vu l\u2019exi\u00adgu\u00ef\u00adt\u00e9 de son for\u00admat. Pour r\u00e9fu\u00adter nos th\u00e9o\u00adries, les articles seront publi\u00e9s sans cou\u00adpure aucune.&nbsp;<\/p>\n<p>Chaque article devra \u00eatre&nbsp;sign\u00e9.&nbsp;<\/p>\n","protected":false},"excerpt":{"rendered":"<p>Dans notre second num\u00e9\u00adro, nous deman\u00addions au jour\u00adnal le Petit H\u00e2vre ce qu\u2019il pen\u00adsait de la ques\u00adtion sociale, quel \u00e9tait \u00e0 ce sujet son pro\u00adgramme et, par quels tours de force admi\u00adnis\u00adtra\u00adtifs, il pr\u00e9\u00adten\u00addait pou\u00advoir am\u00e9\u00adlio\u00adrer le sort de la classe tra\u00advailleuse.&nbsp; Trois semaines se sont \u00e9cou\u00adl\u00e9es et il n\u2019a pas os\u00e9 se pro\u00adnon\u00adcer&nbsp;! pourquoi&nbsp;[\u2026]<\/p>\n","protected":false},"author":1,"featured_media":0,"comment_status":"closed","ping_status":"closed","sticky":false,"template":"","format":"standard","meta":{"wp_typography_post_enhancements_disabled":false,"footnotes":""},"categories":[342],"tags":[],"ppma_author":[540],"class_list":["post-2830","post","type-post","status-publish","format-standard","hentry","category-lidee-ouvriere-n5-8-15-octobre-1887"],"authors":[{"term_id":540,"user_id":1,"is_guest":0,"slug":"admin_3gikpwyf","display_name":"Vincent Dubuc","avatar_url":"https:\/\/secure.gravatar.com\/avatar\/d015720652c25fd2ced191ade86430094e1f288a17483713e3b34d26dea52507?s=96&d=mm&r=g","author_category":"","user_url":"https:\/\/la-presse-anarchiste.net","last_name":"Dubuc","first_name":"Vincent","job_title":"","description":""}],"_links":{"self":[{"href":"https:\/\/la-presse-anarchiste.net\/index.php\/wp-json\/wp\/v2\/posts\/2830","targetHints":{"allow":["GET"]}}],"collection":[{"href":"https:\/\/la-presse-anarchiste.net\/index.php\/wp-json\/wp\/v2\/posts"}],"about":[{"href":"https:\/\/la-presse-anarchiste.net\/index.php\/wp-json\/wp\/v2\/types\/post"}],"author":[{"embeddable":true,"href":"https:\/\/la-presse-anarchiste.net\/index.php\/wp-json\/wp\/v2\/users\/1"}],"replies":[{"embeddable":true,"href":"https:\/\/la-presse-anarchiste.net\/index.php\/wp-json\/wp\/v2\/comments?post=2830"}],"version-history":[{"count":0,"href":"https:\/\/la-presse-anarchiste.net\/index.php\/wp-json\/wp\/v2\/posts\/2830\/revisions"}],"wp:attachment":[{"href":"https:\/\/la-presse-anarchiste.net\/index.php\/wp-json\/wp\/v2\/media?parent=2830"}],"wp:term":[{"taxonomy":"category","embeddable":true,"href":"https:\/\/la-presse-anarchiste.net\/index.php\/wp-json\/wp\/v2\/categories?post=2830"},{"taxonomy":"post_tag","embeddable":true,"href":"https:\/\/la-presse-anarchiste.net\/index.php\/wp-json\/wp\/v2\/tags?post=2830"},{"taxonomy":"author","embeddable":true,"href":"https:\/\/la-presse-anarchiste.net\/index.php\/wp-json\/wp\/v2\/ppma_author?post=2830"}],"curies":[{"name":"wp","href":"https:\/\/api.w.org\/{rel}","templated":true}]}}