{"id":2832,"date":"2011-06-03T21:49:08","date_gmt":"2011-06-03T21:49:08","guid":{"rendered":"https:\/\/la-presse-anarchiste.net\/index.php\/2011\/06\/03\/adieux-a-la-revue-comique\/"},"modified":"2011-06-03T21:49:08","modified_gmt":"2011-06-03T21:49:08","slug":"adieux-a-la-revue-comique","status":"publish","type":"post","link":"https:\/\/la-presse-anarchiste.net\/index.php\/2011\/06\/03\/adieux-a-la-revue-comique\/","title":{"rendered":"Adieux \u00e0 la <i>Revue Comique<\/i>"},"content":{"rendered":"<div class=\"pdfprnt-buttons pdfprnt-buttons-post pdfprnt-top-right\"><a href=\"https:\/\/la-presse-anarchiste.net\/index.php\/wp-json\/wp\/v2\/posts\/2832?print=pdf\" class=\"pdfprnt-button pdfprnt-button-pdf\" target=\"_blank\"><img decoding=\"async\" src=\"https:\/\/la-presse-anarchiste.net\/wp-content\/plugins\/pdf-print\/images\/pdf.png\" alt=\"image_pdf\" title=\"Afficher le PDF\"><\/a><a href=\"https:\/\/la-presse-anarchiste.net\/index.php\/wp-json\/wp\/v2\/posts\/2832?print=print\" class=\"pdfprnt-button pdfprnt-button-print\" target=\"_blank\"><img decoding=\"async\" src=\"https:\/\/la-presse-anarchiste.net\/wp-content\/plugins\/pdf-print\/images\/print.png\" alt=\"image_print\" title=\"Contenu imprim\u00e9\"><\/a><\/div><p>\u00catre comique est chose trop ardue pour dame <i>Revue<\/i>, aus\u00adsi s\u2019es\u00adsaie-t-elle au p\u00e9dan\u00adtisme, et natu\u00adrel\u00adle\u00adment y r\u00e9us\u00adsit mieux. Elle avoue aca\u00add\u00e9\u00admi\u00adque\u00adment qu\u2019elle a beau\u00adcoup ri en nous lisant\u200a\u2014\u200ac\u2019est sa mani\u00e8re \u00e0 elle de r\u00e9fl\u00e9\u00adchir. Mau\u00advais signe, les <i>inno\u00adcents<\/i> r\u00e9fl\u00e9\u00adchissent de&nbsp;m\u00eame.&nbsp;<\/p>\n<p>Pour ce qui est de nous, ses filan\u00addreuses tar\u00adtines, mal\u00adgr\u00e9 toutes leurs comiques qua\u00adli\u00adt\u00e9s, n\u2019ont pas eu le don de nous \u00e9gayer. Dans quelques dou\u00adzaines d\u2019\u00e9\u00adpi\u00adth\u00e8tes, que son plu\u00admi\u00adtif a maca\u00adro\u00adni\u00adque\u00adment enfi\u00adl\u00e9es \u00e0 queue leu leu, nous n\u2019en retien\u00addrons qu\u2019une. Il nous accuse de <i>voyou\u00adcra\u00adtisme<\/i>. Pouah&nbsp;! ce n\u2019est pas agr\u00e9able de cou\u00addoyer de sales gens comme nous. Mais \u00e0 qui la faute sinon \u00e0 lui&nbsp;? Il devait bien sup\u00adpo\u00adser que nous sommes mal \u00e9du\u00adqu\u00e9s. Il le sait aujourd\u2019\u00adhui et contrit, annonce qu\u2019il ne s\u2019a\u00adbais\u00adse\u00adra pas jus\u00adqu\u2019\u00e0 pol\u00e9\u00admi\u00adquer avec tant pi\u00e8tre compagnie.&nbsp;<\/p>\n<p>C\u2019est tr\u00e8s <i>aris\u00adto\u00adcra\u00adtique<\/i>, mais ce n\u2019est que \u00e7a&nbsp;! Cette suf\u00adfi\u00adsance aus\u00adsi empha\u00adtique que pr\u00e9\u00adsomp\u00adtueuse,\u200a\u2014\u200atout en s\u2019in\u00adg\u00e9\u00adniant \u00e0 \u00eatre m\u00e9pri\u00adsante,\u200a\u2014\u200ane cache\u00adrait-elle pas une igno\u00adrance crasse du sujet \u00e0 trai\u00adter&nbsp;? Quoi de plus com\u00admode, pour un cancre bour\u00adgeois, que de feindre le m\u00e9pris et se d\u00e9ro\u00adber par cette tan\u00adgente \u00e0 une dis\u00adcus\u00adsion dans laquelle on craint de n\u2019a\u00advoir \u00e0 oppo\u00adser \u00e0 ses adver\u00adsaires que des lam\u00adbeaux de phrases creuses et redou\u00adtantes, et pas la moindre bribe de raisonnement.&nbsp;<\/p>\n<p>Sem\u00adblable atti\u00adtude nous remet en m\u00e9moire le renard de la fable que cha\u00adcun conna\u00eet&nbsp;; il avait envie folle de man\u00adger les superbes rai\u00adsins de la treille, mais&nbsp;<\/p>\n<p><quote>Comme il n\u2019y pou\u00advait atteindre<br>\n<br>Ils sont trop verts dit-il et bons pour des gou\u00adjats<\/quote> <\/p>\n<p>Le plu\u00admi\u00adtif qui nous occupe agit d\u2019i\u00adden\u00adtique fa\u00e7on&nbsp;; il aurait grande envie de r\u00e9tor\u00adquer nos argu\u00adments\u200a\u2014\u200amais cela n\u2019est pas des plus faciles\u200a\u2014\u200asur\u00adtout pour lui&nbsp;! Pour sor\u00adtir de ce mau\u00advais pas avec les hon\u00adneurs de la guerre, il simule un d\u00e9dain pyra\u00admi\u00addal et d\u00e9clare que <i>dor\u00e9\u00adna\u00advant il ne s\u2019at\u00adtar\u00adde\u00adra pas \u00e0 vou\u00adloir r\u00e9fu\u00adter nos lieux com\u00admuns<\/i>. <\/p>\n<p>Quant \u00e0 vos sou\u00adhaits, \u00f4 <i>Revue<\/i>, nous n\u2019en avons que faire&nbsp;; tou\u00adjours est-il qu\u2019ils sentent dian\u00adtre\u00adment le vinaigre. Et \u00e0 ce pro\u00adpos \u00e9change de bons pro\u00adc\u00e9\u00add\u00e9s, vou\u00adlez-vous&nbsp;? Pas\u00adsons-nous s\u00e9n\u00e9 et rhu\u00adbarbe&nbsp;; \u00e0 nous un conseil, \u00e0 vous un autre&nbsp;: D\u00e9sha\u00adbi\u00adtuez-vous de cette manie que vous tenez de vos tr\u00e8s bons amis les j\u00e9suites, et qui consiste \u00e0 d\u00e9gui\u00adser sous de miel\u00adleuses et dou\u00adce\u00e2tres paroles, la mal\u00adveillance et la haine que vous nour\u00adris\u00adsez contre des ennemis.&nbsp;<\/p>\n<p>Il est vrai que pro\u00adba\u00adble\u00adment cela vous est aus\u00adsi dif\u00adfi\u00adcile que d\u2019\u00eatre comique o\u00f9 sen\u00ads\u00e9e, car dans votre monde cet hypo\u00adcrite d\u00e9gui\u00adse\u00adment don\u00adn\u00e9 \u00e0 la pen\u00ads\u00e9e, est consi\u00add\u00e9\u00adr\u00e9 comme une des formes du savoir-vivre et du bon&nbsp;ton.&nbsp;<\/p>\n<p>Aux <i>voyous<\/i> seuls on tol\u00e8re le talent mes\u00adquin et peu enviable, croyez-vous, de s\u2019ex\u00adpri\u00admer fran\u00adche\u00adment, sans r\u00e9ti\u00adcences ni tartufferies.<\/p>\n","protected":false},"excerpt":{"rendered":"<p>\u00catre comique est chose trop ardue pour dame Revue, aus\u00adsi s\u2019es\u00adsaie-t-elle au p\u00e9dan\u00adtisme, et natu\u00adrel\u00adle\u00adment y r\u00e9us\u00adsit mieux. Elle avoue aca\u00add\u00e9\u00admi\u00adque\u00adment qu\u2019elle a beau\u00adcoup ri en nous lisant\u200a\u2014\u200ac\u2019est sa mani\u00e8re \u00e0 elle de r\u00e9fl\u00e9\u00adchir. Mau\u00advais signe, les inno\u00adcents r\u00e9fl\u00e9\u00adchissent de&nbsp;m\u00eame.&nbsp; Pour ce qui est de nous, ses filan\u00addreuses tar\u00adtines, mal\u00adgr\u00e9 toutes leurs comiques qua\u00adli\u00adt\u00e9s, n\u2019ont [\u2026]<\/p>\n","protected":false},"author":1,"featured_media":0,"comment_status":"closed","ping_status":"closed","sticky":false,"template":"","format":"standard","meta":{"wp_typography_post_enhancements_disabled":false,"footnotes":""},"categories":[342],"tags":[],"ppma_author":[540],"class_list":["post-2832","post","type-post","status-publish","format-standard","hentry","category-lidee-ouvriere-n5-8-15-octobre-1887"],"authors":[{"term_id":540,"user_id":1,"is_guest":0,"slug":"admin_3gikpwyf","display_name":"Vincent Dubuc","avatar_url":"https:\/\/secure.gravatar.com\/avatar\/d015720652c25fd2ced191ade86430094e1f288a17483713e3b34d26dea52507?s=96&d=mm&r=g","author_category":"","user_url":"https:\/\/la-presse-anarchiste.net","last_name":"Dubuc","first_name":"Vincent","job_title":"","description":""}],"_links":{"self":[{"href":"https:\/\/la-presse-anarchiste.net\/index.php\/wp-json\/wp\/v2\/posts\/2832","targetHints":{"allow":["GET"]}}],"collection":[{"href":"https:\/\/la-presse-anarchiste.net\/index.php\/wp-json\/wp\/v2\/posts"}],"about":[{"href":"https:\/\/la-presse-anarchiste.net\/index.php\/wp-json\/wp\/v2\/types\/post"}],"author":[{"embeddable":true,"href":"https:\/\/la-presse-anarchiste.net\/index.php\/wp-json\/wp\/v2\/users\/1"}],"replies":[{"embeddable":true,"href":"https:\/\/la-presse-anarchiste.net\/index.php\/wp-json\/wp\/v2\/comments?post=2832"}],"version-history":[{"count":0,"href":"https:\/\/la-presse-anarchiste.net\/index.php\/wp-json\/wp\/v2\/posts\/2832\/revisions"}],"wp:attachment":[{"href":"https:\/\/la-presse-anarchiste.net\/index.php\/wp-json\/wp\/v2\/media?parent=2832"}],"wp:term":[{"taxonomy":"category","embeddable":true,"href":"https:\/\/la-presse-anarchiste.net\/index.php\/wp-json\/wp\/v2\/categories?post=2832"},{"taxonomy":"post_tag","embeddable":true,"href":"https:\/\/la-presse-anarchiste.net\/index.php\/wp-json\/wp\/v2\/tags?post=2832"},{"taxonomy":"author","embeddable":true,"href":"https:\/\/la-presse-anarchiste.net\/index.php\/wp-json\/wp\/v2\/ppma_author?post=2832"}],"curies":[{"name":"wp","href":"https:\/\/api.w.org\/{rel}","templated":true}]}}