{"id":2843,"date":"2011-06-08T23:32:26","date_gmt":"2011-06-08T23:32:26","guid":{"rendered":"https:\/\/la-presse-anarchiste.net\/index.php\/2011\/06\/08\/la-science-et-lanarchisme-3\/"},"modified":"2011-06-08T23:32:26","modified_gmt":"2011-06-08T23:32:26","slug":"la-science-et-lanarchisme-3","status":"publish","type":"post","link":"https:\/\/la-presse-anarchiste.net\/index.php\/2011\/06\/08\/la-science-et-lanarchisme-3\/","title":{"rendered":"La science et l\u2019anarchisme"},"content":{"rendered":"<div class=\"pdfprnt-buttons pdfprnt-buttons-post pdfprnt-top-right\"><a href=\"https:\/\/la-presse-anarchiste.net\/index.php\/wp-json\/wp\/v2\/posts\/2843?print=pdf\" class=\"pdfprnt-button pdfprnt-button-pdf\" target=\"_blank\"><img decoding=\"async\" src=\"https:\/\/la-presse-anarchiste.net\/wp-content\/plugins\/pdf-print\/images\/pdf.png\" alt=\"image_pdf\" title=\"Afficher le PDF\"><\/a><a href=\"https:\/\/la-presse-anarchiste.net\/index.php\/wp-json\/wp\/v2\/posts\/2843?print=print\" class=\"pdfprnt-button pdfprnt-button-print\" target=\"_blank\"><img decoding=\"async\" src=\"https:\/\/la-presse-anarchiste.net\/wp-content\/plugins\/pdf-print\/images\/print.png\" alt=\"image_print\" title=\"Contenu imprim\u00e9\"><\/a><\/div><p>(Suite)<\/p>\n<p>Avant de pas\u00adser en revue l\u2019\u00e9volution humaine, jetons un peu nos regards sur les \u00e9poques loin\u00adtaines o\u00f9 la terre com\u00admen\u00ad\u00e7ait seule\u00adment \u00e0 se soli\u00addi\u00adfier et \u00e0 prendre corps.<\/p>\n<p>La Pal\u00e9on\u00adto\u00adlo\u00adgie, c\u2019est-\u00e0-dire l\u2019\u00e9tude des fos\u00adsiles&nbsp;: d\u00e9bris ou empreintes de v\u00e9g\u00e9\u00adtaux et d\u2019animaux ayant v\u00e9cu dans les eaux ou sur les conti\u00adnents pen\u00addant les p\u00e9riodes g\u00e9o\u00adlo\u00adgiques, nous sera d\u2019un puis\u00adsant secours pour conna\u00eetre l\u2019\u00e2ge rela\u00adtif des ter\u00adrains et leur origine.&nbsp;<\/p>\n<p>Chaque ter\u00adrain dif\u00adf\u00e9\u00adrent a une faune par\u00adti\u00adcu\u00adli\u00e8re. Mais en com\u00adpa\u00adrant toutes ces faunes, on voit que, depuis les temps pri\u00admi\u00adtifs jusqu\u2019\u00e0 nos jours, les ani\u00admaux se sont rap\u00adpro\u00adch\u00e9s de plus en plus des ani\u00admaux actuels.<\/p>\n<p>Le ter\u00adrain le plus ancien, qui sup\u00adporte les autres est appe\u00adl\u00e9&nbsp;: <i>ter\u00adrain pri\u00admi\u00adtif<\/i>.<\/p>\n<p>Jusqu\u2019\u00e0 pr\u00e9\u00adsent, on n\u2019a pas trou\u00adv\u00e9 de fos\u00adsiles dans les roches cris\u00adtal\u00adlines qui le composent.<\/p>\n<p>Ces roches cris\u00adtal\u00adlines r\u00e9sultent de la soli\u00addi\u00adfi\u00adca\u00adtion pre\u00admi\u00e8re de la par\u00adtie super\u00adfi\u00adcielle de la terre qui \u00e9tait \u00e0 l\u2019\u00e9tat de fusion.<\/p>\n<p>Par suite de mou\u00adve\u00adments ana\u00adlogues \u00e0 ceux que l\u2019on constate encore aujourd\u2019hui, des glis\u00adse\u00adments se for\u00adm\u00e8rent en d\u00e9ter\u00admi\u00adnant des reliefs et des d\u00e9pressions.<\/p>\n<p>Quand l\u2019\u00e9corce ter\u00adrestre fut suf\u00adfi\u00adsam\u00adment refroi\u00addie, l\u2019\u00e9norme quan\u00adti\u00adt\u00e9 d\u2019eau conte\u00adnue dans l\u2019atmosph\u00e8re \u00e0 l\u2019\u00e9tat de vapeur d\u2019eau se conden\u00adsa en pluie et se ras\u00adsem\u00adbla dans les d\u00e9pressions.<\/p>\n<p>Il y eut alors les pre\u00admiers oc\u00e9ans et les pre\u00admi\u00e8res montagnes.<\/p>\n<p>\u00c0 cette \u00e9poque pri\u00admi\u00adtive du globe, les oc\u00e9ans cou\u00advraient presque toute la&nbsp;terre.<\/p>\n<p>Mais bien\u00adt\u00f4t sur ce ter\u00adrain pri\u00admi\u00adtif, les mers en se reti\u00adrant lais\u00ads\u00e8rent d\u00e9po\u00adser des ter\u00adrains dif\u00adf\u00e9\u00adrents for\u00adm\u00e9s de s\u00e9di\u00adments, et qu\u2019on appelle pour cette rai\u00adson ter\u00adrains s\u00e9di\u00admen\u00adtaires, et qu\u2019on divise en quatre grandes p\u00e9riodes&nbsp;:<\/p>\n<p>La p\u00e9riode pri\u00admaire cor\u00adres\u00adpon\u00addant aux ter\u00adrains primaires.<\/p>\n<p>La p\u00e9riode secon\u00addaire cor\u00adres\u00adpon\u00addant aux ter\u00adrains secondaires.<\/p>\n<p>La p\u00e9riode ter\u00adtiaire cor\u00adres\u00adpon\u00addant aux ter\u00adrains tertiaires.<\/p>\n<p>La p\u00e9riode qua\u00adter\u00adnaire cor\u00adres\u00adpon\u00addant aux ter\u00adrains quaternaires.<\/p>\n<p>Tous ces ter\u00adrains contiennent des fossiles.<\/p>\n<p>Dans les s\u00e9di\u00adments les plus pro\u00adfonds, les fos\u00adsiles dif\u00adf\u00e8rent beau\u00adcoup des esp\u00e8ces actuelles.<\/p>\n<p>Dans les s\u00e9di\u00adments les plus r\u00e9cents les esp\u00e8ces ne dif\u00adf\u00e8rent qu\u2019assez peu de celles d\u2019aujourd\u2019hui.<\/p>\n<p>Il semble donc\u200a\u2014\u200aet tous les jours de nou\u00advelles preuves abondent en ce sens\u200a\u2014\u200aqu\u2019une paren\u00adt\u00e9 existe entre tous les \u00eatres et que les fos\u00adsiles sont les anc\u00eatres des ani\u00admaux et des plantes actuelles.<\/p>\n<p>Dans ces ter\u00adrains pri\u00admaires qui reposent sur les ter\u00adrains pri\u00admi\u00adtifs, la vie appa\u00adra\u00eet avec une grande inten\u00adsi\u00adt\u00e9 et beau\u00adcoup de vari\u00e9\u00adt\u00e9. Mais les esp\u00e8ces dif\u00adf\u00e8rent tota\u00adle\u00adment de celles d\u2019aujourd\u2019hui.<\/p>\n<p>La flore \u00e9tait com\u00adpo\u00ads\u00e9e de plantes sans fleurs comme la fou\u00adg\u00e8re et les coni\u00adf\u00e8res, mais elle \u00e9tait de dimen\u00adsion colos\u00adsale, puisque ce sont ses d\u00e9bris accu\u00admu\u00adl\u00e9s dans les val\u00adlons qui ont for\u00adm\u00e9 les immenses mines de houille exploi\u00adt\u00e9es aujourd\u2019hui. On appelle ces ter\u00adrains o\u00f9 l\u2019on ren\u00adcontre la houille, ter\u00adrains carbonif\u00e8res.<\/p>\n<p>Les oiseaux et les mam\u00admi\u00adf\u00e8res n\u2019existaient pas encore.<\/p>\n<p>On y trouve de nom\u00adbreux <i>crus\u00adta\u00adc\u00e9s<\/i> appe\u00adl\u00e9s <i>Tri\u00adbo\u00adlites<\/i>.<\/p>\n<p>\u00c0 la fin de la p\u00e9riode pri\u00admaire quelques rep\u00adtiles et batra\u00adciens font leur apparition.<\/p>\n<p>Il semble qu\u2019\u00e0 cette \u00e9poque le cli\u00admat \u00e9tait uni\u00adforme, car on trouve par\u00adtout, \u00e0 l\u2019\u00e9quateur comme au p\u00f4le, les m\u00eames fossiles.<\/p>\n<p>On retire de ces ter\u00adrains de la houille, des m\u00e9taux, des marbres<\/p>\n<p>[|<b>*  *  *  *<\/b>|]<br>\n<\/p>\n<p>Les ter\u00adrains secon\u00addaires reposent sur les ter\u00adrains pri\u00admi\u00adtifs et primaires.<\/p>\n<p>Ils sont carac\u00adt\u00e9\u00adri\u00ads\u00e9s par deux sortes de mol\u00adlusques&nbsp;: les <i>Ammo\u00adnites<\/i> dont la coquille est enrou\u00adl\u00e9e sur elle-m\u00eame et les <i>B\u00e9tem\u00admites<\/i>, tous deux dis\u00adpa\u00adrus aujourd\u2019hui.<\/p>\n<p>De grands rep\u00adtiles y v\u00e9curent, on peut m\u00eame dire que ce fut l\u2019\u00e9poque des rep\u00adtiles. Nom\u00adbreux, de dimen\u00adsions \u00e9normes, 10 \u00e0 30 m\u00e8tres, les uns comme le Pl\u00e9\u00adsio\u00adsaure \u00e9taient adap\u00adt\u00e9s \u00e0 la vie marine, les autres comme le Pt\u00e9\u00adro\u00addac\u00adtyle l\u2019\u00e9taient \u00e0 la vie a\u00e9rienne.<\/p>\n<p>Les oiseaux \u00e0 dents font leur appa\u00adri\u00adtion, ils ont une longue queue et leurs ailes portent des griffes.<\/p>\n<p>Les mam\u00admi\u00adf\u00e8res com\u00admencent \u00e0 appa\u00adra\u00eetre sous la forme de Marsupiaux.<\/p>\n<p>Les conti\u00adnents ne sont pas encore assez vastes, \u00e0 cette \u00e9poque, pour que puissent y vivre les Mam\u00admi\u00adf\u00e8res essen\u00adtiel\u00adle\u00adment terrestres.<\/p>\n<p>On retire des ter\u00adrains secon\u00addaires des pierres de construc\u00adtion, de la craie, du sel gemme, des mine\u00adrais de&nbsp;fer.<\/p>\n<p>Le ter\u00adrain secon\u00addaire peut se divi\u00adser en trois ter\u00adrains dis\u00adtincts&nbsp;: le trias, le juras\u00adsique et le cr\u00e9tac\u00e9.<\/p>\n<p>Le <i>trias<\/i> doit son nom aux trois s\u00e9ries de couches dans les\u00adquelles il se par\u00adtage natu\u00adrel\u00adle\u00adment (gr\u00e8s bigar\u00adr\u00e9s, cal\u00adcaire et marnes iri\u00ads\u00e9es). Il est tr\u00e8s r\u00e9pan\u00addu en Europe.<\/p>\n<p>Le <i>juras\u00adsique<\/i> est com\u00adpo\u00ads\u00e9 uni\u00adque\u00adment de couches de cal\u00adcaire. Il forme les mon\u00adtagnes du Jura et beau\u00adcoup d\u2019autres mon\u00adtagnes en Rus\u00adsie, Angle\u00adterre, Alg\u00e9\u00adrie, Espagne.<\/p>\n<p>Le <i><cr i> est sur\u00adtout for\u00adm\u00e9 de craie blanche.<\/cr><\/i><\/p>\n<p>C\u2019est pen\u00addant la for\u00adma\u00adtion du ter\u00adrain cr\u00e9\u00adta\u00adc\u00e9 que la tem\u00adp\u00e9\u00adra\u00adture des diverses r\u00e9gions a chan\u00adg\u00e9, la zone polaire devint plus froide.<\/p>\n<p>Les plantes \u00e0 fleurs rem\u00adplacent les grands Cryp\u00adto\u00adgames du ter\u00adrain car\u00adbo\u00adni\u00adf\u00e8re qui ont disparu.<\/p>\n<p>[|<b>*  *  *  *<\/b>|]<br>\n<\/p>\n<p>Les ter\u00adrains ter\u00adtiaires se trouvent au-des\u00adsus des ter\u00adrains pri\u00admi\u00adtifs, pri\u00admaire et secondaire.<\/p>\n<p>Ils sont carac\u00adt\u00e9\u00adri\u00ads\u00e9s par des pro\u00adto\u00adzoaires appe\u00adl\u00e9s <i>Num\u00admu\u00adlites<\/i> et des mol\u00adlusques appe\u00adl\u00e9s <i>C\u00e9rithes<\/i>.<\/p>\n<p>Les grands rep\u00adtiles ont dis\u00adpa\u00adru et sont rem\u00adpla\u00adc\u00e9s par des Mam\u00admi\u00adf\u00e8res et des oiseaux.<\/p>\n<p>Beau\u00adcoup res\u00adsemblent aux Mam\u00admi\u00adf\u00e8res et aux oiseaux d\u2019aujourd\u2019hui&nbsp;: che\u00advaux, gazelles, \u00e9l\u00e9phants.<\/p>\n<p>Les conti\u00adnents se forment, \u00e0 cette \u00e9poque, les cli\u00admats se dessinent.<\/p>\n<p>Le h\u00eatre, le ch\u00eane font leur apparition.<\/p>\n<p>De ces ter\u00adrains on retire de la pierre \u00e0 b\u00e2tir, de l\u2019argile, du sable, de la pierre meu\u00adli\u00e8re, de la pierre \u00e0 chaux et de la pierre \u00e0 pl\u00e2tre.<\/p>\n<p>On trouve dans les ter\u00adrains ter\u00adtiaires quan\u00adti\u00adt\u00e9s d\u2019os p\u00e9tri\u00adfi\u00e9s dans les roches, os de mam\u00admi\u00adf\u00e8res her\u00adbi\u00advores vivant en trou\u00adpeaux innom\u00adbrables et os de car\u00adnas\u00adsiers vivant de leur chasse au milieu des premiers.<\/p>\n<p>La p\u00e9riode ter\u00adtiaire se divise en trois \u00e9poques&nbsp;:<\/p>\n<p>La pre\u00admi\u00e8re s\u2019appelle <i>\u00e9oc\u00e8ne<\/i> qui veut dire <i>aurore des temps nou\u00adveaux<\/i>. C\u2019est pen\u00addant cette p\u00e9riode que s\u2019est for\u00adm\u00e9 le bas\u00adsin de Paris et c\u2019est avec le cal\u00adcaire de ce ter\u00adrain que l\u2019on a construit Paris.<\/p>\n<p>La deuxi\u00e8me s\u2019appelle <i>mio\u00adc\u00e8ne<\/i> qui veut dire <i>temps nou\u00adveaux moyens<\/i>.<\/p>\n<p>La troi\u00adsi\u00e8me s\u2019appelle <i>plio\u00adc\u00e8ne<\/i> (temps plus nouveaux.)<\/p>\n<p>L\u2019homme s\u2019\u00e9tait-il d\u00e9j\u00e0 dif\u00adf\u00e9\u00adren\u00adci\u00e9 des autres esp\u00e8ces ani\u00admales \u00e0 l\u2019\u00e9poque tertiaire&nbsp;?<\/p>\n<p>Quelques d\u00e9cou\u00advertes per\u00admet\u00adtraient de le penser.<\/p>\n<p>On a trou\u00adv\u00e9 dans le ter\u00adrain mio\u00adc\u00e8ne, \u00e0 The\u00adnay (Loir-et-Cher), des silex qui paraissent avoir \u00e9t\u00e9 taill\u00e9s par l\u2019homme.<\/p>\n<p>En 1895, en Cha\u00adrente, on a trou\u00adv\u00e9 des silex taill\u00e9s asso\u00adci\u00e9s \u00e0 des osse\u00adments d\u2019Elephas m\u00e9ri\u00addio\u00adna\u00adlis, qui est d\u2019\u00e2ge plioc\u00e8ne.<\/p>\n<p>En 1894, un savant hol\u00adlan\u00addais a trou\u00adv\u00e9, dans le plio\u00adc\u00e8ne de Java, un cr\u00e2ne et un f\u00e9mur de sque\u00adlette qu\u2019il a attri\u00adbu\u00e9s \u00e0 un pr\u00e9\u00add\u00e9\u00adces\u00adseur de l\u2019homme.<\/p>\n<p>L\u2019avenir situe\u00adra net\u00adte\u00adment cette ques\u00adtion. Pour le moment, comme nous n\u2019avons pas assez de preuves, disons seule\u00adment qu\u2019au d\u00e9but de la p\u00e9riode qua\u00adter\u00adnaire, l\u2019homme a lais\u00ads\u00e9 des ves\u00adtiges de son travail.<\/p>\n<p>[|<b>*  *  *  *<\/b>|]<br>\n<\/p>\n<p>Les ter\u00adrains qua\u00adter\u00adnaires reposent sur tous les pr\u00e9c\u00e9dents.<\/p>\n<p>\u00c0 l\u2019\u00e9poque qua\u00adter\u00adnaire, il y eut une grande exten\u00adsion des gla\u00adciers et un remar\u00adquable d\u00e9ve\u00adlop\u00adpe\u00adment des cours d\u2019eau.<\/p>\n<p>La faune de cette \u00e9poque ne dif\u00adf\u00e8re pas beau\u00adcoup de celle d\u2019aujourd\u2019hui.<\/p>\n<p>Pour\u00adtant, quelques esp\u00e8ces ont dis\u00adpa\u00adru&nbsp;: l\u2019\u00c9l\u00e9phantus anti\u00adquus, le Mam\u00admouth, le Rhi\u00adno\u00adc\u00e9\u00adros ticho\u00adri\u00adnus, le Cer\u00advus mega\u00adce\u00adros, l\u2019Ours des cavernes et l\u2019Hy\u00e8ne des cavernes.<\/p>\n<p>D\u2019autres fuyant les glaces ont \u00e9mi\u00adgr\u00e9 vers le sud&nbsp;: le Lion, l\u2019Hippopotame, l\u2019\u00c9l\u00e9phant, le Rhinoc\u00e9ros.<\/p>\n<p>D\u2019autres, au contraire, ont \u00e9mi\u00adgr\u00e9 vers le nord&nbsp;: l\u2019\u00c9lan, le Glou\u00adton et le&nbsp;Renne.<\/p>\n<p>Quelques autres esp\u00e8ces ont dis\u00adpa\u00adru depuis peu de temps&nbsp;: l\u2019Aurochs, le Bison d\u2019Europe, le Dinor\u00admis, oiseau gigan\u00adtesque de la Nou\u00advelle-Z\u00e9lande, l\u2019Aepyormis, grand oiseau de Mada\u00adgas\u00adcar, le Dronte de l\u2019\u00cele Mau\u00adrice, l\u2019\u00c9l\u00e9phant afri\u00adcain et la Baleine sont en voie de disparition.<\/p>\n<p>Les v\u00e9g\u00e9\u00adtaux de l\u2019\u00e9poque qua\u00adter\u00adnaire dif\u00adf\u00e8rent peu des v\u00e9g\u00e9\u00adtaux actuels.<\/p>\n<p>Les roches qua\u00adter\u00adnaires sont friables, ce sont des argiles et des alluvions.<\/p>\n<p>Enfin on trouve d\u00e8s le d\u00e9but des ter\u00adrains qua\u00adter\u00adnaires des preuves de l\u2019existence de l\u2019homme.<\/p>\n<p>Quelle est la dur\u00e9e de ces temps g\u00e9o\u00adlo\u00adgiques&nbsp;? Il est dif\u00adfi\u00adcile de don\u00adner des chiffres.<\/p>\n<p>Pour\u00adtant on sait que, dans les mers actuelles, il faut plu\u00adsieurs ann\u00e9es pour pro\u00adduire des d\u00e9p\u00f4ts de quelques cen\u00adti\u00adm\u00e8tres, et comme l\u2019\u00e9paisseur des ter\u00adrains s\u00e9di\u00admen\u00adtaires est de plu\u00adsieurs mil\u00adliers de m\u00e8tres, on en d\u00e9duit que la terre est vieille de mil\u00adliers de si\u00e8cles.<\/p>\n<p>[\/\u200bL\u00e9on <sc>Rou\u00adget<\/sc>.\/\u200b]<\/p>\n<p>(\u00c0 suivre.)<\/p>\n","protected":false},"excerpt":{"rendered":"<p>(Suite) Avant de pas\u00adser en revue l\u2019\u00e9volution humaine, jetons un peu nos regards sur les \u00e9poques loin\u00adtaines o\u00f9 la terre com\u00admen\u00ad\u00e7ait seule\u00adment \u00e0 se soli\u00addi\u00adfier et \u00e0 prendre corps. La Pal\u00e9on\u00adto\u00adlo\u00adgie, c\u2019est-\u00e0-dire l\u2019\u00e9tude des fos\u00adsiles&nbsp;: d\u00e9bris ou empreintes de v\u00e9g\u00e9\u00adtaux et d\u2019animaux ayant v\u00e9cu dans les eaux ou sur les conti\u00adnents pen\u00addant les p\u00e9riodes g\u00e9ologiques,&nbsp;[\u2026]<\/p>\n","protected":false},"author":1,"featured_media":0,"comment_status":"closed","ping_status":"closed","sticky":false,"template":"","format":"standard","meta":{"wp_typography_post_enhancements_disabled":false,"footnotes":""},"categories":[337],"tags":[],"ppma_author":[540],"class_list":["post-2843","post","type-post","status-publish","format-standard","hentry","category-la-revue-anarchiste-na6-juin-1922"],"authors":[{"term_id":540,"user_id":1,"is_guest":0,"slug":"admin_3gikpwyf","display_name":"Vincent Dubuc","avatar_url":"https:\/\/secure.gravatar.com\/avatar\/d015720652c25fd2ced191ade86430094e1f288a17483713e3b34d26dea52507?s=96&d=mm&r=g","author_category":"","user_url":"https:\/\/la-presse-anarchiste.net","last_name":"Dubuc","first_name":"Vincent","job_title":"","description":""}],"_links":{"self":[{"href":"https:\/\/la-presse-anarchiste.net\/index.php\/wp-json\/wp\/v2\/posts\/2843","targetHints":{"allow":["GET"]}}],"collection":[{"href":"https:\/\/la-presse-anarchiste.net\/index.php\/wp-json\/wp\/v2\/posts"}],"about":[{"href":"https:\/\/la-presse-anarchiste.net\/index.php\/wp-json\/wp\/v2\/types\/post"}],"author":[{"embeddable":true,"href":"https:\/\/la-presse-anarchiste.net\/index.php\/wp-json\/wp\/v2\/users\/1"}],"replies":[{"embeddable":true,"href":"https:\/\/la-presse-anarchiste.net\/index.php\/wp-json\/wp\/v2\/comments?post=2843"}],"version-history":[{"count":0,"href":"https:\/\/la-presse-anarchiste.net\/index.php\/wp-json\/wp\/v2\/posts\/2843\/revisions"}],"wp:attachment":[{"href":"https:\/\/la-presse-anarchiste.net\/index.php\/wp-json\/wp\/v2\/media?parent=2843"}],"wp:term":[{"taxonomy":"category","embeddable":true,"href":"https:\/\/la-presse-anarchiste.net\/index.php\/wp-json\/wp\/v2\/categories?post=2843"},{"taxonomy":"post_tag","embeddable":true,"href":"https:\/\/la-presse-anarchiste.net\/index.php\/wp-json\/wp\/v2\/tags?post=2843"},{"taxonomy":"author","embeddable":true,"href":"https:\/\/la-presse-anarchiste.net\/index.php\/wp-json\/wp\/v2\/ppma_author?post=2843"}],"curies":[{"name":"wp","href":"https:\/\/api.w.org\/{rel}","templated":true}]}}