{"id":2851,"date":"2011-06-08T23:32:10","date_gmt":"2011-06-08T23:32:10","guid":{"rendered":"https:\/\/la-presse-anarchiste.net\/index.php\/2011\/06\/08\/revue-des-revues-11\/"},"modified":"2011-06-08T23:32:10","modified_gmt":"2011-06-08T23:32:10","slug":"revue-des-revues-11","status":"publish","type":"post","link":"https:\/\/la-presse-anarchiste.net\/index.php\/2011\/06\/08\/revue-des-revues-11\/","title":{"rendered":"Revue des revues"},"content":{"rendered":"<div class=\"pdfprnt-buttons pdfprnt-buttons-post pdfprnt-top-right\"><a href=\"https:\/\/la-presse-anarchiste.net\/index.php\/wp-json\/wp\/v2\/posts\/2851?print=pdf\" class=\"pdfprnt-button pdfprnt-button-pdf\" target=\"_blank\"><img decoding=\"async\" src=\"https:\/\/la-presse-anarchiste.net\/wp-content\/plugins\/pdf-print\/images\/pdf.png\" alt=\"image_pdf\" title=\"Afficher le PDF\"><\/a><a href=\"https:\/\/la-presse-anarchiste.net\/index.php\/wp-json\/wp\/v2\/posts\/2851?print=print\" class=\"pdfprnt-button pdfprnt-button-print\" target=\"_blank\"><img decoding=\"async\" src=\"https:\/\/la-presse-anarchiste.net\/wp-content\/plugins\/pdf-print\/images\/print.png\" alt=\"image_print\" title=\"Contenu imprim\u00e9\"><\/a><\/div><p>Allons&nbsp;! bon&nbsp;! Je regret\u00adtais ici m\u00eame, il n\u2019y a pas bien long\u00adtemps, la riva\u00adli\u00adt\u00e9 des deux langues inter\u00adna\u00adtio\u00adnales (<i>esp\u00e9\u00adran\u00adto<\/i> et <i>ido<\/i>), car il est incon\u00adtes\u00adtable que cette riva\u00adli\u00adt\u00e9 fait du tort \u00e0 l\u2019id\u00e9e m\u00eame de langue inter\u00adna\u00adtio\u00adnale. Et voi\u00adci que m\u2019arrive <i>Kos\u00admo\u00adglott<\/i> (Direc\u00adteur E. de Wahl, Niki\u00adtins\u00adtrad 10 \u00e0 <i>Reval<\/i>, Esto\u00adnie). Cet organe est sous-inti\u00adtu\u00adl\u00e9 <i>Jur\u00adnal scien\u00adtic impar\u00adtial de lingue inter\u00adna\u00adtio\u00adnal, redac\u00adtet in lingue occi\u00adden\u00adtal<\/i>. Je sup\u00adpose que vous com\u00adpre\u00adnez \u00e0 peu pr\u00e8s comme moi. J\u2019ai par\u00adcou\u00adru ce num\u00e9\u00adro&nbsp;: on y vante natu\u00adrel\u00adle\u00adment l\u2019universalisme, l\u2019impartialit\u00e9 de l\u2019Occidental. On y cri\u00adtique copieu\u00adse\u00adment l\u2019esp\u00e9ranto et l\u2019ido non moins natu\u00adrel\u00adle\u00adment&nbsp;! Le pre\u00admier article s\u2019intitule <i>Li incor\u00adrec\u00adti\u00adbil defectes de Espe\u00adran\u00adto. Kos\u00admo\u00adglott<\/i> donne en sup\u00adpl\u00e9\u00adment un lexique en langue <i>Occi\u00adden\u00adtal<\/i>&nbsp;: mal\u00adheu\u00adreu\u00adse\u00adment, mes connais\u00adsances lin\u00adguis\u00adtiques sont trop r\u00e9duites pour que je puisse dis\u00adser\u00adter l\u00e0-des\u00adsus. Mais je ne doute pas qu\u2019un idiste ou un esp\u00e9\u00adran\u00adtiste n\u2019\u00e9crive bien\u00adt\u00f4t un ful\u00adgu\u00adrant article&nbsp;: <i>Li incor\u00adrec\u00adti\u00adbil defectes de lingue Occi\u00adden\u00adtal<\/i>. Et l\u2019on pour\u00adra conti\u00adnuer long\u00adtemps&nbsp;ainsi&nbsp;!<\/p>\n<p>[|<b>*  *  *  *<\/b>|]<br>\n<\/p>\n<p>Je croyais avoir d\u00e9cou\u00advert une qua\u00adtri\u00e8me langue inter\u00adna\u00adtio\u00adnale en ouvrant le cahier n\u00b018 de <i>\u00c7a Ira&nbsp;!<\/i> (M.&nbsp;van Esche, 61 Hof\u00adstraat Eecke\u00adren-Anvers). Je lus en effet le po\u00e8me suivant&nbsp;:<\/p>\n<poesie>Convexi\u00adt\u00e9s (son\u00adnet l\u00e9preux)&nbsp;\n<p>\tCoquin&nbsp;!<br>\n . . Que la macle, opte<br>\nTri\u00adcus\u00adpide, orcel\u00adlant le&nbsp;copte<br>\nSi j\u2019engaine un moufle au bleu lambrequin.<br>\nTenant sinistre une ante ogive, le trusquin<br>\nEnnea\u00adpyle\u200a\u2014\u200a\u00e0 moins qu\u2019en l\u2019ove borgne \u2014adopte<br>\nOscil\u00adlant l\u2019\u00e9pigie au barathre panopte<br>\nQuin\u00adtal. Mais Cla\u00adrine en lam\u00adbourde du&nbsp;quint&nbsp;!<\/p>\n<p>Je m\u2019arr\u00eate&nbsp;: ce n\u2019est pas fini, il y a encore treize lignes simi\u00adlaires, mais j\u2019ai peur d\u2019attraper une m\u00e9nin\u00adgite et de flan\u00adquer une conjonc\u00adti\u00advite aigu\u00eb au pauvre cama\u00adrade correcteur.<\/p>\n<p>Avez-vous com\u00adpris, ami lec\u00adteur. J\u2019en doute. Moi, je n\u2019y vois que du bleu, dans ce pseu\u00addo-son\u00adnet, beau\u00adcoup plus h\u00e9breu que l\u00e9preux&nbsp;! Mais nous ne sommes,\u200a\u2014\u200aconso\u00adlons-nous vite, allez&nbsp;!\u200a\u2014\u200aque d\u2019incurables idiots qui ne com\u00adpren\u00addrons jamais rien aux beau\u00adt\u00e9s de la lit\u00adt\u00e9\u00adra\u00adture nouvelle&nbsp;!<\/p>\n<p>[|<b>*  *  *  *<\/b>|]<br>\n<\/p>\n<p>Apr\u00e8s un num\u00e9\u00adro hors s\u00e9rie que nous n\u2019avons jamais re\u00e7u, <i>Action<\/i> (7, rue du Vieux-Colom\u00adbier, Paris\u20116<sup>e<\/sup>) inau\u00adgure une nou\u00advelle s\u00e9rie. Dans le pre\u00admier cahier (mars-avril 1922) il y a encore bien des pages que nous n\u2019aimons gu\u00e8re, notam\u00adment ces <i>Amants de Pise<\/i> de M.&nbsp;L\u00e9on-Pierre Quint o\u00f9 se d\u00e9pensent vrai\u00adment beau\u00adcoup d\u2019efforts pour arri\u00adver \u00e0 un bien faible r\u00e9sul\u00adtat. Mais il y a aus\u00adsi de tr\u00e8s bonnes choses, un beau po\u00e8me d\u2019Andr\u00e9 Sal\u00admon, une \u00e9tude int\u00e9\u00adres\u00adsante de Carl Ein\u00adstein sur l\u2019Art n\u00e8gre et sur\u00adtout des sou\u00adve\u00adnirs de Vla\u00adminck sur <i>Guillaume Apol\u00adli\u00adnaire<\/i>, vrai\u00adment savou\u00adreux et qui consti\u00adtuent une utile mise au point. En voi\u00adci quelques extraits&nbsp;:<\/p>\n<p><quote>\u00ab&nbsp;L\u2019art de notre \u00e9poque&nbsp;? Art fait de th\u00e9o\u00adries, pein\u00adture m\u00e9ta\u00adphy\u00adsique o\u00f9 l\u2019abstraction rem\u00adplace la sen\u00adsi\u00adbi\u00adli\u00adt\u00e9. Art qui manque de san\u00adt\u00e9 morale, r\u00e9duit aux sp\u00e9\u00adcu\u00adla\u00adtions, emprun\u00adtant aux math\u00e9\u00adma\u00adtiques, \u00e0 la g\u00e9o\u00adm\u00e9\u00adtrie vingt si\u00e8cles de culture, art du ving\u00adti\u00e8me si\u00e8cle qui pille les n\u00e8gres de la C\u00f4te d\u2019Ivoire et d\u00e9vore les anthro\u00adpo\u00adphages des Nou\u00advelles-H\u00e9brides. En art, les th\u00e9o\u00adries ont la m\u00eame uti\u00adli\u00adt\u00e9 que les ordon\u00adnances de m\u00e9de\u00adcin&nbsp;; pour y croire, faut \u00eatre malade.&nbsp;\u00bb<\/quote><\/p>\n<p>\u00ab&nbsp;\u2026 Guillaume Apol\u00adli\u00adnaire \u00e9tait un homme fin, un intel\u00adlec\u00adtuel intel\u00adli\u00adgent, mais il exis\u00adtait au fond de lui-m\u00eame une cer\u00adtaine na\u00ef\u00adve\u00adt\u00e9, na\u00ef\u00adve\u00adt\u00e9 qu\u2019il trans\u00adfor\u00admait en doute, en une cer\u00adtaine ori\u00adgi\u00adna\u00adli\u00adt\u00e9. Il oubliait ou fei\u00adgnait d\u2019oublier, que dans l\u2019art comme dans la vie l\u2019esprit seul ne suf\u00adfit pas, qu\u2019il entre dans les deux cas une grande part d\u2019intelligence, de g\u00e9n\u00e9\u00adro\u00adsi\u00adt\u00e9 et de&nbsp;c\u0153ur.<\/p>\n<p>Il \u00e9tait atti\u00adr\u00e9, pris, trou\u00adbl\u00e9 par l\u2019\u00e9trange, le bizarre, l\u2019anormal. Culti\u00adv\u00e9, \u00e9ru\u00addit, d\u2019une \u00e9ru\u00addi\u00adtion qu\u2019il aug\u00admen\u00adtait selon ses besoins, il \u00e9tait super\u00adsti\u00adtieux, allait chez les som\u00adnam\u00adbules, croyait \u00e0 l\u2019avenir d\u00e9voi\u00adl\u00e9 par les cartes, \u00e9vi\u00adtait les \u00e9chelles\u2026<\/p>\n<p>\u2026 Dans le m\u00eame esprit para\u00addoxal o\u00f9 il lisait les romans popu\u00adlaires de <i>Nick Car\u00adter<\/i> et du <i>Vau\u00adtour de la Sier\u00adra<\/i>, devant un chro\u00admo il disait&nbsp;:<\/p>\n<p>\u2014 C\u2019est peut-\u00eatre mieux que C\u00e9zanne&nbsp;?<\/p>\n<p>Il d\u00e9rou\u00adlait l\u2019auditeur, l\u2019ami, et cela deve\u00adnait amu\u00adsant, une d\u00e9cou\u00adverte&nbsp;? La deuxi\u00e8me fois, il disait&nbsp;:<\/p>\n<p>\u2014 C\u2019est mieux que C\u00e9zanne&nbsp;!<\/p>\n<p>Et il jouait tirer le doute cr\u00e9\u00e9, avec le d\u00e9sordre, le bon sens, l\u2019absurde.<\/p>\n<p>Un jour, Apol\u00adli\u00adnaire me mon\u00adtrant une toile o\u00f9 des paral\u00adl\u00e9\u00adl\u00e9\u00adpi\u00adp\u00e8des s\u2019entrecroisaient dans des car\u00adr\u00e9s bleus et jaunes de ripo\u00adlin, ajouta&nbsp;:<\/p>\n<p>\u2014 Les Sis\u00adters Barisson&nbsp;!<\/p>\n<p>Ah&nbsp;! le rire de Guillaume Apol\u00adli\u00adnaire, un rire d\u2019enfant, un rire d\u2019enfant qui fait une blague et qui ne sait pas si on va se f\u00e2cher.<\/p>\n<p>Il encou\u00adra\u00adgeait, de toute l\u2019autorit\u00e9 qu\u2019il com\u00admen\u00ad\u00e7ait \u00e0 avoir, qui allait gran\u00addis\u00adsant, les plus folles \u00e9lu\u00adcu\u00adbra\u00adtions, les pires folies, stu\u00adpides pr\u00e9\u00adten\u00adtions g\u00e9o\u00adm\u00e9\u00adtriques et don\u00adnait une cer\u00adtaine impor\u00adtance \u00e0 de pitoyables per\u00adson\u00adna\u00adli\u00adt\u00e9s p\u00e9d\u00e9\u00adras\u00adtiques fabri\u00adqu\u00e9es avec le sperme \u00e9ven\u00adt\u00e9 du p\u00e8re&nbsp;Ubu.<\/p>\n<p>Ce qui fai\u00adsait l\u2019autorit\u00e9, la force de Guillaume Apol\u00adli\u00adnaire par\u00admi ses amis et un cer\u00adtain public, c\u2019\u00e9tait une adresse dans la fan\u00adtai\u00adsie, une adresse d\u2019\u00e9quilibriste, une mani\u00e8re de pro\u00adfes\u00adseur de tan\u00adgo qui inven\u00adte\u00adrait des danses que lui seul pour\u00adrait danser.<\/p>\n<p>Encou\u00adra\u00adg\u00e9, flat\u00adt\u00e9 par tous ceux qui, pen\u00addant une p\u00e9riode trouble, esp\u00e8rent des avan\u00adtages imm\u00e9\u00addiats ou loin\u00adtains, pour tous ceux qui escomp\u00adtaient d\u00e9j\u00e0 tirer d\u2019un camou\u00adflage occulte une petite place \u00e0 la gloire, aux b\u00e9n\u00e9\u00adfices, il devint net\u00adte\u00adment le pilier qui sou\u00adte\u00adnait tout l\u2019\u00e9difice cubiste.<\/p>\n<p>Je crois qu\u2019\u00e0 cette \u00e9poque, il ne savait plus lui m\u00eame si cela l\u2019amusait ou s\u2019il n\u2019\u00e9tait pas pris de ver\u00adtige devant cette tour de Babel qu\u2019\u00e9tait deve\u00adnu l\u2019art fran\u00e7ais\u2026<\/p>\n<p>\u2026 Je revis Apol\u00adli\u00adnaire en avril 1918. Je consta\u00adtai chez lui un \u00e9tat d\u2019esprit plus r\u00e9a\u00adliste, plus objec\u00adtif, plus pr\u00e8s de la vie. De tout ce que je lui rap\u00adpe\u00adlais, il en riait. Il riait de lui-m\u00eame, il riait de toute cette confu\u00adsion, de ce g\u00e2chis dans les id\u00e9es, comme si cela n\u2019avait pas de cons\u00e9\u00adquences, et il n\u2019y atta\u00adchait pas plus d\u2019importance qu\u2019\u00e0 des dettes de bis\u00adtro res\u00adt\u00e9es impay\u00e9es ou aux mets qu\u2019il avait pr\u00e9\u00adpa\u00adr\u00e9s un soir pour un d\u00eener&nbsp;: des poires \u00e0 mou\u00adtarde, des pis\u00adsen\u00adlits \u00e0 l\u2019eau de Cologne.<\/p>\n<p>Il oubliait qu\u2019il avait encou\u00adra\u00adg\u00e9 le doute par une sur\u00aden\u00adch\u00e8re gra\u00adtuite incon\u00adtr\u00f4\u00adlable, qu\u2019il avait ren\u00addit un ins\u00adtant plus abs\u00adcons le lan\u00adgage de la pen\u00ads\u00e9e dans l\u2019art, qu\u2019il avait engen\u00addr\u00e9 la m\u00e9fiance entre soi et m\u00eame en soi, il oubliait qu\u2019il avait don\u00adn\u00e9 une atti\u00adtude de g\u00e9nie \u00e0 l\u2019impuissance\u2026<\/p>\n<p>L\u2019article s\u2019intitule <i>Homi\u00adcide par impru\u00addence<\/i> et c\u2019est fort juste. C\u2019est une rude impru\u00addence de dire la v\u00e9ri\u00adt\u00e9 et cela peut tuer un homme. Les dieux perdent tou\u00adjours de la v\u00e9n\u00e9\u00adra\u00adtion quand on enl\u00e8ve leurs voiles.<\/p>\n<p>Et gare, mon vieux Vla\u00adminck, \u00e0 tous les <i>impuis\u00adsants<\/i> que tu ren\u00adverses de leur socle de G\u00e9nie o\u00f9 Apol\u00adli\u00adnaire les his\u00adsa. Sit\u00f4t \u00e0 terre, ils se met\u00adtront tous \u00e0 tes trousses. Et comme ce sont de rudes aboyeurs, tu n\u2019es pas pr\u00e8s d\u2019avoir fini.<\/p>\n<p>[|<b>*  *  *  *<\/b>|]<br>\n<\/p>\n<p>Dans le num\u00e9\u00adro des <i>Cahiers d\u2019aujourd\u2019hui<\/i>, j\u2019ai sur\u00adtout aim\u00e9 les illus\u00adtra\u00adtions de Vla\u00adminck et ses <i>Sou\u00adve\u00adnirs<\/i>, l\u2019\u00e9tude si fra\u00adter\u00adnel\u00adle\u00adment \u00e9mue de Paul Colin sur <i>Frank Wede\u00adkind<\/i>, l\u2019un des plus sym\u00adpa\u00adthiques par\u00admi les \u00e9cri\u00advains alle\u00admands contem\u00adpo\u00adrains. \u00ab&nbsp;<i>De quelque c\u00f4t\u00e9 qu\u2019on aborde Wede\u00adkind, il est celui qui ne tran\u00adsige pas, qui s\u2019affirme comme une fata\u00adli\u00adt\u00e9, et qui \u00e9chappe au contr\u00f4le de ses contem\u00adpo\u00adrains. Hors le loi com\u00admune, dans sa vie quo\u00adti\u00addienne&nbsp;: pen\u00addant cin\u00adquante-quatre ann\u00e9es qu\u2019il a v\u00e9cu, de 1864 \u00e0 1918, il a fait vingt m\u00e9tiers et il est demeu\u00adr\u00e9 constam\u00adment en marge de toute la machine sociale.&nbsp;\u00bb<\/i><\/p>\n<p>\u2026 Cet homme de qui le seul res\u00adsort fut l\u2019impopularit\u00e9 et le seul salaire la haine de deux g\u00e9n\u00e9\u00adra\u00adtions, fut le plus grand \u00ab&nbsp;influen\u00adceur&nbsp;\u00bb de son temps et tout l\u2019Expressionnisme, au th\u00e9\u00e2tre mais aus\u00adsi dans le roman, mais aus\u00adsi\u200a\u2014\u200ace qui est beau\u00adcoup plus impor\u00adtant,\u200a\u2014\u200adans la men\u00adta\u00adli\u00adt\u00e9 quo\u00adti\u00addienne (car l\u2019Expressionnisme est un mou\u00adve\u00adment social) est n\u00e9 de lui ou, du moins, lui doit sa vitalit\u00e9.&nbsp;\u00bb<\/p>\n<p>Jean Cas\u00adson a tra\u00adduit de l\u2019espagnol de curieuses proses de Ramon Gomez de la Ser\u00adna, inti\u00adtu\u00adl\u00e9es <i>Seins<\/i>. Voi\u00adci le para\u00adgraphe rela\u00adtif aux <i>Seins de reli\u00adgieuses<\/i>&nbsp;:<\/p>\n<p><quote>\u00ab&nbsp;Les seins des reli\u00adgieuses ont l\u2019air d\u2019\u00eatre tour\u00adn\u00e9s vers le dedans, d\u2019\u00eatre des seins concaves.&nbsp;\u00bb<\/quote><\/p>\n<p>Cer\u00adtaines les ont, cou\u00adron\u00adn\u00e9s d\u2019\u00e9pines et cri\u00adbl\u00e9s de coups de griffes. D\u2019autres les portent atta\u00adch\u00e9s, com\u00adpri\u00adm\u00e9s par de fortes cordes.<\/p>\n<p>Les reli\u00adgieuses sentent leurs seins comme l\u2019accusation de leur \u00e9tat de femmes. C\u2019est par l\u00e0 que le diable les tient, et, qu\u2019elles le veuillent ou non, elles ont la preuve de leur exis\u00adtence quand elles se couchent dans leurs lits sans matelas.<\/p>\n<p>Elles \u00e9teignent pour ne pas se voir&nbsp;; elles se d\u00e9sha\u00adbillent dans l\u2019obscurit\u00e9, mais leurs seins brillent dans l\u2019obscurit\u00e9 et \u00e9clairent la cel\u00adlule avec l\u2019\u00e9clat de ces miroirs qui luisent encore dans les chambres o\u00f9 la lumi\u00e8re n\u2019entre par aucune fente.<\/p>\n<p>Oh. si l\u2019on fai\u00adsait l\u2019exp\u00e9rience de d\u00e9cou\u00advrir des plaques sen\u00adsibles dans la chambre la plus obs\u00adcure, en face de la femme nue, on y ver\u00adrait le halo de ses&nbsp;seins&nbsp;!&nbsp;\u00bb<\/p>\n<p>L\u00e9on Werth nous parle de deux peintres&nbsp;: Madame Mar\u00adval et Matisse. Il y a aus\u00adsi une prose de lui&nbsp;: <i>Invec\u00adtives<\/i>, si nour\u00adrie d\u2019id\u00e9es, si simple de style, comme tou\u00adjours. Je ne puis r\u00e9sis\u00adter au d\u00e9sir d\u2019en trans\u00adcrire quelques lignes&nbsp;:<\/p>\n<p><quote>\u00ab&nbsp;Je dirai son fait, s\u2019il me pla\u00eet, \u00e0 un m\u00e9chant livre ou \u00e0 un m\u00e9chant homme. Mais ce qui bien sou\u00advent m\u2019en d\u00e9tourne et m\u2019en d\u00e9go\u00fbte, c\u2019est\u2026<br>\n<br>\u2014 C\u2019est&nbsp;?<br>\n<br>\u2014 C\u2019est&nbsp;vous.<br>\n<br>\u2014 Moi&nbsp;?<br>\n<br>\u2014 Vous et tous. La sorte de plai\u00adsir que vous pre\u00adnez \u00e0 l\u2019\u00e9tripement des autres par les autres me r\u00e9pugne. Que ne vous y col\u00adlez-vous un peu&nbsp;? Que ne retrous\u00adsez-vous par\u00adfois vos manches&nbsp;? Bien sou\u00advent,\u200a\u2014\u200aet sur\u00adtout pen\u00addant la guerre,\u200a\u2014\u200aje vous ai enten\u00addu vous indi\u00adgnant. Je vous disais alors&nbsp;: Voi\u00adl\u00e0 ce qu\u2019il fau\u00addrait \u00e9crire&nbsp;:\u200a\u2014\u200a\u00ab&nbsp;Oui, oui, me r\u00e9pon\u00addiez-vous.&nbsp;\u00bb Un jour o\u00f9 l\u2019autre. J\u2019ai des notes. Il faut que je les mette en ordre. Et puis je veux m\u00e2cher \u00e7\u00e0 et le rem\u00e2\u00adcher\u2026 \u00ab&nbsp;Vous m\u00e2chiez tant que vous ava\u00adliez. Et quelque temps apr\u00e8s vous veniez me trou\u00adver disant&nbsp;: \u00ab&nbsp;Quel bel article il y aurait l\u00e0 pour vous&nbsp;!&nbsp;\u00bb Me pre\u00adnez-vous pour un de ces caba\u00adre\u00adtiers qui gagnent leur vie, sur le maso\u00adchisme humain, en engueu\u00adlant leur client\u00e8le&nbsp;?<\/quote><\/p>\n<p>[|<b>*  *  *  *<\/b>|]<br>\n<\/p>\n<p>Le <i>Bul\u00adle\u00adtin des Amis d\u2019\u00c9mile Zola<\/i> (35, rue de la Roche\u00adfou\u00adcauld, Paris\u20119<sup>e<\/sup>), repro\u00adduit les dis\u00adcours pro\u00adnon\u00adc\u00e9s au p\u00e8le\u00adri\u00adnage de Medan, par Mar\u00adcel Batilliat, Hen\u00adri Bar\u00adbusse, Vic\u00adtor Mar\u00adgue\u00adritte, Eug\u00e8ne Fas\u00adquelle et Paul Sou\u00adday. Il exhume aus\u00adsi des pages que Ray\u00admond Poin\u00adca\u00adr\u00e9, l\u2019Homme-qui-rit-sur-la-tombe-des-morts, com\u00admit jadis sur \u00c9mile Zola. Le Bul\u00adle\u00adtin affirme tr\u00e8s s\u00e9rieu\u00adse\u00adment que \u00ab&nbsp;<i>l\u2019Homme d\u2019\u00c9tat aurait pu faire figure de grand cri\u00adtique lit\u00adt\u00e9\u00adraire, s\u2019il n\u2019avait orien\u00adt\u00e9 sa car\u00adri\u00e8re vers le bar\u00adreau et la poli\u00adtique<\/i>&nbsp;\u00bb. Bigre&nbsp;! la lit\u00adt\u00e9\u00adra\u00adture l\u2019a \u00e9chap\u00adp\u00e9&nbsp;belle&nbsp;!<\/p>\n<p>Ces pages sont d\u2019ailleurs une d\u00e9fense de Zola. Mais que dira l\u2019ami de Ray\u00admond-sans-Conscience, le L\u00e9on Dau\u00addet, insul\u00adteur gag\u00e9 de Zola qu\u2019il fla\u00adgor\u00adna jadis si bassement&nbsp;?\u2026<\/p>\n<p>[|<b>*  *  *  *<\/b>|]<br>\n<\/p>\n<p><i>Clar\u00adt\u00e9<\/i> (n\u00b013) annonce fi\u00e8\u00adre\u00adment que P. Vaillant-Cou\u00adtu\u00adrier et Jean Bemier ont envoy\u00e9 leur d\u00e9mis\u00adsion de l\u2019<i>Asso\u00adcia\u00adtion des \u00c9cri\u00advains Com\u00adbat\u00adtants<\/i>, cette Asso\u00adcia\u00adtion ayant para\u00eet-il, orga\u00adni\u00ads\u00e9 des ban\u00adquets pr\u00e9\u00adsi\u00add\u00e9s par L\u00e9on B\u00e9rard et M.&nbsp;Maginot.<\/p>\n<p>Cette lettre four\u00admille d\u2019ailleurs de pas\u00adsages rude\u00adment\u2026 sug\u00adges\u00adtifs. Savou\u00adrez plu\u00adt\u00f4t&nbsp;: \u00ab&nbsp;C\u2019est du meilleur c\u0153ur que nous avons adh\u00e9\u00adr\u00e9, lors de sa fon\u00adda\u00adtion, \u00e0 l\u2019A.E.C\u2026<\/p>\n<p>Nous aimions \u00e0 fr\u00e9\u00adquen\u00adter ceux qui avaient pas\u00ads\u00e9 par l\u00e0 o\u00f9 nous avions pas\u00ads\u00e9. (Vrai\u00adment&nbsp;? Moi pas. J\u2019\u00e9tais plus heu\u00adreux de ren\u00adcon\u00adtrer Romain Rol\u00adland, Armand ou Lecoin, que de revoir le ser\u00adgent Bel\u00adle\u00adgueule, le capo\u00adral Trou\u00adba\u00addour ou le deuxi\u00e8me classe Ducon du 6\u200a\u2013\u200a7&nbsp;! Ah oui&nbsp;! Tr\u00e8s peu flat\u00adt\u00e9, au contraire, du sou\u00adve\u00adnir de notre com\u00admune l\u00e2che\u00adt\u00e9 et pas <i>Ancien Com\u00adbat\u00adtant<\/i> pour un sou&nbsp;! Pas <i>\u00e9cri\u00advain<\/i> non plus d\u2019ailleurs, et ceci explique tout.)<\/p>\n<p>\u00ab&nbsp;Pas de poli\u00adtique&nbsp;! avait-on dit una\u00adni\u00adme\u00adment. C\u2019est pour\u00adquoi, nous, r\u00e9vo\u00adlu\u00adtion\u00adnaires, avions trou\u00adv\u00e9 tout natu\u00adrel de nous r\u00e9unir avec des cama\u00adrades de toutes les opinions.&nbsp;\u00bb<\/p>\n<p>On n\u2019est pas plus na\u00eff. Mais enfin, Ber\u00adnier et Vaillant-Cou\u00adtu\u00adrier, vous ayez accom\u00adpli le geste d\u2019\u00e9l\u00e9mentaire pro\u00adpre\u00adt\u00e9. Je ne veux pas \u00eatre trop m\u00e9chant. Aus\u00adsi vais-je vous f\u00e9li\u00adci\u00adter et vous sou\u00adhai\u00adter seule\u00adment de voir plus clair \u00e0 l\u2019avenir et de faire comme moi qui n\u2019ai jamais adh\u00e9\u00adr\u00e9 \u00e0 l\u2019A.E.C.<\/p>\n<p>Car il y en a d\u2019autres qui adh\u00e8rent tou\u00adjours. Et c\u2019est par l\u00e0 que je vais ter\u00admi\u00adner ma chronique.<\/p>\n<p>[|<b>*  *  *  *<\/b>|]<br>\n<\/p>\n<p>Mar\u00adcel Sau\u00advage n\u2019est pas un incon\u00adnu dans les milieux liber\u00adtaires. \u00c0 la mort de Pierre Char\u00addon, il reprit la direc\u00adtion de <i>la M\u00eal\u00e9e<\/i>, l\u2019organe indi\u00advi\u00addua\u00adliste, dont il dut ensuite sus\u00adpendre la publi\u00adca\u00adtion. Il avait aid\u00e9 M.&nbsp;Fol\u00adlin \u00e0 publier <i>l\u2019Ordre natu\u00adrel<\/i>, mais ce fai\u00adsant, il res\u00adtait fid\u00e8le \u00e0 son indi\u00advi\u00addua\u00adlisme libertaire.<\/p>\n<p>Je savais qu\u2019il fai\u00adsait par\u00adtie comme Ber\u00adnier et Vaillant-Cou\u00adtu\u00adrier, de l\u2019A.E.C. Mais je ne savais pas qu\u2019il \u00e9tait un membre aus\u00adsi actif de cette soci\u00e9\u00adt\u00e9 de pro\u00adpa\u00adgande patrio\u00adtique. Ces jours-ci, parut, dans l\u2019<i>Action Fran\u00ad\u00e7aise<\/i>, le <i>Petit Pari\u00adsien<\/i>, et autres bour\u00adreurs de cr\u00e2nes, une r\u00e9clame pour un ouvrage en deux volumes&nbsp;: <i>La Grande Guerre, v\u00e9cue, racon\u00adt\u00e9e, illus\u00adtr\u00e9e par les Com\u00adbat\u00adtants<\/i>, avec une pr\u00e9\u00adface de M.&nbsp;le Mar\u00e9\u00adchal Foch et un Hom\u00admage de M.&nbsp;le mar\u00e9\u00adchal P\u00e9tain, au sol\u00addat fran\u00ad\u00e7ais. Par\u00admi les col\u00adla\u00adbo\u00adra\u00adteurs, je remarque&nbsp;: Pierre Dupont, un des h\u00e9ros du Fort de Vaux, J. P\u00e9ri\u00adcard qui pousse le cri sublime (<i>sic<\/i>)&nbsp;: <i>Debout les morts&nbsp;!<\/i> et\u2026 Mar\u00adcel Sau\u00advage (<i>re-sic<\/i>), dont le nom est modes\u00adte\u00adment sui\u00advi d\u2019un petit signe qui repr\u00e9\u00adsente une croix de guerre&nbsp;! (<i>re-resic&nbsp;!<\/i>)<\/p>\n<p>Alors, je ne com\u00adprends plus, mon vieux Sau\u00advage, moi qui re\u00e7ois jus\u00adte\u00adment ton manus\u00adcrit <i>Po\u00e8mes contre la guerre<\/i>, avec pri\u00e8re d\u2019en faire un num\u00e9\u00adro sp\u00e9\u00adcial des <i>Humbles<\/i>. Je ne com\u00adprends pas du tout qu\u2019un com\u00adpa\u00adgnon de P\u00e9tain et de Foch, qui ose arbo\u00adrer cette croix vert-de-pour\u00adri\u00adture, veuille encore col\u00adla\u00adbo\u00adrer aux <i>Humbles<\/i>.<\/p>\n<p>Je ne com\u00adprends plus. Ou je com\u00adprends trop.&nbsp;<\/p>\n<p>Me pren\u00addrais-tu pour un&nbsp;idiot&nbsp;?<\/p>\n<p>[\/\u200bMaurice <sc>Wul\u00adlens<\/sc>.\/\u200b]<\/p>\n<\/poesie>","protected":false},"excerpt":{"rendered":"<p>Allons&nbsp;! bon&nbsp;! Je regret\u00adtais ici m\u00eame, il n\u2019y a pas bien long\u00adtemps, la riva\u00adli\u00adt\u00e9 des deux langues inter\u00adna\u00adtio\u00adnales (esp\u00e9\u00adran\u00adto et ido), car il est incon\u00adtes\u00adtable que cette riva\u00adli\u00adt\u00e9 fait du tort \u00e0 l\u2019id\u00e9e m\u00eame de langue inter\u00adna\u00adtio\u00adnale. Et voi\u00adci que m\u2019arrive Kos\u00admo\u00adglott (Direc\u00adteur E. de Wahl, Niki\u00adtins\u00adtrad 10 \u00e0 Reval, Esto\u00adnie). Cet organe est sous-intitul\u00e9&nbsp;[\u2026]<\/p>\n","protected":false},"author":1,"featured_media":0,"comment_status":"closed","ping_status":"closed","sticky":false,"template":"","format":"standard","meta":{"wp_typography_post_enhancements_disabled":false,"footnotes":""},"categories":[337],"tags":[],"ppma_author":[540],"class_list":["post-2851","post","type-post","status-publish","format-standard","hentry","category-la-revue-anarchiste-na6-juin-1922"],"authors":[{"term_id":540,"user_id":1,"is_guest":0,"slug":"admin_3gikpwyf","display_name":"Vincent Dubuc","avatar_url":"https:\/\/secure.gravatar.com\/avatar\/d015720652c25fd2ced191ade86430094e1f288a17483713e3b34d26dea52507?s=96&d=mm&r=g","author_category":"","user_url":"https:\/\/la-presse-anarchiste.net","last_name":"Dubuc","first_name":"Vincent","job_title":"","description":""}],"_links":{"self":[{"href":"https:\/\/la-presse-anarchiste.net\/index.php\/wp-json\/wp\/v2\/posts\/2851","targetHints":{"allow":["GET"]}}],"collection":[{"href":"https:\/\/la-presse-anarchiste.net\/index.php\/wp-json\/wp\/v2\/posts"}],"about":[{"href":"https:\/\/la-presse-anarchiste.net\/index.php\/wp-json\/wp\/v2\/types\/post"}],"author":[{"embeddable":true,"href":"https:\/\/la-presse-anarchiste.net\/index.php\/wp-json\/wp\/v2\/users\/1"}],"replies":[{"embeddable":true,"href":"https:\/\/la-presse-anarchiste.net\/index.php\/wp-json\/wp\/v2\/comments?post=2851"}],"version-history":[{"count":0,"href":"https:\/\/la-presse-anarchiste.net\/index.php\/wp-json\/wp\/v2\/posts\/2851\/revisions"}],"wp:attachment":[{"href":"https:\/\/la-presse-anarchiste.net\/index.php\/wp-json\/wp\/v2\/media?parent=2851"}],"wp:term":[{"taxonomy":"category","embeddable":true,"href":"https:\/\/la-presse-anarchiste.net\/index.php\/wp-json\/wp\/v2\/categories?post=2851"},{"taxonomy":"post_tag","embeddable":true,"href":"https:\/\/la-presse-anarchiste.net\/index.php\/wp-json\/wp\/v2\/tags?post=2851"},{"taxonomy":"author","embeddable":true,"href":"https:\/\/la-presse-anarchiste.net\/index.php\/wp-json\/wp\/v2\/ppma_author?post=2851"}],"curies":[{"name":"wp","href":"https:\/\/api.w.org\/{rel}","templated":true}]}}