{"id":2874,"date":"2011-06-26T07:53:00","date_gmt":"2011-06-26T07:53:00","guid":{"rendered":"https:\/\/la-presse-anarchiste.net\/index.php\/2011\/06\/26\/correspondance-18\/"},"modified":"2011-06-26T07:53:00","modified_gmt":"2011-06-26T07:53:00","slug":"correspondance-18","status":"publish","type":"post","link":"https:\/\/la-presse-anarchiste.net\/index.php\/2011\/06\/26\/correspondance-18\/","title":{"rendered":"Correspondance"},"content":{"rendered":"<div class=\"pdfprnt-buttons pdfprnt-buttons-post pdfprnt-top-right\"><a href=\"https:\/\/la-presse-anarchiste.net\/index.php\/wp-json\/wp\/v2\/posts\/2874?print=pdf\" class=\"pdfprnt-button pdfprnt-button-pdf\" target=\"_blank\"><img decoding=\"async\" src=\"https:\/\/la-presse-anarchiste.net\/wp-content\/plugins\/pdf-print\/images\/pdf.png\" alt=\"image_pdf\" title=\"Afficher le PDF\"><\/a><a href=\"https:\/\/la-presse-anarchiste.net\/index.php\/wp-json\/wp\/v2\/posts\/2874?print=print\" class=\"pdfprnt-button pdfprnt-button-print\" target=\"_blank\"><img decoding=\"async\" src=\"https:\/\/la-presse-anarchiste.net\/wp-content\/plugins\/pdf-print\/images\/print.png\" alt=\"image_print\" title=\"Contenu imprim\u00e9\"><\/a><\/div><p><strong>La R\u00e9pu\u00adblique gr\u00e9\u00advyste<\/strong>. \u2013 Les m\u00e9ca\u00adniques qui ne mar\u00adchaient pas, grin\u00ad\u00e7aient o\u00f9 mar\u00adchaient \u00e0 rebours, sont, parait-il, chan\u00adg\u00e9es&nbsp;; et cha\u00adcun croit, en France, qu\u2019a\u00adbon\u00addam\u00adment. grais\u00ads\u00e9s par le bud\u00adget (comme il convient), tous les rouages de l\u2019\u00c9\u00adtat r\u00e9pu\u00adbli\u00adcain tour\u00adne\u00adront d\u00e9sor\u00admais dans une har\u00admo\u00adnie par\u00adfaite. Soit&nbsp;; mais, comme une machine ne tourne pas pour le seul plai\u00adsir de tour\u00adner, il reste \u00e0 savoir une chose&nbsp;: si le nou\u00adveau m\u00e9ca\u00adnisme va fonc\u00adtion\u00adner <i>pour<\/i> ou <i>contre<\/i> le pro\u00adl\u00e9\u00adta\u00adriat&nbsp;; s\u2019il aide\u00adra \u00e0 fabri\u00adquer du pain pour qu\u2019on ne danse plus devant le buf\u00adfet vide, ou si les gibou\u00adl\u00e9es de plomb qui trouent les poi\u00adtrines poi\u00adlues, vont tout bon\u00adne\u00adment recom\u00admen\u00adcer. Nous nous deman\u00addons, en d\u2019autres termes, si le pro\u00adl\u00e9\u00adta\u00adriat fran\u00ad\u00e7ais gagne quelque chose au rem\u00adpla\u00adce\u00adment de la R\u00e9pu\u00adblique mar\u00e9\u00adcha\u00adlesque par la R\u00e9pu\u00adblique gr\u00e9\u00advyste&nbsp;; ou bien, s\u2019il nous faut fre\u00addon\u00adner pru\u00addem\u00adment le refrain populaire&nbsp;:<\/p>\n<poesie>C\u2019\u00e9\u00adtait pas la peine assur\u00e9ment<br>\nDe chan\u00adger de gouvernement.<\/poesie>\n<p>Admet\u00adtons donc que tout soit en place, hommes et choses, et pas\u00adsons tout le bazar en revue, avec cet \u0153il soup\u00ad\u00e7on\u00adneux qui convient \u00e0 des hommes qui sont presque tou\u00adjours refaits.<\/p>\n<p>La Chambre <i>haute<\/i> regorge jus\u00adqu\u2019au der\u00adnier \u00e9tage de r\u00e9ac\u00adtion\u00adnaires r\u00e9pu\u00adbli\u00adcains. La Chambre <i>basse<\/i> est rem\u00adplie jus\u00adqu\u2019\u00e0 la cave de r\u00e9pu\u00adbli\u00adcains r\u00e9ac\u00adtion\u00adnaires. M.&nbsp;Gr\u00e9\u00advy, dit l\u2019<i>int\u00e8gre<\/i>, est assis au fau\u00adteuil de la pr\u00e9\u00adsi\u00addence, et M.&nbsp;Gam\u00adbet\u00adta se ren\u00adgorge dans son faux-col qui craque, et pro\u00adm\u00e8ne sa son\u00adnette et son \u0153il sur le tumulte de l\u2019Assembl\u00e9e.<\/p>\n<p>On esp\u00e8re de M.&nbsp;Gr\u00e9\u00advy bien des choses, qu\u2019il fau\u00addrait ne pas esp\u00e9\u00adrer. J\u2019ac\u00adcor\u00adde\u00adrai, si l\u2019on veut, que M.&nbsp;Gr\u00e9\u00advy jus\u00adqu\u2019i\u00adci n\u2019a pas com\u00admis de fautes&nbsp;; mais on convien\u00addra avec moi que, pares\u00adseux avec d\u00e9lices, M.&nbsp;Gr\u00e9\u00advy n\u2019a\u00advait jamais rien fait. Or, vous savez le pro\u00adverbe&nbsp;: \u00ab&nbsp;qui n\u2019es\u00adsaie rien, ne se trompe jamais&nbsp;\u00bb. \u00c9&nbsp;tant don\u00adn\u00e9e l\u2019im\u00admo\u00adbi\u00adli\u00adt\u00e9 native du nou\u00adveau pr\u00e9\u00adsident de la R\u00e9pu\u00adblique, il ne pou\u00advait faire des fautes qu\u2019\u00e0 la condi\u00adtion qu\u2019on en com\u00admit pour lui&nbsp;; son pre\u00admier minis\u00adt\u00e8re abuse de la per\u00admis\u00adsion. Et bien\u00adt\u00f4t,\u200a\u2014\u200anul homme s\u00e9rieux n\u2019en doute,\u200a\u2014\u200aon ver\u00adra M.&nbsp;Gr\u00e9\u00advy d\u00e9grin\u00adgo\u00adler de la pr\u00e9\u00adsi\u00addence, d\u00e9pu\u00adce\u00adl\u00e9 de sa r\u00e9pu\u00adta\u00adtion ancienne, pli\u00e9 en deux, sous le poids des balour\u00addises des autres, balour\u00addises qu\u2019il n\u2019au\u00adra point per\u00adson\u00adnel\u00adle\u00adment com\u00admises mais qu\u2019entre deux b\u00e2ille\u00adments il aura contresign\u00e9es.<\/p>\n<p>M.&nbsp;Gam\u00adbet\u00adta est plus habile. Au cours de la der\u00adni\u00e8re crise minis\u00adt\u00e9\u00adrielle, il a sen\u00adti toutes les dif\u00adfi\u00adcul\u00adt\u00e9s de sa situa\u00adtion, et il a promp\u00adte\u00adment avi\u00ads\u00e9. Son \u00e9lec\u00adtion comme pr\u00e9\u00adsident de la Chambre a \u00e9t\u00e9 un coup de maitre, et de ma\u00eetre-coquin. Chef de la majo\u00adri\u00adt\u00e9, il \u00e9tait dans l\u2019o\u00adbli\u00adga\u00adtion de com\u00adbattre le minis\u00adt\u00e8re Dufaure, tous les minis\u00adt\u00e8res centre gauche, de deve\u00adnir chef de cabi\u00adnet, de tom\u00adber \u00e0 son tour, de perdre ce qui lui reste de vir\u00adgi\u00adni\u00adt\u00e9 par\u00adle\u00admen\u00adtaire, de ris\u00adquer son avenir.<\/p>\n<p>Une fois, il a pu voter contre M.&nbsp;Dufaure, tout en s\u2019abs\u00adte\u00adnant de par\u00adler contre lui&nbsp;; mais les cri\u00adtiques de la presse l\u2019ont aver\u00adti qu\u2019il serait peu pru\u00addent de tenir de nou\u00adveau cette atti\u00adtude oblique. Il a com\u00adpris&nbsp;; et, dans sa sou\u00adplesse de sal\u00adtim\u00adbanque, il s\u2019est r\u00e9fu\u00adgi\u00e9 dans les bras du fau\u00adteuil de Saint-S\u00e9bas\u00adtien&nbsp;; il s\u2019est mis \u00e0 cou\u00advert der\u00adri\u00e8re le mutisme de la pr\u00e9\u00adsi\u00addence, et, d\u00e9sor\u00admais en s\u00fbre\u00adt\u00e9, il attend, dans cette pre\u00admi\u00e8re \u00e9tape n\u00e9ces\u00adsaire, l\u2019oc\u00adca\u00adsion de gra\u00advir un fau\u00adteuil plus brillant, celui dont le bois est tout meur\u00adtri du sabre du mar\u00e9\u00adchal, et dont le velours va \u00eatre frois\u00ads\u00e9 et us\u00e9 par le der\u00adri\u00e8re int\u00e8gre de M.&nbsp;Gr\u00e9vy.<\/p>\n<p>Comme on le voit, ce n\u2019est pas brillant, <i>c\u00f4t\u00e9 des hommes<\/i>&nbsp;; voyons <i>c\u00f4t\u00e9 des dames<\/i>, si les ins\u00adti\u00adtu\u00adtions valent mieux.<\/p>\n<p>Le par\u00adti socia\u00adliste ouvrier se forme en France&nbsp;; or, il est cer\u00adtain que le d\u00e9ve\u00adlop\u00adpe\u00adment orga\u00adnique d\u2019un groupe, comme celui d\u2019un homme ou d\u2019une plante, d\u00e9pend dans une large mesure de la qua\u00adli\u00adt\u00e9 du milieu au sein duquel cette \u00e9vo\u00adlu\u00adtion s\u2019ef\u00adfec\u00adtue. Nous ne contes\u00adtons pas qu\u2019un sys\u00adt\u00e8me d\u2019ins\u00adti\u00adtu\u00adtions lib\u00e9\u00adrales, comme la res\u00adti\u00adtu\u00adtion de toutes nos liber\u00adt\u00e9s, ne soit une atmo\u00adsph\u00e8re favo\u00adrable \u00e0 la rapide crois\u00adsance de notre par\u00adti. Nous recon\u00adnais\u00adsons que la R\u00e9pu\u00adblique seule nous don\u00adne\u00adra ces liber\u00adt\u00e9s&nbsp;; mais il faut nous deman\u00adder si, mal\u00adgr\u00e9 les hommes que nous avons d\u00e9peints, la R\u00e9pu\u00adblique gr\u00e9\u00advyste en est grosse.<\/p>\n<p>H\u00e9las&nbsp;! non. La machine n\u2019a fait que deux tours de roue \u00e0 peine, et voi\u00adci d\u00e9j\u00e0 deux pro\u00adduits fre\u00adla\u00adt\u00e9s&nbsp;: une liber\u00adt\u00e9 (celle de la presse) fou\u00adl\u00e9e&nbsp;; une autre liber\u00adt\u00e9 (celle des pros\u00adcrits) escamot\u00e9e.<\/p>\n<p>Pour avoir publi\u00e9 des articles sign\u00e9s de deux membres de la Com\u00admune, le jour\u00adnal la <i>R\u00e9vo\u00adlu\u00adtion fran\u00ad\u00e7aise<\/i> vient d\u2019\u00eatre condam\u00adn\u00e9, en ver\u00adtu d\u2019un d\u00e9cret-loi pris dans l\u2019ar\u00adse\u00adnal de 1852. De plus, une com\u00admis\u00adsion nomi\u00adn\u00e9e parle, non pas de remettre tout sim\u00adple\u00adment la presse en liber\u00adt\u00e9, mais de codi\u00adfi\u00e9 toutes nos lois sur la presse&nbsp;!<\/p>\n<p>Le pro\u00adjet d\u2019am\u00adnis\u00adtie, tel qu\u2019il sort des mains de la com\u00admis\u00adsion, montre avec la plus vive clar\u00adt\u00e9 le peu de lib\u00e9\u00adra\u00adlisme gou\u00adver\u00adne\u00admen\u00adtal. Seront gra\u00adci\u00e9s et amnis\u00adti\u00e9s ceux-l\u00e0 seuls que le gou\u00adver\u00adne\u00adment juge\u00adra bon de gra\u00adcier et d\u2019am\u00adnis\u00adtier. Tous les autres, les chefs de la Com\u00admune, les Inter\u00adna\u00adtio\u00adna\u00adlistes, ceux qui pour\u00adraient aider \u00e0 la consti\u00adtu\u00adtion du par\u00adti socia\u00adliste, le gou\u00adver\u00adne\u00adment les craint.. Il ne les amnis\u00adtie\u00adra pas. Ils res\u00adte\u00adront en pri\u00adson comme Cos\u00adta, comme Gel\u00adler, comme Guesde&nbsp;; \u00e0 l\u2019\u00e9\u00adtran\u00adger, comme Val\u00adl\u00e8s ou Pin\u00addy&nbsp;; en Nou\u00advelle-Cal\u00e9\u00addo\u00adnie, comme Louise Michel et ses&nbsp;amis.<\/p>\n<p>Si c\u2019est l\u00e0 ce qu\u2019on appelle la res\u00adti\u00adtu\u00adtion de nos liber\u00adt\u00e9s, j\u2019im\u00adplore l\u2019au\u00adto\u00adri\u00adsa\u00adtion de deman\u00adder antre chose. Pas&nbsp;vrai&nbsp;?<\/p>\n<p><strong>Ques\u00adtion du tra\u00advail <\/strong>. \u2013 Le pro\u00adjet de loi sur les chambres syn\u00addi\u00adcales, d\u00e9po\u00ads\u00e9 sur les bureaux de la Chambre par M M.&nbsp;Lockroy et C\u00b0, ne r\u00e9us\u00adsit pas \u00e0 conqu\u00e9\u00adrir l\u2019adh\u00e9\u00adsion des tra\u00advailleurs. Trente-quatre syn\u00addi\u00adcats de Lyon ont dis\u00adcu\u00adt\u00e9 en assem\u00adbl\u00e9e g\u00e9n\u00e9\u00adrale la ques\u00adtion de savoir s\u2019il fal\u00adlait appuyer ce pro\u00adjet, ou r\u00e9cla\u00admer son retrait. Dix-sept chambres syn\u00addi\u00adcales ont conclu au rejet pur et simple du pro\u00adjet. Qua\u00adtorze ne consen\u00adti\u00adront \u00e0 l\u2019ap\u00adpuyer que si de nom\u00adbreux amen\u00adde\u00adments le trans\u00adforment. <i>Un seul<\/i> syn\u00addi\u00adcat accepte sans r\u00e9serve. Il en est de m\u00eame \u00e0 Paris. Qua\u00adrante-trois chambres syn\u00addi\u00adcales ne veulent pas en entendre par\u00adler. Toutes les chambres syn\u00addi\u00adcales, celles de Paris et celles des d\u00e9par\u00adte\u00adments, r\u00e9clament le seul \u00e9ta\u00adblis\u00adse\u00adment du droit com\u00admun, c\u2019est-\u00e0-dire la liber\u00adt\u00e9 de r\u00e9union et celle d\u2019as\u00adso\u00adcia\u00adtion. Le seul jour\u00adnal ouvrier, le <i>Pro\u00adl\u00e9\u00adtaire<\/i>, conclut aus\u00adsi au rejet du projet.<\/p>\n<p>Nous allons pro\u00adba\u00adble\u00adment nous trou\u00adver en face de deux congr\u00e8s ouvriers. L\u2019un est celui de Mar\u00adseille,\u200a\u2014\u200ale troi\u00adsi\u00e8me congr\u00e8s ouvrier de France, l\u2019autre est le congr\u00e8s <i>dit<\/i> des prud\u2019\u00adhommes. La plu\u00adpart des ouvriers trouvent avec grand sens qu\u2019il est peu utile et fort co\u00fb\u00adteux de convo\u00adquer un congr\u00e8s pour dis\u00adcu\u00adter la seule ques\u00adtion des prud\u2019hommes.<\/p>\n<p>Ils pensent que l\u2019on devrait aban\u00addon\u00adner l\u2019i\u00add\u00e9e de ce congr\u00e8s et por\u00adter tout sim\u00adple\u00adment la ques\u00adtion qu\u2019on veut, y dis\u00adcu\u00adter, \u00e0 l\u2019ordre du jour du congr\u00e8s de Mar\u00adseille. Selon nous, ils ont raison.<\/p>\n<p>Quoi qu\u2019il en soit, la com\u00admis\u00adsion qui orga\u00adnise le congr\u00e8s ouvrier <i>dit<\/i> des prud\u2019\u00adhommes, invite toutes les chambres syn\u00addi\u00adcales et toutes les soci\u00e9\u00adt\u00e9s de pro\u00adduc\u00adtion \u00e0 nom\u00admer dans le plus bref d\u00e9lai trois d\u00e9l\u00e9\u00adgu\u00e9s pour assis\u00adter \u00e0 ce Congr\u00e8s.<\/p>\n<p>J\u2019ai aus\u00adsi sous les yeux la cir\u00adcu\u00adlaire adres\u00ads\u00e9 par la com\u00admis\u00adsion d\u2019or\u00adga\u00adni\u00adsa\u00adtion du congr\u00e8s de Mar\u00adseille \u00e0 tous les tra\u00advailleurs et aux soci\u00e9\u00adt\u00e9s ouvri\u00e8res de France. Ce docu\u00adment est d\u2019une trop grande \u00e9ten\u00addue pour que vous puis\u00adsiez le publier <i>in exten\u00adso<\/i>. Je vais en don\u00adner un r\u00e9su\u00adm\u00e9 \u00e0 vos lecteurs.<\/p>\n<p>Les signa\u00adtaires de la cir\u00adcu\u00adlaire, \u00e9lus pour consti\u00adtuer la com\u00admis\u00adsion d\u2019or\u00adga\u00adni\u00adsa\u00adtion, rap\u00adpellent que la convo\u00adca\u00adtion du congr\u00e8s de Mar\u00adseille \u00e0 \u00e9t\u00e9 d\u00e9ci\u00add\u00e9e par le congr\u00e8s de Lyon. Ils montrent que le pro\u00adl\u00e9\u00adta\u00adriat fran\u00ad\u00e7ais a pris conscience de lui-m\u00eame en tant que par\u00adti, et qu\u2019il a pris pour devise&nbsp;: \u00ab&nbsp;\u00c9man\u00adci\u00adpa\u00adtion des tra\u00advailleurs par les tra\u00advailleurs eux-m\u00eames.&nbsp;\u00bb Ils disent ensuite son fait \u00e0 la R\u00e9pu\u00adblique Gr\u00e9\u00advyste&nbsp;: les tra\u00advailleurs ont tout sacri\u00adfi\u00e9 pour elle&nbsp;; elle n\u2019a rien fait encore pour les tra\u00advailleurs&nbsp;; il faut que cette ingra\u00adti\u00adtude cesse, ajoutent-ils&nbsp;; le qua\u00adtri\u00e8me \u00c9tat ne demande pas, comme le tiers-\u00c9tat jadis, \u00e0 &nbsp;<i>\u00eatre tout<\/i>&nbsp;; mais il veut, au moins, <i>\u00eatre quelque chose<\/i>. Enfin le mani\u00adfeste fait appel aux groupes ouvriers pour que l\u2019ordre du jour puisse \u00eatre consti\u00adtu\u00e9 au plus&nbsp;t\u00f4t.<\/p>\n","protected":false},"excerpt":{"rendered":"<p>La R\u00e9pu\u00adblique gr\u00e9\u00advyste. \u2013 Les m\u00e9ca\u00adniques qui ne mar\u00adchaient pas, grin\u00ad\u00e7aient o\u00f9 mar\u00adchaient \u00e0 rebours, sont, parait-il, chan\u00adg\u00e9es&nbsp;; et cha\u00adcun croit, en France, qu\u2019a\u00adbon\u00addam\u00adment. grais\u00ads\u00e9s par le bud\u00adget (comme il convient), tous les rouages de l\u2019\u00c9\u00adtat r\u00e9pu\u00adbli\u00adcain tour\u00adne\u00adront d\u00e9sor\u00admais dans une har\u00admo\u00adnie par\u00adfaite. Soit&nbsp;; mais, comme une machine ne tourne pas pour le seul plaisir&nbsp;[\u2026]<\/p>\n","protected":false},"author":1,"featured_media":0,"comment_status":"closed","ping_status":"closed","sticky":false,"template":"","format":"standard","meta":{"wp_typography_post_enhancements_disabled":false,"footnotes":""},"categories":[346],"tags":[],"ppma_author":[540],"class_list":["post-2874","post","type-post","status-publish","format-standard","hentry","category-le-revolte-ier-annee-n1-22-fevrier-1879"],"authors":[{"term_id":540,"user_id":1,"is_guest":0,"slug":"admin_3gikpwyf","display_name":"Vincent Dubuc","avatar_url":"https:\/\/secure.gravatar.com\/avatar\/d015720652c25fd2ced191ade86430094e1f288a17483713e3b34d26dea52507?s=96&d=mm&r=g","author_category":"","user_url":"https:\/\/la-presse-anarchiste.net","last_name":"Dubuc","first_name":"Vincent","job_title":"","description":""}],"_links":{"self":[{"href":"https:\/\/la-presse-anarchiste.net\/index.php\/wp-json\/wp\/v2\/posts\/2874","targetHints":{"allow":["GET"]}}],"collection":[{"href":"https:\/\/la-presse-anarchiste.net\/index.php\/wp-json\/wp\/v2\/posts"}],"about":[{"href":"https:\/\/la-presse-anarchiste.net\/index.php\/wp-json\/wp\/v2\/types\/post"}],"author":[{"embeddable":true,"href":"https:\/\/la-presse-anarchiste.net\/index.php\/wp-json\/wp\/v2\/users\/1"}],"replies":[{"embeddable":true,"href":"https:\/\/la-presse-anarchiste.net\/index.php\/wp-json\/wp\/v2\/comments?post=2874"}],"version-history":[{"count":0,"href":"https:\/\/la-presse-anarchiste.net\/index.php\/wp-json\/wp\/v2\/posts\/2874\/revisions"}],"wp:attachment":[{"href":"https:\/\/la-presse-anarchiste.net\/index.php\/wp-json\/wp\/v2\/media?parent=2874"}],"wp:term":[{"taxonomy":"category","embeddable":true,"href":"https:\/\/la-presse-anarchiste.net\/index.php\/wp-json\/wp\/v2\/categories?post=2874"},{"taxonomy":"post_tag","embeddable":true,"href":"https:\/\/la-presse-anarchiste.net\/index.php\/wp-json\/wp\/v2\/tags?post=2874"},{"taxonomy":"author","embeddable":true,"href":"https:\/\/la-presse-anarchiste.net\/index.php\/wp-json\/wp\/v2\/ppma_author?post=2874"}],"curies":[{"name":"wp","href":"https:\/\/api.w.org\/{rel}","templated":true}]}}