{"id":2881,"date":"2011-07-02T04:30:21","date_gmt":"2011-07-02T04:30:21","guid":{"rendered":"https:\/\/la-presse-anarchiste.net\/index.php\/2011\/07\/02\/echos-de-la-semaine-6\/"},"modified":"2011-07-02T04:30:21","modified_gmt":"2011-07-02T04:30:21","slug":"echos-de-la-semaine-6","status":"publish","type":"post","link":"https:\/\/la-presse-anarchiste.net\/index.php\/2011\/07\/02\/echos-de-la-semaine-6\/","title":{"rendered":"Echos de la semaine"},"content":{"rendered":"<div class=\"pdfprnt-buttons pdfprnt-buttons-post pdfprnt-top-right\"><a href=\"https:\/\/la-presse-anarchiste.net\/index.php\/wp-json\/wp\/v2\/posts\/2881?print=pdf\" class=\"pdfprnt-button pdfprnt-button-pdf\" target=\"_blank\"><img decoding=\"async\" src=\"https:\/\/la-presse-anarchiste.net\/wp-content\/plugins\/pdf-print\/images\/pdf.png\" alt=\"image_pdf\" title=\"Afficher le PDF\"><\/a><a href=\"https:\/\/la-presse-anarchiste.net\/index.php\/wp-json\/wp\/v2\/posts\/2881?print=print\" class=\"pdfprnt-button pdfprnt-button-print\" target=\"_blank\"><img decoding=\"async\" src=\"https:\/\/la-presse-anarchiste.net\/wp-content\/plugins\/pdf-print\/images\/print.png\" alt=\"image_print\" title=\"Contenu imprim\u00e9\"><\/a><\/div><p>Une r\u00e9volte s\u00e9rieuse a \u00e9cla\u00adt\u00e9 par\u00admi les ouvriers d\u2019une manu\u00adfac\u00adture de coton, pr\u00e8s de Klin. Un r\u00e9gi\u00adment d\u2019in\u00adfan\u00adte\u00adrie a \u00e9t\u00e9 envoy\u00e9 sur le th\u00e9\u00e2tre de l\u2019\u00e9\u00admeute. Plu\u00adsieurs per\u00adsonnes annonce-t-on auraient \u00e9t\u00e9 bless\u00e9es.&nbsp;<\/p>\n<p>[|<b>*  *  *  *<\/b>|]<br>\n<\/p>\n<p>Au mois de mars der\u00adnier, les pay\u00adsans d\u2019un vil\u00adlage d\u2019un cercle d\u2019Ins\u00adsar, gou\u00adver\u00adne\u00adment de Pen\u00adza, r\u00e9unis en assem\u00adbl\u00e9e r\u00e9gu\u00adli\u00e8re, avaient r\u00e9so\u00adlu de tuer le g\u00e9rant des pro\u00adpri\u00e9\u00adt\u00e9s sei\u00adgneu\u00adriales, et bien\u00adt\u00f4t apr\u00e8s, la sen\u00adtence \u00e9tait ex\u00e9cut\u00e9e.&nbsp;<\/p>\n<p>\u00c0 la suite de cet acte de jus\u00adtice, trente pay\u00adsans ont \u00e9t\u00e9 ren\u00advoy\u00e9s devant un conseil de guerre, qui a condam\u00adn\u00e9 au gibet, qua\u00adtorze d\u2019entre eux pour meurtre pr\u00e9\u00adm\u00e9\u00addi\u00adt\u00e9. Un des anciens du vil\u00adlage et le maire ont \u00e9t\u00e9 condam\u00adn\u00e9s, le pre\u00admier \u00e0 trois ans de d\u00e9ten\u00adtion dans une mai\u00adson de cor\u00adrec\u00adtion, pour n\u00e9gli\u00adgence dans l\u2019ac\u00adcom\u00adplis\u00adse\u00adment de leurs fonctions.&nbsp;<\/p>\n<p>Qua\u00adtorze pr\u00e9\u00adve\u00adnus ont \u00e9t\u00e9 acquitt\u00e9s.&nbsp;<\/p>\n<p>[|<b>*  *  *  *<\/b>|]<br>\n<\/p>\n<p>On annonce pour le mois de novembre, \u00e0 St-P\u00e9ters\u00adbourg, un grand pro\u00adc\u00e8s nihi\u00adliste dans lequel sont impli\u00adqu\u00e9s dix-sept offi\u00adciers. Par\u00admi eux figurent le lieu\u00adte\u00adnant d\u2019ar\u00adtille\u00adrie Mohr et le lieu\u00adte\u00adnant de marine Kolodws\u00adki qui sont accu\u00ads\u00e9s, d\u2019a\u00advoir vou\u00adlu enr\u00f4\u00adler dans le par\u00adti nihi\u00adliste les \u00e9l\u00e8ves des \u00e9coles militaires.&nbsp;<\/p>\n","protected":false},"excerpt":{"rendered":"<p>Une r\u00e9volte s\u00e9rieuse a \u00e9cla\u00adt\u00e9 par\u00admi les ouvriers d\u2019une manu\u00adfac\u00adture de coton, pr\u00e8s de Klin. Un r\u00e9gi\u00adment d\u2019in\u00adfan\u00adte\u00adrie a \u00e9t\u00e9 envoy\u00e9 sur le th\u00e9\u00e2tre de l\u2019\u00e9\u00admeute. Plu\u00adsieurs per\u00adsonnes annonce-t-on auraient \u00e9t\u00e9 bles\u00ads\u00e9es.&nbsp; [|* * * *|] Au mois de mars der\u00adnier, les pay\u00adsans d\u2019un vil\u00adlage d\u2019un cercle d\u2019Ins\u00adsar, gou\u00adver\u00adne\u00adment de Pen\u00adza, r\u00e9unis en assem\u00adbl\u00e9e r\u00e9guli\u00e8re,&nbsp;[\u2026]<\/p>\n","protected":false},"author":1,"featured_media":0,"comment_status":"closed","ping_status":"closed","sticky":false,"template":"","format":"standard","meta":{"wp_typography_post_enhancements_disabled":false,"footnotes":""},"categories":[347],"tags":[],"ppma_author":[540],"class_list":["post-2881","post","type-post","status-publish","format-standard","hentry","category-lidee-ouvriere-n6-15-22-octobre-1887"],"authors":[{"term_id":540,"user_id":1,"is_guest":0,"slug":"admin_3gikpwyf","display_name":"Vincent Dubuc","avatar_url":"https:\/\/secure.gravatar.com\/avatar\/d015720652c25fd2ced191ade86430094e1f288a17483713e3b34d26dea52507?s=96&d=mm&r=g","author_category":"","user_url":"https:\/\/la-presse-anarchiste.net","last_name":"Dubuc","first_name":"Vincent","job_title":"","description":""}],"_links":{"self":[{"href":"https:\/\/la-presse-anarchiste.net\/index.php\/wp-json\/wp\/v2\/posts\/2881","targetHints":{"allow":["GET"]}}],"collection":[{"href":"https:\/\/la-presse-anarchiste.net\/index.php\/wp-json\/wp\/v2\/posts"}],"about":[{"href":"https:\/\/la-presse-anarchiste.net\/index.php\/wp-json\/wp\/v2\/types\/post"}],"author":[{"embeddable":true,"href":"https:\/\/la-presse-anarchiste.net\/index.php\/wp-json\/wp\/v2\/users\/1"}],"replies":[{"embeddable":true,"href":"https:\/\/la-presse-anarchiste.net\/index.php\/wp-json\/wp\/v2\/comments?post=2881"}],"version-history":[{"count":0,"href":"https:\/\/la-presse-anarchiste.net\/index.php\/wp-json\/wp\/v2\/posts\/2881\/revisions"}],"wp:attachment":[{"href":"https:\/\/la-presse-anarchiste.net\/index.php\/wp-json\/wp\/v2\/media?parent=2881"}],"wp:term":[{"taxonomy":"category","embeddable":true,"href":"https:\/\/la-presse-anarchiste.net\/index.php\/wp-json\/wp\/v2\/categories?post=2881"},{"taxonomy":"post_tag","embeddable":true,"href":"https:\/\/la-presse-anarchiste.net\/index.php\/wp-json\/wp\/v2\/tags?post=2881"},{"taxonomy":"author","embeddable":true,"href":"https:\/\/la-presse-anarchiste.net\/index.php\/wp-json\/wp\/v2\/ppma_author?post=2881"}],"curies":[{"name":"wp","href":"https:\/\/api.w.org\/{rel}","templated":true}]}}