{"id":2889,"date":"1989-06-01T00:10:24","date_gmt":"1989-06-01T00:10:24","guid":{"rendered":"https:\/\/la-presse-anarchiste.net\/index.php\/2011\/07\/03\/la-derive-roumaine\/"},"modified":"2024-05-16T20:16:11","modified_gmt":"2024-05-16T20:16:11","slug":"la-derive-roumaine","status":"publish","type":"post","link":"https:\/\/la-presse-anarchiste.net\/index.php\/1989\/06\/01\/la-derive-roumaine\/","title":{"rendered":"La d\u00e9rive roumaine"},"content":{"rendered":"<div class=\"pdfprnt-buttons pdfprnt-buttons-post pdfprnt-top-right\"><a href=\"https:\/\/la-presse-anarchiste.net\/index.php\/wp-json\/wp\/v2\/posts\/2889?print=pdf\" class=\"pdfprnt-button pdfprnt-button-pdf\" target=\"_blank\"><img decoding=\"async\" src=\"https:\/\/la-presse-anarchiste.net\/wp-content\/plugins\/pdf-print\/images\/pdf.png\" alt=\"image_pdf\" title=\"Afficher le PDF\"><\/a><a href=\"https:\/\/la-presse-anarchiste.net\/index.php\/wp-json\/wp\/v2\/posts\/2889?print=print\" class=\"pdfprnt-button pdfprnt-button-print\" target=\"_blank\"><img decoding=\"async\" src=\"https:\/\/la-presse-anarchiste.net\/wp-content\/plugins\/pdf-print\/images\/print.png\" alt=\"image_print\" title=\"Contenu imprim\u00e9\"><\/a><\/div><p style=\"text-align: justify;\"><sup class=\"modern-footnotes-footnote modern-footnotes-footnote--expands-on-desktop \" data-mfn=\"1\" data-mfn-post-scope=\"0000000022975402000000006d561fb4_2889\"><a href=\"javascript:void(0)\" role=\"button\" aria-pressed=\"false\" aria-describedby=\"mfn-content-0000000022975402000000006d561fb4_2889-1\">1<\/a><\/sup><span id=\"mfn-content-0000000022975402000000006d561fb4_2889-1\" role=\"tooltip\" class=\"modern-footnotes-footnote__note\" tabindex=\"0\" data-mfn=\"1\">Pre\u00admi\u00e8re partie<\/span><\/p>\n<p style=\"text-align: justify;\">Pour rap\u00adpe\u00adler le drame qui se joue au quo\u00adti\u00addien et dans l\u2019ab\u00adso\u00adlu depuis une bonne d\u00e9cen\u00adnie au pays du g\u00e9nie des Car\u00adpates, je me tien\u00addrai \u00e0 deux bons mots issus de la nou\u00advelle sagesse ali\u00admen\u00adtaire et exis\u00adten\u00adtielle des autochtones&nbsp;:<\/p>\n<p style=\"text-align: justify;\">\u2014 Quelle est la blague la plus courte en Rou\u00adma\u00adnie&nbsp;? Bon app\u00e9tit&nbsp;!<\/p>\n<p>\u2014 Com\u00adment vas-tu&nbsp;? Mieux que l\u2019an\u00adn\u00e9e prochaine\u2026<\/p>\n<p style=\"text-align: justify;\">Sans doute aurais-je pu faire dans le path\u00e9\u00adtique, quelques faits r\u00e9cents \u00e0 l\u2019ap\u00adpui, ou, encore, pui\u00adser dans le b\u00eati\u00adsier offi\u00adciel, riche en trou\u00advailles de tous genres. Cepen\u00addant, ce type d\u2019exer\u00adcice sty\u00adlis\u00adtique auquel les m\u00e9dias s\u2019a\u00addonnent cycli\u00adque\u00adment avec joie risque fort de sus\u00adci\u00adter la com\u00adpas\u00adsion&nbsp;: pleur\u00adni\u00adcharde ou iro\u00adnique, na\u00efve ou cal\u00adcu\u00adl\u00e9e, tou\u00adjours impuis\u00adsante et d\u2019un go\u00fbt par\u00adfois douteux.<\/p>\n<p style=\"text-align: justify;\">Apr\u00e8s la belle \u00e9poque, autour de 1968, o\u00f9 leur pays fai\u00adsait figure de cham\u00adpion de l\u2019an\u00adti\u00adsa\u00adtel\u00adlisme dans le camp sovi\u00e9\u00adtique, les Rou\u00admains pou\u00advaient se pr\u00e9\u00adva\u00adloir, \u00e0 leurs d\u00e9pens, de deux per\u00adfor\u00admances&nbsp;: c\u00f4t\u00e9 popu\u00adla\u00adtion, des condi\u00adtions de sur\u00advie dra\u00adco\u00adniennes et ana\u00adchro\u00adniques&nbsp;; c\u00f4t\u00e9 pou\u00advoir, une sur\u00aden\u00adch\u00e8re tous azi\u00admuts par\u00adfai\u00adte\u00adment ubuesque. Aujourd\u2019\u00adhui, ils ont droit \u00e0 une autre per\u00adfor\u00admance&nbsp;: la qua\u00adsi-una\u00adni\u00admi\u00adt\u00e9 inter\u00adna\u00adtio\u00adnale dans le constat des m\u00e9faits du r\u00e9gime en place. On peut, certes, s\u2019en f\u00e9li\u00adci\u00adter, m\u00eame si l\u2019on trouve la condam\u00adna\u00adtion qui s\u2019en\u00adsuit trop tar\u00addive et timide pour infl\u00e9\u00adchir sur le cours du r\u00e9gime de Buca\u00adrest. On peut aus\u00adsi se deman\u00adder si un tel consen\u00adsus cri\u00adtique qui tra\u00adverse les cli\u00advages poli\u00adtiques tra\u00addi\u00adtion\u00adnels ne repose pas en der\u00adni\u00e8re ins\u00adtance sur une id\u00e9e toute simple mais lourde de cons\u00e9\u00adquences&nbsp;: l\u2019\u00abexceptionnalisme&nbsp;\u00bb rou\u00admain. Le r\u00e9gime rou\u00admain appa\u00adra\u00eet, en effet, de moins en moins comme un cas de figure du pou\u00advoir \u00e9ta\u00adtique, en l\u2019oc\u00adcur\u00adrence com\u00admu\u00adniste, et de plus en plus comme une f\u00e2cheuse excep\u00adtion, aber\u00adrante par rap\u00adport \u00e0 toute logique poli\u00adtique et r\u00e9sul\u00adtant d\u2019un pro\u00adces\u00adsus his\u00adto\u00adrique jalon\u00adn\u00e9 de mal\u00aden\u00adten\u00addus dra\u00adma\u00adtiques et de mal\u00adadresses cri\u00admi\u00adnelles. Tous les jours, depuis au moins deux ans, la dyna\u00admique gor\u00adbat\u00adch\u00e9\u00advienne semble confir\u00admer le bien-fon\u00add\u00e9 de cette th\u00e8se qui res\u00adsemble fort \u00e0 une lapa\u00adlis\u00adsade&nbsp;: le r\u00e9gime rou\u00admain est une excep\u00adtion, puis\u00adqu\u2019il a conduit \u00e0 une situa\u00adtion exceptionnelle.<\/p>\n<p style=\"text-align: justify;\">Enten\u00addons-nous bien&nbsp;: s\u2019il est \u00e9vident que la Rou\u00adma\u00adnie tra\u00adverse une situa\u00adtion excep\u00adtion\u00adnelle et que tout est bon pour ten\u00adter de conte\u00adnir la d\u00e9rive, il est \u00e9ga\u00adle\u00adment \u00e9vident que cette situa\u00adtion consti\u00adtue l\u2019a\u00adbou\u00adtis\u00adse\u00adment de fac\u00adteurs tout \u00e0 fait ordi\u00adnaires et refl\u00e8te de mani\u00e8re par\u00adfai\u00adte\u00adment coh\u00e9\u00adrente les imp\u00e9\u00adra\u00adtifs d\u2019un pro\u00adces\u00adsus somme toute banal&nbsp;: la repro\u00adduc\u00adtion d\u2019un r\u00e9gime impo\u00ads\u00e9 de l\u2019ex\u00adt\u00e9\u00adrieur, contraint \u00e0 s\u2019\u00e9\u00adman\u00adci\u00adper pour durer, qui a su tirer pro\u00adfit pen\u00addant des ann\u00e9es de la confi\u00adgu\u00adra\u00adtion poli\u00adtique inter\u00adna\u00adtio\u00adnale, sans jamais renon\u00adcer \u00e0 ses pr\u00e9\u00adro\u00adga\u00adtives dic\u00adta\u00adto\u00adriales, mais qui a \u00e9chou\u00e9 notam\u00adment sur le plan \u00e9co\u00adno\u00admique en rai\u00adson de son volon\u00adta\u00adrisme ana\u00adchro\u00adnique et d\u2019une conjonc\u00adture mon\u00addiale d\u00e9favorable.<\/p>\n<p style=\"text-align: justify;\">C\u2019est dans cette pers\u00adpec\u00adtive que j\u2019en\u00advi\u00adsa\u00adge\u00adrai dans les lignes qui suivent l\u2019a\u00adven\u00adture natio\u00adnale-com\u00admu\u00adniste de ces vingt der\u00adni\u00e8res ann\u00e9es, en m\u2019ef\u00adfor\u00ad\u00e7ant de d\u00e9mon\u00adtrer que, pas plus que le d\u00e9sastre sur lequel elle a d\u00e9bou\u00adch\u00e9, cette aven\u00adture ne sau\u00adrait \u00eatre con\u00e7ue en dehors d\u2019une cer\u00adtaine com\u00adpli\u00adci\u00adt\u00e9 \u00e0 l\u2019in\u00adt\u00e9\u00adrieur du pays et sur le plan inter\u00adna\u00adtio\u00adnal. Or, d\u00e8s lors que l\u2019on pos\u00adtule, d\u2019une mani\u00e8re ou d\u2019une autre, que le r\u00e9gime rou\u00admain rel\u00e8ve de l\u2019ex\u00adcep\u00adtion, l\u2019ap\u00adpr\u00e9\u00adcia\u00adtion de la nature et du poids de cette com\u00adpli\u00adci\u00adt\u00e9 est for\u00adc\u00e9\u00adment faus\u00ads\u00e9e. \u00c0 pou\u00advoir excep\u00adtion\u00adnel, vic\u00adtimes excep\u00adtion\u00adnelles, semblent pen\u00adser aus\u00adsi bien ceux qui font pla\u00adner la sus\u00adpi\u00adcion sur la popu\u00adla\u00adtion rou\u00admaine cou\u00adpable de ne pas s\u2019\u00eatre r\u00e9vol\u00adt\u00e9e, que ceux, en perte de vitesse, qui pro\u00adclament son inno\u00adcence pure et simple. N\u2019y aurait-il pas de place sur cette grave ques\u00adtion pour des pro\u00adpos qui se sou\u00adcient davan\u00adtage de la r\u00e9a\u00adli\u00adt\u00e9, sans doute plus tri\u00adviale mais aus\u00adsi plus com\u00adplexe, des rap\u00adports entre le r\u00e9gime et la popu\u00adla\u00adtion pen\u00addant ces vingt der\u00adni\u00e8res ann\u00e9es&nbsp;? Pour ce qui est de la com\u00adpli\u00adci\u00adt\u00e9 inter\u00adna\u00adtio\u00adnale, l\u2019\u00e9\u00adven\u00adtail des posi\u00adtions est plus res\u00adtreint. Cer\u00adtains se demandent si les diri\u00adgeants occi\u00adden\u00adtaux se sont trom\u00adp\u00e9s, d\u2019autres s\u2019ils ont \u00e9t\u00e9 trom\u00adp\u00e9s. \u00c9vi\u00addem\u00adment, un pou\u00advoir excep\u00adtion\u00adnel est aus\u00adsi d\u00e9rou\u00adtant que machia\u00adv\u00e9\u00adlique. Et si on se don\u00adnait les moyens d\u2019\u00e9\u00adta\u00adblir, faits \u00e0 l\u2019ap\u00adpui, la cores\u00adpon\u00adsa\u00adbi\u00adli\u00adt\u00e9 inter\u00adna\u00adtio\u00adnale dans la d\u00e9rive actuelle en Roumanie&nbsp;?<\/p>\n<p style=\"text-align: justify;\">Avant de pro\u00adpo\u00adser des \u00e9l\u00e9\u00adments de r\u00e9ponse \u00e0 ces ques\u00adtions, quelques mots sur ce que j\u2019ap\u00adpel\u00adle\u00adrai\u200a\u2014\u200aen uti\u00adli\u00adsant, faute de mieux, un autre bar\u00adba\u00adrisme\u200a\u2014\u200ale \u00ab&nbsp;sin\u00adgu\u00adla\u00adrisme&nbsp;\u00bb tra\u00addi\u00adtion\u00adnel\u00adle\u00adment culti\u00adv\u00e9 \u00e0 leur pro\u00adpos par les Rou\u00admains eux-m\u00eames et qu\u2019il ne faut pas confondre avec l\u2019\u00abexceptionnalisme&nbsp;\u00bb \u00e9vo\u00adqu\u00e9 plus haut \u00e0 pro\u00adpos du dis\u00adcours cri\u00adtique occi\u00adden\u00adtal concer\u00adnant la crise rou\u00admaine actuelle. Par sin\u00adgu\u00adla\u00adrisme, j\u2019en\u00adtends cette ten\u00addance par\u00adti\u00adcu\u00adli\u00e8\u00adre\u00adment vivace chez les Rou\u00admains de se sin\u00adgu\u00adla\u00adri\u00adser par rap\u00adport \u00e0 leurs voi\u00adsins, aux grandes puis\u00adsances, mais aus\u00adsi aux grandes visions du monde uni\u00adver\u00adsa\u00adlistes, en se consi\u00add\u00e9\u00adrant comme por\u00adteurs d\u2019un des\u00adtin natio\u00adnal unique, tra\u00adgique et irr\u00e9\u00adduc\u00adtible. Ce genre d\u2019en\u00advol m\u00e9ta\u00adphy\u00adsique\u200a\u2014\u200abrillam\u00adment \u00e9non\u00adc\u00e9 par des m\u00e9ta\u00adphores et des for\u00admules en tous genres, mais que l\u2019on retrouve \u00e9ga\u00adle\u00adment sous des formes plus gr\u00e9\u00adgaires\u200a\u2014\u200as\u2019ac\u00adcom\u00admode mal des contin\u00adgences de l\u2019his\u00adtoire. Son essor par\u00adti\u00adcu\u00adlier peut \u00eatre mis en rela\u00adtion avec la nais\u00adsance tar\u00addive, dou\u00adlou\u00adreuse et pro\u00adbl\u00e9\u00adma\u00adtique de la nation et de l\u2019\u00c9\u00adtat rou\u00admain modernes, sans perdre de vue tout un pas\u00ads\u00e9 his\u00adto\u00adrique, tou\u00adjours pesant dans la m\u00e9moire col\u00adlec\u00adtive, au cours duquel les habi\u00adtants de cette r\u00e9gion du monde ont a, afin de ne pas \u00eatre \u00e9cra\u00ads\u00e9s par l\u2019his\u00adtoire, la contour\u00adner plu\u00adt\u00f4t que l\u2019affronter.<\/p>\n<p style=\"text-align: justify;\">Sur le plan poli\u00adtique, le sin\u00adgu\u00adla\u00adrisme rou\u00admain, tr\u00e8s en vogue au sein de l\u2019\u00e9\u00adlite intel\u00adlec\u00adtuelle pen\u00addant l\u2019entre-deux-guerres, a ali\u00admen\u00adt\u00e9 sans doute le puis\u00adsant mou\u00adve\u00adment l\u00e9gion\u00adnaire <sup class=\"modern-footnotes-footnote modern-footnotes-footnote--expands-on-desktop \" data-mfn=\"2\" data-mfn-post-scope=\"0000000022975402000000006d561fb4_2889\"><a href=\"javascript:void(0)\" role=\"button\" aria-pressed=\"false\" aria-describedby=\"mfn-content-0000000022975402000000006d561fb4_2889-2\">2<\/a><\/sup><span id=\"mfn-content-0000000022975402000000006d561fb4_2889-2\" role=\"tooltip\" class=\"modern-footnotes-footnote__note\" tabindex=\"0\" data-mfn=\"2\">La plu\u00adpart des \u00e9cri\u00advains et pen\u00adseurs rou\u00admains ayant acquis une cer\u00adtaine noto\u00adri\u00e9\u00adt\u00e9 en Occi\u00addent apr\u00e8s la guerre (Mir\u00adcea Eliade et Emil Cio\u00adran pour ne citer que les plus illustres) ont appar\u00adte\u00adnu \u00e0 leurs d\u00e9buts \u00e0 ces milieux intel\u00adlec\u00adtuels et poli\u00adtiques. Le pen\u00adseur le plus ori\u00adgi\u00adnal et sys\u00adt\u00e9\u00adma\u00adtique de cette tra\u00addi\u00adtion en Rou\u00adma\u00adnie m\u00eame, apr\u00e8s la guerre, est Constan\u00adtin Noi\u00adca, mort en 1987. Le tirage des livres de ce phi\u00adlo\u00adsophe empri\u00adson\u00adn\u00e9 entre 1958 et 1964 est \u00e9le\u00adv\u00e9, et l\u2019in\u00adt\u00e9\u00adr\u00eat qu\u2019ils sus\u00adcitent consi\u00add\u00e9\u00adrable. Sur son pro\u00adjet, lire \u00ab&nbsp;Constan\u00adtin Noi\u00adca m\u00e9ta\u00adphy\u00adsi\u00adcien de l\u2019eth\u00adnie-nation&nbsp;\u00bb de Claude Kant dans les <i>Cahiers du Centre d\u2019\u00e9\u00adtudes des civi\u00adli\u00adsa\u00adtions d\u2019Eu\u00adrope cen\u00adtrale et du Sud-Est<\/i>, n\u00b06.<\/span>. Faut-il consi\u00add\u00e9\u00adrer le natio\u00adnal-com\u00admu\u00adnisme d\u2019un Ceau\u00adses\u00adcu comme une sorte d\u2019a\u00adva\u00adtar quelque peu para\u00addoxal de ce sin\u00adgu\u00adla\u00adrisme&nbsp;? Je ne pense pas, m\u00eame si le r\u00e9gime com\u00admu\u00adniste actuel a essay\u00e9 de s\u2019y appuyer, m\u00eame s\u2019il a rem\u00adpor\u00adt\u00e9 quelques petits suc\u00adc\u00e8s dans ce domaine. J\u2019y revien\u00addrai dans la seconde par\u00adtie de ce texte, consa\u00adcr\u00e9e \u00e0 la com\u00adpli\u00adci\u00adt\u00e9 interne dans la d\u00e9rive roumaine.<\/p>\n<p style=\"text-align: justify;\">Convic\u00adtion pro\u00adt\u00e9i\u00adforme et dif\u00adfuse, le sin\u00adgu\u00adla\u00adrisme rou\u00admain s\u2019ap\u00adpa\u00adrente de fait tan\u00adt\u00f4t \u00e0 l\u2019i\u00add\u00e9o\u00adlo\u00adgie natio\u00adna\u00adliste, tan\u00adt\u00f4t \u00e0 une sorte de reli\u00adgion natio\u00adnale. Les Rou\u00admains, pour la plu\u00adpart, s\u2019y r\u00e9fu\u00adgient volon\u00adtiers, devant la pr\u00e9\u00adca\u00adri\u00adt\u00e9 de leur condi\u00adtion, tout en sachant cepen\u00addant qu\u2019un tel d\u00e9tour, aus\u00adsi flat\u00adteur ou noble f\u00fbt-il, ne sau\u00adrait r\u00e9soudre leurs pro\u00adbl\u00e8mes concrets&nbsp;: ali\u00admen\u00adtaires aus\u00adsi bien qu\u2019exis\u00adten\u00adtiels. Les incon\u00addi\u00adtion\u00adnels, par pas\u00adsion, b\u00eatise ou cal\u00adcul, du sin\u00adgu\u00adla\u00adrisme rou\u00admain sont mino\u00adri\u00adtaires\u2026 Si l\u2019on ne tient pas compte de cette dis\u00adtinc\u00adtion sociale, on risque fort de se m\u00e9prendre sur le natio\u00adna\u00adlisme roumain.<\/p>\n<h5 style=\"text-align: justify;\">La d\u00e9satellisation, quelques pr\u00e9cisions<\/h5>\n<p style=\"text-align: justify;\">Plu\u00adt\u00f4t que de glo\u00adser sur la bonne ou mau\u00advaise foi de l\u2019an\u00adti\u00adsa\u00adtel\u00adlisme pro\u00adfes\u00ads\u00e9 de mani\u00e8re spec\u00adta\u00adcu\u00adlaire par N. Ceau\u00adses\u00adcu depuis 1968, exa\u00admi\u00adnons, \u00e0 froid, les condi\u00adtions et les mobiles de la d\u00e9sa\u00adtel\u00adli\u00adsa\u00adtion qui l\u2019a pr\u00e9\u00adc\u00e9\u00add\u00e9 et ren\u00addu pos\u00adsible. M\u00eame som\u00admaire, ce rap\u00adpel his\u00adto\u00adrique per\u00admet de sai\u00adsir des \u00e9l\u00e9\u00adments de conti\u00adnui\u00adt\u00e9 et toute une coh\u00e9\u00adrence sou\u00advent cach\u00e9s par les d\u00e9ve\u00adlop\u00adpe\u00adments pen\u00addu\u00adlaires paroxys\u00adtiques du natio\u00adnal-com\u00admu\u00adnisme ult\u00e9rieur.<\/p>\n<p style=\"text-align: justify;\">La pre\u00admi\u00e8re mani\u00adfes\u00adta\u00adtion publique d\u2019in\u00add\u00e9\u00adpen\u00addance de la direc\u00adtion rou\u00admaine \u00e0 l\u2019\u00e9\u00adgard de l\u2019URSS remonte \u00e0 la cri\u00adtique, en ao\u00fbt 1961, du pro\u00adjet khroucht\u00adch\u00e9\u00advien d\u2019in\u00adt\u00e9\u00adgra\u00adtion des pays de l\u2019Est dans un \u00ab&nbsp;com\u00adplexe \u00e9co\u00adno\u00admique inter\u00ad\u00e9ta\u00adtique danu\u00adbien&nbsp;\u00bb. La suite des \u00e9v\u00e9\u00adne\u00adments est signi\u00adfi\u00adca\u00adtive. Novembre 1962, les Rou\u00admains main\u00adtiennent leur oppo\u00adsi\u00adtion dans le cadre de la r\u00e9union des experts \u00e9co\u00adno\u00admiques du Conseil d\u2019aide \u00e9co\u00adno\u00admique mutuelle (CAEM). Mars 1963, le comi\u00adt\u00e9 cen\u00adtral du PCR approuve le veto rou\u00admain au pro\u00adjet sovi\u00e9\u00adtique sou\u00adte\u00adnu par la RDA et la Tch\u00e9\u00adco\u00adslo\u00adva\u00adquie, les prin\u00adci\u00adpaux b\u00e9n\u00e9\u00adfi\u00adciaires du pro\u00adjet en rai\u00adson de leur infra\u00adstruc\u00adture indus\u00adtrielle d\u00e9ve\u00adlop\u00adp\u00e9e. La par\u00adti\u00adci\u00adpa\u00adtion de la Rou\u00adma\u00adnie se limi\u00adtait, elle, \u00e0 l\u2019a\u00adgri\u00adcul\u00adture, d\u2019o\u00f9 son refus. Juillet 1963, le pro\u00adjet est aban\u00addon\u00adn\u00e9, lors de la r\u00e9union du CAEM \u00e0 Mos\u00adcou. La Rou\u00adma\u00adnie cr\u00e9ait ain\u00adsi une \u00e9norme sur\u00adprise. Ce pays que l\u2019on appe\u00adlait, y com\u00adpris au sein du mou\u00adve\u00adment com\u00admu\u00adniste inter\u00adna\u00adtio\u00adnal, la 16<sup>e<\/sup> r\u00e9pu\u00adblique socia\u00adliste de l\u2019U\u00adnion sovi\u00e9\u00adtique, mani\u00adfes\u00adtait haut et fort, subi\u00adte\u00adment, une posi\u00adtion \u00ab&nbsp;dis\u00adsi\u00addente&nbsp;\u00bb et obte\u00adnait gain de cause&nbsp;! De plus, le PCR n\u2019en\u00adten\u00addait visi\u00adble\u00adment pas s\u2019en tenir l\u00e0, puis\u00adqu\u2019en avril 1964, par exemple, il pro\u00adcla\u00admait sa neu\u00adtra\u00adli\u00adt\u00e9 dans le conflit sino-sovi\u00e9\u00adtique et ne man\u00adquait plus une occa\u00adsion d\u2019af\u00adfir\u00admer son ind\u00e9pendance.<\/p>\n<p style=\"text-align: justify;\">L\u2019ex\u00adpli\u00adca\u00adtion la plus plau\u00adsible de ce revi\u00adre\u00adment doit \u00eatre cher\u00adch\u00e9e jus\u00adte\u00adment dans la fid\u00e9\u00adli\u00adt\u00e9 l\u00e9gen\u00addaire des com\u00admu\u00adnistes rou\u00admains \u00e0 l\u2019URSS. Les rap\u00adports de vas\u00adsa\u00adli\u00adt\u00e9 qui les liaient aux Sovi\u00e9\u00adtiques, condi\u00adtion <i>sine qua non<\/i> de leur main\u00adtien au pou\u00advoir, avaient \u00e9t\u00e9, en effet, bous\u00adcu\u00adl\u00e9s par le xx<sup>e<\/sup> congr\u00e8s en f\u00e9vrier 1956. La frayeur de Gheor\u00adghe Gheor\u00adghiu-Dej devait \u00eatre consi\u00add\u00e9\u00adrable en enten\u00addant Khroucht\u00adchev d\u00e9non\u00adcer le culte de la per\u00adson\u00adna\u00adli\u00adt\u00e9 et la vio\u00adla\u00adtion de la l\u00e9ga\u00adli\u00adt\u00e9 socia\u00adliste. Il y allait de sa t\u00eate, n\u2019\u00e9\u00adtait-il pas le petit Sta\u00adline local, mais le gros de ses troupes \u00e9tait aus\u00adsi concer\u00adn\u00e9. Moins d\u2019un mil\u00adlier lors de leur arri\u00adv\u00e9e au pou\u00advoir en 1944 dans la fou\u00adl\u00e9e de l\u2019a\u00advan\u00adc\u00e9e de l\u2019Ar\u00adm\u00e9e rouge, presque un mil\u00adlion quelques ann\u00e9es plus tard, les com\u00admu\u00adnistes rou\u00admains r\u00e9gnaient en ma\u00eetres abso\u00adlus, moyen\u00adnant une ter\u00adreur sans pr\u00e9\u00adc\u00e9\u00addent dans l\u2019his\u00adtoire du pays. Bien que d\u00e9pour\u00advus de v\u00e9ri\u00adtables assises sociales, ils consti\u00adtuaient une force redou\u00adtable, d\u00e9j\u00e0 bien rod\u00e9e aux rouages du pou\u00advoir. Et, main\u00adte\u00adnant, il fal\u00adlait impro\u00advi\u00adser, la fid\u00e9\u00adli\u00adt\u00e9 \u00e0 l\u2019URSS ne suf\u00adfi\u00adsant plus\u2026 Quelle solu\u00adtion de rechange&nbsp;? Le seul qui aurait pu jouer le r\u00f4le d\u2019un Gomul\u00adka par exemple, Lucre\u00adtiu Patras\u00adca\u00adnu, avait \u00e9t\u00e9 liqui\u00add\u00e9 deux ans aupa\u00adra\u00advant, en&nbsp;1954.<\/p>\n<p style=\"text-align: justify;\">Pr\u00e9\u00adcau\u00adtion\u00adneux, Dej et ses com\u00adpa\u00adgnons ne choi\u00adsirent pas moins la conti\u00adnui\u00adt\u00e9, et op\u00e9\u00adr\u00e8rent une d\u00e9sta\u00adli\u00adni\u00adsa\u00adtion exem\u00adplaire par sa dis\u00adcr\u00e9\u00adtion. On peur sup\u00adpo\u00adser qu\u2019un cer\u00adtain esprit d\u2019in\u00add\u00e9\u00adpen\u00addance, cons\u00e9\u00adcu\u00adtif \u00e0 la prise de conscience du carac\u00adt\u00e8re de plus en plus al\u00e9a\u00adtoire de la fid\u00e9\u00adli\u00adt\u00e9 aux Sovi\u00e9\u00adtiques, ger\u00adma d\u00e8s 1956&nbsp;; \u00e0 condi\u00adtion, cepen\u00addant, d\u2019a\u00adjou\u00adter qu\u2019il ne fut pas pour grand-chose dans les grandes d\u00e9ci\u00adsions qui ont mar\u00adqu\u00e9 la fin des ann\u00e9es cin\u00adquante. Rien ne prouve, \u00e9crit l\u2019his\u00adto\u00adrien Georges Haupt <sup class=\"modern-footnotes-footnote modern-footnotes-footnote--expands-on-desktop \" data-mfn=\"3\" data-mfn-post-scope=\"0000000022975402000000006d561fb4_2889\"><a href=\"javascript:void(0)\" role=\"button\" aria-pressed=\"false\" aria-describedby=\"mfn-content-0000000022975402000000006d561fb4_2889-3\">3<\/a><\/sup><span id=\"mfn-content-0000000022975402000000006d561fb4_2889-3\" role=\"tooltip\" class=\"modern-footnotes-footnote__note\" tabindex=\"0\" data-mfn=\"3\">La Gen\u00e8se du conflit sovi\u00e9\u00adto-rou\u00admain. in <i>Revue fran\u00ad\u00e7aise de science poli\u00adtique<\/i>, ao\u00fbt 1968.<\/span>, que ce fut \u00e0 la demande ou sous la pres\u00adsion de la direc\u00adtion rou\u00admaine que l\u2019URSS avait d\u00e9ci\u00add\u00e9 de r\u00e9duire sen\u00adsi\u00adble\u00adment en 1957\u200a\u2013\u200a1958 le nombre de ses conseillers rat\u00adta\u00adch\u00e9s aupr\u00e8s des ins\u00adti\u00adtu\u00adtions \u00e9co\u00adno\u00admiques et poli\u00adtiques rou\u00admaines, de dis\u00adsoudre les der\u00adni\u00e8res soci\u00e9\u00adt\u00e9s mixtes sovi\u00e9\u00adto-rou\u00admaines \u00e0 l\u2019o\u00adri\u00adgine du pillage du pays pen\u00addant de longues ann\u00e9es, ou encore de reti\u00adrer, en 1958, le gros de ses troupes sta\u00adtion\u00adn\u00e9es en Rou\u00adma\u00adnie. Fon\u00adda\u00admen\u00adta\u00adle\u00adment, les arti\u00adsans des condi\u00adtions qui ont favo\u00adri\u00ads\u00e9 la d\u00e9sa\u00adtel\u00adli\u00adsa\u00adtion ont \u00e9t\u00e9 bel et bien les Sovi\u00e9\u00adtiques. Pour sa part, la direc\u00adtion rou\u00admaine ne tar\u00adda pas \u00e0 entre\u00advoir les avan\u00adtages qu\u2019elle pou\u00advait reti\u00adrer de la nou\u00advelle situa\u00adtion. Pour la pre\u00admi\u00e8re fois de son his\u00adtoire, elle pou\u00advait cher\u00adcher les moyens de son pou\u00advoir \u00e0 l\u2019in\u00adt\u00e9\u00adrieur du pays, et ces\u00adser de d\u00e9pendre exclu\u00adsi\u00adve\u00adment d\u2019un appui ext\u00e9\u00adrieur deve\u00adnu fluc\u00adtuant voire incer\u00adtain dans le contexte de la restruc\u00adtu\u00adra\u00adtion khroucht\u00adch\u00e9\u00advienne et des d\u00e9ra\u00adpages qu\u2019elle avait favo\u00adri\u00ads\u00e9s. Le contexte rou\u00admain faci\u00adli\u00adtait la t\u00e2che de Dej et de son \u00e9quipe. Dans un pays de langue romane, \u00e9prou\u00adv\u00e9 dans son his\u00adtoire r\u00e9cente par plu\u00adsieurs conflits avec la Rus\u00adsie, puis l\u2019URSS, et qui a connu un mou\u00adve\u00adment socia\u00adliste, toutes ten\u00addances confon\u00addues, tr\u00e8s faible pen\u00addant l\u2019entre-deux-guerres, la sovi\u00e9\u00adti\u00adsa\u00adtion sta\u00adli\u00adnienne appa\u00adrais\u00adsait, plus que nulle part ailleurs, comme une rus\u00adsi\u00adfi\u00adca\u00adtion. La d\u00e9sta\u00adli\u00adni\u00adsa\u00adtion, si timide f\u00fbt-elle, et le d\u00e9sen\u00adga\u00adge\u00adment sovi\u00e9\u00adtique signi\u00adfiaient in\u00e9vi\u00adta\u00adble\u00adment d\u00e9rus\u00adsi\u00adfi\u00adca\u00adtion. Il suf\u00adfi\u00adsait donc d\u2019en rajou\u00adter pour, sinon faire dis\u00adpa\u00adra\u00eetre, au moins att\u00e9\u00adnuer l\u2019hos\u00adti\u00adli\u00adt\u00e9 d\u2019une popu\u00adla\u00adtion humi\u00adli\u00e9e et offen\u00ads\u00e9e pen\u00addant des ann\u00e9es par un r\u00e9gime mar\u00adxiste-l\u00e9ni\u00adniste per\u00ad\u00e7u \u00e0 la fois comme \u00e9trange et \u00e9tran\u00adger. Avant de mou\u00adrir le 19 mars 1965, dans son lit et dans ses fonc\u00adtions, Dej s\u2019ac\u00adquit\u00adta habi\u00adle\u00adment de cette mis\u00adsion <sup class=\"modern-footnotes-footnote modern-footnotes-footnote--expands-on-desktop \" data-mfn=\"4\" data-mfn-post-scope=\"0000000022975402000000006d561fb4_2889\"><a href=\"javascript:void(0)\" role=\"button\" aria-pressed=\"false\" aria-describedby=\"mfn-content-0000000022975402000000006d561fb4_2889-4\">4<\/a><\/sup><span id=\"mfn-content-0000000022975402000000006d561fb4_2889-4\" role=\"tooltip\" class=\"modern-footnotes-footnote__note\" tabindex=\"0\" data-mfn=\"4\">En tout et pour tout, il n\u2019y a eu que deux num\u00e9\u00adros un du par\u00adti-\u00c9tat rou\u00admain. Le d\u00e9voie\u00adment du second a rehaus\u00ads\u00e9 l\u2019i\u00admage de marque du pre\u00admier. Des\u00adpi\u00adna Tomes\u00adcu, jour\u00adna\u00adliste d\u2019o\u00adri\u00adgine rou\u00admaine \u00e0 RFI, en dresse un por\u00adtrait flat\u00adteur dans La Rou\u00adma\u00adnie de Ceau\u00adses\u00adcu, ouvrage cosi\u00adgn\u00e9 avec Cathe\u00adrine Duran\u00addin, paru aux \u00e9di\u00adtions Guy Epaud en 1988. Pour ce qui est de l\u2019his\u00adtoire revue et cor\u00adri\u00adg\u00e9e, citons \u00e0 titre de curio\u00adsi\u00adt\u00e9 le t\u00e9moi\u00adgnage de Lily Mar\u00adcou, \u00ab&nbsp;sp\u00e9\u00adcia\u00adliste&nbsp;\u00bb de l\u2019his\u00adtoire com\u00admu\u00adniste contem\u00adpo\u00adraine et \u00e9ga\u00adle\u00adment d\u2019o\u00adri\u00adgine rou\u00admaine, sur la belle \u00e9poque, \u00ab&nbsp;hard&nbsp;\u00bb, de Dej&nbsp;: <i>Mon enfance sta\u00adli\u00adnienne<\/i>, PUF, 1982.<\/span>. Quant \u00e0 son suc\u00adces\u00adseur, Ceau\u00adses\u00adcu, il abon\u00adda dans le m\u00eame sens, \u00e0 sa mani\u00e8re et avec les r\u00e9sul\u00adtats que l\u2019on conna\u00eet.<\/p>\n<h5 style=\"text-align: justify;\">Le r\u00e9v\u00e9lateur \u00e9conomique<\/h5>\n<p style=\"text-align: justify;\">L\u2019an\u00adti\u00adsa\u00adtel\u00adlisme rou\u00admain cor\u00adres\u00adpond d\u00e8s ses d\u00e9buts non pas \u00e0 un choix h\u00e9ro\u00efque, b\u00e9n\u00e9\u00adfique jus\u00adqu\u2019en 1968 puis mal\u00e9\u00adfique, mais \u00e0 une option poli\u00adti\u00adco-id\u00e9o\u00adlo\u00adgique par\u00adfai\u00adte\u00adment rai\u00adson\u00adnable, sinon in\u00e9vi\u00adtable, pour un pou\u00advoir contraint, pour durer, de chan\u00adger sa stra\u00adt\u00e9\u00adgie et, jus\u00adqu\u2019\u00e0 un cer\u00adtain point, quelques-unes de ses convic\u00adtions. Pour com\u00adprendre le suc\u00adc\u00e8s puis la d\u00e9route de la \u00ab&nbsp;voie rou\u00admaine&nbsp;\u00bb, il faut prendre en consi\u00add\u00e9\u00adra\u00adtion le volet \u00e9co\u00adno\u00admique de l\u2019antisatellisme.<\/p>\n<p style=\"text-align: justify;\">En refu\u00adsant le plan d\u2019in\u00adt\u00e9\u00adgra\u00adtion pro\u00adpo\u00ads\u00e9 par Khroucht\u00adchev, les diri\u00adgeants rou\u00admains avan\u00ad\u00e7aient un argu\u00adment \u00e0 toute \u00e9preuve&nbsp;: pour\u00adquoi le pays se sp\u00e9\u00adcia\u00adli\u00adse\u00adrait-il dans l\u2019a\u00adgri\u00adcul\u00adture et l\u2019\u00e9\u00adle\u00advage en s\u2019in\u00adter\u00addi\u00adsant ain\u00adsi l\u2019es\u00adsor indus\u00adtriel \u00e0 moyen terme et en com\u00adpro\u00admet\u00adtant, \u00e0 court terme, les r\u00e9a\u00adli\u00adsa\u00adtions en cour&nbsp;? Argu\u00adment de bon sens, certes, mais qui ne d\u00e9cou\u00adlait pas moins tout droit du sch\u00e9\u00adma sta\u00adli\u00adnien de d\u00e9ve\u00adlop\u00adpe\u00adment auquel les diri\u00adgeants rou\u00admains n\u2019en\u00adten\u00addront jamais renon\u00adcer. Fon\u00add\u00e9 sur la prio\u00adri\u00adt\u00e9 \u00e0 l\u2019in\u00addus\u00adtrie lourde pro\u00adcla\u00adm\u00e9e par L\u00e9nine, ce sch\u00e9\u00adma de d\u00e9ve\u00adlop\u00adpe\u00adment tous azi\u00admuts avait \u00e9t\u00e9 for\u00adg\u00e9 dans un pays sous-d\u00e9ve\u00adlop\u00adp\u00e9 dot\u00e9 d\u2019im\u00admenses poten\u00adtia\u00adli\u00adt\u00e9s, la Rus\u00adsie post-r\u00e9vo\u00adlu\u00adtion\u00adnaire o\u00f9 il avait d\u00e9j\u00e0 fait ses preuves, pour le meilleur et pour le pire. Son appli\u00adca\u00adtion dans les pays de l\u2019Est se heur\u00adtait \u00e0 des dif\u00adfi\u00adcul\u00adt\u00e9s sup\u00adpl\u00e9\u00admen\u00adtaires. Cer\u00adtains de ces pays \u00e9taient d\u00e9j\u00e0 d\u00e9ve\u00adlop\u00adp\u00e9s indus\u00adtriel\u00adle\u00adment (la Tch\u00e9\u00adco\u00adslo\u00adva\u00adquie, la RDA et, dans une moindre mesure, la Hon\u00adgrie et la Pologne). D\u2019autres \u00e9taient sous-d\u00e9ve\u00adlop\u00adp\u00e9s, mais d\u00e9pour\u00advus de grandes poten\u00adtia\u00adli\u00adt\u00e9s (la Bul\u00adga\u00adrie). Sur ce point, la Rou\u00adma\u00adnie consti\u00adtuait la seule v\u00e9ri\u00adtable excep\u00adtion. Elle \u00e9tait un pays sous-d\u00e9ve\u00adlop\u00adp\u00e9, \u00ab&nbsp;\u00e9mi\u00adnem\u00adment agraire&nbsp;\u00bb, pour\u00advu de poten\u00adtia\u00adli\u00adt\u00e9s consi\u00add\u00e9\u00adrables, notam\u00adment en ce qui concerne les mati\u00e8res pre\u00admi\u00e8res. Cela explique l\u2019obs\u00adti\u00adna\u00adtion et la s\u00e9r\u00e9\u00adni\u00adt\u00e9 de la direc\u00adtion rou\u00admaine dans sa poli\u00adtique de d\u00e9ve\u00adlop\u00adpe\u00adment \u00e9co\u00adno\u00admique auto\u00adnome et hos\u00adtile \u00e0 la sp\u00e9\u00adcia\u00adli\u00adsa\u00adtion pr\u00f4\u00adn\u00e9e par le CAEM.&nbsp;Pen\u00addant les trois plans qui se sont suc\u00adc\u00e9\u00add\u00e9 entre 1951 et 1966, le taux d\u2019in\u00adves\u00adtis\u00adse\u00adment indus\u00adtriel avait, en effet, bat\u00adtu tous les records. C\u2019est sur ces bases que le pays s\u2019ouvre au com\u00admerce avec le monde non com\u00admu\u00adniste et entame son d\u00e9col\u00adlage \u00e9co\u00adno\u00admique auto\u00adnome qui, apr\u00e8s quelques r\u00e9sul\u00adtats m\u00e9diocres, abou\u00adti\u00adra aux d\u00e9boires actuels. Contrai\u00adre\u00adment aux poten\u00adtia\u00adli\u00adt\u00e9s, sur\u00adtout \u00e9ner\u00adg\u00e9\u00adtiques, qui r\u00e9v\u00e9\u00adle\u00adront assez vite leurs limites, le volon\u00adta\u00adrisme com\u00admu\u00adniste, fi\u00e8\u00adre\u00adment reven\u00addi\u00adqu\u00e9 par la direc\u00adtion du pays, se r\u00e9v\u00e9\u00adle\u00adra, lui, sans limites. Quant aux limites de l\u2019au\u00adto\u00adno\u00admie d\u2019un d\u00e9ve\u00adlop\u00adpe\u00adment \u00e9co\u00adno\u00admique natio\u00adnal, elles ne man\u00adque\u00adront pas d\u2019ac\u00adc\u00e9\u00adl\u00e9\u00adrer la faillite.<\/p>\n<h5 style=\"text-align: justify;\">La responsabilit\u00e9 occidentale<\/h5>\n<p style=\"text-align: justify;\">La farouche et, vue de l\u2019ex\u00adt\u00e9\u00adrieur, quelque peu exu\u00adb\u00e9\u00adrante volon\u00adt\u00e9 d\u2019in\u00add\u00e9\u00adpen\u00addance du bouillant pr\u00e9\u00adsident d\u2019un pays \u00ab&nbsp;\u00e0 condi\u00adtion g\u00e9o\u00adpo\u00adli\u00adtique pr\u00e9\u00adcaire&nbsp;\u00bb avait de quoi aga\u00adcer les Sovi\u00e9\u00adtiques, \u00e9pa\u00adter cer\u00adtains pays non ali\u00adgn\u00e9s et r\u00e9jouir le monde occi\u00adden\u00adtal, mais ne pou\u00advait (ni ne cher\u00adchait \u00e0) modi\u00adfier la nature du sys\u00adt\u00e8me com\u00admu\u00adniste rou\u00admain. L\u2019o\u00adri\u00adgi\u00adna\u00adli\u00adt\u00e9 de ce der\u00adnier r\u00e9si\u00addait avant tout dans l\u2019exa\u00adcer\u00adba\u00adtion de plu\u00adsieurs \u00e9l\u00e9\u00adments de la th\u00e9\u00adma\u00adtique id\u00e9o\u00adlo\u00adgique et de la pra\u00adtique ins\u00adti\u00adtu\u00adtion\u00adnelle com\u00admu\u00adnistes clas\u00adsiques&nbsp;: qu\u2019il s\u2019a\u00adgisse des varia\u00adtions inso\u00adlites et path\u00e9\u00adtiques sur le slo\u00adgan de L\u00e9nine concer\u00adnant le \u00ab&nbsp;droit \u00e0 l\u2019au\u00adto\u00add\u00e9\u00adter\u00admi\u00adna\u00adtion des nations&nbsp;\u00bb ou du culte, aujourd\u2019\u00adhui ana\u00adchro\u00adnique, de la personnalit\u00e9.<\/p>\n<p style=\"text-align: justify;\">Une longue dis\u00adtance s\u00e9pare la condam\u00adna\u00adtion par la Rou\u00adma\u00adnie de l\u2019in\u00adg\u00e9\u00adrence des Sovi\u00e9\u00adtiques en 1968 dans les affaires int\u00e9\u00adrieures de la Tch\u00e9\u00adco\u00adslo\u00adva\u00adquie de l\u2019in\u00addi\u00adgna\u00adtion des offi\u00adciels rou\u00admains, au d\u00e9but de cette ann\u00e9e, devant les ten\u00adta\u00adtives d\u2019in\u00adg\u00e9\u00adrence des gou\u00adver\u00adne\u00adments euro\u00adp\u00e9ens, y com\u00adpris de cer\u00adtains pays socia\u00adlistes, dans l\u2019ap\u00adpli\u00adca\u00adtion des droits de l\u2019homme en Roumanie.<\/p>\n<p style=\"text-align: justify;\">Les coquet\u00adte\u00adries d\u2019un num\u00e9\u00adro un com\u00admu\u00adniste se fai\u00adsant offrir ou ache\u00adtant \u00e0 tour de bras m\u00e9dailles et dipl\u00f4mes uni\u00adver\u00adsi\u00adtaires dans le monde entier n\u2019ont pas grand-chose \u00e0 voir avec la des\u00adtruc\u00adtion puis la recons\u00adtruc\u00adtion d\u2019une capi\u00adtale selon le bon vou\u00adloir de ce m\u00eame num\u00e9\u00adro un. Com\u00adpa\u00adr\u00e9e au pro\u00adjet de des\u00adtruc\u00adtion des vil\u00adlages\u200a\u2014\u200a\u00e9pi\u00adsode par\u00adti\u00adcu\u00adli\u00e8\u00adre\u00adment remar\u00adqu\u00e9 d\u2019une pas\u00adsion tota\u00adli\u00adtaire qui n\u2019en est d\u2019ailleurs pas \u00e0 sa pre\u00admi\u00e8re mani\u00adfes\u00adta\u00adtion his\u00adto\u00adrique\u200a\u2014\u200ala mini-r\u00e9vo\u00adlu\u00adtion cultu\u00adrelle d\u00e9clen\u00adch\u00e9e par les \u00ab&nbsp;th\u00e8ses de Juillet&nbsp;\u00bb en 1971 fait figure de caprice n\u00e9o-sta\u00adli\u00adnien. En un mot comme en mille, le com\u00admu\u00adnisme rou\u00admain, ori\u00adgi\u00adnal s\u2019il en est, n\u2019a pas fini d\u2019\u00e9\u00advo\u00adluer vers le pire \u00e0 force de&nbsp;durer.<\/p>\n<p style=\"text-align: justify;\">Mais aurait-il pu durer autant, et dans ce domaine la dur\u00e9e est un fac\u00adteur non n\u00e9gli\u00adgeable, sans un concours assi\u00addu sur le plan inter\u00adna\u00adtio\u00adnal&nbsp;? Enten\u00addons-nous bien&nbsp;: un concours qui lui a \u00e9t\u00e9 offert \u00e0 la fois en rai\u00adson et en d\u00e9pit de son originalit\u00e9.<\/p>\n<p style=\"text-align: justify;\">Pen\u00addant plus d\u2019une d\u00e9cen\u00adnie, le monde occi\u00adden\u00adtal, les \u00c9tats-Unis en t\u00eate, a par\u00adti\u00adci\u00adp\u00e9 avec com\u00adplai\u00adsance, et non sans tirer quelques b\u00e9n\u00e9\u00adfices, au cercle vicieux pro\u00adpo\u00ads\u00e9 par la direc\u00adtion rou\u00admaine&nbsp;: \u00ab&nbsp;Nous g\u00eanons les Sovi\u00e9\u00adtiques, don\u00adnez-nous les moyens de tenir si vous vou\u00adlez que nous conti\u00adnuions&nbsp;!&nbsp;\u00bb. Lieu pri\u00advi\u00adl\u00e9\u00adgi\u00e9 du troc&nbsp;: le spec\u00adtacle diplo\u00adma\u00adtique et assi\u00admi\u00adl\u00e9, d\u00e9bor\u00addant d\u2019\u00e0-peu-pr\u00e8s, de sous-enten\u00addus et de mal\u00aden\u00adten\u00addus, o\u00f9 cha\u00adcun pou\u00advait pui\u00adser \u00e0 sa guise pour asseoir sa l\u00e9gi\u00adti\u00admi\u00adt\u00e9, nour\u00adrir des espoirs secrets de gran\u00addeur ou, plus pro\u00adsa\u00ef\u00adque\u00adment, ten\u00adter de modi\u00adfier en sa faveur le rap\u00adport de forces. On a beau faire de Ceau\u00adses\u00adcu le ma\u00eetre de ce jeu d\u00e9ri\u00adsoire et gro\u00adtesque, si l\u2019on pense \u00e0 la d\u00e9rive qui s\u2019est ensuivie\u2026<\/p>\n<h5 style=\"text-align: justify;\">\u2026 et la reine d\u2019Angleterre&nbsp;?<\/h5>\n<p style=\"text-align: justify;\">Un tel jeu se joue \u00e0 plu\u00adsieurs et ob\u00e9it \u00e0 des mobiles poli\u00adtiques et non ludiques. Si Ceau\u00adses\u00adcu a \u00e9t\u00e9 l\u2019in\u00adter\u00adlo\u00adcu\u00adteur \u00e9cou\u00adt\u00e9 (avec sym\u00adpa\u00adthie, puis embar\u00adras) de tous les occu\u00adpants de la Mai\u00adson Blanche depuis Nixon, c\u2019est bel et bien parce que ceux-ci ont jou\u00e9 avec plus ou moins de bon\u00adheur et d\u2019ha\u00adbi\u00adle\u00adt\u00e9 la carte d\u2019une Rou\u00adma\u00adnie dis\u00adsi\u00addente au sein de la sph\u00e8re d\u2019in\u00adfluence sovi\u00e9\u00adtique. L\u2019i\u00adni\u00adtia\u00adteur de cette stra\u00adt\u00e9\u00adgie dans les rap\u00adports Est-Ouest, Kis\u00adsin\u00adger, s\u2019est trom\u00adp\u00e9, dit-on de plus en plus aujourd\u2019\u00adhui <sup class=\"modern-footnotes-footnote modern-footnotes-footnote--expands-on-desktop \" data-mfn=\"5\" data-mfn-post-scope=\"0000000022975402000000006d561fb4_2889\"><a href=\"javascript:void(0)\" role=\"button\" aria-pressed=\"false\" aria-describedby=\"mfn-content-0000000022975402000000006d561fb4_2889-5\">5<\/a><\/sup><span id=\"mfn-content-0000000022975402000000006d561fb4_2889-5\" role=\"tooltip\" class=\"modern-footnotes-footnote__note\" tabindex=\"0\" data-mfn=\"5\">Nixon, lui, n\u2019a pas beau\u00adcoup chan\u00adg\u00e9. Voi\u00adci le pas\u00adsage sur Ceau\u00adses\u00adcu dans son der\u00adnier livre (1989, <i>la Vic\u00adtoire sans la guerre<\/i>, Ergo press, 1989, p.184): \u00ab&nbsp;Mos\u00adcou n\u2019a pas de troupes en Rou\u00adma\u00adnie, et la Rou\u00adma\u00adnie n\u2019au\u00adto\u00adri\u00adse\u00adra pas Mos\u00adcou \u00e0 en ins\u00adtal\u00adler en temps de paix. Cela a per\u00admis au pr\u00e9\u00adsident rou\u00admain Nico\u00adlas Ceau\u00adses\u00adcu de s\u2019\u00e9\u00adcar\u00adter des posi\u00adtions sovi\u00e9\u00adtiques sur des ques\u00adtions inter\u00adna\u00adtio\u00adnales. Certes, sa poli\u00adtique int\u00e9\u00adrieure est dure et r\u00e9pres\u00adsive, cepen\u00addant il a offert \u00e0 son pays une r\u00e9elle marge de man\u0153uvre inter\u00adna\u00adtio\u00adnale.&nbsp;\u00bb<\/span>. Mais, \u00e0 la fin des ann\u00e9es soixante et au d\u00e9but des ann\u00e9es soixante-dix, les Nord-Am\u00e9\u00adri\u00adcains avaient-ils le choix des moyens de pres\u00adsion sur les Sovi\u00e9tiques&nbsp;?<\/p>\n<p style=\"text-align: justify;\">Faut-il attri\u00adbuer \u00e0 Ceau\u00adses\u00adcu l\u2019en\u00adti\u00e8re res\u00adpon\u00adsa\u00adbi\u00adli\u00adt\u00e9 de ce jeu, pour la simple rai\u00adson qu\u2019il en a tir\u00e9, \u00e0 son \u00e9chelle, des avan\u00adtages poli\u00adtiques et, acces\u00adsoi\u00adre\u00adment, \u00e9co\u00adno\u00admiques \u00e9vi\u00addents&nbsp;? \u00c0 qui la \u00ab&nbsp;faute&nbsp;\u00bb&nbsp;? \u00c0 Ceau\u00adses\u00adcu d\u2019\u00eatre mon\u00adt\u00e9 dans le car\u00adrosse royal ou \u00e0 la reine d\u2019An\u00adgle\u00adterre de l\u2019y avoir invi\u00adt\u00e9&nbsp;? \u00c0 Ceau\u00adses\u00adcu d\u2019a\u00advoir deman\u00add\u00e9 (\u00e0 moins que cela ne lui f\u00fbt sug\u00adg\u00e9\u00adr\u00e9 par la par\u00adtie fran\u00ad\u00e7aise) la L\u00e9gion d\u2019hon\u00adneur, ou \u00e0 de Gaulle qui lui a accor\u00add\u00e9 la d\u00e9co\u00adra\u00adtion en juin 1968&nbsp;? Sans doute Ceau\u00adses\u00adcu a\u2011t-il su tirer pro\u00adfit du moindre d\u00e9tail pro\u00adto\u00adco\u00adlaire, mais ses par\u00adte\u00adnaires \u00e9taient-ils pour autant des enfants de ch\u0153ur&nbsp;? N\u2019en d\u00e9plaise \u00e0 la phi\u00adlo\u00adso\u00adphie poli\u00adtique du g\u00e9n\u00e9\u00adral\u200a\u2014\u200afon\u00add\u00e9e sur l\u2019i\u00add\u00e9e de nation ind\u00e9\u00adpen\u00addante\u200a\u2014\u200aque les confuses pro\u00adfes\u00adsions de foi natio\u00adnales-com\u00admu\u00adnistes d\u2019un Ceau\u00adses\u00adcu \u00e9taient cen\u00ads\u00e9es confor\u00adter, on ne peut s\u2019emp\u00eacher de pen\u00adser que le futur empe\u00adreur Bokas\u00adsa \u00e9tait son inter\u00adlo\u00adcu\u00adteur \u00e0 Ban\u00adgui en ce temps <sup class=\"modern-footnotes-footnote modern-footnotes-footnote--expands-on-desktop \" data-mfn=\"6\" data-mfn-post-scope=\"0000000022975402000000006d561fb4_2889\"><a href=\"javascript:void(0)\" role=\"button\" aria-pressed=\"false\" aria-describedby=\"mfn-content-0000000022975402000000006d561fb4_2889-6\">6<\/a><\/sup><span id=\"mfn-content-0000000022975402000000006d561fb4_2889-6\" role=\"tooltip\" class=\"modern-footnotes-footnote__note\" tabindex=\"0\" data-mfn=\"6\">Sur la place pri\u00advi\u00adl\u00e9\u00adgi\u00e9e de la Rou\u00adma\u00adnie de Ceau\u00adses\u00adcu dans la vision gaul\u00adlienne, dans une pers\u00adpec\u00adtive favo\u00adrable au g\u00e9n\u00e9\u00adral, voir Cathe\u00adrine Duran\u00addin, notam\u00adment dans l\u2019ou\u00advrage cit\u00e9 plus haut. M\u00eame lorsque l\u2019on ne par\u00adtage pas son ana\u00adlyse de la p\u00e9riode contem\u00adpo\u00adraine, on ne peut s\u2019emp\u00eacher de trou\u00adver pas\u00adsion\u00adnantes ses contri\u00adbu\u00adtions sur l\u2019his\u00adtoire des g\u00e9n\u00e9\u00adra\u00adtions et id\u00e9es poli\u00adtiques rou\u00admaines depuis 1848.<\/span>.<\/p>\n<p style=\"text-align: justify;\">Tous ces petits d\u00e9tails hauts en cou\u00adleur aux\u00adquels il faut ajou\u00adter des gestes poli\u00adtiques d\u2019une plus grande enver\u00adgure ont four\u00adni \u00e0 Ceau\u00adses\u00adcu et \u00e0 son r\u00e9gime un pres\u00adtige rela\u00adtif mais non n\u00e9gli\u00adgeable, notam\u00adment en rai\u00adson de ses retom\u00adb\u00e9es sur le plan int\u00e9\u00adrieur. Leur contre\u00adpar\u00adtie \u00e9co\u00adno\u00admique \u00e9tait peut-\u00eatre encore plus vitale \u00e0 la p\u00e9ren\u00adni\u00adt\u00e9 du natio\u00adnal-com\u00admu\u00adnisme rou\u00admain. D\u00e8s les ann\u00e9es soixante, la Rou\u00adma\u00adnie, qui refu\u00adsait l\u2019in\u00adt\u00e9\u00adgra\u00adtion au sein du CAEM, s\u2019est tour\u00adn\u00e9e vers les four\u00adnis\u00adseurs occi\u00adden\u00adtaux. Auto\u00adpro\u00adcla\u00adm\u00e9 \u00ab&nbsp;pays socia\u00adliste en voie de d\u00e9ve\u00adlop\u00adpe\u00adment&nbsp;\u00bb en 1972, la Rou\u00adma\u00adnie obte\u00adnait des pays occi\u00adden\u00adtaux des avan\u00adtages consi\u00add\u00e9\u00adrables et des pr\u00e9\u00adf\u00e9\u00adrences tari\u00adfaires&nbsp;: \u00ab&nbsp;ceux-ci furent d\u2019au\u00adtant plus com\u00adplai\u00adsam\u00adment accor\u00add\u00e9s que cer\u00adtains pays occi\u00adden\u00adtaux y virent l\u00e0 un moyen d\u2019en\u00adcou\u00adra\u00adger la dis\u00adsi\u00addence offi\u00adcielle de la Rou\u00adma\u00adnie \u00e0 l\u2019\u00e9\u00adgard de l\u2019URSS&nbsp;\u00bb, note \u00c9dith Lho\u00admel qui \u00ab&nbsp;couvre&nbsp;\u00bb avec beau\u00adcoup de pr\u00e9\u00adci\u00adsion depuis des ann\u00e9es la Rou\u00adma\u00adnie pour la Docu\u00admen\u00adta\u00adtion fran\u00ad\u00e7aise <sup class=\"modern-footnotes-footnote modern-footnotes-footnote--expands-on-desktop \" data-mfn=\"7\" data-mfn-post-scope=\"0000000022975402000000006d561fb4_2889\"><a href=\"javascript:void(0)\" role=\"button\" aria-pressed=\"false\" aria-describedby=\"mfn-content-0000000022975402000000006d561fb4_2889-7\">7<\/a><\/sup><span id=\"mfn-content-0000000022975402000000006d561fb4_2889-7\" role=\"tooltip\" class=\"modern-footnotes-footnote__note\" tabindex=\"0\" data-mfn=\"7\">&nbsp;<i>Le Cour\u00adrier des Pays de l\u2019Est<\/i>, n\u00b0309\u200a\u2013\u200a311, La Docu\u00admen\u00adta\u00adtion fran\u00ad\u00e7aise, 1986, p.120.<\/span>]. Membre du GATT depuis 1971, de la Banque mon\u00addiale et du FMI depuis 1972, la Rou\u00adma\u00adnie b\u00e9n\u00e9\u00adfi\u00adcie depuis 1974 du sys\u00adt\u00e8me des pr\u00e9\u00adf\u00e9\u00adrences g\u00e9n\u00e9\u00adra\u00adli\u00ads\u00e9es aupr\u00e8s du Mar\u00adch\u00e9 com\u00admun et, depuis 1975, de la clause de \u00ab&nbsp;la nation la plus favo\u00adri\u00ads\u00e9e&nbsp;\u00bb pour ses expor\u00adta\u00adtions aux USA. Pen\u00addant ces ann\u00e9es, les fan\u00adtai\u00adsies mao\u00ef\u00adsantes de Ceau\u00adses\u00adcu fai\u00adsaient des ravages dans le domaine cultu\u00adrel, le culte de la per\u00adson\u00adna\u00adli\u00adt\u00e9 pre\u00adnait des tour\u00adnures de plus en plus exo\u00adtiques et le trai\u00adte\u00adment psy\u00adchia\u00adtrique des oppo\u00adsants poli\u00adtiques fai\u00adsait son apparition.<\/p>\n<p style=\"text-align: justify;\">Les ann\u00e9es chaudes de 1977\u200a\u2013\u200a1978, o\u00f9 le dis\u00adsi\u00addent Paul Goma fai\u00adsait remar\u00adquer au monde entier que la Rou\u00adma\u00adnie n\u2019a\u00advait rien \u00e0 craindre de l\u2019ex\u00adt\u00e9\u00adrieur puisque c\u2019\u00e9\u00adtait un pays occu\u00adp\u00e9 par sa propre arm\u00e9e et o\u00f9 il a fal\u00adlu attendre plu\u00adsieurs semaines pour apprendre qu\u2019une gr\u00e8ve de 30.000 mineurs venait d\u2019a\u00advoir lieu, n\u2019ont gu\u00e8re impres\u00adsion\u00adn\u00e9 les cr\u00e9an\u00adciers ouest-alle\u00admands, fran\u00ad\u00e7ais, ita\u00adliens ou nord-am\u00e9\u00adri\u00adcains. En effet, la dette ext\u00e9\u00adrieure pas\u00adsait de 2,9 mil\u00adliards de dol\u00adlars en 1975 \u00e0 9,5 mil\u00adliards en 1980. En novembre 1981, la Rou\u00adma\u00adnie n\u2019est pas moins d\u00e9cla\u00adr\u00e9e \u00ab&nbsp;en d\u00e9faut de paie\u00adment&nbsp;\u00bb \u00e0 cause des mau\u00advais r\u00e9sul\u00adtats de son \u00e9co\u00adno\u00admie. La suite est exem\u00adplaire&nbsp;: la dette rou\u00admaine passe de 10,1 mil\u00adliards en 1981 \u00e0 3,4 mil\u00adliards en 1988, et le 14 avril 1989 Ceau\u00adses\u00adcu annonce que le rem\u00adbour\u00adse\u00adment a pris fin. Une telle per\u00adfor\u00admance, unique au monde (dont George Bush se f\u00e9li\u00adci\u00adtait publi\u00adque\u00adment lors de sa der\u00adni\u00e8re visite, comme vice-pr\u00e9\u00adsident de Rea\u00adgan, \u00e0 Buca\u00adrest), ne serait-elle pas pour quelque chose dans le d\u00e9sastre humain et \u00e9co\u00adno\u00admique actuel&nbsp;? Aujourd\u2019\u00adhui, la Rou\u00adma\u00adnie importe trois fois moins qu\u2019en 1981, alors que tous les autres pays de l\u2019Est ont aug\u00admen\u00adt\u00e9 ou main\u00adte\u00adnu leur chiffre d\u2019importation.<\/p>\n<p style=\"text-align: justify;\">C\u2019est Ceau\u00adses\u00adcu qui s\u2019est ent\u00ea\u00adt\u00e9 \u00e0 payer la dette afin d\u2019emp\u00eacher le FMI de se m\u00ealer de sa ges\u00adtion, nous dit-on aujourd\u2019\u00adhui. Cela n\u2019est vrai qu\u2019en par\u00adtie et l\u2019in\u00adter\u00adro\u00adga\u00adtion qui devrait l\u2019ac\u00adcom\u00adpa\u00adgner demeure tou\u00adjours sans r\u00e9ponse&nbsp;: pour\u00adquoi lui a\u2011t-on accor\u00add\u00e9 autant de cr\u00e9\u00addits&nbsp;? Cette ques\u00adtion de la dette ext\u00e9\u00adrieure et de son rem\u00adbour\u00adse\u00adment est deve\u00adnue quelque peu taboue en Occi\u00addent et au sein de l\u2019op\u00adpo\u00adsi\u00adtion rou\u00admaine notam\u00adment depuis que Ceau\u00adses\u00adcu, pour\u00adtant mal pla\u00adc\u00e9 pour en par\u00adler, a com\u00admen\u00adc\u00e9 \u00e0 poin\u00adter le doigt sur la res\u00adpon\u00adsa\u00adbi\u00adli\u00adt\u00e9 occi\u00adden\u00adtale. Or, c\u2019est une ques\u00adtion essen\u00adtielle si l\u2019on pense \u00e0 l\u2019a\u00adpr\u00e8s-Ceau\u00adses\u00adcu (pour l\u2019ins\u00adtant hypo\u00adth\u00e9\u00adtique) et \u00e0 la recons\u00adtruc\u00adtion du pays qui pas\u00adse\u00adra vrai\u00adsem\u00adbla\u00adble\u00adment par un endet\u00adte\u00adment sup\u00e9\u00adrieur \u00e0 ce qui vient d\u2019\u00eatre rembours\u00e9\u2026<\/p>\n<p style=\"text-align: justify;\">La Rou\u00adma\u00adnie a fini par perdre la clause de la nation la plus favo\u00adri\u00ads\u00e9e&nbsp;; en avril 1987, la Chambre des repr\u00e9\u00adsen\u00adtants d\u00e9cide de la lui reti\u00adrer pen\u00addant six mois, puis en f\u00e9vrier 1988 Ceau\u00adses\u00adcu lui-m\u00eame finit par y renon\u00adcer. Il a donc fal\u00adlu attendre 1987 pour que des consi\u00add\u00e9\u00adra\u00adtions li\u00e9es au non-res\u00adpect (fla\u00adgrant et d\u00e9non\u00adc\u00e9 par Amnes\u00adty Inter\u00adna\u00adtio\u00adnal et la Ligue des droits de l\u2019homme depuis plus de dix ans) des droits de l\u2019homme inter\u00adviennent dans une d\u00e9ci\u00adsion nord-am\u00e9\u00adri\u00adcaine impor\u00adtante concer\u00adnant la Rou\u00adma\u00adnie. Ce tour\u00adnant dans l\u2019at\u00adti\u00adtude nord-am\u00e9\u00adri\u00adcaine (que cer\u00adtains atten\u00addaient en vain depuis 1976, lors des renou\u00advel\u00adle\u00adments annuels de la clause) met\u00adtait par ailleurs en lumi\u00e8re une tout autre r\u00e9a\u00adli\u00adt\u00e9&nbsp;: le rap\u00adpro\u00adche\u00adment pro\u00adgres\u00adsif entre la Rou\u00adma\u00adnie et l\u2019URSS dont les \u00e9changes avaient aug\u00admen\u00adt\u00e9 sen\u00adsi\u00adble\u00adment ces der\u00adni\u00e8res ann\u00e9es. La viande rou\u00admaine, si sou\u00advent absente du mar\u00adch\u00e9 local, ne pre\u00adnait plus le che\u00admin de l\u2019I\u00adta\u00adlie ou de la RFA (o\u00f9 elle appro\u00advi\u00adsion\u00adnait notam\u00adment les bases mili\u00adtaires am\u00e9\u00adri\u00adcaines) mais de l\u2019URSS qui four\u00adnis\u00adsait en \u00e9change du p\u00e9trole brut aux gigan\u00adtesques ins\u00adtal\u00adla\u00adtions rou\u00admaines de raffinage.<\/p>\n<p style=\"text-align: justify;\">C\u2019est \u00e9ga\u00adle\u00adment en 1987 que parais\u00adsaient aux USA les \u00ab&nbsp;m\u00e9moires&nbsp;\u00bb de Pace\u00adpa, le chef des ser\u00advices secrets rou\u00admains qui avait choi\u00adsi la liber\u00adt\u00e9 (on n\u2019est jamais \u00e0 un para\u00addoxe pr\u00e8s) en 1977 <sup class=\"modern-footnotes-footnote modern-footnotes-footnote--expands-on-desktop \" data-mfn=\"8\" data-mfn-post-scope=\"0000000022975402000000006d561fb4_2889\"><a href=\"javascript:void(0)\" role=\"button\" aria-pressed=\"false\" aria-describedby=\"mfn-content-0000000022975402000000006d561fb4_2889-8\">8<\/a><\/sup><span id=\"mfn-content-0000000022975402000000006d561fb4_2889-8\" role=\"tooltip\" class=\"modern-footnotes-footnote__note\" tabindex=\"0\" data-mfn=\"8\">Ion Mihai Pace\u00adpa, <i>Hori\u00adzons rouges<\/i>, Presses de la Cit\u00e9,1988.<\/span>. Les d\u00e9tails de la vie intime du couple diri\u00adgeant et des m\u0153urs de la Cour ont ravi les lec\u00adteurs et ser\u00advi\u00adront peut-\u00eatre \u00e0 une \u00e9tude eth\u00adno\u00adgra\u00adphique du pou\u00advoir rou\u00admain en cette p\u00e9riode. Pour ce qui est du reste, c\u2019est-\u00e0-dire de l\u2019es\u00adsen\u00adtiel, l\u2019i\u00add\u00e9e forte du livre se r\u00e9sume \u00e0 la th\u00e8se sui\u00advante&nbsp;: Ceau\u00adses\u00adcu, sp\u00e9\u00adcia\u00adliste de la d\u00e9s\u00adin\u00adfor\u00adma\u00adtion, a trom\u00adp\u00e9 tout le monde. Cette r\u00e9v\u00e9\u00adla\u00adtion tar\u00addive ne s\u2019ins\u00adcrit-elle pas \u00e0 son tour dans une autre op\u00e9\u00adra\u00adtion de d\u00e9s\u00adin\u00adfor\u00adma\u00adtion, visant \u00e0 jus\u00adti\u00adfier r\u00e9tros\u00adpec\u00adti\u00adve\u00adment le sou\u00adtien appor\u00adt\u00e9 par l\u2019ad\u00admi\u00adnis\u00adtra\u00adtion nord-am\u00e9\u00adri\u00adcaine \u00e0 la direc\u00adtion rou\u00admaine&nbsp;? On peut s\u2019en douter.<\/p>\n<h5 style=\"text-align: justify;\">Ceausescu, l\u2019homme des Russes&nbsp;?<\/h5>\n<p style=\"text-align: justify;\">Les Rou\u00admains vou\u00adlaient-ils vrai\u00adment g\u00eaner les Sovi\u00e9\u00adtiques ou fai\u00adsaient-ils seule\u00adment sem\u00adblant de vou\u00adloir les g\u00eaner&nbsp;? Les g\u00eanaient-ils vrai\u00adment&nbsp;? Les coups d\u2019\u00e9\u00adclat diplo\u00adma\u00adtiques rou\u00admains ne se situaient-ils pas en fin de compte \u00e0 l\u2019a\u00advant-garde de la diplo\u00adma\u00adtie sovi\u00e9\u00adtique&nbsp;? Autre\u00adment dit, les Sovi\u00e9\u00adtiques ne fai\u00adsaient-ils pas faire aux Rou\u00admains ce qu\u2019ils ne pou\u00advaient pas faire eux-m\u00eames pour des rai\u00adsons tac\u00adtiques&nbsp;? Ceau\u00adses\u00adcu a\u2011t-il tou\u00adjours \u00e9t\u00e9, en fin de compte, l\u2019homme des Russes&nbsp;? Le d\u00e9sen\u00adga\u00adge\u00adment nord-am\u00e9\u00adri\u00adcain et le rap\u00adpro\u00adche\u00adment de l\u2019URSS ont favo\u00adri\u00ads\u00e9 ces der\u00adni\u00e8res ann\u00e9es des r\u00e9ponses de plus en plus tran\u00adch\u00e9es \u00e0 ces inter\u00adro\u00adga\u00adtions. Il convient de nuan\u00adcer. Si l\u2019on reprend les pol\u00e9\u00admiques publiques dans la presse et les conf\u00e9\u00adrences inter\u00ad\u00e9ta\u00adtiques et de par\u00adti du bloc sovi\u00e9\u00adtique en ce temps, on ne peut pas conclure \u00e0 une simple man\u0153uvre de diver\u00adsion de la part des Rou\u00admains. Ce serait tout aus\u00adsi ridi\u00adcule que de consi\u00add\u00e9\u00adrer que la poli\u00adtique rou\u00admaine aurait pro\u00adfon\u00add\u00e9\u00adment inqui\u00e9\u00adt\u00e9 l\u2019URSS. Si les diri\u00adgeants sovi\u00e9\u00adtiques n\u2019ont jamais ten\u00adt\u00e9 de rem\u00adpla\u00adcer par la force ou par la ruse Ceau\u00adses\u00adcu et ses hommes, c\u2019est parce que le sys\u00adt\u00e8me en place n\u2019a jamais \u00e9t\u00e9 remis en ques\u00adtion. Bien au contraire, les Sovi\u00e9\u00adtiques ont pu s\u2019en rendre compte \u00e0 plu\u00adsieurs reprises par la suite. La fron\u00adti\u00e8re entre le lais\u00adser-faire et le faire-faire est for\u00adc\u00e9\u00adment floue. Tou\u00adjours est-il que peu de temps apr\u00e8s s\u2019\u00eatre ren\u00addu, en ao\u00fbt 1968, pour la pre\u00admi\u00e8re fois dans un pays com\u00admu\u00adniste (la Rou\u00adma\u00adnie de Ceau\u00adses\u00adcu), Richard Nixon visi\u00adtait l\u2019U\u00adnion sovi\u00e9\u00adtique, et que quelques ann\u00e9es apr\u00e8s avoir nou\u00e9 des rap\u00adports diplo\u00adma\u00adtiques avec la RFA en jan\u00advier 1967 (une pre\u00admi\u00e8re qui a fait cou\u00adler beau\u00adcoup d\u2019encre \u00e0 l\u2019\u00e9\u00adpoque) les Rou\u00admains \u00e9taient imi\u00adt\u00e9s par tous les autres pays de l\u2019Est. La d\u00e9ci\u00adsion des Rou\u00admains de ne pas rompre avec l\u2019\u00c9\u00adtat d\u2019Is\u00adra\u00ebl por\u00adtait un coup sym\u00adbo\u00adlique \u00e0 la coh\u00e9\u00adsion du bloc sovi\u00e9\u00adtique en mati\u00e8re de poli\u00adtique inter\u00adna\u00adtio\u00adnale, mais les Sovi\u00e9\u00adtiques devaient par la suite voir d\u2019un bon \u0153il le main\u00adtien d\u2019un pont avec Isra\u00ebl, et bien enten\u00addu s\u2019en ser\u00advir. De son c\u00f4t\u00e9, la Rou\u00adma\u00adnie sau\u00adra \u00e0 son tour se faire payer pour ses audaces et ses escar\u00admouches \u00e0 cons\u00e9\u00adquences mul\u00adtiples et par\u00adfois contra\u00addic\u00adtoires. C\u2019est l\u2019autre c\u00f4t\u00e9 du jeu, moins visible, \u00e9vo\u00adqu\u00e9 plus haut. Dire que Ceau\u00adses\u00adcu a tou\u00adjours \u00e9t\u00e9 en r\u00e9a\u00adli\u00adt\u00e9 l\u2019homme des Sovi\u00e9\u00adtiques est sans doute erro\u00adn\u00e9. Pas de la m\u00eame fa\u00e7on, mais au m\u00eame titre que les bour\u00adgeoi\u00adsies natio\u00adnales, les bureau\u00adcra\u00adties com\u00admu\u00adnistes peuvent deve\u00adnir \u00e0 tout ins\u00adtant patriotes et ne s\u2019en privent pas. Par int\u00e9\u00adr\u00eat, avec ou sans pas\u00adsion. Long\u00adtemps Ceau\u00adses\u00adcu a incar\u00adn\u00e9 ce genre de patrio\u00adtisme m\u00eame si l\u2019ac\u00adcu\u00admu\u00adla\u00adtion du pou\u00advoir per\u00adson\u00adnel, des \u00e9checs et des impairs a fini par l\u2019i\u00adso\u00adler de ceux qu\u2019il repr\u00e9\u00adsente et par entra\u00ee\u00adner des r\u00e9ac\u00adtions cri\u00adtiques au sein de la direc\u00adtion du par\u00adti <sup class=\"modern-footnotes-footnote modern-footnotes-footnote--expands-on-desktop \" data-mfn=\"9\" data-mfn-post-scope=\"0000000022975402000000006d561fb4_2889\"><a href=\"javascript:void(0)\" role=\"button\" aria-pressed=\"false\" aria-describedby=\"mfn-content-0000000022975402000000006d561fb4_2889-9\">9<\/a><\/sup><span id=\"mfn-content-0000000022975402000000006d561fb4_2889-9\" role=\"tooltip\" class=\"modern-footnotes-footnote__note\" tabindex=\"0\" data-mfn=\"9\">Il a fal\u00adlu attendre long\u00adtemps pour que l\u2019on passe, au sein de la direc\u00adtion com\u00admu\u00adniste rou\u00admaine, de la cri\u00adtique indi\u00advi\u00adduelle iso\u00adl\u00e9e (I.G. Mau\u00adrer, C. P\u00eer\u00advu\u00adles\u00adcu, K. Kira\u00adly, V. Tro\u00adfin, etc.) \u00e0 une prise de posi\u00adtion cri\u00adtique col\u00adlec\u00adtive. La pre\u00admi\u00e8re mani\u00adfes\u00adta\u00adtion en ce sens est la Lettre ouverte ren\u00addue publique d\u00e9but mars 1989 d\u00e9non\u00ad\u00e7ant notam\u00adment le non-res\u00adpect de la Consti\u00adtu\u00adtion par Ceau\u00adses\u00adcu. Cette lettre, sign\u00e9e par d\u2019an\u00adciens pontes du par\u00adti \u00e9loi\u00adgn\u00e9s du pou\u00advoir cen\u00adtral \u00e0 des p\u00e9riodes dif\u00adf\u00e9\u00adrentes (G. Apos\u00adtol, C. Manes\u00adcu, A. B\u00eer\u00adla\u00addea\u00adnu, S. Bru\u00adcan, etc.), aura vrai\u00adsem\u00adbla\u00adble\u00adment des retom\u00adb\u00e9es poli\u00adtiques importantes.<br><br>\n<\/span><\/p><p style=\"text-align: justify;\">L\u2019ir\u00adr\u00e9\u00adsis\u00adtible mon\u00adt\u00e9e du pou\u00advoir per\u00adson\u00adnel et fami\u00adlial du duo Ceau\u00adses\u00adcu-Petres\u00adcu (c\u2019est le nom de son \u00e9pouse) a l\u00e9s\u00e9, certes, les autres membres de la direc\u00adtion rou\u00admaine. \u00c9car\u00adt\u00e9s des d\u00e9ci\u00adsions cen\u00adtrales, ceux-ci n\u2019ont pas per\u00addu pour autant leurs pri\u00advi\u00adl\u00e8ges de hauts bureau\u00adcrates. La condi\u00adtion, que la plu\u00adpart ont res\u00adpec\u00adt\u00e9e jus\u00adqu\u2019\u00e0 nos jours, \u00e9tait de se taire publi\u00adque\u00adment. \u00c0 quelques rares excep\u00adtions pr\u00e8s, tel l\u2019as\u00adsas\u00adsi\u00adnat en 1954 de L Petras\u00adca\u00adnu en pri\u00adson, la direc\u00adtion com\u00admu\u00adniste rou\u00admaine a fait preuve depuis son arri\u00adv\u00e9e au pou\u00advoir d\u2019un \u00e9ton\u00adnant ins\u00adtinct de conser\u00adva\u00adtion col\u00adlec\u00adtive. Rap\u00adpe\u00adlons en ce sens que, par exemple, les vic\u00adtimes des purges de 1952 (A. Pau\u00adker, V. Luca et T. Geor\u00adges\u00adcu), apr\u00e8s avoir \u00e9t\u00e9 trai\u00adt\u00e9es de tous les noms, ont eu droit non pas \u00e0 la pri\u00adson, mais \u00e0 une sur\u00advie tout \u00e0 fait d\u00e9cente.. S\u2019il s\u2019est rap\u00adpro\u00adch\u00e9 des Sovi\u00e9\u00adtiques, ce n\u2019est \u00e9vi\u00addem\u00adment pas par plai\u00adsir mais parce que le patrio\u00adtisme conna\u00eet lui aus\u00adsi des limites dans le monde moderne. Ces limites, qui ont de quoi d\u00e9ce\u00advoir les par\u00adti\u00adsans sin\u00adc\u00e8res de la sou\u00adve\u00adrai\u00adne\u00adt\u00e9 natio\u00adnale, causent un vif d\u00e9plai\u00adsir aux chefs des petits et moyens \u00c9tats qui doivent c\u00e9der une par\u00adtie de leur pou\u00advoir aux grands \u00c9tats. La plu\u00adpart s\u2019y r\u00e9signent, non sans regret. Ceau\u00adses\u00adcu a fini, lui aus\u00adsi, par se plier \u00e0 la r\u00e8gle. Un peu tard et apr\u00e8s en avoir fait trop, d\u2019o\u00f9 la pr\u00e9\u00adca\u00adri\u00adt\u00e9 \u00e9vi\u00addente de son ave\u00adnir politique.<\/p>\n<h5 style=\"text-align: justify;\">La responsabilit\u00e9 sovi\u00e9tique<\/h5>\n<p style=\"text-align: justify;\">Le retour au ber\u00adcail de Ceau\u00adses\u00adcu, par le biais \u00e9co\u00adno\u00admique, a d\u00fb pro\u00adcu\u00adrer une satis\u00adfac\u00adtion cer\u00adtaine aux pontes des appa\u00adreils de par\u00adti et d\u2019\u00c9\u00adtat est-euro\u00adp\u00e9ens et sovi\u00e9\u00adtiques qui avaient jadis \u00e9t\u00e9 aga\u00adc\u00e9s par l\u2019an\u00adti\u00adsa\u00adtel\u00adlisme rou\u00admain. Ce retour peu glo\u00adrieux n\u2019est pas sans poser quelques pro\u00adbl\u00e8mes. Le conflit ouvert de la Rou\u00adma\u00adnie avec un pays fr\u00e8re, la Hon\u00adgrie, et sur\u00adtout la d\u00e9rive \u00e0 tous points de vue de la Rou\u00adma\u00adnie embar\u00adrassent les Sovi\u00e9\u00adtiques. Pour l\u2019ins\u00adtant, Gor\u00adbat\u00adchev a adop\u00adt\u00e9 une atti\u00adtude mod\u00e9\u00adr\u00e9e. S\u2019il a fait des allu\u00adsions cri\u00adtiques assez trans\u00adpa\u00adrentes lors de sa visite en Rou\u00adma\u00adnie (en mai 1987), il n\u2019en a pas moins r\u00e9ser\u00adv\u00e9 un bon accueil \u00e0 son homo\u00adlogue rou\u00admain et \u00e0 sa femme peu de temps apr\u00e8s. Par ailleurs, les rap\u00adports \u00e9co\u00adno\u00admiques entre les deux pays se portent de mieux en mieux ces der\u00adni\u00e8res ann\u00e9es.<\/p>\n<p style=\"text-align: justify;\">Plu\u00adsieurs rai\u00adsons expliquent la mod\u00e9\u00adra\u00adtion des Sovi\u00e9\u00adtiques \u00e0 l\u2019\u00e9\u00adgard du r\u00e9gime rou\u00admain. D\u2019une part, m\u00eame pour la \u00ab&nbsp;bonne causes&nbsp;\u00bb, l\u2019in\u00adg\u00e9\u00adrence directe risque d\u2019\u00eatre mal vue sur le plan inter\u00adna\u00adtio\u00adnal. Les Sovi\u00e9\u00adtiques ont pr\u00e9\u00adf\u00e9\u00adr\u00e9 d\u2019ailleurs s\u2019abs\u00adte\u00adnir lors d\u2019un vote \u00e0 l\u2019O\u00adNU\u200a\u2014\u200aet ain\u00adsi favo\u00adri\u00adser indi\u00adrec\u00adte\u00adment l\u2019a\u00addop\u00adtion d\u2019une r\u00e9so\u00adlu\u00adtion de la com\u00admis\u00adsion des droits de l\u2019homme des Nations unies fai\u00adsant \u00e9tat de la situa\u00adtion rou\u00admaine, d\u00e9but mars 1989. Ils ne doivent d\u2019ailleurs pas voir d\u2019un mau\u00advais \u0153il le ral\u00adlie\u00adment hon\u00adgrois au tout r\u00e9cent acti\u00advisme diplo\u00adma\u00adtique occi\u00adden\u00adtal sur la ques\u00adtion rou\u00admaine. D\u2019autre part, enga\u00adg\u00e9e sur la voie de l\u2019ef\u00adfi\u00adca\u00adci\u00adt\u00e9, l\u2019URSS de Gor\u00adbat\u00adchev n\u2019est pas pr\u00eat d\u2019as\u00adsu\u00adrer la remise sur pied de l\u2019\u00e9\u00adco\u00adno\u00admie d\u2019un pays de 23 mil\u00adlions d\u2019habitants.<\/p>\n<p style=\"text-align: justify;\">Enfin, en lais\u00adsant faire \u00e0 ses portes un tota\u00adli\u00adta\u00adrisme archa\u00efque, d\u00e9suet et catas\u00adtro\u00adphique, l\u2019URSS prend un risque rela\u00adtif. Le r\u00e9gime de Ceau\u00adses\u00adcu peut, en effet, ser\u00advir de contre-exemple et d\u2019\u00e9\u00adpou\u00advan\u00adtail dis\u00adsua\u00adsif&nbsp;: \u00ab&nbsp;Voi\u00adl\u00e0 com\u00adment finit un r\u00e9gime com\u00admu\u00adniste qui s\u2019est lan\u00adc\u00e9 dans l\u2019an\u00adti\u00adso\u00advi\u00e9\u00adtisme et l\u2019a\u00adven\u00adture occi\u00adden\u00adtale&nbsp;!&nbsp;\u00bb ou encore&nbsp;: \u00ab&nbsp;Voi\u00adl\u00e0 \u00e0 quoi res\u00adsemble un r\u00e9gime com\u00admu\u00adniste qui refuse d\u2019ap\u00adpli\u00adquer la glas\u00adnost et la perestro\u00efka&nbsp;!&nbsp;\u00bb.<\/p>\n<h5 style=\"text-align: justify;\">En guise de conclusion<\/h5>\n<p style=\"text-align: justify;\">La \u00ab&nbsp;pas\u00adsa\u00adtion des pou\u00advoirs&nbsp;\u00bb pour ce qui est de la res\u00adpon\u00adsa\u00adbi\u00adli\u00adt\u00e9 inter\u00adna\u00adtio\u00adnale dans la ges\u00adtion et la pour\u00adsuite de l\u2019ac\u00adtuelle crise rou\u00admaine a \u00e9ga\u00adle\u00adment une autre cons\u00e9\u00adquence dont l\u2019exa\u00admen me per\u00admet\u00adtra de conclure.<\/p>\n<p style=\"text-align: justify;\">Depuis l\u2019an\u00adn\u00e9e der\u00adni\u00e8re, on assiste \u00e0 une mobi\u00adli\u00adsa\u00adtion sans pr\u00e9\u00adc\u00e9\u00addent en faveur des vic\u00adtimes de la d\u00e9rive du r\u00e9gime de Ceau\u00adses\u00adcu. \u00c0 force de s\u2019in\u00adten\u00adsi\u00adfier et de se diver\u00adsi\u00adfier, cette soli\u00adda\u00adri\u00adt\u00e9 fini\u00adra par por\u00adter ses fruits. Il existe cepen\u00addant un domaine dans lequel elle est impuis\u00adsante&nbsp;: les pres\u00adsions \u00e9co\u00adno\u00admiques. Depuis quelques ann\u00e9es, les Sovi\u00e9\u00adtiques sont les seuls \u00e0 d\u00e9te\u00adnir ces moyens, pr\u00e9\u00adcieux, de pres\u00adsion. Sans doute s\u2019en servent-ils d\u00e9j\u00e0, mais \u00e0 quelles fins&nbsp;? Le Krem\u00adlin est conscient que la dis\u00adpa\u00adri\u00adtion (poli\u00adtique) bru\u00adtale de Ceau\u00adses\u00adcu et de sa clique enclen\u00adche\u00adra in\u00e9vi\u00adta\u00adble\u00adment une dyna\u00admique dif\u00adfi\u00adcile \u00e0 contr\u00f4\u00adler. \u00c0 moins d\u2019i\u00adma\u00adgi\u00adner, ce qui est hau\u00adte\u00adment impro\u00adbable, l\u2019\u00e9\u00admer\u00adgence, dans la fou\u00adl\u00e9e de la glas\u00adnost, d\u2019une opi\u00adnion publique en URSS qui fasse pres\u00adsion sur les auto\u00adri\u00adt\u00e9s sovi\u00e9\u00adtiques, on peut consi\u00add\u00e9\u00adrer que ces der\u00adni\u00e8res feront tout ce qui est en leur pou\u00advoir pour \u00ab&nbsp;civi\u00adli\u00adser&nbsp;\u00bb, sans trop de d\u00e9g\u00e2ts, le r\u00e9gime de Buca\u00adrest. Faut-il rap\u00adpe\u00adler que ceux qui le subissent n\u2019en\u00adtendent pas les choses de la m\u00eame&nbsp;fa\u00e7on&nbsp;?<\/p>\n<p style=\"text-align: justify;\">Cette obser\u00adva\u00adtion nous per\u00admet de faire une remarque d\u2019ordre plus g\u00e9n\u00e9\u00adral, bien qu\u2019il soit h\u00e2tif de g\u00e9n\u00e9\u00adra\u00adli\u00adser sur ce point. On peut consta\u00adter dans le cas rou\u00admain une cor\u00adr\u00e9\u00adla\u00adtion de fait entre l\u2019at\u00adti\u00adtude des pou\u00advoirs \u00e9co\u00adno\u00admique et poli\u00adtique occi\u00adden\u00adtaux et celle de l\u2019o\u00adpi\u00adnion publique occi\u00adden\u00adtale. Cette der\u00adni\u00e8re avait \u00e0 peu pr\u00e8s les m\u00eames rai\u00adsons de se mobi\u00adli\u00adser (et davan\u00adtage de moyens) il y a quelques ann\u00e9es qu\u2019au\u00adjourd\u2019\u00adhui. Elle ne l\u2019a pas fait\u2026 alors que les ten\u00adta\u00adtives en ce sens et les conjonc\u00adtures m\u00e9dia\u00adtiques <i>a prio\u00adri<\/i> favo\u00adrables (rap\u00adpe\u00adlons-nous, par exemple, le visage tum\u00e9\u00adfi\u00e9 du jour\u00adna\u00adliste Ber\u00adnard Pou\u00adlet \u00e0 son retour de Rou\u00adma\u00adnie en f\u00e9vrier 1982) n\u2019ont pas man\u00adqu\u00e9. Pour\u00adquoi&nbsp;? En par\u00adtie, pour des rai\u00adsons rele\u00advant de l\u2019\u00ab\u00e9conomie&nbsp;\u00bb de mobi\u00adli\u00adsa\u00adtion de l\u2019o\u00adpi\u00adnion publique, for\u00adte\u00adment inves\u00adtie depuis 1980 dans le sou\u00adtien \u00e0 Solidarnosc.<\/p>\n<p style=\"text-align: justify;\">Mais, \u00e0 cette expli\u00adca\u00adtion, on peut ajou\u00adter que la res\u00adpon\u00adsa\u00adbi\u00adli\u00adt\u00e9 des pou\u00advoirs \u00e9co\u00adno\u00admiques et poli\u00adtiques occi\u00adden\u00adtaux n\u2019a pas \u00e9t\u00e9 clai\u00adre\u00adment \u00e9ta\u00adblie et \u00e9non\u00adc\u00e9e avec la promp\u00adti\u00adtude n\u00e9ces\u00adsaire. Pour \u00eatre effi\u00adcace, la soli\u00adda\u00adri\u00adt\u00e9 inter\u00adna\u00adtio\u00adnale doit se mani\u00adfes\u00adter non seule\u00adment ind\u00e9\u00adpen\u00addam\u00adment des pou\u00advoirs en place, mais aus\u00adsi, chaque fois qu\u2019il le faut, contre ces pou\u00advoirs, quels qu\u2019ils soient.<\/p>\n<p style=\"text-align: right;\">Nico\u00adlas Trifon.<\/p>\n<ul class=\"modern-footnotes-list modern-footnotes-list--show-only-for-print\"><li><span>1<\/span><div>Pre\u00admi\u00e8re partie<\/div><\/li><li><span>2<\/span><div>La plu\u00adpart des \u00e9cri\u00advains et pen\u00adseurs rou\u00admains ayant acquis une cer\u00adtaine noto\u00adri\u00e9\u00adt\u00e9 en Occi\u00addent apr\u00e8s la guerre (Mir\u00adcea Eliade et Emil Cio\u00adran pour ne citer que les plus illustres) ont appar\u00adte\u00adnu \u00e0 leurs d\u00e9buts \u00e0 ces milieux intel\u00adlec\u00adtuels et poli\u00adtiques. Le pen\u00adseur le plus ori\u00adgi\u00adnal et sys\u00adt\u00e9\u00adma\u00adtique de cette tra\u00addi\u00adtion en Rou\u00adma\u00adnie m\u00eame, apr\u00e8s la guerre, est Constan\u00adtin Noi\u00adca, mort en 1987. Le tirage des livres de ce phi\u00adlo\u00adsophe empri\u00adson\u00adn\u00e9 entre 1958 et 1964 est \u00e9le\u00adv\u00e9, et l\u2019in\u00adt\u00e9\u00adr\u00eat qu\u2019ils sus\u00adcitent consi\u00add\u00e9\u00adrable. Sur son pro\u00adjet, lire \u00ab&nbsp;Constan\u00adtin Noi\u00adca m\u00e9ta\u00adphy\u00adsi\u00adcien de l\u2019eth\u00adnie-nation&nbsp;\u00bb de Claude Kant dans les <i>Cahiers du Centre d\u2019\u00e9\u00adtudes des civi\u00adli\u00adsa\u00adtions d\u2019Eu\u00adrope cen\u00adtrale et du Sud-Est<\/i>, n\u00b06.<\/div><\/li><li><span>3<\/span><div>La Gen\u00e8se du conflit sovi\u00e9\u00adto-rou\u00admain. in <i>Revue fran\u00ad\u00e7aise de science poli\u00adtique<\/i>, ao\u00fbt&nbsp;1968.<\/div><\/li><li><span>4<\/span><div>En tout et pour tout, il n\u2019y a eu que deux num\u00e9\u00adros un du par\u00adti-\u00c9tat rou\u00admain. Le d\u00e9voie\u00adment du second a rehaus\u00ads\u00e9 l\u2019i\u00admage de marque du pre\u00admier. Des\u00adpi\u00adna Tomes\u00adcu, jour\u00adna\u00adliste d\u2019o\u00adri\u00adgine rou\u00admaine \u00e0 RFI, en dresse un por\u00adtrait flat\u00adteur dans La Rou\u00adma\u00adnie de Ceau\u00adses\u00adcu, ouvrage cosi\u00adgn\u00e9 avec Cathe\u00adrine Duran\u00addin, paru aux \u00e9di\u00adtions Guy Epaud en 1988. Pour ce qui est de l\u2019his\u00adtoire revue et cor\u00adri\u00adg\u00e9e, citons \u00e0 titre de curio\u00adsi\u00adt\u00e9 le t\u00e9moi\u00adgnage de Lily Mar\u00adcou, \u00ab&nbsp;sp\u00e9\u00adcia\u00adliste&nbsp;\u00bb de l\u2019his\u00adtoire com\u00admu\u00adniste contem\u00adpo\u00adraine et \u00e9ga\u00adle\u00adment d\u2019o\u00adri\u00adgine rou\u00admaine, sur la belle \u00e9poque, \u00ab&nbsp;hard&nbsp;\u00bb, de Dej&nbsp;: <i>Mon enfance sta\u00adli\u00adnienne<\/i>, PUF,&nbsp;1982.<\/div><\/li><li><span>5<\/span><div>Nixon, lui, n\u2019a pas beau\u00adcoup chan\u00adg\u00e9. Voi\u00adci le pas\u00adsage sur Ceau\u00adses\u00adcu dans son der\u00adnier livre (1989, <i>la Vic\u00adtoire sans la guerre<\/i>, Ergo press, 1989, p.184): \u00ab&nbsp;Mos\u00adcou n\u2019a pas de troupes en Rou\u00adma\u00adnie, et la Rou\u00adma\u00adnie n\u2019au\u00adto\u00adri\u00adse\u00adra pas Mos\u00adcou \u00e0 en ins\u00adtal\u00adler en temps de paix. Cela a per\u00admis au pr\u00e9\u00adsident rou\u00admain Nico\u00adlas Ceau\u00adses\u00adcu de s\u2019\u00e9\u00adcar\u00adter des posi\u00adtions sovi\u00e9\u00adtiques sur des ques\u00adtions inter\u00adna\u00adtio\u00adnales. Certes, sa poli\u00adtique int\u00e9\u00adrieure est dure et r\u00e9pres\u00adsive, cepen\u00addant il a offert \u00e0 son pays une r\u00e9elle marge de man\u0153uvre internationale.&nbsp;\u00bb<\/div><\/li><li><span>6<\/span><div>Sur la place pri\u00advi\u00adl\u00e9\u00adgi\u00e9e de la Rou\u00adma\u00adnie de Ceau\u00adses\u00adcu dans la vision gaul\u00adlienne, dans une pers\u00adpec\u00adtive favo\u00adrable au g\u00e9n\u00e9\u00adral, voir Cathe\u00adrine Duran\u00addin, notam\u00adment dans l\u2019ou\u00advrage cit\u00e9 plus haut. M\u00eame lorsque l\u2019on ne par\u00adtage pas son ana\u00adlyse de la p\u00e9riode contem\u00adpo\u00adraine, on ne peut s\u2019emp\u00eacher de trou\u00adver pas\u00adsion\u00adnantes ses contri\u00adbu\u00adtions sur l\u2019his\u00adtoire des g\u00e9n\u00e9\u00adra\u00adtions et id\u00e9es poli\u00adtiques rou\u00admaines depuis 1848.<\/div><\/li><li><span>7<\/span><div>&nbsp;<i>Le Cour\u00adrier des Pays de l\u2019Est<\/i>, n\u00b0309\u200a\u2013\u200a311, La Docu\u00admen\u00adta\u00adtion fran\u00ad\u00e7aise, 1986, p.120.<\/div><\/li><li><span>8<\/span><div>Ion Mihai Pace\u00adpa, <i>Hori\u00adzons rouges<\/i>, Presses de la Cit\u00e9,1988.<\/div><\/li><li><span>9<\/span><div>Il a fal\u00adlu attendre long\u00adtemps pour que l\u2019on passe, au sein de la direc\u00adtion com\u00admu\u00adniste rou\u00admaine, de la cri\u00adtique indi\u00advi\u00adduelle iso\u00adl\u00e9e (I.G. Mau\u00adrer, C. P\u00eer\u00advu\u00adles\u00adcu, K. Kira\u00adly, V. Tro\u00adfin, etc.) \u00e0 une prise de posi\u00adtion cri\u00adtique col\u00adlec\u00adtive. La pre\u00admi\u00e8re mani\u00adfes\u00adta\u00adtion en ce sens est la Lettre ouverte ren\u00addue publique d\u00e9but mars 1989 d\u00e9non\u00ad\u00e7ant notam\u00adment le non-res\u00adpect de la Consti\u00adtu\u00adtion par Ceau\u00adses\u00adcu. Cette lettre, sign\u00e9e par d\u2019an\u00adciens pontes du par\u00adti \u00e9loi\u00adgn\u00e9s du pou\u00advoir cen\u00adtral \u00e0 des p\u00e9riodes dif\u00adf\u00e9\u00adrentes (G. Apos\u00adtol, C. Manes\u00adcu, A. B\u00eer\u00adla\u00addea\u00adnu, S. Bru\u00adcan, etc.), aura vrai\u00adsem\u00adbla\u00adble\u00adment des retom\u00adb\u00e9es poli\u00adtiques importantes.<br><br>\n<p style=\"text-align: justify;\">L\u2019ir\u00adr\u00e9\u00adsis\u00adtible mon\u00adt\u00e9e du pou\u00advoir per\u00adson\u00adnel et fami\u00adlial du duo Ceau\u00adses\u00adcu-Petres\u00adcu (c\u2019est le nom de son \u00e9pouse) a l\u00e9s\u00e9, certes, les autres membres de la direc\u00adtion rou\u00admaine. \u00c9car\u00adt\u00e9s des d\u00e9ci\u00adsions cen\u00adtrales, ceux-ci n\u2019ont pas per\u00addu pour autant leurs pri\u00advi\u00adl\u00e8ges de hauts bureau\u00adcrates. La condi\u00adtion, que la plu\u00adpart ont res\u00adpec\u00adt\u00e9e jus\u00adqu\u2019\u00e0 nos jours, \u00e9tait de se taire publi\u00adque\u00adment. \u00c0 quelques rares excep\u00adtions pr\u00e8s, tel l\u2019as\u00adsas\u00adsi\u00adnat en 1954 de L Petras\u00adca\u00adnu en pri\u00adson, la direc\u00adtion com\u00admu\u00adniste rou\u00admaine a fait preuve depuis son arri\u00adv\u00e9e au pou\u00advoir d\u2019un \u00e9ton\u00adnant ins\u00adtinct de conser\u00adva\u00adtion col\u00adlec\u00adtive. Rap\u00adpe\u00adlons en ce sens que, par exemple, les vic\u00adtimes des purges de 1952 (A. Pau\u00adker, V. Luca et T. Geor\u00adges\u00adcu), apr\u00e8s avoir \u00e9t\u00e9 trai\u00adt\u00e9es de tous les noms, ont eu droit non pas \u00e0 la pri\u00adson, mais \u00e0 une sur\u00advie tout \u00e0 fait d\u00e9cente.<\/p><\/div><\/li><\/ul>","protected":false},"excerpt":{"rendered":"<p>Pour rap\u00adpe\u00adler le drame qui se joue au quo\u00adti\u00addien et dans l\u2019ab\u00adso\u00adlu depuis une bonne d\u00e9cen\u00adnie au pays du g\u00e9nie des Car\u00adpates, je me tien\u00addrai \u00e0 deux bons mots issus de la nou\u00advelle sagesse ali\u00admen\u00adtaire et exis\u00adten\u00adtielle des autoch\u00adtones&nbsp;:\u200a\u2014\u200aQuelle est la blague la plus courte en Rou\u00adma\u00adnie&nbsp;? Bon app\u00e9\u00adtit&nbsp;!\u200a\u2014\u200aCom\u00adment vas-tu&nbsp;?&nbsp;Mieux&nbsp;[\u2026]<\/p>\n","protected":false},"author":57,"featured_media":5945,"comment_status":"closed","ping_status":"closed","sticky":false,"template":"wp-custom-template-page-d-article","format":"standard","meta":{"wp_typography_post_enhancements_disabled":false,"footnotes":""},"categories":[348],"tags":[885,982,1039],"ppma_author":[725],"class_list":["post-2889","post","type-post","status-publish","format-standard","has-post-thumbnail","hentry","category-iztok-na17-juin-1989","tag-histoire","tag-roumanie","tag-totalitarisme"],"authors":[{"term_id":725,"user_id":57,"is_guest":0,"slug":"nicolas-trifon","display_name":"Nicolas Trifon","avatar_url":"https:\/\/secure.gravatar.com\/avatar\/6d92d641e9a10e97481a2398a552a8e1fde3567a6dae75be1a392324d0ea80c9?s=96&d=mm&r=g","author_category":"","user_url":"","last_name":"Trifon","first_name":"Nicolas","job_title":"","description":""}],"_links":{"self":[{"href":"https:\/\/la-presse-anarchiste.net\/index.php\/wp-json\/wp\/v2\/posts\/2889","targetHints":{"allow":["GET"]}}],"collection":[{"href":"https:\/\/la-presse-anarchiste.net\/index.php\/wp-json\/wp\/v2\/posts"}],"about":[{"href":"https:\/\/la-presse-anarchiste.net\/index.php\/wp-json\/wp\/v2\/types\/post"}],"author":[{"embeddable":true,"href":"https:\/\/la-presse-anarchiste.net\/index.php\/wp-json\/wp\/v2\/users\/57"}],"replies":[{"embeddable":true,"href":"https:\/\/la-presse-anarchiste.net\/index.php\/wp-json\/wp\/v2\/comments?post=2889"}],"version-history":[{"count":2,"href":"https:\/\/la-presse-anarchiste.net\/index.php\/wp-json\/wp\/v2\/posts\/2889\/revisions"}],"predecessor-version":[{"id":7966,"href":"https:\/\/la-presse-anarchiste.net\/index.php\/wp-json\/wp\/v2\/posts\/2889\/revisions\/7966"}],"wp:featuredmedia":[{"embeddable":true,"href":"https:\/\/la-presse-anarchiste.net\/index.php\/wp-json\/wp\/v2\/media\/5945"}],"wp:attachment":[{"href":"https:\/\/la-presse-anarchiste.net\/index.php\/wp-json\/wp\/v2\/media?parent=2889"}],"wp:term":[{"taxonomy":"category","embeddable":true,"href":"https:\/\/la-presse-anarchiste.net\/index.php\/wp-json\/wp\/v2\/categories?post=2889"},{"taxonomy":"post_tag","embeddable":true,"href":"https:\/\/la-presse-anarchiste.net\/index.php\/wp-json\/wp\/v2\/tags?post=2889"},{"taxonomy":"author","embeddable":true,"href":"https:\/\/la-presse-anarchiste.net\/index.php\/wp-json\/wp\/v2\/ppma_author?post=2889"}],"curies":[{"name":"wp","href":"https:\/\/api.w.org\/{rel}","templated":true}]}}