{"id":290,"date":"2007-04-09T10:52:24","date_gmt":"2007-04-09T10:52:24","guid":{"rendered":"https:\/\/la-presse-anarchiste.net\/index.php\/2007\/04\/09\/les-luttes-au-portugal-4\/"},"modified":"2007-04-09T10:52:24","modified_gmt":"2007-04-09T10:52:24","slug":"les-luttes-au-portugal-4","status":"publish","type":"post","link":"https:\/\/la-presse-anarchiste.net\/index.php\/2007\/04\/09\/les-luttes-au-portugal-4\/","title":{"rendered":"Les luttes au Portugal"},"content":{"rendered":"<div class=\"pdfprnt-buttons pdfprnt-buttons-post pdfprnt-top-right\"><a href=\"https:\/\/la-presse-anarchiste.net\/index.php\/wp-json\/wp\/v2\/posts\/290?print=pdf\" class=\"pdfprnt-button pdfprnt-button-pdf\" target=\"_blank\"><img decoding=\"async\" src=\"https:\/\/la-presse-anarchiste.net\/wp-content\/plugins\/pdf-print\/images\/pdf.png\" alt=\"image_pdf\" title=\"Afficher le PDF\"><\/a><a href=\"https:\/\/la-presse-anarchiste.net\/index.php\/wp-json\/wp\/v2\/posts\/290?print=print\" class=\"pdfprnt-button pdfprnt-button-print\" target=\"_blank\"><img decoding=\"async\" src=\"https:\/\/la-presse-anarchiste.net\/wp-content\/plugins\/pdf-print\/images\/print.png\" alt=\"image_print\" title=\"Contenu imprim\u00e9\"><\/a><\/div><div align=\"justify\">\n<quote>\u00ab&nbsp;Nous vou\u00adlons \u00eatre des mili\u00adciens de la liber\u00adt\u00e9, mais pas des sol\u00addats en uni\u00adforme. L\u2019ar\u00adm\u00e9e a mon\u00adtr\u00e9 qu\u2019elle \u00e9tait un dan\u00adger pour le peuple&nbsp;; seules, les milices popu\u00adlaires pro\u00adt\u00e8gent les liber\u00adt\u00e9s publiques&nbsp;: mili\u00adciens, oui&nbsp;! sol\u00addats, jamais&nbsp;!<br>\n<br><em>Tier\u00adra y Liber\u00adtad<\/em> (organe de la C.N.T.) Bar\u00adce\u00adlone,&nbsp;1939.<\/quote>\n<p>\tNous pou\u00advons affir\u00admer que la vie dans les casernes s\u2019est modi\u00adfi\u00e9e apr\u00e8s le 25 avril. En effet, le m\u00e9con\u00adten\u00adte\u00adment g\u00e9n\u00e9\u00adral et la crise d\u2019au\u00adto\u00adri\u00adt\u00e9 (aggra\u00adv\u00e9e avec le 25 avril) rendent plus aigu\u00eb l\u2019op\u00adpo\u00adsi\u00adtion sol\u00addat\u200a\u2013\u200agra\u00add\u00e9, l\u2019in\u00addis\u00adci\u00adpline se mani\u00adfes\u00adtant \u00e0 tous les niveaux. Le refus des ser\u00advices, les muti\u00adne\u00adries et le mat\u00e9\u00adriel d\u00e9t\u00e9\u00adrio\u00adr\u00e9 dans la plu\u00adpart des uni\u00adt\u00e9s en t\u00e9moignent.<\/p>\n<p>\tLa com\u00adplexi\u00adt\u00e9 de la machine mili\u00adtaire et l\u2019ur\u00adgence n\u00e9ces\u00adsaire \u00e0 sa capa\u00adci\u00adt\u00e9 de riposte excluent toute fai\u00adblesse, en par\u00adti\u00adcu\u00adlier de type dis\u00adci\u00adpli\u00adnaire. L\u2019in\u00addis\u00adci\u00adpline conduit for\u00adc\u00e9\u00adment \u00e0 la d\u00e9sa\u00adgr\u00e9\u00adga\u00adtion de l\u2019arm\u00e9e.<\/p>\n<p>\tBien s\u00fbr, ceci ne se v\u00e9ri\u00adfie pas dans les \u00ab&nbsp;troupes sp\u00e9\u00adciales&nbsp;\u00bb&nbsp;; \u00e9tant don\u00adn\u00e9 les objec\u00adtifs d\u2019ef\u00adfi\u00adca\u00adci\u00adt\u00e9 maxi\u00admale, l\u2019ar\u00adm\u00e9e por\u00adtu\u00adgaise a besoin d\u2019une force extr\u00ea\u00adme\u00adment dis\u00adci\u00adpli\u00adn\u00e9e et sp\u00e9\u00adcia\u00adle\u00adment entra\u00ee\u00adn\u00e9e. Les paras comme des b\u00eates dres\u00ads\u00e9es qu\u2019ils sont, r\u00e9agissent vite et ils ont d\u00e9j\u00e0 mon\u00adtr\u00e9 leur effi\u00adca\u00adci\u00adt\u00e9 dans les mas\u00adsacres en Afrique et dans la r\u00e9pres\u00adsion poli\u00adci\u00e8re au Por\u00adtu\u00adgal. Leur dis\u00adci\u00adpline est bas\u00e9e sur une sou\u00admis\u00adsion canine \u00e0 la hi\u00e9\u00adrar\u00adchie et sur la d\u00e9per\u00adson\u00adna\u00adli\u00adsa\u00adtion totale. Le para ne d\u00e9fend pas des valeurs morales ou des id\u00e9o\u00adlo\u00adgies, il est une machine \u00e0 faire la guerre. Inca\u00adpable d\u2019a\u00advoir une autre inser\u00adtion sociale le para entre\u00adtient son propre mythe.<\/p>\n<p>\tDans cette soci\u00e9\u00adt\u00e9, o\u00f9 l\u2019in\u00addi\u00advi\u00addu r\u00e9a\u00adlise ses obses\u00adsions dans les actions des autres et dans les images repr\u00e9\u00adsen\u00adt\u00e9es par les autres, fleu\u00adrit encore un mythe, celui de la tenue l\u00e9o\u00adpard. L\u2019ha\u00adbit fait le moine, le b\u00e9ret noir avec l\u2019\u00e9\u00adtoile fait le Che Gue\u00adva\u00adra, la tenue l\u00e9o\u00adpard fait le Com\u00adman\u00addo. Dis\u00adtri\u00adbuer plu\u00adsieurs mil\u00adliers de tenues l\u00e9o\u00adpards des\u00adti\u00adn\u00e9es aux cam\u00adpagnes colo\u00adniales \u00e0 la troupe qui en vou\u00adlait et qui n\u2019en avait jamais eu, c\u2019\u00e9\u00adtait joindre l\u2019u\u00adtile \u00e0 l\u2019a\u00adgr\u00e9able. Peut-\u00eatre le sol\u00addat se sen\u00adti\u00adra-t-il para, et devien\u00addra-t-il dis\u00adci\u00adpli\u00adn\u00e9 comme&nbsp;lui\u2026<\/p>\n<p>\tCette manoeuvre vise \u00e0 r\u00e9ta\u00adblir la dis\u00adci\u00adpline et l\u2019ordre dans une arm\u00e9e qui a per\u00addu son effi\u00adca\u00adci\u00adt\u00e9. Il s\u2019a\u00adgit de l\u2019in\u00addis\u00adpen\u00adsable r\u00e9or\u00adga\u00adni\u00adsa\u00adtion de l\u2019ap\u00adpa\u00adreil d\u2019\u00c9\u00adtat, vitale en ce moment pour le Gou\u00adver\u00adne\u00adment Pro\u00advi\u00adsoire qui doit acqu\u00e9\u00adrir de toute urgence le contr\u00f4le de la situa\u00adtion. Dans cette bataille, le MFA, avec l\u2019aide des forces de gauche et d\u2019ex\u00adtr\u00eame gauche et en s\u2019ap\u00adpuyant sur les offi\u00adciers du contin\u00adgent, essaie de convaincre les sol\u00addats de par\u00adti\u00adci\u00adper au \u00ab&nbsp;pro\u00adces\u00adsus r\u00e9vo\u00adlu\u00adtion\u00adnaire&nbsp;\u00bb par le tru\u00adche\u00adment des \u00ab&nbsp;Assem\u00adbl\u00e9es d\u2019U\u00adni\u00adt\u00e9&nbsp;\u00bb. Le fruit inter\u00addit de la \u00ab&nbsp;d\u00e9mo\u00adcra\u00adtie interne&nbsp;\u00bb dans les casernes n\u2019est auto\u00adri\u00ads\u00e9 qu\u2019a\u00advec un maxi\u00admum de \u00ab&nbsp;res\u00adpon\u00adsa\u00adbi\u00adli\u00adt\u00e9, d\u2019ordre et de dis\u00adci\u00adpline&nbsp;\u00bb.\tCes\torganes \u00ab&nbsp;d\u00e9mo\u00adcra\u00adtiques&nbsp;\u00bb fonc\u00adtionnent comme des struc\u00adtures de pou\u00advoir en rap\u00adport direct avec le Com\u00adman\u00adde\u00adment de l\u2019U\u00adni\u00adt\u00e9, exer\u00ad\u00e7ant un contr\u00f4le direct sur les sol\u00addats \u00ab&nbsp;dans l\u2019ac\u00adcom\u00adplis\u00adse\u00adment du devoir&nbsp;\u00bb. Aus\u00adsi, ayant en vue la r\u00e9or\u00adga\u00adni\u00adsa\u00adtion de l\u2019ar\u00adm\u00e9e (la rendre plus effi\u00adcace et plus op\u00e9\u00adra\u00adtion\u00adnelle) plu\u00adsieurs offi\u00adciers incom\u00adp\u00e9\u00adtents ont \u00e9t\u00e9 \u00e9li\u00admi\u00adn\u00e9s en m\u00eame temps que des jeunes offi\u00adciers \u00e9taient \u00e9le\u00adv\u00e9s au grade de capi\u00adtaine, colo\u00adnel ou g\u00e9n\u00e9\u00adral, selon la \u00ab&nbsp;hi\u00e9\u00adrar\u00adchie des com\u00adp\u00e9\u00adtences&nbsp;\u00bb. Cepen\u00addant, il faut recon\u00adna\u00eetre que si ce pro\u00adces\u00adsus de d\u00e9mo\u00adcra\u00adti\u00adsa\u00adtion de l\u2019ar\u00adm\u00e9e a pour but un meilleur contr\u00f4le des sol\u00addats de la part des Com\u00adman\u00adde\u00adments des Uni\u00adt\u00e9s, il risque d\u2019\u00eatre tr\u00e8s dan\u00adge\u00adreux pour ces der\u00adniers puisque les d\u00e9ci\u00adsions de la base pour\u00adront faci\u00adle\u00adment se dres\u00adser contre les int\u00e9\u00adr\u00eats du Commandement.<\/p>\n<p>\tDonc, il faut aller au del\u00e0 de l\u2019\u00e9\u00adli\u00admi\u00adna\u00adtion des fas\u00adcistes et des incom\u00adp\u00e9\u00adtents, ce qui ne fait que contri\u00adbuer \u00e0 la struc\u00adtu\u00adra\u00adtion d\u2019une arm\u00e9e&nbsp;forte.<\/p>\n<p>\tIl faut com\u00adprendre que la fonc\u00adtion de l\u2019Ar\u00adm\u00e9e ne se limite pas \u00e0 la d\u00e9fense du ter\u00adri\u00adtoire et \u00e0 aider la police quand celle-ci n\u2019a pas assez de force&nbsp;: l\u2019ar\u00adm\u00e9e a tou\u00adjours four\u00adni des cadres au PSP, \u00e0 la Police Judi\u00adciaire, \u00e0 la GNR, \u00e0 la PIDE, \u00e0 la L\u00e9gion, etc. La conso\u00adli\u00adda\u00adtion de la dic\u00adta\u00adture mili\u00adtaire passe n\u00e9ces\u00adsai\u00adre\u00adment par la cen\u00adtra\u00adli\u00adsa\u00adtion du pou\u00advoir mili\u00adtaire et poli\u00adcier dans un com\u00adman\u00adde\u00adment unique&nbsp;: le COPCON.<\/p>\n<p>\tL\u2019ar\u00adm\u00e9e, qu\u2019elle soit fas\u00adciste, d\u00e9mo\u00adcra\u00adtique, socia\u00adliste ou popu\u00adlaire, sera tou\u00adjours la colonne ver\u00adt\u00e9\u00adbrale de la machine d\u2019\u00c9tat.<\/p>\n<p>\tLa seule posi\u00adtion r\u00e9vo\u00adlu\u00adtion\u00adnaire face \u00e0 l\u2019ar\u00adm\u00e9e est sa destruction.<\/p>\n<p>\tIl faut accen\u00adtuer l\u2019op\u00adpo\u00adsi\u00adtion natu\u00adrelle soldat\/\u200bgrad\u00e9 en encou\u00adra\u00adgeant la r\u00e9volte et l\u2019in\u00addis\u00adci\u00adpline dans les casernes, en refu\u00adsant de r\u00e9pri\u00admer les tra\u00advailleurs, en refu\u00adsant les embar\u00adque\u00adments \u00e9ven\u00adtuels pour les colo\u00adnies, en refu\u00adsant de par\u00adti\u00adci\u00adper \u00e0 la lutte d\u2019une frac\u00adtion poli\u00adtique de l\u2019ar\u00adm\u00e9e contre une&nbsp;autre.<\/p>\n<p>\tLes sol\u00addats en tant qu\u2019op\u00adpri\u00adm\u00e9s devront tour\u00adner leurs armes contre tous les oppres\u00adseurs, se refu\u00adsant au contr\u00f4le d\u2019une force poli\u00adtique quelconque.<\/p>\n<p>\tLa R\u00e9vo\u00adlu\u00adtion Sociale d\u00e9trui\u00adra toutes les illu\u00adsions et les ali\u00e9\u00adna\u00adtions des hommes. Les pro\u00adduc\u00adteurs s\u2019as\u00adso\u00adcie\u00adront libre\u00adment dans des com\u00admunes de fa\u00e7on \u00e0 pro\u00adduire le n\u00e9ces\u00adsaire pour la satis\u00adfac\u00adtion de leurs besoins de consom\u00adma\u00adtion. Et \u00e0 ceux qui invoquent la n\u00e9ces\u00adsi\u00adt\u00e9 d\u2019une arm\u00e9e pour la d\u00e9fense contre les attaques de la \u00ab&nbsp;r\u00e9ac\u00adtion interne et de l\u2019im\u00adp\u00e9\u00adria\u00adlisme inter\u00adna\u00adtio\u00adnal&nbsp;\u00bb, les r\u00e9vo\u00adlu\u00adtion\u00adnaires r\u00e9pon\u00addront en cr\u00e9ant des forces non pro\u00adfes\u00adsion\u00adnelles cr\u00e9\u00e9es sur la base du volon\u00adta\u00adriat et de l\u2019af\u00adfi\u00adni\u00adt\u00e9 per\u00adson\u00adnelle, et ils refu\u00adse\u00adront le prin\u00adcipe d\u2019au\u00adto\u00adri\u00adt\u00e9 et de hi\u00e9\u00adrar\u00adchie. Ces forces ne seront les appen\u00addices d\u2019au\u00adcune arm\u00e9e rouge, ni l\u2019ex\u00e9\u00adcu\u00adtif d\u2019au\u00adcun pou\u00advoir popu\u00adlaire, mais des organes de la volon\u00adt\u00e9 r\u00e9vo\u00adlu\u00adtion\u00adnaire pour trans\u00adfor\u00admer le monde, pour chan\u00adger la&nbsp;vie.<\/p>\n<p>Lis\u00adbonne, juillet 1975<\/p>\n<div align=\"right\">\nBul\u00adle\u00adtin de l\u2019As\u00adso\u00adcia\u00adtion de Groupes Auto\u00adnomes Anarchistes.&nbsp;<\/div>\n<\/div>\n","protected":false},"excerpt":{"rendered":"<p>\u00ab&nbsp;Nous vou\u00adlons \u00eatre des mili\u00adciens de la liber\u00adt\u00e9, mais pas des sol\u00addats en uni\u00adforme. L\u2019ar\u00adm\u00e9e a mon\u00adtr\u00e9 qu\u2019elle \u00e9tait un dan\u00adger pour le peuple&nbsp;; seules, les milices popu\u00adlaires pro\u00adt\u00e8gent les liber\u00adt\u00e9s publiques&nbsp;: mili\u00adciens, oui&nbsp;! sol\u00addats, jamais&nbsp;! Tier\u00adra y Liber\u00adtad (organe de la C.N.T.) Bar\u00adce\u00adlone,&nbsp;1939. Nous pou\u00advons affir\u00admer que la vie dans les casernes s\u2019est modifi\u00e9e&nbsp;[\u2026]<\/p>\n","protected":false},"author":1,"featured_media":0,"comment_status":"closed","ping_status":"closed","sticky":false,"template":"","format":"standard","meta":{"wp_typography_post_enhancements_disabled":false,"footnotes":""},"categories":[38],"tags":[],"ppma_author":[540],"class_list":["post-290","post","type-post","status-publish","format-standard","hentry","category-la-lanterne-noire-n4-decembre-1975"],"authors":[{"term_id":540,"user_id":1,"is_guest":0,"slug":"admin_3gikpwyf","display_name":"Vincent Dubuc","avatar_url":"https:\/\/secure.gravatar.com\/avatar\/d015720652c25fd2ced191ade86430094e1f288a17483713e3b34d26dea52507?s=96&d=mm&r=g","author_category":"","user_url":"https:\/\/la-presse-anarchiste.net","last_name":"Dubuc","first_name":"Vincent","job_title":"","description":""}],"_links":{"self":[{"href":"https:\/\/la-presse-anarchiste.net\/index.php\/wp-json\/wp\/v2\/posts\/290","targetHints":{"allow":["GET"]}}],"collection":[{"href":"https:\/\/la-presse-anarchiste.net\/index.php\/wp-json\/wp\/v2\/posts"}],"about":[{"href":"https:\/\/la-presse-anarchiste.net\/index.php\/wp-json\/wp\/v2\/types\/post"}],"author":[{"embeddable":true,"href":"https:\/\/la-presse-anarchiste.net\/index.php\/wp-json\/wp\/v2\/users\/1"}],"replies":[{"embeddable":true,"href":"https:\/\/la-presse-anarchiste.net\/index.php\/wp-json\/wp\/v2\/comments?post=290"}],"version-history":[{"count":0,"href":"https:\/\/la-presse-anarchiste.net\/index.php\/wp-json\/wp\/v2\/posts\/290\/revisions"}],"wp:attachment":[{"href":"https:\/\/la-presse-anarchiste.net\/index.php\/wp-json\/wp\/v2\/media?parent=290"}],"wp:term":[{"taxonomy":"category","embeddable":true,"href":"https:\/\/la-presse-anarchiste.net\/index.php\/wp-json\/wp\/v2\/categories?post=290"},{"taxonomy":"post_tag","embeddable":true,"href":"https:\/\/la-presse-anarchiste.net\/index.php\/wp-json\/wp\/v2\/tags?post=290"},{"taxonomy":"author","embeddable":true,"href":"https:\/\/la-presse-anarchiste.net\/index.php\/wp-json\/wp\/v2\/ppma_author?post=290"}],"curies":[{"name":"wp","href":"https:\/\/api.w.org\/{rel}","templated":true}]}}