{"id":291,"date":"2007-04-09T20:50:00","date_gmt":"2007-04-09T20:50:00","guid":{"rendered":"https:\/\/la-presse-anarchiste.net\/index.php\/2007\/04\/09\/si-vous-marchez-pour-les-autres-cest-que-les-autres-vous-font-marcher\/"},"modified":"2007-04-09T20:50:00","modified_gmt":"2007-04-09T20:50:00","slug":"si-vous-marchez-pour-les-autres-cest-que-les-autres-vous-font-marcher","status":"publish","type":"post","link":"https:\/\/la-presse-anarchiste.net\/index.php\/2007\/04\/09\/si-vous-marchez-pour-les-autres-cest-que-les-autres-vous-font-marcher\/","title":{"rendered":"Si vous marchez pour les autres, c\u2019est que les autres vous font marcher"},"content":{"rendered":"<div class=\"pdfprnt-buttons pdfprnt-buttons-post pdfprnt-top-right\"><a href=\"https:\/\/la-presse-anarchiste.net\/index.php\/wp-json\/wp\/v2\/posts\/291?print=pdf\" class=\"pdfprnt-button pdfprnt-button-pdf\" target=\"_blank\"><img decoding=\"async\" src=\"https:\/\/la-presse-anarchiste.net\/wp-content\/plugins\/pdf-print\/images\/pdf.png\" alt=\"image_pdf\" title=\"Afficher le PDF\"><\/a><a href=\"https:\/\/la-presse-anarchiste.net\/index.php\/wp-json\/wp\/v2\/posts\/291?print=print\" class=\"pdfprnt-button pdfprnt-button-print\" target=\"_blank\"><img decoding=\"async\" src=\"https:\/\/la-presse-anarchiste.net\/wp-content\/plugins\/pdf-print\/images\/print.png\" alt=\"image_print\" title=\"Contenu imprim\u00e9\"><\/a><\/div><div align=\"justify\">\n<h2>Marche internationale du 1<sup>er<\/sup> novembre contre le r\u00e9gime franquiste<\/h2>\n<p>.<br>\n\tCe texte est \u00e0 la fois un t\u00e9moi\u00adgnage et une r\u00e9flexion per\u00adson\u00adnelle de quel\u00adqu\u2019un qui a par\u00adti\u00adci\u00adp\u00e9 \u00e0 la pr\u00e9\u00adpa\u00adra\u00adtion de la marche au sein d\u2019un comi\u00adt\u00e9 consti\u00adtu\u00e9 \u00e0 Jus\u00adsieu et qui vou\u00addrait que les pro\u00adbl\u00e8mes qui se sont pos\u00e9s, et sur\u00adtout ceux qui ont \u00e9t\u00e9 occul\u00adt\u00e9s, fassent l\u2019ob\u00adjet d\u2019un d\u00e9bat plus col\u00adlec\u00adtif notam\u00adment avec les copains qui \u00e9taient contre le projet.<\/p>\n<p>\tJe pense que les rai\u00adsons qui font que je me suis int\u00e9\u00adres\u00ads\u00e9e au pro\u00adjet rejoignent celles de pas mal de copains qui en ont eu l\u2019initiative&nbsp;:<br>\n \u2013 \u00e9coeu\u00adre\u00adment face aux manifs tra\u00addi\u00adtion\u00adnelles, com\u00adpl\u00e8\u00adte\u00adment fig\u00e9es dans un c\u00e9r\u00e9\u00admo\u00adnial connu (tou\u00adjours les m\u00eames par\u00adcours, les m\u00eames dis\u00adcours, les m\u00eames slo\u00adgans, donc tota\u00adle\u00adment frus\u00adtrantes et d\u00e9mobilisantes&nbsp;;<br>\n \u2013 envie de faire \u00ab&nbsp;autre chose&nbsp;\u00bb qui soit orga\u00adni\u00ads\u00e9 \u00e0 la base et qu\u2019il soit pos\u00adsible d\u2019i\u00adma\u00adgi\u00adner par petits groupes, sans se lais\u00adser prendre en charge par des orga\u00adni\u00adsa\u00adtions et les pro\u00adfes\u00adsion\u00adnels de ce genre de&nbsp;lutte.<\/p>\n<p>\tEn fonc\u00adtion de ce pro\u00adjet, l\u2019in\u00adt\u00e9\u00adr\u00eat d\u2019un mot d\u2019ordre de \u00ab&nbsp;front uni anti\u00adfas\u00adciste&nbsp;\u00bb est contradictoire&nbsp;:<\/p>\n<p>\tD\u2019une part il est trop vague et \u00ab&nbsp;huma\u00adniste&nbsp;\u00bb, pr\u00f4\u00adnant une uni\u00adt\u00e9 que tout le monde sait fac\u00adtice&nbsp;: il est d\u2019ailleurs carac\u00adt\u00e9\u00adris\u00adtique, \u00e0 ce niveau, que les copains qui ont eu l\u2019i\u00adni\u00adtia\u00adtive se soient sen\u00adtis obli\u00adg\u00e9s, pour don\u00adner un impact \u00e0 l\u2019ap\u00adpel, de battre le rap\u00adpel de la poi\u00adgn\u00e9e d\u2019in\u00adtel\u00adlec\u00adtuels, de noms connus qu\u2019on retrouve habi\u00adtuel\u00adle\u00adment au bas de ce genre de p\u00e9ti\u00adtions. De m\u00eame le fait d\u2019a\u00advoir don\u00adn\u00e9 une date \u00e0 valeur \u00ab&nbsp;sym\u00adbo\u00adlique&nbsp;\u00bb, 1<sup>er<\/sup> novembre jour des morts, est aus\u00adsi carac\u00adt\u00e9\u00adris\u00adtique de la m\u00eame frousse&nbsp;: on pense \u00eatre mieux com\u00adpris par le biais du sym\u00adbole alors que c\u2019est jus\u00adte\u00adment le sym\u00adbole qui cr\u00e9e la confusion.<\/p>\n<p>\tD\u2019autre part, l\u2019in\u00adt\u00e9\u00adr\u00eat du mot d\u2019ordre c\u2019est jus\u00adte\u00adment d\u2019\u00eatre assez large et ouvert pour lais\u00adser la pos\u00adsi\u00adbi\u00adli\u00adt\u00e9 d\u2019a\u00advoir une orga\u00adni\u00adsa\u00adtion par petits groupes qui ne soient pas limi\u00adt\u00e9s dans leurs ini\u00adtia\u00adtives par la r\u00e9f\u00e9\u00adrence \u00e0 un texte ini\u00adtial trop rigide et qui, \u00e0 par\u00adtir de l\u2019ap\u00adpel de d\u00e9part, peuvent ima\u00adgi\u00adner d\u2019une mani\u00e8re auto\u00adnome leur propre type de prise en charge et d\u2019in\u00adter\u00adven\u00adtion. Des textes d\u2019ap\u00adpel dif\u00adf\u00e9\u00adrents ont d\u2019ailleurs \u00e9t\u00e9 r\u00e9di\u00adg\u00e9s par divers comi\u00adt\u00e9s&nbsp;; dans le pre\u00admier texte dis\u00adtri\u00adbu\u00e9 \u00e0 Jus\u00adsieu cette pr\u00e9\u00adoc\u00adcu\u00adpa\u00adtion d\u2019au\u00adto\u00adno\u00admie \u00e9tait par\u00adti\u00adcu\u00adli\u00e8\u00adre\u00adment sensible&nbsp;:<\/p>\n<p>\t\u00ab&nbsp;pre\u00admier pas, cette marche inter\u00adna\u00adtio\u00adnale ne devrait pas \u00eatre la jux\u00adta\u00adpo\u00adsi\u00adtion des dif\u00adf\u00e9\u00adrents groupes qui par\u00adti\u00adcipent habi\u00adtuel\u00adle\u00adment aux mani\u00adfes\u00adta\u00adtions, mais un lieu de lutte o\u00f9 cha\u00adcun en dehors de ses dra\u00adpeaux natio\u00adnaux ou d\u2019or\u00adga\u00adni\u00adsa\u00adtion pour\u00adrait selon sa sen\u00adsi\u00adbi\u00adli\u00adt\u00e9 propre et ses envies, par\u00adti\u00adci\u00adper \u00e0 l\u2019ef\u00adfort com\u00admun en vue d\u2019ar\u00adr\u00ea\u00adter cette bou\u00adche\u00adrie.&nbsp;\u00bb (extrait de&nbsp;tract).<\/p>\n<p>\tUn des aspects posi\u00adtifs les plus impor\u00adtants de l\u2019or\u00adga\u00adni\u00adsa\u00adtion de cette marche a \u00e9t\u00e9 jus\u00adte\u00adment le fait que le comi\u00adt\u00e9 d\u2019i\u00adni\u00adtia\u00adtive pari\u00adsien s\u2019est tout de suite trans\u00adfor\u00adm\u00e9 en comi\u00adt\u00e9 de coor\u00addi\u00adna\u00adtion refu\u00adsant d\u2019\u00eatre le comi\u00adt\u00e9 cen\u00adtral de r\u00e9f\u00e9\u00adrence et que les dif\u00adf\u00e9\u00adrents comi\u00adt\u00e9s, \u00e0 Paris et en pro\u00advince o\u00f9 d\u2019ailleurs d\u2019autres coor\u00addi\u00adna\u00adtions se sont faites, ont r\u00e9el\u00adle\u00adment pris en charge mat\u00e9\u00adriel\u00adle\u00adment l\u2019or\u00adga\u00adni\u00adsa\u00adtion de la marche (pro\u00adbl\u00e8mes des cars, des affiches, de la popu\u00adla\u00adri\u00adsa\u00adtion). Au sein des lieux de tra\u00advail ou sur les quar\u00adtiers dans les\u00adquels se sont for\u00adm\u00e9s les comi\u00adt\u00e9s, les d\u00e9bats ont \u00e9t\u00e9 r\u00e9els et ont d\u00e9pas\u00ads\u00e9 lar\u00adge\u00adment le cadre de la marche.<\/p>\n<p><img loading=\"lazy\" decoding=\"async\" width=\"400\" vspace=\"10\" hspace=\"10\" height=\"350\" align=\"center\" src=\"http:\/\/www.la-presse-anarchiste.net\/spip\/IMG\/Lanterne\/ln4.jpg\" alt><\/p>\n<p>\t\u00c0 Jus\u00adsieu par exemple il est symp\u00adto\u00adma\u00adtique que lors du pre\u00admier d\u00e9bat sur l\u2019or\u00adga\u00adni\u00adsa\u00adtion de la marche un pre\u00admier cli\u00advage se soit fait entre deux points de&nbsp;vue&nbsp;:<\/p>\n<p>\td\u2019une part celui des mili\u00adtants d\u00e9j\u00e0 orga\u00adni\u00ads\u00e9s la plu\u00adpart dans la LCR, qui vou\u00adlaient \u00ab&nbsp;popu\u00adla\u00adri\u00adser sur Jus\u00adsieu&nbsp;\u00bb en orga\u00adni\u00adsant un mee\u00adting d\u2019in\u00adfor\u00adma\u00adtion sur la r\u00e9pres\u00adsion en Espagne avec des mili\u00adtants du FRAP et de l\u2019E\u00adTA&nbsp;; d\u2019autre part celui de ceux qui vou\u00adlaient r\u00e9fl\u00e9\u00adchir aux actions pos\u00adsibles \u00ab&nbsp;au nombre qu\u2019on \u00e9tait&nbsp;\u00bb pour qui la marche n\u2019\u00e9\u00adtait pas une fin en soi et qui n\u2019a\u00advaient pas envie de d\u00e9l\u00e9\u00adguer aux pro\u00adfes\u00adsion\u00adnels habi\u00adtuels le soin d\u2019in\u00adfor\u00admer. L\u2019at\u00adti\u00adtude des mili\u00adtants de la LCR venus \u00e0 ce moment l\u00e0 \u00e0 titre indi\u00advi\u00adduel, car leur orga\u00adni\u00adsa\u00adtion n\u2019ap\u00adpe\u00adlait pas encore \u00e0 la marche, a \u00e9t\u00e9 un tra\u00advail de sape assez habile d\u2019un pro\u00adjet d\u2019ac\u00adtion imm\u00e9\u00addiate envi\u00adsa\u00adg\u00e9 par les gens pr\u00e9\u00adsents (une dis\u00adtri\u00adbu\u00adtion de tracts dans les trains par\u00adtant pour l\u2019Es\u00adpagne \u00e0 la gare d\u2019Aus\u00adter\u00adlitz tr\u00e8s proche de Jussieu).<\/p>\n<p>\tCari\u00adca\u00adtu\u00adrant com\u00adpl\u00e8\u00adte\u00adment le pro\u00adjet qui deve\u00adnait dans leur lan\u00adgage une redou\u00adtable action de com\u00adman\u00addo, emp\u00ea\u00adchant sys\u00adt\u00e9\u00adma\u00adti\u00adque\u00adment qu\u2019on dis\u00adcute cal\u00adme\u00adment et \u00ab&nbsp;pra\u00adti\u00adque\u00adment&nbsp;\u00bb de ce qu\u2019il \u00e9tait pos\u00adsible de faire, des risques qu\u2019on pou\u00advait prendre, et. ils ont ins\u00adtal\u00adl\u00e9 un cli\u00admat de panique qui a com\u00adpl\u00e8\u00adte\u00adment blo\u00adqu\u00e9 la dis\u00adcus\u00adsion et fait se bar\u00adrer quelques copains \u00e9coeur\u00e9s.<\/p>\n<p>\tEn m\u00eame temps ils avan\u00ad\u00e7aient l\u2019exis\u00adtence d\u2019un pro\u00adjet d\u2019ac\u00adtion au m\u00eame endroit pour le len\u00adde\u00admain, action orga\u00adni\u00ads\u00e9e par le col\u00adlec\u00adtif Eva Forest, et \u00e0 laquelle ils nous deman\u00addaient de nous ral\u00adlier sans en rien conna\u00eetre (clan\u00addes\u00adti\u00adni\u00adt\u00e9 oblige\u2026) en fai\u00adsant confiance \u00e0 leur orga\u00adni\u00adsa\u00adtion, leur SO,&nbsp;etc.<\/p>\n<p>\tVoyant d\u2019ailleurs que la plu\u00adpart des copains pr\u00e9\u00adsents \u00e9taient r\u00e9ti\u00adcents et n\u2019\u00e9\u00adtaient pas pr\u00eats \u00e0 par\u00adti\u00adci\u00adper \u00e0 une action o\u00f9 on leur deman\u00addait seule\u00adment de ser\u00advir de troupes, ils ont ces\u00ads\u00e9 de venir aux r\u00e9unions du comi\u00adt\u00e9 pen\u00addant trois semaines envi\u00adron jus\u00adqu\u2019au moment o\u00f9 leur orga\u00adni\u00adsa\u00adtion a appe\u00adl\u00e9 offi\u00adciel\u00adle\u00adment \u00e0 la marche.<\/p>\n<p>\tJ\u2019ai racon\u00adt\u00e9 ceci en d\u00e9tail parce que c\u2019est carac\u00adt\u00e9\u00adris\u00adtique d\u2019une part des rap\u00adports qu\u2019en\u00adtre\u00adtiennent les orga\u00adni\u00adsa\u00adtions avec les ini\u00adtia\u00adtives qu\u2019ils ne par\u00adviennent pas \u00e0 contr\u00f4\u00adler tota\u00adle\u00adment et que d\u2019autre part c\u2019est tou\u00adjours sur le pro\u00adbl\u00e8me de la vio\u00adlence et de l\u2019ill\u00e9\u00adga\u00adli\u00adt\u00e9 que le d\u00e9bat est \u00e9vacu\u00e9.<\/p>\n<p>\tLe comi\u00adt\u00e9 Jus\u00adsieu a \u00e9cla\u00adt\u00e9 et com\u00admen\u00adc\u00e9 \u00e0 s\u2019ef\u00adfri\u00adter pr\u00e9\u00adci\u00ads\u00e9\u00adment lors d\u2019une r\u00e9union o\u00f9 les orga\u00adni\u00adsa\u00adtions qui appe\u00adlaient offi\u00adciel\u00adle\u00adment \u00e0 la marche sont reve\u00adnues en force dans le comi\u00adt\u00e9&nbsp;; un d\u00e9bat par\u00adfai\u00adte\u00adment cari\u00adca\u00adtu\u00adral dans lequel nous nous sommes tous fait enfer\u00admer \u00e0 par\u00adler ce jour l\u00e0 sur le pro\u00adbl\u00e8me de l\u2019i\u00adti\u00adn\u00e9\u00adraire. Le choix qui devait \u00eatre fait au sein de chaque comi\u00adt\u00e9 \u00e9tait pr\u00e9\u00adsen\u00adt\u00e9 \u00e0 Jus\u00adsieu comme un choix entre un iti\u00adn\u00e9\u00adraire \u00ab&nbsp;paci\u00adfique&nbsp;\u00bb qui fai\u00adsait de la marche \u00e0 nou\u00adveau une action pure\u00adment sym\u00adbo\u00adlique et comme l\u2019a dit un copain une sorte de R\u00e9pu\u00adblique \u2013 Bas\u00adtille rem\u00adpla\u00adc\u00e9 par Hen\u00addaye ville \u2013 Hen\u00addaye plage, et un autre iti\u00adn\u00e9\u00adraire \u00ab&nbsp;dur&nbsp;\u00bb qui consis\u00adtait \u00e0 blo\u00adquer la fron\u00adti\u00e8re et \u00e0 pas\u00adser devant le consu\u00adlat et qui ser\u00advait en quelque sorte de repous\u00adsoir au pre\u00admier. Une fois le d\u00e9bat pos\u00e9 de cette fa\u00e7on, on s\u2019est \u00e9tri\u00adp\u00e9s dans la confu\u00adsion g\u00e9n\u00e9\u00adrale sur les th\u00e8mes habi\u00adtuels&nbsp;: pro\u00advo\u00adca\u00adtions poli\u00adci\u00e8res&nbsp;; les \u00ab&nbsp;irres\u00adpon\u00adsables&nbsp;\u00bb&nbsp;; y aller avec ou sans casque&nbsp;\u00bb&nbsp;; \u00ab&nbsp;en avoir ou pas&nbsp;\u00bb,&nbsp;etc.<\/p>\n<p>\tEn revanche. pas ques\u00adtion d\u2019es\u00adsayer de prendre en charge un mini\u00admum nous-m\u00eames l\u2019\u00e9\u00adtude d\u2019un ter\u00adrain, les pos\u00adsi\u00adbi\u00adli\u00adt\u00e9s de mobi\u00adli\u00adt\u00e9 et d\u2019au\u00adto\u00add\u00e9\u00adfense, ce qui reve\u00adnait \u00e0 comp\u00adter impli\u00adci\u00adte\u00adment sur les SO des orga\u00adni\u00adsa\u00adtions pour nous pro\u00adt\u00e9\u00adger (ou nous fouiller et nous taper des\u00adsus si nous \u00e9tions \u00ab&nbsp;irresponsables&nbsp;\u00bb).<\/p>\n<p>\tIl me sem\u00adble\u00adrait int\u00e9\u00adres\u00adsant d\u2019a\u00advoir un d\u00e9bat sur la fa\u00e7on dont le pou\u00advoir a pu \u00eatre repris par les orga\u00adni\u00adsa\u00adtions dans ces comi\u00adt\u00e9s alors que jus\u00adqu\u2019\u00e0 la fin il y avait une r\u00e9sis\u00adtance, constam\u00adment r\u00e9af\u00adfir\u00adm\u00e9e \u00e0 la coor\u00addi\u00adna\u00adtion par exemple, \u00e0 cette r\u00e9cu\u00adp\u00e9\u00adra\u00adtion. T\u00e9moin le d\u00e9bat hou\u00adleux \u00e0 une des der\u00adni\u00e8res assem\u00adbl\u00e9es g\u00e9n\u00e9\u00adrales de coor\u00addi\u00adna\u00adtion sur le pro\u00adbl\u00e8me des ban\u00adde\u00adroles et sur l\u2019a\u00adchar\u00adne\u00adment que met\u00adtait le col\u00adlec\u00adtif Eva Forest \u00e0 vou\u00adloir appa\u00adra\u00eetre en tant que tel. Il y a m\u00eame eu un chan\u00adtage incroyable fait par une des mili\u00adtantes de ce col\u00adlec\u00adtif consis\u00adtant \u00e0 dire&nbsp;: si vous ne vou\u00adlez pas que nous appa\u00adrais\u00adsions en tant que col\u00adlec\u00adtif, nous n\u2019i\u00adrons pas et \u00ab&nbsp;cela fera des mil\u00adliers de per\u00adsonnes en moins&nbsp;\u00bb (ce qui d\u2019ailleurs \u00e9tait peut-\u00eatre sur\u00ades\u00adti\u00admer l\u2019im\u00adplan\u00adta\u00adtion du collectif&nbsp;!).<\/p>\n<p>\tJe pense que dire que cela tient \u00e0 ce genre de pro\u00adjet, \u00e0 son carac\u00adt\u00e8re \u00ab&nbsp;huma\u00adni\u00adsant&nbsp;\u00bb, etc., et en quelque sorte dire d\u2019a\u00advance, en th\u00e9o\u00adrie, que ce type d\u2019en\u00adtre\u00adprise ne peut pas deve\u00adnir autre chose que ce qu\u2019il a \u00e9t\u00e9, c\u2019est aus\u00adsi \u00e9va\u00adcuer le pro\u00adbl\u00e8me, et pr\u00e9\u00adsup\u00adpo\u00adser qu\u2019il n\u2019y a pas de dyna\u00admique interne dans une lutte et de pos\u00adsi\u00adbi\u00adli\u00adt\u00e9 de trans\u00adfor\u00adma\u00adtion des objec\u00adtifs de la lutte par l\u2019ac\u00adtion men\u00e9e en commun.<\/p>\n<p>\tPer\u00adson\u00adnel\u00adle\u00adment je trouve qu\u2019il serait plus posi\u00adtif que les comi\u00adt\u00e9s, s\u2019ils font des bilans, dis\u00adcutent sur la fa\u00e7on dont \u00e7a s\u2019est pas\u00ads\u00e9 au sein des comi\u00adt\u00e9s (pro\u00adbl\u00e8mes des t\u00e2ches mat\u00e9\u00adrielles, conte\u00adnu des d\u00e9bats qui ont \u00e9t\u00e9 men\u00e9s, conflits et ten\u00adsions) que cette r\u00e9flexion soit col\u00adlec\u00adt\u00e9e et qu\u2019on voit pour\u00adquoi on n\u2019a pas pu ima\u00adgi\u00adner autre chose, pour\u00adquoi l\u2019ul\u00adtime recours quand on sen\u00adtait que \u00e7a foi\u00adrait \u00e9tait de se dire que la marche ne serait qu\u2019une \u00e9tape, et ce qu\u2019il y a dans nos t\u00eates qui nous fait accep\u00adter de perdre petit \u00e0 petit le pou\u00advoir qu\u2019on peut avoir sur notre propre lutte.<\/p>\n<p>Mich\u00e8le\n<\/p><\/div>\n","protected":false},"excerpt":{"rendered":"<p>Marche inter\u00adna\u00adtio\u00adnale du 1<sup>er<\/sup> novembre contre le r\u00e9gime fran\u00adquiste . Ce texte est \u00e0 la fois un t\u00e9moi\u00adgnage et une r\u00e9flexion per\u00adson\u00adnelle de quel\u00adqu\u2019un qui a par\u00adti\u00adci\u00adp\u00e9 \u00e0 la pr\u00e9\u00adpa\u00adra\u00adtion de la marche au sein d\u2019un comi\u00adt\u00e9 consti\u00adtu\u00e9 \u00e0 Jus\u00adsieu et qui vou\u00addrait que les pro\u00adbl\u00e8mes qui se sont pos\u00e9s, et sur\u00adtout ceux qui&nbsp;ont&nbsp;[\u2026]<\/p>\n","protected":false},"author":1,"featured_media":0,"comment_status":"closed","ping_status":"closed","sticky":false,"template":"","format":"standard","meta":{"wp_typography_post_enhancements_disabled":false,"footnotes":""},"categories":[38],"tags":[],"ppma_author":[540],"class_list":["post-291","post","type-post","status-publish","format-standard","hentry","category-la-lanterne-noire-n4-decembre-1975"],"authors":[{"term_id":540,"user_id":1,"is_guest":0,"slug":"admin_3gikpwyf","display_name":"Vincent Dubuc","avatar_url":"https:\/\/secure.gravatar.com\/avatar\/d015720652c25fd2ced191ade86430094e1f288a17483713e3b34d26dea52507?s=96&d=mm&r=g","author_category":"","user_url":"https:\/\/la-presse-anarchiste.net","last_name":"Dubuc","first_name":"Vincent","job_title":"","description":""}],"_links":{"self":[{"href":"https:\/\/la-presse-anarchiste.net\/index.php\/wp-json\/wp\/v2\/posts\/291","targetHints":{"allow":["GET"]}}],"collection":[{"href":"https:\/\/la-presse-anarchiste.net\/index.php\/wp-json\/wp\/v2\/posts"}],"about":[{"href":"https:\/\/la-presse-anarchiste.net\/index.php\/wp-json\/wp\/v2\/types\/post"}],"author":[{"embeddable":true,"href":"https:\/\/la-presse-anarchiste.net\/index.php\/wp-json\/wp\/v2\/users\/1"}],"replies":[{"embeddable":true,"href":"https:\/\/la-presse-anarchiste.net\/index.php\/wp-json\/wp\/v2\/comments?post=291"}],"version-history":[{"count":0,"href":"https:\/\/la-presse-anarchiste.net\/index.php\/wp-json\/wp\/v2\/posts\/291\/revisions"}],"wp:attachment":[{"href":"https:\/\/la-presse-anarchiste.net\/index.php\/wp-json\/wp\/v2\/media?parent=291"}],"wp:term":[{"taxonomy":"category","embeddable":true,"href":"https:\/\/la-presse-anarchiste.net\/index.php\/wp-json\/wp\/v2\/categories?post=291"},{"taxonomy":"post_tag","embeddable":true,"href":"https:\/\/la-presse-anarchiste.net\/index.php\/wp-json\/wp\/v2\/tags?post=291"},{"taxonomy":"author","embeddable":true,"href":"https:\/\/la-presse-anarchiste.net\/index.php\/wp-json\/wp\/v2\/ppma_author?post=291"}],"curies":[{"name":"wp","href":"https:\/\/api.w.org\/{rel}","templated":true}]}}