{"id":2913,"date":"2011-07-20T21:05:41","date_gmt":"2011-07-20T21:05:41","guid":{"rendered":"https:\/\/la-presse-anarchiste.net\/index.php\/2011\/07\/20\/pourquoi-ce-bulletin\/"},"modified":"2011-07-20T21:05:41","modified_gmt":"2011-07-20T21:05:41","slug":"pourquoi-ce-bulletin","status":"publish","type":"post","link":"https:\/\/la-presse-anarchiste.net\/index.php\/2011\/07\/20\/pourquoi-ce-bulletin\/","title":{"rendered":"Pourquoi ce Bulletin"},"content":{"rendered":"<div class=\"pdfprnt-buttons pdfprnt-buttons-post pdfprnt-top-right\"><a href=\"https:\/\/la-presse-anarchiste.net\/index.php\/wp-json\/wp\/v2\/posts\/2913?print=pdf\" class=\"pdfprnt-button pdfprnt-button-pdf\" target=\"_blank\"><img decoding=\"async\" src=\"https:\/\/la-presse-anarchiste.net\/wp-content\/plugins\/pdf-print\/images\/pdf.png\" alt=\"image_pdf\" title=\"Afficher le PDF\"><\/a><a href=\"https:\/\/la-presse-anarchiste.net\/index.php\/wp-json\/wp\/v2\/posts\/2913?print=print\" class=\"pdfprnt-button pdfprnt-button-print\" target=\"_blank\"><img decoding=\"async\" src=\"https:\/\/la-presse-anarchiste.net\/wp-content\/plugins\/pdf-print\/images\/print.png\" alt=\"image_print\" title=\"Contenu imprim\u00e9\"><\/a><\/div><p>\u00c0 la suite du der\u00adnier Congres de la F\u00e9d\u00e9\u00adra\u00adtion Anar\u00adchiste \u00e0 Bor\u00addeaux, il est appa\u00adru aux cama\u00adrades anar\u00adchistes r\u00e9vo\u00adlu\u00adtion\u00adnaires que deux \u00e9vi\u00addences s\u2019im\u00adpo\u00adsaient d\u00e9sor\u00admais de fa\u00e7on indiscutable&nbsp;:<\/p>\n<p>1) La F\u00e9d\u00e9\u00adra\u00adtion Anar\u00adchiste, recons\u00adti\u00adtu\u00e9e en 1954 sous la forme d\u2019une union plu\u00adra\u00adliste, ne peut&nbsp;que&nbsp;:<br> \u2013 ou demeu\u00adrer sous sa forme actuelle.<br> \u2013 ou dispara\u00eetre.<\/p>\n<p>La r\u00e8gle de l\u2019u\u00adna\u00adni\u00admi\u00adt\u00e9 inter\u00addi\u00adsant de fa\u00e7on rigou\u00adreuse toute modi\u00adfi\u00adca\u00adtion id\u00e9o\u00adlo\u00adgique ou structurelle.<\/p>\n<p>2) Contre ce refus de tout chan\u00adge\u00adment, des mili\u00adtants s\u2019in\u00adsurgent p\u00e9rio\u00addi\u00adque\u00adment, mais d\u2019une mani\u00e8re spo\u00adra\u00addique et d\u00e9sor\u00addon\u00adn\u00e9e et le seul r\u00e9sul\u00adtat de ces convul\u00adsions n\u00e9ga\u00adtives est d\u2019af\u00adfai\u00adblir un peu plus le mou\u00adve\u00adment anarchiste.<\/p>\n<p>Devant cette double \u00e9vi\u00addence, les cama\u00adrades anar\u00adchistes-r\u00e9vo\u00adlu\u00adtion\u00adnaires membres de la F.A. D\u00e9clarent&nbsp;:<br> \u2013 que, d\u2019une part, ils ne sou\u00adhaitent pas la dis\u00adpa\u00adri\u00adtion de la F\u00e9d\u00e9\u00adra\u00adtion Anar\u00adchiste, mais demandent \u00e0 celle-ci de prendre r\u00e9el\u00adle\u00adment et concr\u00e8\u00adte\u00adment le carac\u00adt\u00e8re d\u2019une union plu\u00adra\u00adliste. [[Voir plus loin, \u00e0 ce sujet, la pro\u00adpo\u00adsi\u00adtion du cama\u00adrade Fayolle.]]<br> \u2013 et que, d\u2019autre part, ils ne peuvent conti\u00adnuer \u00e0 mili\u00adter dans l\u2019\u00e9\u00adqui\u00advoque et le confu\u00adsion actuelles.<\/p>\n<p>En cons\u00e9\u00adquence, ces cama\u00adrades ont d\u00e9ci\u00add\u00e9 d\u2019\u00e9\u00adta\u00adblir une liai\u00adson entre tous les anar\u00adchistes-r\u00e9vo\u00adlu\u00adtion\u00adnaires de ce pays, qu\u2019ils soient ou non membres de la F.A. Cette liai\u00adson aura pour objec\u00adtif d\u2019\u00e9\u00adtu\u00addier les pos\u00adsi\u00adbi\u00adli\u00adt\u00e9s de cr\u00e9a\u00adtion d\u2019une orga\u00adni\u00adsa\u00adtion sp\u00e9\u00adci\u00adfique anar\u00adchiste-r\u00e9vo\u00adlu\u00adtion\u00adnaire struc\u00adtu\u00adr\u00e9e sur le double plan id\u00e9o\u00adlo\u00adgique et orga\u00adni\u00adsa\u00adtion\u00adnel. Cette orga\u00adni\u00adsa\u00adtion sera tota\u00adle\u00adment ind\u00e9\u00adpen\u00addante, mais non s\u00e9pa\u00adr\u00e9e de la F.A. \u2013 dans la mesure o\u00f9 celle-ci se d\u00e9fi\u00adni\u00adra comme une union pluraliste.<\/p>\n<p>Nous <u>d\u00e9si\u00adrons<\/u> que la F\u00e9d\u00e9\u00adra\u00adtion Anar\u00adchiste demeure un trait d\u2019u\u00adnion entre tous les cama\u00adrades se r\u00e9cla\u00admant, \u00e0 des titres divers, de l\u2019anarchisme.<\/p>\n<p>Mais nous sommes \u00e9ga\u00adle\u00adment <u>r\u00e9so\u00adlus<\/u> \u00e0 nous affir\u00admer et \u00e0 nous d\u00e9fi\u00adnir dans la triple pers\u00adpec\u00adtive de l\u2019or\u00adga\u00adni\u00adsa\u00adtion, de la r\u00e9vo\u00adlu\u00adtion et de l\u2019anarchisme.<br> \u2013 De l\u2019or\u00adga\u00adni\u00adsa\u00adtion, car nous consi\u00add\u00e9\u00adrons que tout mou\u00adve\u00adment social qui se veut \u00eatre autre chose qu\u2019un simple t\u00e9moin de son temps doit s\u2019or\u00adga\u00adni\u00adser s\u00e9rieu\u00adse\u00adment et se d\u00e9fi\u00adnir clai\u00adre\u00adment. [[Dans un pro\u00adchain num\u00e9\u00adro, nous publie\u00adrons un pro\u00adjet de struc\u00adtu\u00adra\u00adtion id\u00e9o\u00adlo\u00adgique et organisationnel.]]<br> \u2013 De la r\u00e9vo\u00adlu\u00adtion, car nous consi\u00add\u00e9\u00adrons que tout chan\u00adge\u00adment d\u2019en\u00adver\u00adgure des actuelles soci\u00e9\u00adt\u00e9s humaines ne peut \u00eatre que l\u2019\u0153uvre d\u2019une r\u00e9volution.<br> \u2013 De l\u2019a\u00adnar\u00adchisme, car nous consi\u00add\u00e9\u00adrons que celui-ci, en temps qu\u2019ex\u00adpres\u00adsion d\u2019un socia\u00adlisme libre, est la seule id\u00e9o\u00adlo\u00adgie capable de s\u2019op\u00adpo\u00adser \u00e0 l\u2019im\u00adp\u00e9\u00adria\u00adlisme capi\u00adta\u00adliste, main\u00adte\u00adneur des anciennes ali\u00e9\u00adna\u00adtions, comme au socia\u00adlisme mar\u00adxiste, cr\u00e9a\u00adteur de nou\u00advelles ali\u00e9nations.<\/p>\n<p>Nous nous orien\u00adtons donc, sans aucune \u00e9qui\u00advoque pos\u00adsible, vers la cr\u00e9a\u00adtion d\u2019une orga\u00adni\u00adsa\u00adtion <u>sp\u00e9\u00adci\u00adfi\u00adque\u00adment anar\u00adchiste<\/u>, sans aucune conces\u00adsion aux modes pas\u00adsa\u00adg\u00e8res de cer\u00adtaines philosophies.<\/p>\n<p>Ce que nous voulons&nbsp;:<br> \u2013 Une orga\u00adni\u00adsa\u00adtion clai\u00adre\u00adment d\u00e9fi\u00adnie sur le plan id\u00e9o\u00adlo\u00adgique et repo\u00adsant sur de r\u00e9elles struc\u00adtures orga\u00adniques, o\u00f9 les d\u00e9ci\u00adsions seront \u00e9la\u00adbo\u00adr\u00e9es <u>\u00e0 la base<\/u>, dans les groupes.<br> \u2013 Des Congr\u00e8s <u>sou\u00adve\u00adrains<\/u>, o\u00f9 les d\u00e9ci\u00adsions, \u00e0 d\u00e9faut de l\u2019u\u00adna\u00adni\u00admi\u00adt\u00e9, seront prises \u00e0 la <u>majo\u00adri\u00adt\u00e9<\/u>, mais non contrai\u00adgnantes pour la minorit\u00e9.<br> \u2013 Des orga\u00adnismes f\u00e9d\u00e9\u00adraux char\u00adg\u00e9s de man\u00addats <u>ex\u00e9\u00adcu\u00adtifs<\/u> et <u>col\u00adlec\u00adti\u00adve\u00adment<\/u> res\u00adpon\u00adsables devant les Congr\u00e8s.<br> \u2013 Une dis\u00adci\u00adpline libre\u00adment consen\u00adtie sur la base d\u2019un <u>contrat<\/u>.<br> \u2013 Un enga\u00adge\u00adment <u>total<\/u> du mili\u00adtant envers l\u2019or\u00adga\u00adni\u00adsa\u00adtion et un enga\u00adge\u00adment <u>col\u00adlec\u00adtif<\/u> de l\u2019or\u00adga\u00adni\u00adsa\u00adtion envers chaque militant.<br> \u2013 Une liber\u00adt\u00e9 com\u00adpl\u00e8te d\u2019ex\u00adpres\u00adsion dans toutes les ins\u00adtances comme dans tous les organes du mouvement.<\/p>\n<p>Ce que nous refusons&nbsp;:<br> \u2013 Le plu\u00adra\u00adlisme id\u00e9o\u00adlo\u00adgique qui s\u2019ex\u00adprime par une vari\u00e9\u00adt\u00e9 infi\u00adnie de ten\u00addances, dont les oppo\u00adsi\u00adtions para\u00adlysent toute pos\u00adsi\u00adbi\u00adli\u00adt\u00e9 de mouvement.<br> \u2013 La r\u00e8gle imp\u00e9\u00adra\u00adtive de l\u2019u\u00adna\u00adni\u00admi\u00adt\u00e9, qui inter\u00addit toutes prises de posi\u00adtion collectives.<br> \u2013 Des orga\u00adnismes f\u00e9d\u00e9\u00adraux nom\u00adm\u00e9s sans direc\u00adtives, qui, ou bien n\u2019a\u00adgissent pas, ou bien se com\u00adportent en \u00ab&nbsp;directeurs&nbsp;\u00bb.<br> \u2013 Un \u00ab&nbsp;Bureau poli\u00adtique&nbsp;\u00bb ou un \u00ab&nbsp;Comi\u00adt\u00e9 Cen\u00adtral&nbsp;\u00bb qui dirigent le mou\u00adve\u00adment \u00ab&nbsp;par en&nbsp;haut&nbsp;\u00bb.<br> \u2013 L\u2019ab\u00adsence de tout enga\u00adge\u00adment entre l\u2019adh\u00e9\u00adrent et l\u2019or\u00adga\u00adni\u00adsa\u00adtion, ce qui trans\u00adforme le mili\u00adtan\u00adtisme en \u00ab&nbsp;dilettantisme&nbsp;\u00bb.<br> \u2013 Le mono\u00adli\u00adthisme sous toutes ses formes et, \u00e0 l\u2019op\u00adpo\u00ads\u00e9 son contraire, le confusionnisme.<\/p>\n<p>Sur ces bases, nous pen\u00adsons qu\u2019il est pos\u00adsible de ras\u00adsem\u00adbler tous les anar\u00adchistes-r\u00e9vo\u00adlu\u00adtion\u00adnaires de ce pays et de cr\u00e9er une orga\u00adni\u00adsa\u00adtion coh\u00e9\u00adrente, effi\u00adcace, lar\u00adge\u00adment ouverte sur tous les aspect:s de la pen\u00ads\u00e9e et de l\u2019ac\u00adtion r\u00e9vo\u00adlu\u00adtion\u00adnaires, mais fer\u00adme\u00adment fix\u00e9e <u>sur des bases anar\u00adchistes<\/u>.<\/p>\n<p><u>Nous ne lan\u00ad\u00e7ons\td\u2019ex\u00adclu\u00adsive contre per\u00adsonne<\/u>. Nous appe\u00adlons \u00e0 nous rejoindre tous ceux qui pensent que, dans les temps que nous vivons, l\u2019a\u00adnar\u00adchisme peut jouer un autre r\u00f4le que celui d\u2019un spec\u00adtacle folk\u00adlo\u00adrique ou d\u2019une curio\u00adsi\u00adt\u00e9 philosophique.<\/p>\n<p>Nous sommes convain\u00adcus que cela est possible&nbsp;:<br> \u2013 si, d\u2019une part, nous nous \u00e9va\u00addons des dis\u00adcus\u00adsions byzan\u00adtines de ten\u00addances qui para\u00adlysent notre mou\u00adve\u00adment et \u00ab&nbsp;le secoue d\u2019an\u00adn\u00e9e en&nbsp;ann\u00e9e&nbsp;\u00bb.<br> \u2013 et, si, d\u2019autre part, nous conce\u00advons notre posi\u00adtion r\u00e9vo\u00adlu\u00adtion\u00adnaire sur un plan s\u00e9rieux et r\u00e9a\u00adliste, qui rejette aus\u00adsi bien la d\u00e9ma\u00adgo\u00adgie ver\u00adbale d\u2019un \u00ab&nbsp;r\u00e9vo\u00adlu\u00adtion\u00adna\u00adrisme&nbsp;\u00bb d\u2019o\u00adp\u00e9\u00adrette qu\u2019une exal\u00adta\u00adtion infan\u00adtile de la violence.<\/p>\n<p>Nous ne consi\u00add\u00e9\u00adrons pas l\u2019a\u00adnar\u00adchisme r\u00e9vo\u00adlu\u00adtion\u00adnaire comme une ten\u00addance, mais comme une id\u00e9o\u00adlo\u00adgie com\u00adpl\u00e8te, comme l\u2019a\u00adnar\u00adchisme en action, dont l\u2019ob\u00adjec\u00adtif est d\u2019\u00e9\u00addi\u00adfier une soci\u00e9\u00adt\u00e9 d\u2019hommes libres, \u00e9gaux et responsables.<\/p>\n<p>C\u2019est dans cet esprit que nous appe\u00adlons de nos v\u0153ux une orga\u00adni\u00adsa\u00adtion r\u00e9vo\u00adlu\u00adtion\u00adnaire anar\u00adchiste, dont l\u2019in\u00addis\u00adpen\u00adsable uni\u00adt\u00e9 orga\u00adnique id\u00e9o\u00adlo\u00adgique et tac\u00adtique per\u00admet\u00adtra de for\u00adger un mou\u00adve\u00adment effi\u00adcace et coh\u00e9\u00adrent, seul capable de faire sor\u00adtir l\u2019a\u00adnar\u00adchisme des zones d\u2019ombre o\u00f9 il v\u00e9g\u00e8te actuellement<\/p>\n<p>Cama\u00adrades&nbsp;!<\/p>\n<p>Ceci n\u2019est qu\u2019une pre\u00admi\u00e8re prise de contact.<\/p>\n<p>Dans les num\u00e9\u00adros sui\u00advants de ce Bul\u00adle\u00adtin, nous d\u00e9fi\u00adni\u00adrons avec plus de pr\u00e9\u00adci\u00adsions notre posi\u00adtion et nos objectifs.<\/p>\n<p>Mais, d\u00e9s le d\u00e9part, nous d\u00e9cla\u00adrons&nbsp;que&nbsp;:<br> \u2013 En aucun cas, nous ne nous lais\u00adse\u00adrons entrai\u00adner sur le ter\u00adrain des affron\u00adte\u00adments <u>per\u00adson\u00adnels<\/u>.<br> \u2013 En aucun cas, nous n\u2019u\u00adti\u00adli\u00adse\u00adrons l\u2019in\u00adjure, le men\u00adsonge ou la calom\u00adnie en guise \u00ab&nbsp;d\u2019arguments&nbsp;\u00bb.<\/p>\n<p>Et notre sou\u00adhait est que la F\u00e9d\u00e9\u00adra\u00adtion Anar\u00adchiste, en se d\u00e9fi\u00adnis\u00adsant comme une v\u00e9ri\u00adtable Union Plu\u00adra\u00adliste, reste le trait d\u2019u\u00adnion vivant et le lieu de ren\u00adcontre fra\u00adter\u00adnel o\u00f9 <u>tous<\/u> les anar\u00adchistes se retrou\u00adve\u00adront, non plus pour d\u2019i\u00adnu\u00adtiles affron\u00adte\u00adments, mais pour d\u2019a\u00admi\u00adcaux colloques.<\/p>\n<p>Cama\u00adrades anarchistes-r\u00e9volutionnaires&nbsp;!<\/p>\n<p>Une fois de plus un appel vous est adress\u00e9.<\/p>\n<p>\u00c0 vous de r\u00e9pondre.<\/p>\n<p>Tout est encore pos\u00adsible si nous le vou\u00adlons \u2013 si vous le voulez.<\/p>\n<p>Pour notre part, nous sommes pr\u00eats \u00e0 tous les efforts et \u00e0 tous les sacri\u00adfices pour \u00e9di\u00adfier, enfin, ce grand mou\u00adve\u00adment anar\u00adchiste qu\u2019es\u00adp\u00e8rent tous les militants.<\/p>\n<p>Pre\u00adnez contact.<\/p>\n<p>\u00c9cri\u00advez-nous.<\/p>\n<p>Envoyez nous vos avis, vos cri\u00adtiques, vos suggestions.<\/p>\n<p>Et si vous approu\u00advez cette action, aidez nous financi\u00e8rement.<\/p>\n","protected":false},"excerpt":{"rendered":"<p>\u00c0 la suite du der\u00adnier Congres de la F\u00e9d\u00e9\u00adra\u00adtion Anar\u00adchiste \u00e0 Bor\u00addeaux, il est appa\u00adru aux cama\u00adrades anar\u00adchistes r\u00e9vo\u00adlu\u00adtion\u00adnaires que deux \u00e9vi\u00addences s\u2019im\u00adpo\u00adsaient d\u00e9sor\u00admais de fa\u00e7on indis\u00adcu\u00adtable&nbsp;: 1) La F\u00e9d\u00e9\u00adra\u00adtion Anar\u00adchiste, recons\u00adti\u00adtu\u00e9e en 1954 sous la forme d\u2019une union plu\u00adra\u00adliste, ne peut&nbsp;que&nbsp;: \u2013 ou demeu\u00adrer sous sa forme actuelle. \u2013 ou dis\u00adpa\u00adra\u00eetre. La r\u00e8gle&nbsp;de&nbsp;[\u2026]<\/p>\n","protected":false},"author":1,"featured_media":0,"comment_status":"closed","ping_status":"closed","sticky":false,"template":"","format":"standard","meta":{"wp_typography_post_enhancements_disabled":false,"footnotes":""},"categories":[352],"tags":[],"ppma_author":[540],"class_list":["post-2913","post","type-post","status-publish","format-standard","hentry","category-lorganisation-libertaire-na1-janvier-1968"],"authors":[{"term_id":540,"user_id":1,"is_guest":0,"slug":"admin_3gikpwyf","display_name":"Vincent Dubuc","avatar_url":"https:\/\/secure.gravatar.com\/avatar\/d015720652c25fd2ced191ade86430094e1f288a17483713e3b34d26dea52507?s=96&d=mm&r=g","author_category":"","user_url":"https:\/\/la-presse-anarchiste.net","last_name":"Dubuc","first_name":"Vincent","job_title":"","description":""}],"_links":{"self":[{"href":"https:\/\/la-presse-anarchiste.net\/index.php\/wp-json\/wp\/v2\/posts\/2913","targetHints":{"allow":["GET"]}}],"collection":[{"href":"https:\/\/la-presse-anarchiste.net\/index.php\/wp-json\/wp\/v2\/posts"}],"about":[{"href":"https:\/\/la-presse-anarchiste.net\/index.php\/wp-json\/wp\/v2\/types\/post"}],"author":[{"embeddable":true,"href":"https:\/\/la-presse-anarchiste.net\/index.php\/wp-json\/wp\/v2\/users\/1"}],"replies":[{"embeddable":true,"href":"https:\/\/la-presse-anarchiste.net\/index.php\/wp-json\/wp\/v2\/comments?post=2913"}],"version-history":[{"count":0,"href":"https:\/\/la-presse-anarchiste.net\/index.php\/wp-json\/wp\/v2\/posts\/2913\/revisions"}],"wp:attachment":[{"href":"https:\/\/la-presse-anarchiste.net\/index.php\/wp-json\/wp\/v2\/media?parent=2913"}],"wp:term":[{"taxonomy":"category","embeddable":true,"href":"https:\/\/la-presse-anarchiste.net\/index.php\/wp-json\/wp\/v2\/categories?post=2913"},{"taxonomy":"post_tag","embeddable":true,"href":"https:\/\/la-presse-anarchiste.net\/index.php\/wp-json\/wp\/v2\/tags?post=2913"},{"taxonomy":"author","embeddable":true,"href":"https:\/\/la-presse-anarchiste.net\/index.php\/wp-json\/wp\/v2\/ppma_author?post=2913"}],"curies":[{"name":"wp","href":"https:\/\/api.w.org\/{rel}","templated":true}]}}