{"id":2920,"date":"1926-08-01T00:07:48","date_gmt":"1926-08-01T00:07:48","guid":{"rendered":"https:\/\/la-presse-anarchiste.net\/index.php\/2011\/07\/21\/le-monde-ouvrier-2\/"},"modified":"2025-07-15T07:34:25","modified_gmt":"2025-07-15T07:34:25","slug":"le-monde-ouvrier-2","status":"publish","type":"post","link":"https:\/\/la-presse-anarchiste.net\/index.php\/1926\/08\/01\/le-monde-ouvrier-2\/","title":{"rendered":"Le monde ouvrier"},"content":{"rendered":"<div class=\"pdfprnt-buttons pdfprnt-buttons-post pdfprnt-top-right\"><a href=\"https:\/\/la-presse-anarchiste.net\/index.php\/wp-json\/wp\/v2\/posts\/2920?print=pdf\" class=\"pdfprnt-button pdfprnt-button-pdf\" target=\"_blank\"><img decoding=\"async\" src=\"https:\/\/la-presse-anarchiste.net\/wp-content\/plugins\/pdf-print\/images\/pdf.png\" alt=\"image_pdf\" title=\"Afficher le PDF\"><\/a><a href=\"https:\/\/la-presse-anarchiste.net\/index.php\/wp-json\/wp\/v2\/posts\/2920?print=print\" class=\"pdfprnt-button pdfprnt-button-print\" target=\"_blank\"><img decoding=\"async\" src=\"https:\/\/la-presse-anarchiste.net\/wp-content\/plugins\/pdf-print\/images\/print.png\" alt=\"image_print\" title=\"Contenu imprim\u00e9\"><\/a><\/div><p style=\"text-align: justify;\">Il existe en Bel\u00adgique un nombre de syn\u00addi\u00adcats auto\u00adnomes qui se refusent d\u2019adh\u00e9\u00adrer \u00e0 la Cen\u00adtrale syn\u00addi\u00adcale de Bel\u00adgique (sec\u00adtion de l\u2019In\u00adter\u00adna\u00adtio\u00adnale d\u2019Am\u00adster\u00addam). Par\u00admi ces syn\u00addi\u00adcats, notons celui de Char\u00adle\u00adroi qui compte 5.000 membres, des mineurs pour la .plu\u00adpart, et l\u2019or\u00adga\u00adni\u00adsa\u00adtion des employ\u00e9s du com\u00admerce qui a ses rami\u00adfi\u00adca\u00adtions dans tout le&nbsp;pays.<\/p>\n<p style=\"text-align: justify;\">Dans la plu\u00adpart des cas, le refus d\u2019adh\u00e9\u00adrer \u00e0 la Cen\u00adtrale est bas\u00e9 sur l\u2019op\u00adpo\u00adsi\u00adtion des syn\u00addi\u00adcats auto\u00adnomes au prin\u00adcipe cen\u00adtra\u00adliste sur lequel est b\u00e2tie la Cen\u00adtrale de Belgique.<\/p>\n<p style=\"text-align: justify;\">Les par\u00adti\u00adsans du F\u00e9d\u00e9\u00adra\u00adlisme ont aus\u00adsi \u00e0 Li\u00e8ge et dans plu\u00adsieurs autres loca\u00adli\u00adt\u00e9s des syn\u00addi\u00adcats f\u00e9d\u00e9\u00adra\u00adlistes, notamment<\/p>\n<table>\n<tbody>\n<tr class=\"row_even\">\n<td style=\"text-align: center;\">\u00e0 Li\u00e8ge<\/td>\n<td>ouvriers du B\u00e2ti\u00adment menuisiers<\/td>\n<td>350 membres<\/td>\n<\/tr>\n<tr class=\"row_odd\">\n<td>\u2015<\/td>\n<td style=\"text-align: center;\">Com\u00admu\u00adnaux<\/td>\n<td>260 \u2015<\/td>\n<\/tr>\n<tr class=\"row_even\">\n<td>\u00e0 Gand<\/td>\n<td style=\"text-align: center;\">syn\u00addi\u00adcat du B\u00e2timent<\/td>\n<td>550 \u2015<\/td>\n<\/tr>\n<tr class=\"row_odd\">\n<td>\u00e0 Lier<\/td>\n<td style=\"text-align: center;\">syn\u00addi\u00adcat du B\u00e2timent<\/td>\n<td>60 \u2015<\/td>\n<\/tr>\n<tr class=\"row_even\">\n<td>\u00e0 Brugges<\/td>\n<td style=\"text-align: center;\">syn\u00addi\u00adcat du B\u00e2timent<\/td>\n<td>100 \u2015<\/td>\n<\/tr>\n<tr class=\"row_odd\">\n<td colspan=\"2\">Total<\/td>\n<td>1560 membres<\/td>\n<\/tr>\n<\/tbody>\n<\/table>\n<p style=\"text-align: justify;\">\u00c0 une des der\u00adni\u00e8res r\u00e9unions des d\u00e9l\u00e9\u00adgu\u00e9s des syn\u00addi\u00adcats une r\u00e9so\u00adlu\u00adtion fut vot\u00e9e \u00e0 l\u2019u\u00adna\u00adni\u00admi\u00adt\u00e9 d\u00e9cla\u00adrant l\u2019adh\u00e9\u00adsion en prin\u00adcipe \u00e0 l\u2019A.I.T. et envoya aux syn\u00addi\u00adca\u00adlistes de tous les pays leurs saluts fra\u00adter\u00adnels et leurs sen\u00adti\u00adments de soli\u00adda\u00adri\u00adt\u00e9 \u00e0 tous les cama\u00adrades empri\u00adson\u00adn\u00e9s ou per\u00ads\u00e9\u00adcu\u00adt\u00e9s par la r\u00e9action.<\/p>\n","protected":false},"excerpt":{"rendered":"<p>Il existe en Bel\u00adgique un nombre de syn\u00addi\u00adcats auto\u00adnomes qui se refusent d\u2019adh\u00e9\u00adrer \u00e0 la Cen\u00adtrale syn\u00addi\u00adcale de Bel\u00adgique (sec\u00adtion de l\u2019In\u00adter\u00adna\u00adtio\u00adnale d\u2019Am\u00adster\u00addam). Par\u00admi ces syn\u00addi\u00adcats, notons celui de Char\u00adle\u00adroi qui compte 5.000 membres, des mineurs pour la .plu\u00adpart, et l\u2019or\u00adga\u00adni\u00adsa\u00adtion des employ\u00e9s du com\u00admerce qui a ses rami\u00adfi\u00adca\u00adtions dans tout le&nbsp;pays. Dans la plupart&nbsp;[\u2026]<\/p>\n","protected":false},"author":8,"featured_media":4959,"comment_status":"closed","ping_status":"closed","sticky":false,"template":"wp-custom-template-page-d-article","format":"standard","meta":{"wp_typography_post_enhancements_disabled":false,"footnotes":""},"categories":[354],"tags":[626],"ppma_author":[680],"class_list":["post-2920","post","type-post","status-publish","format-standard","has-post-thumbnail","hentry","category-la-voix-du-travail-n1-aout-1926","tag-belgique"],"authors":[{"term_id":680,"user_id":8,"is_guest":0,"slug":"anonyme","display_name":"Anonyme","avatar_url":"https:\/\/secure.gravatar.com\/avatar\/cdccebf2bbf18d75df96a6721f7ce7f7ec80d026f1b8ec6be93de563bca5236b?s=96&d=mm&r=g","author_category":"","user_url":"","last_name":"","first_name":"","job_title":"","description":""}],"_links":{"self":[{"href":"https:\/\/la-presse-anarchiste.net\/index.php\/wp-json\/wp\/v2\/posts\/2920","targetHints":{"allow":["GET"]}}],"collection":[{"href":"https:\/\/la-presse-anarchiste.net\/index.php\/wp-json\/wp\/v2\/posts"}],"about":[{"href":"https:\/\/la-presse-anarchiste.net\/index.php\/wp-json\/wp\/v2\/types\/post"}],"author":[{"embeddable":true,"href":"https:\/\/la-presse-anarchiste.net\/index.php\/wp-json\/wp\/v2\/users\/8"}],"replies":[{"embeddable":true,"href":"https:\/\/la-presse-anarchiste.net\/index.php\/wp-json\/wp\/v2\/comments?post=2920"}],"version-history":[{"count":3,"href":"https:\/\/la-presse-anarchiste.net\/index.php\/wp-json\/wp\/v2\/posts\/2920\/revisions"}],"predecessor-version":[{"id":8795,"href":"https:\/\/la-presse-anarchiste.net\/index.php\/wp-json\/wp\/v2\/posts\/2920\/revisions\/8795"}],"wp:featuredmedia":[{"embeddable":true,"href":"https:\/\/la-presse-anarchiste.net\/index.php\/wp-json\/wp\/v2\/media\/4959"}],"wp:attachment":[{"href":"https:\/\/la-presse-anarchiste.net\/index.php\/wp-json\/wp\/v2\/media?parent=2920"}],"wp:term":[{"taxonomy":"category","embeddable":true,"href":"https:\/\/la-presse-anarchiste.net\/index.php\/wp-json\/wp\/v2\/categories?post=2920"},{"taxonomy":"post_tag","embeddable":true,"href":"https:\/\/la-presse-anarchiste.net\/index.php\/wp-json\/wp\/v2\/tags?post=2920"},{"taxonomy":"author","embeddable":true,"href":"https:\/\/la-presse-anarchiste.net\/index.php\/wp-json\/wp\/v2\/ppma_author?post=2920"}],"curies":[{"name":"wp","href":"https:\/\/api.w.org\/{rel}","templated":true}]}}