{"id":2922,"date":"1926-08-01T00:09:05","date_gmt":"1926-08-01T00:09:05","guid":{"rendered":"https:\/\/la-presse-anarchiste.net\/index.php\/2011\/07\/22\/le-comite-national-du-batiment\/"},"modified":"2025-07-15T14:12:55","modified_gmt":"2025-07-15T14:12:55","slug":"le-comite-national-du-batiment","status":"publish","type":"post","link":"https:\/\/la-presse-anarchiste.net\/index.php\/1926\/08\/01\/le-comite-national-du-batiment\/","title":{"rendered":"Le Comit\u00e9 National du B\u00e2timent"},"content":{"rendered":"<div class=\"pdfprnt-buttons pdfprnt-buttons-post pdfprnt-top-right\"><a href=\"https:\/\/la-presse-anarchiste.net\/index.php\/wp-json\/wp\/v2\/posts\/2922?print=pdf\" class=\"pdfprnt-button pdfprnt-button-pdf\" target=\"_blank\"><img decoding=\"async\" src=\"https:\/\/la-presse-anarchiste.net\/wp-content\/plugins\/pdf-print\/images\/pdf.png\" alt=\"image_pdf\" title=\"Afficher le PDF\"><\/a><a href=\"https:\/\/la-presse-anarchiste.net\/index.php\/wp-json\/wp\/v2\/posts\/2922?print=print\" class=\"pdfprnt-button pdfprnt-button-print\" target=\"_blank\"><img decoding=\"async\" src=\"https:\/\/la-presse-anarchiste.net\/wp-content\/plugins\/pdf-print\/images\/print.png\" alt=\"image_print\" title=\"Contenu imprim\u00e9\"><\/a><\/div><p style=\"text-align: justify;\">Le Comi\u00adt\u00e9 Natio\u00adnal de la F\u00e9d\u00e9\u00adra\u00adtion du B\u00e2ti\u00adment, qui s\u2019est r\u00e9uni \u00e0 Paris les 17 et 18 juillet s\u2019est occu\u00adp\u00e9 sur\u00adtout de la crise aig\u00fce que tra\u00adverse actuel\u00adle\u00adment la F\u00e9d\u00e9\u00adra\u00adtion elle-m\u00eame en par\u00adti\u00adcu\u00adlier, et le syn\u00addi\u00adca\u00adlisme r\u00e9vo\u00adlu\u00adtion\u00adnaire en g\u00e9n\u00e9ral.<\/p>\n<p style=\"text-align: justify;\">\u00c9mue par l\u2019a\u00adpa\u00adthie crois\u00adsante qui sem\u00adblait enva\u00adhir le mou\u00adve\u00adment, la vieille F\u00e9d\u00e9\u00adra\u00adtion du B\u00e2ti\u00adment, dont le pas\u00ads\u00e9 admi\u00adrable de luttes cou\u00adra\u00adgeuses est une garan\u00adtie pour son acti\u00advi\u00adt\u00e9 future, cher\u00adcha au sein de son Comi\u00adt\u00e9 Natio\u00adnal une issue \u00e0 la situa\u00adtion pr\u00e9\u00adcaire du mou\u00adve\u00adment syn\u00addi\u00adca\u00adliste r\u00e9vo\u00adlu\u00adtion\u00adnaire tout entier. Apr\u00e8s m\u00fbres d\u00e9li\u00adb\u00e9\u00adra\u00adtions et des d\u00e9bats qui ont occu\u00adp\u00e9 la plus grande par\u00adtie de sa ses\u00adsion, le Comi\u00adt\u00e9 Natio\u00adnal adop\u00adta (2 voix contre et 1 abs\u00adten\u00adtion) la motion sui\u00advante, r\u00e9di\u00adg\u00e9e par les cama\u00adrades Jouve, Barthe et Boudoux&nbsp;:<\/p>\n<p style=\"text-align: justify;\">Le Comi\u00adt\u00e9 Natio\u00adnal de la F\u00e9d\u00e9\u00adra\u00adtion Natio\u00adnale du B\u00e2ti\u00adment et des Tra\u00advaux Publics de France et des Colo\u00adnies, r\u00e9uni le 18 juillet, salle Fer\u00adnand Pel\u00adlou\u00adtier, Bourse du Tra\u00advail, \u00e0 Paris, apr\u00e8s avoir eu connais\u00adsance du tra\u00advail ex\u00e9\u00adcu\u00adt\u00e9 par le Bureau F\u00e9d\u00e9\u00adral et la Com\u00admis\u00adsion Ex\u00e9\u00adcu\u00adtive, vote le rap\u00adport moral et finan\u00adcier conden\u00adsant le tra\u00advail ex\u00e9cut\u00e9.<\/p>\n<p style=\"text-align: justify;\">Ayant exa\u00admi\u00adn\u00e9 la situa\u00adtion \u00e9co\u00adno\u00admique pr\u00e9\u00adsente, cri\u00adtique \u00e0 l\u2019ex\u00adc\u00e8s, et pr\u00e9\u00adlude de nou\u00advelles pri\u00adva\u00adtions pour la classe ouvri\u00e8re, constate avec regret le peu de suc\u00adc\u00e8s des dif\u00adf\u00e9\u00adrentes ten\u00adta\u00adtives d\u2019U\u00adni\u00adt\u00e9 en vue de regrou\u00adper toutes les forces ouvri\u00e8res de ce pays, insuc\u00adc\u00e8s d\u00fb \u00e0 la diver\u00adsi\u00adt\u00e9 des pro\u00adgrammes des deux C.G.T., toutes deux filiales de par\u00adtis poli\u00adtiques et reniant, de ce fait, toute la force et la valeur du mou\u00adve\u00adment \u00e9co\u00adno\u00admique, syn\u00adth\u00e9\u00adti\u00ads\u00e9es par le mou\u00adve\u00adment syn\u00addi\u00adca\u00adliste r\u00e9volutionnaire.<\/p>\n<p style=\"text-align: justify;\">Pla\u00adc\u00e9 devant ce fait regret\u00adtable qui d\u00e9montre que momen\u00adta\u00adn\u00e9\u00adment l\u2019U\u00adni\u00adt\u00e9 est impos\u00adsible&nbsp;; consta\u00adtant les moyens de pro\u00adpa\u00adgande des deux C.G.T., leurs m\u00e9thodes et leurs moyens employ\u00e9s pour faire dis\u00adpa\u00adra\u00eetre le Syn\u00addi\u00adca\u00adlisme r\u00e9vo\u00adlu\u00adtion\u00adnaire f\u00e9d\u00e9\u00adra\u00adliste, espoir des ouvriers, en faveur de th\u00e8ses poli\u00adtiques, et regret\u00adtant l\u2019\u00e9\u00admiet\u00adte\u00adment des forces syn\u00addi\u00adca\u00adlistes r\u00e9vo\u00adlu\u00adtion\u00adnaires de ce pays&nbsp;; ayant eu \u00e0 connaitre de la marche et des moyens d\u2019exis\u00adtence et de pro\u00adpa\u00adgande de la F\u00e9d\u00e9\u00adra\u00adtion, vote l\u2019aug\u00admen\u00adta\u00adtion de la coti\u00adsa\u00adtion f\u00e9d\u00e9\u00adrale pour lui per\u00admettre de conti\u00adnuer sa pro\u00adpa\u00adgande de d\u00e9fense cor\u00adpo\u00adra\u00adtive et id\u00e9ologique.<\/p>\n<p style=\"text-align: justify;\">Cepen\u00addant, d\u00e9si\u00adreux que toutes les forces repr\u00e9\u00adsen\u00adtant le point de vue syn\u00addi\u00adca\u00adliste r\u00e9vo\u00adlu\u00adtion\u00adnaire col\u00adla\u00adborent dans une \u00e9troite union \u00e0 la d\u00e9fense du Syn\u00addi\u00adca\u00adlisme mena\u00adc\u00e9 de dis\u00adpa\u00adri\u00adtion&nbsp;; consi\u00add\u00e9\u00adrant que le pro\u00adbl\u00e8me ne peut \u00eatre r\u00e9so\u00adlu que par le regrou\u00adpe\u00adment de toutes les forces auto\u00adnomes d\u00e9fen\u00addant l\u2019in\u00add\u00e9\u00adpen\u00addance du Syn\u00addi\u00adca\u00adlisme, \u00e9miet\u00adt\u00e9es \u00e0 tra\u00advers le pays, donne man\u00addat au Bureau f\u00e9d\u00e9\u00adral et \u00e0 la Com\u00admis\u00adsion Ex\u00e9\u00adcu\u00adtive de se mettre en rap\u00adport dans le plus bref d\u00e9lai avec toutes les forces repr\u00e9\u00adsen\u00adtant notre int\u00e9\u00adgra\u00adli\u00adt\u00e9 du syn\u00addi\u00adca\u00adlisme r\u00e9vo\u00adlu\u00adtion\u00adnaire, en vue d\u2019une action com\u00admune pour envi\u00adsa\u00adger, apr\u00e8s consul\u00adta\u00adtion des dits orga\u00adnismes, la liai\u00adson locale, d\u00e9par\u00adte\u00admen\u00adtale, r\u00e9gio\u00adnale, natio\u00adnale et inter\u00adna\u00adtio\u00adnale du pro\u00adl\u00e9\u00adta\u00adriat syn\u00addi\u00adca\u00adliste r\u00e9vo\u00adlu\u00adtion\u00adnaire, esti\u00admant que, dans la crise pr\u00e9\u00adsente, les tra\u00advailleurs de tous les pays se doivent aide et fraternit\u00e9.<\/p>\n<p style=\"text-align: justify;\">Comme d\u00e9but \u00e0 cette action pr\u00e9\u00adli\u00admi\u00adnaire, infor\u00adm\u00e9 du nombre impor\u00adtant de tra\u00advailleurs de tous les pays \u00e9mi\u00adgr\u00e9s sur notre sol, et consta\u00adtant l\u2019im\u00adpos\u00adsi\u00adbi\u00adli\u00adt\u00e9 de ceux-ci de pou\u00advoir pr\u00e9\u00adsen\u00adte\u00adment s\u2019or\u00adga\u00adni\u00adser dans l\u2019une ou l\u2019autre des C.G.T., pr\u00e9\u00adcise que le pre\u00admier tra\u00advail d\u2019u\u00adnion consiste en la cr\u00e9a\u00adtion d\u2019un Comi\u00adt\u00e9 d\u2019\u00e9\u00admi\u00adgra\u00adtion qui sera le foyer de ces tra\u00advailleurs et o\u00f9 ils trou\u00adve\u00adront \u00e9co\u00adno\u00admi\u00adque\u00adment et id\u00e9o\u00adlo\u00adgi\u00adque\u00adment aide et assistance.<\/p>\n<p style=\"text-align: justify;\">Au cas o\u00f9 le d\u00e9sir des syn\u00addi\u00adcats auto\u00adnomes \u00e0 tous les points de vue refl\u00e9\u00adte\u00adrait un pro\u00adfond d\u00e9sir d\u2019or\u00adga\u00adni\u00adsa\u00adtion. sur les bases cit\u00e9es plus haut, donne man\u00addat au Bureau f\u00e9d\u00e9\u00adral et \u00e0 la Com\u00admis\u00adsion ex\u00e9\u00adcu\u00adtive, ceci apr\u00e8s en avoir pr\u00e9a\u00adla\u00adble\u00adment avi\u00ads\u00e9 les syn\u00addi\u00adqu\u00e9s et les syn\u00addi\u00adcats com\u00adpo\u00adsant la F\u00e9d\u00e9\u00adra\u00adtion, de convo\u00adquer un Congr\u00e8s extra\u00ador\u00addi\u00adnaire de ses syn\u00addi\u00adcats pour envi\u00adsa\u00adger et prendre toutes mesures d\u2019or\u00adga\u00adni\u00adsa\u00adtion de d\u00e9fense syn\u00addi\u00adca\u00adliste et de regroupement.<\/p>\n","protected":false},"excerpt":{"rendered":"<p>Le Comi\u00adt\u00e9 Natio\u00adnal de la F\u00e9d\u00e9\u00adra\u00adtion du B\u00e2ti\u00adment, qui s\u2019est r\u00e9uni \u00e0 Paris les 17 et 18 juillet s\u2019est occu\u00adp\u00e9 sur\u00adtout de la crise aig\u00fce que tra\u00adverse actuel\u00adle\u00adment la F\u00e9d\u00e9\u00adra\u00adtion elle-m\u00eame en par\u00adti\u00adcu\u00adlier, et le syn\u00addi\u00adca\u00adlisme r\u00e9vo\u00adlu\u00adtion\u00adnaire en g\u00e9n\u00e9\u00adral. \u00c9mue par l\u2019a\u00adpa\u00adthie crois\u00adsante qui sem\u00adblait enva\u00adhir le mou\u00adve\u00adment, la vieille F\u00e9d\u00e9\u00adra\u00adtion du B\u00e2ti\u00adment, dont&nbsp;le&nbsp;[\u2026]<\/p>\n","protected":false},"author":8,"featured_media":4959,"comment_status":"closed","ping_status":"closed","sticky":false,"template":"wp-custom-template-page-d-article","format":"standard","meta":{"wp_typography_post_enhancements_disabled":false,"footnotes":""},"categories":[354],"tags":[951],"ppma_author":[680],"class_list":["post-2922","post","type-post","status-publish","format-standard","has-post-thumbnail","hentry","category-la-voix-du-travail-n1-aout-1926","tag-organisation-ouvriere"],"authors":[{"term_id":680,"user_id":8,"is_guest":0,"slug":"anonyme","display_name":"Anonyme","avatar_url":"https:\/\/secure.gravatar.com\/avatar\/cdccebf2bbf18d75df96a6721f7ce7f7ec80d026f1b8ec6be93de563bca5236b?s=96&d=mm&r=g","author_category":"","user_url":"","last_name":"","first_name":"","job_title":"","description":""}],"_links":{"self":[{"href":"https:\/\/la-presse-anarchiste.net\/index.php\/wp-json\/wp\/v2\/posts\/2922","targetHints":{"allow":["GET"]}}],"collection":[{"href":"https:\/\/la-presse-anarchiste.net\/index.php\/wp-json\/wp\/v2\/posts"}],"about":[{"href":"https:\/\/la-presse-anarchiste.net\/index.php\/wp-json\/wp\/v2\/types\/post"}],"author":[{"embeddable":true,"href":"https:\/\/la-presse-anarchiste.net\/index.php\/wp-json\/wp\/v2\/users\/8"}],"replies":[{"embeddable":true,"href":"https:\/\/la-presse-anarchiste.net\/index.php\/wp-json\/wp\/v2\/comments?post=2922"}],"version-history":[{"count":3,"href":"https:\/\/la-presse-anarchiste.net\/index.php\/wp-json\/wp\/v2\/posts\/2922\/revisions"}],"predecessor-version":[{"id":8819,"href":"https:\/\/la-presse-anarchiste.net\/index.php\/wp-json\/wp\/v2\/posts\/2922\/revisions\/8819"}],"wp:featuredmedia":[{"embeddable":true,"href":"https:\/\/la-presse-anarchiste.net\/index.php\/wp-json\/wp\/v2\/media\/4959"}],"wp:attachment":[{"href":"https:\/\/la-presse-anarchiste.net\/index.php\/wp-json\/wp\/v2\/media?parent=2922"}],"wp:term":[{"taxonomy":"category","embeddable":true,"href":"https:\/\/la-presse-anarchiste.net\/index.php\/wp-json\/wp\/v2\/categories?post=2922"},{"taxonomy":"post_tag","embeddable":true,"href":"https:\/\/la-presse-anarchiste.net\/index.php\/wp-json\/wp\/v2\/tags?post=2922"},{"taxonomy":"author","embeddable":true,"href":"https:\/\/la-presse-anarchiste.net\/index.php\/wp-json\/wp\/v2\/ppma_author?post=2922"}],"curies":[{"name":"wp","href":"https:\/\/api.w.org\/{rel}","templated":true}]}}