{"id":2925,"date":"1926-08-01T00:12:12","date_gmt":"1926-08-01T00:12:12","guid":{"rendered":"https:\/\/la-presse-anarchiste.net\/index.php\/2011\/07\/22\/la-commemoration-du-cinquantenaire-de-la-mort-de-bakounine\/"},"modified":"2025-07-15T14:18:37","modified_gmt":"2025-07-15T14:18:37","slug":"la-commemoration-du-cinquantenaire-de-la-mort-de-bakounine","status":"publish","type":"post","link":"https:\/\/la-presse-anarchiste.net\/index.php\/1926\/08\/01\/la-commemoration-du-cinquantenaire-de-la-mort-de-bakounine\/","title":{"rendered":"La comm\u00e9moration du cinquantenaire de la mort de Bakounine"},"content":{"rendered":"<div class=\"pdfprnt-buttons pdfprnt-buttons-post pdfprnt-top-right\"><a href=\"https:\/\/la-presse-anarchiste.net\/index.php\/wp-json\/wp\/v2\/posts\/2925?print=pdf\" class=\"pdfprnt-button pdfprnt-button-pdf\" target=\"_blank\"><img decoding=\"async\" src=\"https:\/\/la-presse-anarchiste.net\/wp-content\/plugins\/pdf-print\/images\/pdf.png\" alt=\"image_pdf\" title=\"Afficher le PDF\"><\/a><a href=\"https:\/\/la-presse-anarchiste.net\/index.php\/wp-json\/wp\/v2\/posts\/2925?print=print\" class=\"pdfprnt-button pdfprnt-button-print\" target=\"_blank\"><img decoding=\"async\" src=\"https:\/\/la-presse-anarchiste.net\/wp-content\/plugins\/pdf-print\/images\/print.png\" alt=\"image_print\" title=\"Contenu imprim\u00e9\"><\/a><\/div><p>Confor\u00adm\u00e9\u00adment aux d\u00e9ci\u00adsions du Pl\u00e9\u00adnum de l\u2019A.I.T., le cin\u00adquan\u00adte\u00adnaire de la mort de Michel Bakou\u00adnine a \u00e9t\u00e9 c\u00e9l\u00e9\u00adbr\u00e9 \u00e0 Paris, le 30 juin 1926, \u00e0 la salle des Soci\u00e9\u00adt\u00e9s Savantes.<\/p>\n<p>Orga\u00adni\u00ads\u00e9 par l\u2019A.I.T. avec le, concours de l\u2019U.F.S.A., de la F\u00e9d\u00e9\u00adra\u00adtion du B\u00e2ti\u00adment et de l\u2019U\u00adnion Anar\u00adchiste, le mee\u00adting inter\u00adna\u00adtio\u00adnal a plei\u00adne\u00adment r\u00e9ussi.<\/p>\n<p>Une assis\u00adtance nom\u00adbreuse se pres\u00adsait pour saluer la m\u00e9moire du grand dis\u00adpa\u00adru et com\u00admu\u00adnier dans une m\u00eame pen\u00ads\u00e9e de lib\u00e9\u00adra\u00adtion humaine.<\/p>\n<p>Nos cama\u00adrades ita\u00adliens et espa\u00adgnols \u00e9taient par\u00adti\u00adcu\u00adli\u00e8\u00adre\u00adment nom\u00adbreux. en d\u00e9pit des per\u00ads\u00e9\u00adcu\u00adtions dont ils \u00e9taient l\u2019ob\u00adjet de la part de la police fran\u00ad\u00e7aise en rai\u00adson de la venue \u00e0 Paris du sinistre Alphonse XIII.<\/p>\n<p>Mal\u00adheu\u00adreu\u00adse\u00adment, leurs ora\u00adteurs ne purent. prendre la parole et don\u00adner ain\u00adsi \u00e0 ce mee\u00adting toute sa signi\u00adfi\u00adca\u00adtion. Seuls par\u00adl\u00e8rent donc&nbsp;: Huart et Bes\u00adnard au nom de l\u2019U.F.S.A. et des orga\u00adni\u00adsa\u00adteurs&nbsp;; Bou\u00addoux, du S.U.B., au nom de la F\u00e9d\u00e9\u00adra\u00adtion du B\u00e2ti\u00adment, et S\u00e9bas\u00adtien Faure, au nom de l\u2019U\u00adnion Anar\u00adchiste, Georges Yve\u00adtot, qui s\u2019\u00e9\u00adtait enga\u00adg\u00e9 \u00e0 par\u00adti\u00adci\u00adper \u00e0 ce mee\u00adting, ne vint pas, bien que non excus\u00e9.<\/p>\n<p>Tour \u00e0 tour, les ora\u00adteurs firent res\u00adsor\u00adtir le carac\u00adt\u00e8re de la mani\u00adfes\u00adta\u00adtion inter\u00adna\u00adtio\u00adnale d\u00e9ci\u00add\u00e9e par l\u2019A.I.T. Ils retra\u00adc\u00e8rent la vie toute d\u2019ac\u00adti\u00advi\u00adt\u00e9 de Bakou\u00adnine&nbsp;; ils d\u00e9crirent ses luttes inces\u00adsantes contre la bour\u00adgeoi\u00adsie capi\u00adta\u00adliste de tous les pays. Le pen\u00adseur, l\u2019homme d\u2019ac\u00adtion furent \u00e9vo\u00adqu\u00e9s et, aus\u00adsi, toute l\u2019his\u00adtoire de la Pre\u00admi\u00e8re Inter\u00adna\u00adtio\u00adnale \u00e0 la vie de laquelle Bakou\u00adnine prit une part si pr\u00e9pond\u00e9rante.<\/p>\n<p>En enten\u00addant rap\u00adpe\u00adler les luttes sou\u00adte\u00adnues par Michel Bakou\u00adnine contre Marx, la salle com\u00adpre\u00adnait mieux le carac\u00adt\u00e8re des batailles actuelles. Elle sai\u00adsis\u00adsait qu\u2019il ne s\u2019a\u00adgis\u00adsait pas\u200a\u2014\u200acomme de trop nom\u00adbreux cama\u00adrades le croient\u200a\u2014\u200ade vagues luttes d\u2019hommes, ayant des pr\u00e9\u00adoc\u00adcu\u00adpa\u00adtions subal\u00adternes ou int\u00e9\u00adres\u00ads\u00e9es. Le choc de deux doc\u00adtrines, de deux forces appa\u00adrut clai\u00adre\u00adment aux yeux de tous. Les cama\u00adrades com\u00adprirent que Marx et Bakou\u00adnine, comme leurs dis\u00adciples d\u2019au\u00adjourd\u2019\u00adhui, s\u2019op\u00adpo\u00adsaient de toutes leurs forces pour le triomphe de deux grandes id\u00e9es dont l\u2019une exprime le Cen\u00adtra\u00adlisme, le des\u00adpo\u00adtisme, la force poli\u00adtique oppri\u00admant le tra\u00advail, domi\u00adnant et asser\u00advis\u00adsant les hommes, et l\u2019autre, le F\u00e9d\u00e9\u00adra\u00adlisme, repo\u00adsant sur la liber\u00adt\u00e9, l\u2019or\u00adga\u00adni\u00adsa\u00adtion du tra\u00advail par les forces pro\u00adl\u00e9\u00adta\u00adriennes asso\u00adci\u00e9es, l\u2019u\u00adti\u00adli\u00adsa\u00adtion de toutes les forces sociales pour l\u2019a\u00adm\u00e9\u00adna\u00adge\u00adment de la vie collective.<\/p>\n<p>Jamais peut-\u00eatre plus qu\u2019au\u00adjourd\u2019\u00adhui ces deux grandes id\u00e9es ne se sont oppo\u00ads\u00e9es avec plus de force et dans tous les&nbsp;pays.<\/p>\n<p>Cela se com\u00adprend d\u2019au\u00adtant mieux que le r\u00e8gne de la force, sous divers aspects aus\u00adsi redou\u00adtables et aus\u00adsi dan\u00adge\u00adreux les uns que les autres, semble devoir s\u2019im\u00adpo\u00adser au monde entier.<\/p>\n<p>Ici, c\u2019est la dic\u00adta\u00adture de l\u2019argent, dont le fas\u00adcisme est l\u2019ou\u00adtil mal\u00adfai\u00adsant&nbsp;; l\u00e0, c\u2019est la dic\u00adta\u00adture dite du pro\u00adl\u00e9\u00adta\u00adriat dont le com\u00admu\u00adnisme d\u2019\u00c9\u00adtat est l\u2019agent d\u2019op\u00adpres\u00adsion. Par\u00adtout la force s\u2019\u00e9\u00adtale, cynique et r\u00e9gressive.<\/p>\n<p>Que ce soit au pays des Soviets\u200a\u2014\u200aqui n\u2019existent plus que de nom\u200a\u2014\u200aou au pays de Mus\u00adso\u00adli\u00adni, de Pri\u00admo de Rive\u00adra ou d\u2019Hor\u00adty, la pen\u00ads\u00e9e est serve, la liber\u00adt\u00e9 fou\u00adl\u00e9e aux pieds, les vrais r\u00e9vo\u00adlu\u00adtion\u00adnaires empri\u00adson\u00adn\u00e9s, les tra\u00advailleurs ran\u00ad\u00e7on\u00adn\u00e9s et bri\u00adm\u00e9s. Ici, l\u00e0, par\u00adtout, le peuple g\u00e9mit sous la poigne des tyrans rouges ou blancs. Nulle part, les tra\u00advailleurs ne sont libres d\u2019or\u00adga\u00adni\u00adser leur vie, d\u2019y pour\u00advoir selon leurs d\u00e9si\u00adrs et sui\u00advant leurs besoins.<\/p>\n<p>Jamais plus qu\u2019au\u00adjourd\u2019\u00adhui la n\u00e9ces\u00adsi\u00adt\u00e9 ne fut plus grande pour les hommes de se dres\u00adser de toutes leurs forces, de toute leur intel\u00adli\u00adgence pour \u00e9vi\u00adter l\u2019as\u00adser\u00advis\u00adse\u00adment mat\u00e9\u00adriel et moral&nbsp;; jamais il ne fut plus urgent de gal\u00adva\u00adni\u00adser et de grou\u00adper les forces anti-auto\u00adri\u00adtaires et organisatrices.<\/p>\n<p>Des \u00e9v\u00e9\u00adne\u00adments qui s\u2019an\u00adnoncent pro\u00adchains et qui seront redou\u00adtables par leurs cons\u00e9\u00adquences, vont mettre, sous peu, en valeur toutes les id\u00e9es de Bakou\u00adnine. C\u2019est gui\u00add\u00e9s par son exemple, sou\u00adte\u00adnus par sa foi, entra\u00ee\u00adn\u00e9s par son cou\u00adrage que nous pour\u00adrons seule\u00adment r\u00e9sis\u00adter aux forces conju\u00adgu\u00e9es du mal et mar\u00adcher r\u00e9so\u00adlu\u00adment vers les des\u00adti\u00adn\u00e9es qu\u2019il a si lumi\u00adneu\u00adse\u00adment assi\u00adgn\u00e9es aux travailleurs.<\/p>\n<p>Il importe donc que le dra\u00adpeau qu\u2019il tint si fi\u00e8\u00adre\u00adment de ses mains puis\u00adsantes ne tombe pas des n\u00f4tres&nbsp;; que nous l\u2019a\u00adgi\u00adtions plus fi\u00e8\u00adre\u00adment que jamais et qu\u2019il ral\u00adlie autour de lui, pour la grande cause des oppri\u00adm\u00e9s, toutes les volon\u00adt\u00e9s, tous les cou\u00adrages, tous les savoirs, pour le triomphe de son id\u00e9al gran\u00addiose qui est aus\u00adsi le&nbsp;n\u00f4tre.<\/p>\n<p>Bakou\u00adnine demeure plus vivace chez beau\u00adcoup, qu\u2019ils ne le pensent eux-m\u00eames. Toute la tra\u00addi\u00adtion de notre mou\u00adve\u00adment est faite de ses ensei\u00adgne\u00adments, de sa doc\u00adtrine tou\u00adjours bas\u00e9e sur les faits, de sa m\u00e9thode pra\u00adtique d\u2019or\u00adga\u00adni\u00adsa\u00adtion. T\u00f4t ou tard, lorsque les hommes revien\u00addront \u00e0 l\u2019es\u00adprit cri\u00adtique&nbsp;; lors\u00adqu\u2019ils appr\u00e9\u00adcie\u00adront \u00e0 leur valeur exacte les exp\u00e9\u00adriences r\u00e9p\u00e9\u00adt\u00e9es et n\u00e9ga\u00adtives des par\u00adtis poli\u00adtiques&nbsp;; lors\u00adqu\u2019ils se ren\u00addront compte de la vani\u00adt\u00e9 et de la sot\u00adtise de leurs solu\u00adtions&nbsp;; lors\u00adqu\u2019ils com\u00adpren\u00addront les m\u00e9faits de la force, lors\u00adqu\u2019ils acquer\u00adront l\u2019i\u00add\u00e9e qu\u2019il n\u2019est point de sau\u00adveur et que le salut est en eux, rien qu\u2019en eux,\u200a\u2014\u200a\u00e0 ce moment-l\u00e0 ils revien\u00addront d\u2019une fa\u00e7on d\u00e9fi\u00adni\u00adtive aux solu\u00adtions de Bakou\u00adnine dont Pel\u00adlou\u00adtier, en France, fut le brillant conti\u00adnua\u00adteur dont nous nous effor\u00ad\u00e7ons, \u00e0 notre tour, de par\u00adfaire l\u2019\u0153uvre et de r\u00e9a\u00adli\u00adser les magni\u00adfiques pr\u00e9visions.<\/p>\n<p style=\"text-align: center;\"><b>* * * *<\/b><\/p>\n<p>Dans les autres pays, la com\u00adm\u00e9\u00admo\u00adra\u00adtion ne fut pas moins impres\u00adsion\u00adnante. En Alle\u00admagne, la F.A.U.D. (Cen\u00adtrale anar\u00adcho-syn\u00addi\u00adca\u00adliste) avait publi\u00e9 un num\u00e9\u00adro sp\u00e9\u00adcial de son organe <i>Der Syn\u00addi\u00adka\u00adlist<\/i> enti\u00e8\u00adre\u00adment d\u00e9di\u00e9 \u00e0 Bakou\u00adnine&nbsp;; des mee\u00adtings publics eurent lieu \u00e0 Ber\u00adlin, \u00e0 Dresde, \u00e0 D\u00fcs\u00adsel\u00addorf, \u00e0 Cas\u00adsel et dans un grand nombre d\u2019autres grande villes de l\u2019Al\u00adle\u00admagne, et toute la presse, sur\u00adtout en pro\u00advince, s\u2019\u00e9\u00adtait vue obli\u00adg\u00e9e de par\u00adler du r\u00f4le jou\u00e9 par Bakou\u00adnine dans le mou\u00adve\u00adment r\u00e9vo\u00adlu\u00adtion\u00adnaire mon\u00addial. En Hol\u00adlande, la Cen\u00adtrale syn\u00addi\u00adca\u00adliste (N.S.V.), en col\u00adla\u00adbo\u00adra\u00adtion avec les dif\u00adf\u00e9\u00adrentes orga\u00adni\u00adsa\u00adtions anar\u00adchistes du pays, orga\u00adni\u00adsa un grand mee\u00adting-concert \u00e0 Amsterdam.<\/p>\n<p>En Suisse, le \u00ab&nbsp;R\u00e9veil&nbsp;\u00bb de Gen\u00e8ve, en Ita\u00adlie \u00ab&nbsp;Pen\u00adsie\u00adro e Volon\u00adt\u00e0&nbsp;\u00bb publi\u00e8rent des num\u00e9\u00adros sp\u00e9\u00adciaux d\u00e9di\u00e9s \u00e0 Bakou\u00adnine et une mani\u00adfes\u00adta\u00adtion eut lieu sur la tombe de Bakou\u00adnine, \u00e0&nbsp;Berne.<\/p>\n<p>De m\u00eame en Su\u00e8de et en Nor\u00adv\u00e8ge, la presse syn\u00addi\u00adca\u00adliste et anar\u00adchiste publia des \u00e9di\u00adtions sp\u00e9\u00adciales com\u00adm\u00e9\u00admo\u00adrant le grand ap\u00f4tre de la R\u00e9vo\u00adlu\u00adtion Sociale.<\/p>\n<p>Ce fut une belle occa\u00adsion de pro\u00adpa\u00adgande inter\u00adna\u00adtio\u00adnale pour nos id\u00e9es. Elle ne man\u00adque\u00adra pas de por\u00adter ses fruits.<\/p>\n","protected":false},"excerpt":{"rendered":"<p>Confor\u00adm\u00e9\u00adment aux d\u00e9ci\u00adsions du Pl\u00e9\u00adnum de l\u2019A.I.T., le cin\u00adquan\u00adte\u00adnaire de la mort de Michel Bakou\u00adnine a \u00e9t\u00e9 c\u00e9l\u00e9\u00adbr\u00e9 \u00e0 Paris, le 30 juin 1926, \u00e0 la salle des Soci\u00e9\u00adt\u00e9s Savantes. Orga\u00adni\u00ads\u00e9 par l\u2019A.I.T. avec le, concours de l\u2019U.F.S.A., de la F\u00e9d\u00e9\u00adra\u00adtion du B\u00e2ti\u00adment et de l\u2019U\u00adnion Anar\u00adchiste, le mee\u00adting inter\u00adna\u00adtio\u00adnal a plei\u00adne\u00adment r\u00e9us\u00adsi. Une assistance&nbsp;[\u2026]<\/p>\n","protected":false},"author":8,"featured_media":4959,"comment_status":"closed","ping_status":"closed","sticky":false,"template":"wp-custom-template-page-d-article","format":"standard","meta":{"wp_typography_post_enhancements_disabled":false,"footnotes":""},"categories":[354],"tags":[],"ppma_author":[680],"class_list":["post-2925","post","type-post","status-publish","format-standard","has-post-thumbnail","hentry","category-la-voix-du-travail-n1-aout-1926"],"authors":[{"term_id":680,"user_id":8,"is_guest":0,"slug":"anonyme","display_name":"Anonyme","avatar_url":"https:\/\/secure.gravatar.com\/avatar\/cdccebf2bbf18d75df96a6721f7ce7f7ec80d026f1b8ec6be93de563bca5236b?s=96&d=mm&r=g","author_category":"","user_url":"","last_name":"","first_name":"","job_title":"","description":""}],"_links":{"self":[{"href":"https:\/\/la-presse-anarchiste.net\/index.php\/wp-json\/wp\/v2\/posts\/2925","targetHints":{"allow":["GET"]}}],"collection":[{"href":"https:\/\/la-presse-anarchiste.net\/index.php\/wp-json\/wp\/v2\/posts"}],"about":[{"href":"https:\/\/la-presse-anarchiste.net\/index.php\/wp-json\/wp\/v2\/types\/post"}],"author":[{"embeddable":true,"href":"https:\/\/la-presse-anarchiste.net\/index.php\/wp-json\/wp\/v2\/users\/8"}],"replies":[{"embeddable":true,"href":"https:\/\/la-presse-anarchiste.net\/index.php\/wp-json\/wp\/v2\/comments?post=2925"}],"version-history":[{"count":5,"href":"https:\/\/la-presse-anarchiste.net\/index.php\/wp-json\/wp\/v2\/posts\/2925\/revisions"}],"predecessor-version":[{"id":8822,"href":"https:\/\/la-presse-anarchiste.net\/index.php\/wp-json\/wp\/v2\/posts\/2925\/revisions\/8822"}],"wp:featuredmedia":[{"embeddable":true,"href":"https:\/\/la-presse-anarchiste.net\/index.php\/wp-json\/wp\/v2\/media\/4959"}],"wp:attachment":[{"href":"https:\/\/la-presse-anarchiste.net\/index.php\/wp-json\/wp\/v2\/media?parent=2925"}],"wp:term":[{"taxonomy":"category","embeddable":true,"href":"https:\/\/la-presse-anarchiste.net\/index.php\/wp-json\/wp\/v2\/categories?post=2925"},{"taxonomy":"post_tag","embeddable":true,"href":"https:\/\/la-presse-anarchiste.net\/index.php\/wp-json\/wp\/v2\/tags?post=2925"},{"taxonomy":"author","embeddable":true,"href":"https:\/\/la-presse-anarchiste.net\/index.php\/wp-json\/wp\/v2\/ppma_author?post=2925"}],"curies":[{"name":"wp","href":"https:\/\/api.w.org\/{rel}","templated":true}]}}