{"id":293,"date":"2007-04-09T21:06:49","date_gmt":"2007-04-09T21:06:49","guid":{"rendered":"https:\/\/la-presse-anarchiste.net\/index.php\/2007\/04\/09\/un-certain-ralbol\/"},"modified":"2007-04-09T21:06:49","modified_gmt":"2007-04-09T21:06:49","slug":"un-certain-ralbol","status":"publish","type":"post","link":"https:\/\/la-presse-anarchiste.net\/index.php\/2007\/04\/09\/un-certain-ralbol\/","title":{"rendered":"Un certain ral\u2019bol"},"content":{"rendered":"<div class=\"pdfprnt-buttons pdfprnt-buttons-post pdfprnt-top-right\"><a href=\"https:\/\/la-presse-anarchiste.net\/index.php\/wp-json\/wp\/v2\/posts\/293?print=pdf\" class=\"pdfprnt-button pdfprnt-button-pdf\" target=\"_blank\"><img decoding=\"async\" src=\"https:\/\/la-presse-anarchiste.net\/wp-content\/plugins\/pdf-print\/images\/pdf.png\" alt=\"image_pdf\" title=\"Afficher le PDF\"><\/a><a href=\"https:\/\/la-presse-anarchiste.net\/index.php\/wp-json\/wp\/v2\/posts\/293?print=print\" class=\"pdfprnt-button pdfprnt-button-print\" target=\"_blank\"><img decoding=\"async\" src=\"https:\/\/la-presse-anarchiste.net\/wp-content\/plugins\/pdf-print\/images\/print.png\" alt=\"image_print\" title=\"Contenu imprim\u00e9\"><\/a><\/div><div align=\"justify\">\n\tBien s\u00fbr, c\u2019est pas ce qu\u2019on fait de plus r\u00e9vo\u00adlu\u00adtion\u00adnaire que de deman\u00adder que les \u00ab&nbsp;vio\u00adleurs&nbsp;\u00bb passent en Cour d\u2019As\u00adsises&nbsp;; c\u2019est r\u00e9for\u00admiste de deman\u00adder une loi anti-sexiste, ou la recon\u00adnais\u00adsance juri\u00addique du viol, \u00e7a, on en est tous convain\u00adcus&nbsp;! D\u00e9ci\u00add\u00e9\u00adment, ces femmes \u00ab&nbsp;qui luttent pour leur lib\u00e9\u00adra\u00adtion&nbsp;\u00bb&nbsp;\u00bb sont por\u00adteuses de contra\u00addic\u00adtions dangereuses&nbsp;!\n<p>\tEffec\u00adti\u00adve\u00adment, c\u2019est plu\u00adt\u00f4t louche de faire appel \u00e0 une ins\u00adtance r\u00e9pres\u00adsive comme la jus\u00adtice pour r\u00e9gler le pro\u00adbl\u00e8me du viol, ou quelque pro\u00adbl\u00e8me que ce soit d\u2019ailleurs, de faire confiance aux Ins\u00adti\u00adtu\u00adtions bour\u00adgeoises ou \u00e9ta\u00adtiques etc. Par ailleurs, il est plu\u00adt\u00f4t curieux de s\u2019en remettre \u00e0 des tri\u00adbu\u00adnaux com\u00adpo\u00ads\u00e9s plus que majo\u00adri\u00adtai\u00adre\u00adment de mecs (pas des plus lib\u00e9\u00adr\u00e9s, on ima\u00adgine) et de pr\u00e9\u00adco\u00adni\u00adser la mise en place d\u2019une loi qui se retour\u00adne\u00adra \u00e9vi\u00addem\u00adment contre les plus oppri\u00adm\u00e9s, ceux qui subissent le plus la mis\u00e8re sexuelle. Tout \u00e7a, c\u2019est plus que contes\u00adtable, pas r\u00e9vo\u00adlu\u00adtion\u00adnaires, ni lib\u00e9rateur&nbsp;!<\/p>\n<p>\tCeci dit, en pas\u00adsant, peu de groupes ou d\u2019or\u00adga\u00adni\u00adsa\u00adtions ont fait ces cri\u00adtiques, et c\u2019est un peu curieux (ou pas&nbsp;? fina\u00adle\u00adment) de voir ceux dont le radi\u00adca\u00adlisme est l\u2019a\u00adpa\u00adnage, mar\u00adcher dans cette op\u00e9ration.<\/p>\n<p>\tEn dehors des lettres inju\u00adrieuses que <em>Lib\u00e9<\/em> a re\u00e7ues et publi\u00e9es sur cette affaire, il y a eu quand m\u00eame des prises de posi\u00adtion cri\u00adtiques sur la demande de loi anti-sexiste et de la pas\u00adsa\u00adtion en Assises des vio\u00adleurs (l\u2019ar\u00adticle du CAP pas\u00ads\u00e9 dans <em>Lib\u00e9<\/em> du 28 sep\u00adtembre, <a href=\"280\">l\u2019ar\u00adticle ci-des\u00adsus<\/a> et d\u2019autres sans doute). Mais. m\u00eame dans ces cri\u00adtiques (que je peux par\u00adta\u00adger pour cer\u00adtaines) il y a quelque chose qui me&nbsp;g\u00eane.<\/p>\n<p>\tTout d\u2019a\u00adbord, \u00e7a me para\u00eet bizarre cette into\u00adl\u00e9\u00adrance rigide au \u00ab&nbsp;r\u00e9for\u00admisme&nbsp;\u00bb, alors qu\u2019on finit par l\u2019ad\u00admettre quand il s\u2019a\u00adgit de la classe ouvri\u00e8re, ou des immi\u00adgr\u00e9s ou que sais-je d\u2019autre, et par l\u2019ac\u00adcep\u00adter s\u2019il s\u2019a\u00adgit de nos condi\u00adtions de bou\u00adlot, par exemple, au nom de la sur\u00advie. On peut tou\u00adjours r\u00e9tor\u00adquer que ce n\u2019est pas une rai\u00adson, qu\u2019en l\u2019oc\u00adcur\u00adrence, l\u2019exis\u00adtence d\u2019une loi serait inef\u00adfi\u00adcace, et qu\u2019il ne s\u2019a\u00adgit pas l\u00e0 de n\u2019im\u00adporte quelle action r\u00e9for\u00admiste, mais d\u2019une action entra\u00ee\u00adnant n\u00e9ces\u00adsai\u00adre\u00adment r\u00e9pres\u00adsion, condam\u00adna\u00adtion. Il me semble n\u00e9an\u00admoins que ce beau ch\u0153ur r\u00e9vo\u00adlu\u00adtion\u00adnaire est moins puriste quand c\u2019est le sort d\u2019une autre couche sociale ou groupe social qui est en ques\u00adtion. Les femmes n\u2019au\u00adraient m\u00eame pas droit au r\u00e9formisme&nbsp;?<\/p>\n<p>\tEnsuite, je trouve que tous ces \u00ab&nbsp;dis\u00adcours poli\u00adtiques&nbsp;\u00bb de cri\u00adtique ont pour fonc\u00adtion d\u2019o\u00adp\u00e9\u00adrer un d\u00e9pla\u00adce\u00adment&nbsp;: le viol, puisque c\u2019est de \u00e7a dont il est ques\u00adtion, devient un pro\u00adbl\u00e8me mineur par rap\u00adport \u00e0 l\u2019a\u00adna\u00adlyse des \u00ab&nbsp;stra\u00adt\u00e9\u00adgies de lutte contre le viol&nbsp;\u00bb&nbsp;; on conteste donc le moyen pro\u00adpo\u00ads\u00e9\u200a\u2014\u200aet je trouve cela juste\u200a\u2014\u200amais pour se perdre par exemple dans un d\u00e9bat au niveau des argu\u00adties juri\u00addiques (du genre&nbsp;: mais le viol, c\u2019est les femmes qui vont&nbsp;!e faire exis\u00adter en deman\u00addant sa recon\u00adnais\u00adsance juri\u00addique&nbsp;!\u2026 Comme si ce niveau d\u2019a\u00adna\u00adlyse chan\u00adgeait quoi que ce soit \u00e0 la r\u00e9a\u00adli\u00adt\u00e9)&nbsp;; l\u2019a\u00adna\u00adlyse des contra\u00addic\u00adtions de ce mode d\u2019ac\u00adtion tient lieu, \u00e0 la limite, de r\u00e9ponse au pro\u00adbl\u00e8me du&nbsp;viol.<\/p>\n<p>\tUne autre fonc\u00adtion des dis\u00adcours poli\u00adti\u00adcards sur le sujet, c\u2019est de se s\u00e9cu\u00adri\u00adser par \u00ab&nbsp;une ana\u00adlyse poli\u00adtique de la chose&nbsp;\u00bb parce qu\u2019on n\u2019a pas de r\u00e9ponse au pro\u00adbl\u00e8me&nbsp;; l\u00e0, au moins, si on en reste \u00e0 l\u2019a\u00adna\u00adlyse cri\u00adtique des modes d\u2019ac\u00adtions, on se donne une appa\u00adrence de r\u00e9ponse, on a l\u2019im\u00adpres\u00adsion de voir clair, d\u2019a\u00advoir dit quelque chose et \u00e7a, \u00e7a masque bien l\u2019in\u00adca\u00adpa\u00adci\u00adt\u00e9 actuelle d\u2019une trans\u00adfor\u00adma\u00adtion des rap\u00adports hommes\/\u200bfemmes et de la sexualit\u00e9.<\/p>\n<p>\tLes pol\u00e9\u00admiques et le d\u00e9bat, de par leur niveau intrin\u00ads\u00e8que d\u2019as\u00adpi\u00adra\u00adtion \u00e0 la coh\u00e9\u00adrence, occultent la contra\u00addic\u00adtion o\u00f9 nous sommes en ce domaine. Eh oui, c\u2019est dur, mais fau\u00addrait se l\u2019a\u00advouer de temps en temps que le recours aux belles ana\u00adlyses, m\u00eame si on donne l\u2019ap\u00adpa\u00adrence d\u2019a\u00advoir les id\u00e9es tr\u00e8s claires, \u00e7a fait pas vrai\u00adment avan\u00adcer les choses&nbsp;!<\/p>\n<p>\tLa recon\u00adnais\u00adsance du viol en Assises ne chan\u00adge\u00adra rien \u00e0 la situa\u00adtion des femmes, ni \u00e0 la phal\u00adlo\u00adcra\u00adtie, mais les cri\u00adtiques s\u00fbres et d\u00e9ter\u00admi\u00adn\u00e9es de nos \u00e9m\u00e9\u00adrites r\u00e9vo\u00adlu\u00adtion\u00adnaires non plus&nbsp;! Ce sera une entour\u00adlou\u00adpette de&nbsp;plus&nbsp;!<\/p>\n<p>Agathe.\n<\/p><\/div>\n","protected":false},"excerpt":{"rendered":"<p>Bien s\u00fbr, c\u2019est pas ce qu\u2019on fait de plus r\u00e9vo\u00adlu\u00adtion\u00adnaire que de deman\u00adder que les \u00ab&nbsp;vio\u00adleurs&nbsp;\u00bb passent en Cour d\u2019As\u00adsises&nbsp;; c\u2019est r\u00e9for\u00admiste de deman\u00adder une loi anti-sexiste, ou la recon\u00adnais\u00adsance juri\u00addique du viol, \u00e7a, on en est tous convain\u00adcus&nbsp;! D\u00e9ci\u00add\u00e9\u00adment, ces femmes \u00ab&nbsp;qui luttent pour leur lib\u00e9\u00adra\u00adtion&nbsp;\u00bb&nbsp;\u00bb sont por\u00adteuses de contra\u00addic\u00adtions dan\u00adge\u00adreuses&nbsp;! Effec\u00adti\u00adve\u00adment, c\u2019est plut\u00f4t&nbsp;[\u2026]<\/p>\n","protected":false},"author":1,"featured_media":0,"comment_status":"closed","ping_status":"closed","sticky":false,"template":"","format":"standard","meta":{"wp_typography_post_enhancements_disabled":false,"footnotes":""},"categories":[38],"tags":[],"ppma_author":[540],"class_list":["post-293","post","type-post","status-publish","format-standard","hentry","category-la-lanterne-noire-n4-decembre-1975"],"authors":[{"term_id":540,"user_id":1,"is_guest":0,"slug":"admin_3gikpwyf","display_name":"Vincent Dubuc","avatar_url":"https:\/\/secure.gravatar.com\/avatar\/d015720652c25fd2ced191ade86430094e1f288a17483713e3b34d26dea52507?s=96&d=mm&r=g","author_category":"","user_url":"https:\/\/la-presse-anarchiste.net","last_name":"Dubuc","first_name":"Vincent","job_title":"","description":""}],"_links":{"self":[{"href":"https:\/\/la-presse-anarchiste.net\/index.php\/wp-json\/wp\/v2\/posts\/293","targetHints":{"allow":["GET"]}}],"collection":[{"href":"https:\/\/la-presse-anarchiste.net\/index.php\/wp-json\/wp\/v2\/posts"}],"about":[{"href":"https:\/\/la-presse-anarchiste.net\/index.php\/wp-json\/wp\/v2\/types\/post"}],"author":[{"embeddable":true,"href":"https:\/\/la-presse-anarchiste.net\/index.php\/wp-json\/wp\/v2\/users\/1"}],"replies":[{"embeddable":true,"href":"https:\/\/la-presse-anarchiste.net\/index.php\/wp-json\/wp\/v2\/comments?post=293"}],"version-history":[{"count":0,"href":"https:\/\/la-presse-anarchiste.net\/index.php\/wp-json\/wp\/v2\/posts\/293\/revisions"}],"wp:attachment":[{"href":"https:\/\/la-presse-anarchiste.net\/index.php\/wp-json\/wp\/v2\/media?parent=293"}],"wp:term":[{"taxonomy":"category","embeddable":true,"href":"https:\/\/la-presse-anarchiste.net\/index.php\/wp-json\/wp\/v2\/categories?post=293"},{"taxonomy":"post_tag","embeddable":true,"href":"https:\/\/la-presse-anarchiste.net\/index.php\/wp-json\/wp\/v2\/tags?post=293"},{"taxonomy":"author","embeddable":true,"href":"https:\/\/la-presse-anarchiste.net\/index.php\/wp-json\/wp\/v2\/ppma_author?post=293"}],"curies":[{"name":"wp","href":"https:\/\/api.w.org\/{rel}","templated":true}]}}