{"id":2935,"date":"1991-06-01T00:12:08","date_gmt":"1991-06-01T00:12:08","guid":{"rendered":"https:\/\/la-presse-anarchiste.net\/index.php\/2011\/07\/25\/tiananmen-et-apres\/"},"modified":"2024-05-18T19:32:23","modified_gmt":"2024-05-18T19:32:23","slug":"tiananmen-et-apres","status":"publish","type":"post","link":"https:\/\/la-presse-anarchiste.net\/index.php\/1991\/06\/01\/tiananmen-et-apres\/","title":{"rendered":"Tian\u2019Anmen et&nbsp;apr\u00e8s&nbsp;?"},"content":{"rendered":"<div class=\"pdfprnt-buttons pdfprnt-buttons-post pdfprnt-top-right\"><a href=\"https:\/\/la-presse-anarchiste.net\/index.php\/wp-json\/wp\/v2\/posts\/2935?print=pdf\" class=\"pdfprnt-button pdfprnt-button-pdf\" target=\"_blank\"><img decoding=\"async\" src=\"https:\/\/la-presse-anarchiste.net\/wp-content\/plugins\/pdf-print\/images\/pdf.png\" alt=\"image_pdf\" title=\"Afficher le PDF\"><\/a><a href=\"https:\/\/la-presse-anarchiste.net\/index.php\/wp-json\/wp\/v2\/posts\/2935?print=print\" class=\"pdfprnt-button pdfprnt-button-print\" target=\"_blank\"><img decoding=\"async\" src=\"https:\/\/la-presse-anarchiste.net\/wp-content\/plugins\/pdf-print\/images\/print.png\" alt=\"image_print\" title=\"Contenu imprim\u00e9\"><\/a><\/div><p style=\"text-align: justify;\">Un an apr\u00e8s les mas\u00adsacres de P\u00e9kin, nous choi\u00adsis\u00adsions de consa\u00adcrer une livrai\u00adson sp\u00e9\u00adciale de notre revue, la livrai\u00adson pr\u00e9\u00adc\u00e9\u00addente, au mou\u00adve\u00adment de la place Tian\u2019an\u00admen. Nous avions, pour l\u2019oc\u00adca\u00adsion, confi\u00e9 l\u2019in\u00adt\u00e9\u00adgra\u00adli\u00adt\u00e9 de nos colonnes \u00e0 une r\u00e9dac\u00adtion ext\u00e9\u00adrieure, une \u00e9quipe de sp\u00e9\u00adcia\u00adlistes des affaires chi\u00adnoises. Sou\u00adhai\u00adtant pro\u00adlon\u00adger ce tra\u00advail, nous avons fait appel une nou\u00advelle fois \u00e0 un sino\u00adlogue, Guil\u00adhem Fabre, et nous lui avons deman\u00add\u00e9 de reve\u00adnir sur l\u2019\u00e9\u00adv\u00e9\u00adne\u00adment et de l\u2019in\u00adter\u00adpr\u00e9\u00adter, et aus\u00adsi de nous \u00e9clai\u00adrer sur la situa\u00adtion actuelle en&nbsp;Chine.<\/p>\n<p style=\"text-align: justify;\">Pour com\u00adpl\u00e9\u00adter son ana\u00adlyse, nous publions en m\u00eame temps un texte cri\u00adti\u00adquant les \u00e9crits d\u2019A\u00adlain Pey\u00adre\u00adfitte sur la Chine. On s\u2019\u00e9\u00adton\u00adne\u00adra peut-\u00eatre de notre int\u00e9\u00adr\u00eat sou\u00addain pour l\u2019\u0153uvre de l\u2019\u00e9\u00addi\u00adto\u00adria\u00adliste du Figa\u00adro. Mais apr\u00e8s tout cet aca\u00add\u00e9\u00admi\u00adcien n\u2019est-il pas aujourd\u2019\u00adhui, le seul sino\u00adlogue, <i>stric\u00adto sen\u00adsu<\/i>, que nous ayons en France&nbsp;? Son pro\u00adpos s\u2019\u00e9\u00adtend \u00e0 toutes les p\u00e9riodes de l\u2019Em\u00adpire du milieu et il embrasse tous les domaines de la sino\u00adlo\u00adgie. Regar\u00addez-le \u00e0 la t\u00e9l\u00e9\u00advi\u00adsion, \u00e9cou\u00adtez-le \u00e0 la radio, lisez ses livres ou ses articles&nbsp;: c\u2019est avec une \u00e9gale auto\u00adri\u00adt\u00e9 que notre Nor\u00adma\u00adlien dis\u00adserte sur l\u2019a\u00adcu\u00adponc\u00adture, la culture du soja, l\u2019ex\u00adp\u00e9\u00addi\u00adtion Macart\u00adney ou bien le mou\u00adve\u00adment d\u00e9mo\u00adcra\u00adtique. \u00c0 c\u00f4t\u00e9 de lui, les his\u00adto\u00adriens de l\u2019\u00c9\u00adcole des Annales font figure de conjonc\u00adtu\u00adristes, et Hegel pas\u00adse\u00adrait pour un auteur de mono\u00adgra\u00adphies. Par-del\u00e0 les pol\u00e9\u00admiques pro\u00advo\u00adqu\u00e9es par la publi\u00adca\u00adtion de son der\u00adnier ouvrage, nous avons vou\u00adlu dis\u00adcu\u00adter plus g\u00e9n\u00e9\u00adra\u00adle\u00adment ses m\u00e9thodes his\u00adto\u00adriques, des m\u00e9thodes que curieu\u00adse\u00adment per\u00adsonne ne se donne la peine de contes\u00adter publi\u00adque\u00adment. Qu\u2019on se garde d\u2019en d\u00e9duire, tou\u00adte\u00adfois, qu\u2019<i>Iztok<\/i> est le der\u00adnier endroit o\u00f9 l\u2019on prend Pey\u00adre\u00adfitte au s\u00e9rieux.<\/p>\n<p style=\"text-align: justify;\">On trou\u00adve\u00adra aus\u00adsi, dans les pages qui suivent, une liste des livres sor\u00adtis \u00e0 l\u2019is\u00adsue du \u00ab&nbsp;Prin\u00adtemps de P\u00e9kin&nbsp;\u00bb (en dif\u00adf\u00e9\u00adrentes langues&nbsp;: fran\u00ad\u00e7aise, chi\u00adnoise, anglaise ou alle\u00admande). Il ne s\u2019a\u00adgit pas d\u2019une biblio\u00adgra\u00adphie exhaus\u00adtive&nbsp;: nous ne signa\u00adlons que les ouvrages qui nous sont pas\u00ads\u00e9s entre les mains. Nous n\u2019a\u00advons pas cru bon, non plus, d\u2019as\u00adsor\u00adtir notre recen\u00adse\u00adment de cri\u00adtiques ou de com\u00admen\u00adtaires et nous le livrons tel quel. Ce qui ne sup\u00adpose de notre part aucune appro\u00adba\u00adtion, ni\u200a\u2014\u200aon s\u2019en doute\u200a\u2014\u200aau livre d\u2019A\u00adlain Pey\u00adre\u00adfitte, ni\u200a\u2014\u200apar exemple\u200a\u2014\u200a\u00e0 la d\u00e9li\u00adrante rela\u00adtion du \u00ab&nbsp;sino\u00adlogue aver\u00adti&nbsp;\u00bb de Melun, M.&nbsp;\u00c9ric Meyer.<\/p>\n<p style=\"text-align: right;\"><i>Iztok<\/i><\/p>\n","protected":false},"excerpt":{"rendered":"<p>Un an apr\u00e8s les mas\u00adsacres de P\u00e9kin, nous choi\u00adsis\u00adsions de consa\u00adcrer une livrai\u00adson sp\u00e9\u00adciale de notre revue, la livrai\u00adson pr\u00e9\u00adc\u00e9\u00addente, au mou\u00adve\u00adment de la place Tian\u2019an\u00admen. Nous avions, pour l\u2019oc\u00adca\u00adsion, confi\u00e9 l\u2019in\u00adt\u00e9\u00adgra\u00adli\u00adt\u00e9 de nos colonnes \u00e0 une r\u00e9dac\u00adtion ext\u00e9\u00adrieure, une \u00e9quipe de sp\u00e9\u00adcia\u00adlistes des affaires chi\u00adnoises. Sou\u00adhai\u00adtant pro\u00adlon\u00adger ce tra\u00advail, nous avons fait appel&nbsp;une&nbsp;[\u2026]<\/p>\n","protected":false},"author":8,"featured_media":5945,"comment_status":"closed","ping_status":"closed","sticky":false,"template":"wp-custom-template-page-d-article","format":"standard","meta":{"wp_typography_post_enhancements_disabled":false,"footnotes":""},"categories":[350],"tags":[924],"ppma_author":[680],"class_list":["post-2935","post","type-post","status-publish","format-standard","has-post-thumbnail","hentry","category-iztok-na20-juin-1991","tag-chine"],"authors":[{"term_id":680,"user_id":8,"is_guest":0,"slug":"anonyme","display_name":"Anonyme","avatar_url":"https:\/\/secure.gravatar.com\/avatar\/cdccebf2bbf18d75df96a6721f7ce7f7ec80d026f1b8ec6be93de563bca5236b?s=96&d=mm&r=g","author_category":"","user_url":"","last_name":"","first_name":"","job_title":"","description":""}],"_links":{"self":[{"href":"https:\/\/la-presse-anarchiste.net\/index.php\/wp-json\/wp\/v2\/posts\/2935","targetHints":{"allow":["GET"]}}],"collection":[{"href":"https:\/\/la-presse-anarchiste.net\/index.php\/wp-json\/wp\/v2\/posts"}],"about":[{"href":"https:\/\/la-presse-anarchiste.net\/index.php\/wp-json\/wp\/v2\/types\/post"}],"author":[{"embeddable":true,"href":"https:\/\/la-presse-anarchiste.net\/index.php\/wp-json\/wp\/v2\/users\/8"}],"replies":[{"embeddable":true,"href":"https:\/\/la-presse-anarchiste.net\/index.php\/wp-json\/wp\/v2\/comments?post=2935"}],"version-history":[{"count":3,"href":"https:\/\/la-presse-anarchiste.net\/index.php\/wp-json\/wp\/v2\/posts\/2935\/revisions"}],"predecessor-version":[{"id":8053,"href":"https:\/\/la-presse-anarchiste.net\/index.php\/wp-json\/wp\/v2\/posts\/2935\/revisions\/8053"}],"wp:featuredmedia":[{"embeddable":true,"href":"https:\/\/la-presse-anarchiste.net\/index.php\/wp-json\/wp\/v2\/media\/5945"}],"wp:attachment":[{"href":"https:\/\/la-presse-anarchiste.net\/index.php\/wp-json\/wp\/v2\/media?parent=2935"}],"wp:term":[{"taxonomy":"category","embeddable":true,"href":"https:\/\/la-presse-anarchiste.net\/index.php\/wp-json\/wp\/v2\/categories?post=2935"},{"taxonomy":"post_tag","embeddable":true,"href":"https:\/\/la-presse-anarchiste.net\/index.php\/wp-json\/wp\/v2\/tags?post=2935"},{"taxonomy":"author","embeddable":true,"href":"https:\/\/la-presse-anarchiste.net\/index.php\/wp-json\/wp\/v2\/ppma_author?post=2935"}],"curies":[{"name":"wp","href":"https:\/\/api.w.org\/{rel}","templated":true}]}}