{"id":2950,"date":"2011-08-08T05:55:59","date_gmt":"2011-08-08T05:55:59","guid":{"rendered":"https:\/\/la-presse-anarchiste.net\/index.php\/2011\/08\/08\/du-haut-de-mon-mirador-15\/"},"modified":"2011-08-08T05:55:59","modified_gmt":"2011-08-08T05:55:59","slug":"du-haut-de-mon-mirador-15","status":"publish","type":"post","link":"https:\/\/la-presse-anarchiste.net\/index.php\/2011\/08\/08\/du-haut-de-mon-mirador-15\/","title":{"rendered":"Du haut de mon mirador"},"content":{"rendered":"<div class=\"pdfprnt-buttons pdfprnt-buttons-post pdfprnt-top-right\"><a href=\"https:\/\/la-presse-anarchiste.net\/index.php\/wp-json\/wp\/v2\/posts\/2950?print=pdf\" class=\"pdfprnt-button pdfprnt-button-pdf\" target=\"_blank\"><img decoding=\"async\" src=\"https:\/\/la-presse-anarchiste.net\/wp-content\/plugins\/pdf-print\/images\/pdf.png\" alt=\"image_pdf\" title=\"Afficher le PDF\"><\/a><a href=\"https:\/\/la-presse-anarchiste.net\/index.php\/wp-json\/wp\/v2\/posts\/2950?print=print\" class=\"pdfprnt-button pdfprnt-button-print\" target=\"_blank\"><img decoding=\"async\" src=\"https:\/\/la-presse-anarchiste.net\/wp-content\/plugins\/pdf-print\/images\/print.png\" alt=\"image_print\" title=\"Contenu imprim\u00e9\"><\/a><\/div><p>L\u2019U\u00adnique n\u2019est certes pas une revue aux colonnes encom\u00adbr\u00e9es d\u2019ac\u00adtua\u00adli\u00adt\u00e9s. Ergo\u00adter sur les \u00e9lec\u00adtions, les par\u00adtis poli\u00adtiques, les abs\u00adten\u00adtions, les scan\u00addales \u00e9co\u00adno\u00admiques, les conf\u00e9\u00adrences de la paix et autres assem\u00adbl\u00e9es de bavards inter\u00adna\u00adtio\u00adnaux, les dis\u00adcours des ministres et de ceux qui vou\u00addraient bien prendre leur place, les inco\u00adh\u00e9\u00adrences du ravi\u00adtaille\u00adment, la \u00ab&nbsp;fer\u00adme\u00adture&nbsp;\u00bb des \u00ab&nbsp;mai\u00adsons closes&nbsp;\u00bb, le mar\u00adch\u00e9 paral\u00adl\u00e8le\u200a\u2014\u200anon, mille fois non. On sait bien tout ce que nous pen\u00adsons sur ces sujets\u2026 et ceux qui s\u2019y relient. D\u2019ailleurs tous les p\u00e9rio\u00addiques s\u2019en occupent. Nous nous \u00e9loi\u00adgnons de toute cette pour\u00adri\u00adture en nous bou\u00adchant. le nez. Ce \u00e0 quoi nous visons c\u2019est \u00e0 faire cir\u00adcu\u00adler un cou\u00adrant d\u2019air pur, au moral comme \u00e0 l\u2019in\u00adtel\u00adlec\u00adtuel, dans 1<sup>e<\/sup> cercle de nos cama\u00adrades. Que les jour\u00adnaux d\u2019in\u00adfor\u00adma\u00adtion conti\u00adnuent \u00e0 infor\u00admer leurs lec\u00adteurs, que les jour\u00adnaux d\u2019o\u00adpi\u00adnion conti\u00adnuent \u00e0 se dis\u00adpu\u00adter une clien\u00adt\u00e8le d\u2019in\u00add\u00e9\u00adcrot\u00adtables gogos. Leurs lau\u00adriers ne nous font pas envie. S\u2019il nous arrive encore de d\u00e9non\u00adcer ici et l\u00e0 quelque hypo\u00adcri\u00adsie, c\u2019est bien plu\u00adt\u00f4t en spec\u00adta\u00adteur qu\u2019en nous r\u00e9cla\u00admant d\u2019une doctrine&nbsp;!<\/p>\n<p>[|<b>*  *  *  *<\/b>|]<br>\n<\/p>\n<p>Dans son ouvrage sur Louise Michel, Fer\u00adnand Planche cite l\u2019a\u00adnec\u00addote du manus\u00adcrit  de <i>Vingt mille lieues sous les mers<\/i> ven\u00addu par son h\u00e9ro\u00efne, en un jour de d\u00e9tresse, au c\u00e9l\u00e8bre Jules Verne, pour la somme de cent francs. Celui-ci l\u2019a\u00adche\u00adva en y ajou\u00adtant quelques cha\u00adpitres. L\u2019o\u00addys\u00ads\u00e9e du <i>Nau\u00adti\u00adlus<\/i> \u2015 \u00e0 la fin du XIX<sup>e<\/sup> si\u00e8cle \u2015 a pas\u00adsion\u00adn\u00e9 une jeune g\u00e9n\u00e9\u00adra\u00adtion avide de mer\u00adveilleux, assis la r\u00e9pu\u00adta\u00adtion de Jules Verne comme \u00ab&nbsp;pro\u00adph\u00e8te scien\u00adti\u00adfique&nbsp;\u00bb et rap\u00adpor\u00adt\u00e9 pas mal d\u2019argent a celui en qui cer\u00adtains veulent vois un pr\u00e9\u00add\u00e9\u00adces\u00adseur de H.-G. Wells. S\u2019il en a \u00e9t\u00e9 de m\u00eame pour ses autres \u00ab&nbsp;pro\u00adduc\u00adtions&nbsp;\u00bb, ce n\u2019est plus \u00e0 un cr\u00e9a\u00adteur \u00e0 qui nous avons affaire, mais \u00e0 adap\u00adta\u00adteur. H\u00e9las&nbsp;! com\u00adbien d\u2019in\u00adven\u00adteurs, de roman\u00adciers, de dra\u00adma\u00adturges, etc., c\u00e9l\u00e8bres doivent leur r\u00e9pu\u00adta\u00adtion \u00e0 des \u00ab&nbsp;id\u00e9es&nbsp;\u00bb ou \u00e0 des \u00ab&nbsp;brouillons&nbsp;\u00bb acquis pour une bou\u00adch\u00e9e de pain&nbsp;! Ces gens-l\u00e0, et dans la mesure o\u00f9 ils acquirent une noto\u00adri\u00e9\u00adt\u00e9, ne se montrent gu\u00e8re scru\u00adpu\u00adleux quant au choix des moyens mis en \u0153uvre pour \u00ab&nbsp;par\u00adve\u00adnir&nbsp;\u00bb. Il nous vient \u00e0 l\u2019es\u00adprit l\u2019his\u00adtoire d\u2019un pauvre h\u00e8re que nous avons connu, logeant en gar\u00adni, qui r\u00e9di\u00adgeaient des contes que signaient des \u00e9cri\u00advains illustres et qui parais\u00adsaient ensuite dans un grand quo\u00adti\u00addien du d\u00e9but de ce si\u00e8cle renom\u00adm\u00e9 pour son genre lit\u00adt\u00e9\u00adraire. Et cela n\u2019al\u00adlait pas sans peine, car ses clients se mon\u00adtraient dif\u00adfi\u00adciles. Jamais le mal\u00adheu\u00adreux ne put faire para\u00eetre une seule de ses \u00ab&nbsp;cr\u00e9a\u00adtions&nbsp;\u00bb \u2015 car c\u2019\u00e9\u00adtait un cr\u00e9a\u00adteur \u2015 sous son nom. Cette \u00ab&nbsp;belle \u00e9poque&nbsp;\u00bb res\u00adsem\u00adblait fort \u00e0 celle d\u2019au\u00adjourd\u2019\u00adhui, \u00e0 quelques d\u00e9tails pr\u00e8s. Elle \u00e9tait \u00e0 \u00ab&nbsp;l\u2019\u00e9\u00adchelle humaine&nbsp;\u00bb, comme la&nbsp;n\u00f4tre.<\/p>\n<p>[|<b>*  *  *  *<\/b>|]<br>\n<\/p>\n<p>Nous avons par\u00adl\u00e9 dans notre der\u00adnier fas\u00adci\u00adcule du Kan\u00adsas, le seul \u00c9tat des U.S.A. Qui soit demeu\u00adr\u00e9 pro\u00adhi\u00adbi\u00adtion\u00adniste. Selon de plus amples infor\u00adma\u00adtions, il s\u2019a\u00adgit d\u2019un pro\u00adhi\u00adbi\u00adtion\u00adnisme de fa\u00e7ade, dont se moquent les habi\u00adtants de cet \u00c9tat. On peut plus faci\u00adle\u00adment se pro\u00adcu\u00adrer du bon whis\u00adky  \u00e0 Topek, dans le Kan\u00adsas pro\u00adhi\u00adbi\u00adtion\u00adniste, par exemple, qu\u2019\u00e0 Kan\u00adsas City, ville voi\u00adsine dans le Mis\u00adsou\u00adri, o\u00f9 la vente des liqueurs est libre. Les contre\u00adban\u00addiers foi\u00adsonnent, chaque gar\u00ad\u00e7on de caf\u00e9 est pr\u00eat, si l\u2019on y met le prix, \u00e0 pro\u00adcu\u00adrer \u00e0 ses clients une \u00ab&nbsp;pinte&nbsp;\u00bb ou un \u00ab&nbsp;quart&nbsp;\u00bb du breu\u00advage d\u00e9fen\u00addu. Le pro\u00adhi\u00adbi\u00adtion\u00adnisme est un article du pro\u00adgramme des \u00ab&nbsp;r\u00e9pu\u00adbli\u00adcains&nbsp;\u00bb, les\u00adquels n\u2019ob\u00adservent m\u00eame pas la loi qu\u2019ils ont fait voter. \u00c0 preuve ce Congr\u00e8s du par\u00adti (pour le dit Kan\u00adsas) aux s\u00e9ances duquel on but de l\u2019a\u00adqua sim\u00adplex, alors que le len\u00adde\u00admain matin, des chambres occu\u00adp\u00e9es par les congres\u00adsistes, les femmes de chambre \u00e9va\u00adcu\u00e8rent une quan\u00adti\u00adt\u00e9 de bou\u00adteilles vides de whis\u00adky suf\u00adfi\u00adsante pour occu\u00adper la presque tota\u00adli\u00adt\u00e9 d\u2019un camion.<\/p>\n<p>[|<b>*  *  *  *<\/b>|]<br>\n<\/p>\n<p>Sur une col\u00adline pr\u00e9s de Dant\u00adzig, en pr\u00e9\u00adsence 150.000 spec\u00adta\u00adteurs, ont \u00e9t\u00e9 pen\u00addus onze de ces brutes \u00e0 face humaine qu\u2019ont ren\u00addu c\u00e9l\u00e8bres leurs op\u00e9\u00adra\u00adtions dans les camps de concen\u00adtra\u00adtion nazis. Jus\u00adtice \u00e9tait faite, mais quant \u00e0 l\u2019im\u00adpres\u00adsion lais\u00ads\u00e9e par ce spec\u00adtacle sur l\u2019es\u00adprit et le c\u0153ur des spec\u00adta\u00adteurs, c\u2019est une autre his\u00adtoire\u2026 Seule\u00adment, quand, \u00e0 la suite de cette nou\u00advelle, on lit le r\u00e9cit sui\u00advant, et bien docu\u00admen\u00adt\u00e9 du Reve\u00adrend A. Clay\u00adton Powells Jr. sur cer\u00adtains faits qui se d\u00e9roulent dans les camps p\u00e9ni\u00adten\u00adciers am\u00e9\u00adri\u00adcains (\u00e0 l\u2019u\u00adsage des Am\u00e9\u00adri\u00adcains) \u2015 on ne peut s\u2019emp\u00eacher de res\u00adter\u2026 r\u00eaveur.<\/p>\n<p>Oyez plu\u00adt\u00f4t&nbsp;:<\/p>\n<p>Au camp (am\u00e9\u00adri\u00adcain) de Licht\u00adfeld, pr\u00e8s de Londres, on don\u00adnait aux pri\u00adson\u00adniers une nour\u00adri\u00adture indi\u00adgeste, puis on les for\u00ad\u00e7ait a ingur\u00adgi\u00adter des rasades d\u2019huile de ricin. Chaque jour il y avait des punis du \u00ab&nbsp;nez aux orteils&nbsp;\u00bb, laquelle puni\u00adtion consiste en ce que le pri\u00adson\u00adnier soit atta\u00adch\u00e9 par de solides liens, de mani\u00e8re \u00e0 ce que son nez touche \u00e0 ses orteils. Par\u00adfois un de ces mal\u00adheu\u00adreux sol\u00addats demeu\u00adrait 24 heures dans cette posi\u00adtion\u2026 Des matraques, faites de bouts de caou\u00adtchouc, \u00e9taient uti\u00adli\u00ads\u00e9es pour ch\u00e2\u00adtier la moindre faute, punir la moindre inat\u00adten\u00adtion. Des pri\u00adson\u00adniers ont \u00e9t\u00e9 pen\u00addus par les mains de fa\u00e7on \u00e0 ce qu\u2019ils ne touchent le sol que par l\u2019ex\u00adtr\u00e9\u00admi\u00adt\u00e9 des pieds. G\u00e9n\u00e9\u00adra\u00adle\u00adment, la vic\u00adtime s\u2019\u00e9\u00adva\u00adnouis\u00adsait apr\u00e8s deux heures de ce traitement\u2026<\/p>\n<p>Civi\u00adli\u00adsa\u00adtion am\u00e9\u00adri\u00adcaine. Les poteaux d\u2019ex\u00e9\u00adcu\u00adtion des Peaux Rouges chers \u00e0 Feni\u00admore Cooper et \u00e0 Mayne Reid doivent han\u00adter le cer\u00adveau des tor\u00adtion\u00adnaires qui ordonnent ou sanc\u00adtionnent pareils traitements&nbsp;!<\/p>\n<p>[|<b>*  *  *  *<\/b>|]<br>\n<\/p>\n<p>Puisque l\u2019\u00e9\u00adpoque du pro\u00adc\u00e8s de Nurem\u00adberg semble clore un des plus sombres cha\u00adpitres de l\u2019his\u00adtoire des faits et gestes de la b\u00eate \u00e0 sta\u00adtion droite, rap\u00adpe\u00adlons que les nazis avaient \u00e9t\u00e9 devan\u00adc\u00e9s par d\u2019illustres pr\u00e9\u00add\u00e9\u00adces\u00adseurs, qui pr\u00e9\u00adten\u00addaient, eux aus\u00adsi, por\u00adter le flam\u00adbeau de la civi\u00adli\u00adsa\u00adtion par\u00admi les arri\u00e9\u00adr\u00e9s. Il s\u2019a\u00adgit des crimes accom\u00adplis par les Espa\u00adgnols en Am\u00e9\u00adrique cen\u00adtrale et m\u00e9ri\u00addio\u00adnale et qui \u00e9murent l\u2019\u00e9\u00adv\u00eaque de Chia\u00adpa, le bon Bar\u00adtho\u00adlo\u00adm\u00e9 de Las Casas. Pour un chr\u00e9\u00adtien tu\u00e9, on mas\u00adsa\u00adcrait des cen\u00adtaines d\u2019In\u00addiens. Las Casas en a vu br\u00fb\u00adler vivants, \u00e0 petit feu, enve\u00adlop\u00adp\u00e9s de paille s\u00e8che, \u00ab&nbsp;en l\u2019hon\u00adneur et r\u00e9v\u00e9\u00adrence de notre R\u00e9demp\u00adteur&nbsp;\u00bb. Un gou\u00adver\u00adneur du Yuca\u00adtan, Fran\u00adcis\u00adco de Mon\u00adte\u00adjo, nour\u00adris\u00adsait ses chiens avec des enfants. \u00c0 Xatis\u00adco, Nuno de Guz\u00adman se van\u00adtait d\u2019a\u00advoir fait br\u00fb\u00adler huit cents vil\u00adlages et esti\u00admait avoir bien ser\u00advi son Dieu et son&nbsp;Roi.<\/p>\n<p>Las Casas raconte, entre autres mas\u00adsacres, celui qu\u2019ils firent dans une grande ville de plus de trente mille habi\u00adtants, d\u00e9nom\u00adm\u00e9e Cho\u00adlu\u00adla. \u00ab&nbsp;Tous les sei\u00adgneurs de la r\u00e9gion et des envi\u00adrons et avant tout, les pr\u00eatre avec le grand pr\u00eatre, \u00e9taient sor\u00adtis pour rece\u00advoir les chr\u00e9\u00adtiens avec beau\u00adcoup de res\u00adpect et de r\u00e9v\u00e9\u00adrence, pour les ame\u00adner a se repo\u00adser dans la ville et dans les mai\u00adsons du sou\u00adve\u00adrain, et des sei\u00adgneurs, et des notables. Les Espa\u00adgnols s\u2019en\u00adten\u00addirent pour faire ici un mas\u00adsacre ou ch\u00e2\u00adti\u00adment (comme ils l\u2019ap\u00adpellent) pour semer la ter\u00adreur et la furie dans tous les lieux de cette terre. Parce que ce fut tou\u00adjours leur d\u00e9ci\u00adsion dans toutes les terres o\u00f9 ils entr\u00e8rent, il faut bien savoir, de faire un mas\u00adsacre cruel et signa\u00adl\u00e9, pour que ces douces bre\u00adbis en tremblent toutes. Pour cela, ils envoy\u00e8rent cher\u00adcher tous les sei\u00adgneurs et les nobles de la ville et de toutes les pro\u00advinces en d\u00e9pen\u00addant et avec eux le sei\u00adgneur prin\u00adci\u00adpal&nbsp;; ceux-ci furent pris sans que per\u00adsonne s\u2019en aper\u00ad\u00e7ut ou p\u00fbt en don\u00adner avis. Ils avaient aus\u00adsi deman\u00add\u00e9 cinq ou six mille Indiens pour por\u00adter les charges&nbsp;; ils vinrent tous et furent enfer\u00adm\u00e9s dans les cours des mai\u00adsons\u2026 Tous \u00e9tant r\u00e9unis, des Espa\u00adgnols arm\u00e9s se pla\u00adc\u00e8rent aux portes pour les gar\u00adder et \u00e0 coups d\u2019\u00e9\u00adp\u00e9es et de lances, ils trans\u00adper\u00adc\u00e8rent toutes ces bre\u00adbis, de sorte qu\u2019il n\u2019y eut aucun de ces Indiens qui put s\u2019\u00e9\u00adchap\u00adper. Au bout de deux ou trois jours, des Indiens qui s\u2019\u00e9\u00adtaient. cach\u00e9s ou abri\u00adt\u00e9s sous les morts, tant ils \u00e9taient nom\u00adbreux, sor\u00adtirent tout san\u00adglants et s\u2019a\u00advan\u00adc\u00e8rent vers les Espa\u00adgnols, implo\u00adrant mis\u00e9\u00adri\u00adcorde et deman\u00addant qu\u2019on les \u00e9par\u00adgn\u00e2t. Mais ils n\u2019eurent d\u2019eux ni mis\u00e9\u00adri\u00adcorde ni com\u00adpas\u00adsion et, d\u00e8s qu\u2019ils parais\u00adsaient, on les cou\u00adpait en mor\u00adceaux. Tous les sei\u00adgneurs, dont le nombre d\u00e9pas\u00adsait la cen\u00adtaine, avaient \u00e9t\u00e9 ligo\u00adt\u00e9s et un capi\u00adtaine ordon\u00adna qu\u2019ils fussent br\u00fb\u00adl\u00e9s vifs ou empa\u00adl\u00e9s sur des pieux fich\u00e9s dans le&nbsp;sol.&nbsp;\u00bb<\/p>\n<p>Il est \u00e9vident qu\u2019il s\u2019est pas\u00ads\u00e9 des sc\u00e8nes de ce genre dans tous les temps, mais dans le cas des chefs des conquis\u00adta\u00addores du XVI<sup>e<\/sup> si\u00e8cle comme dans celui des chefs nazis ou des diri\u00adgeants am\u00e9\u00adri\u00adcains ou autres du XX<sup>e<\/sup>, il s\u2019a\u00adgit de mis\u00adsion\u00adnaires \u2015 reli\u00adgieux, mili\u00adtaires ou civils \u2015 d\u2019une civi\u00adli\u00adsa\u00adtion sup\u00e9\u00adrieure, comme si une \u00ab&nbsp;civi\u00adli\u00adsa\u00adtion \u00e0 l\u2019\u00e9\u00adchelle humaine&nbsp;\u00bb pou\u00advait offrir quoi que ce soit de sup\u00e9rieur&nbsp;!<\/p>\n<p>[|<b>*  *  *  *<\/b>|]<br>\n<\/p>\n<p><i>The Pro\u00adtes\u00adtant<\/i>, publi\u00e9 \u00e0 New-York, \u00e9crit dans son n<sup>o<\/sup> de juin-juillet&nbsp;: \u00ab&nbsp;Si nous avions la guerre avec la Rus\u00adsie, il s\u2019en\u00adsui\u00advrait une guerre contre toutes les mino\u00adri\u00adt\u00e9s du pays. Le mou\u00adve\u00adment ouvrier serait per\u00ads\u00e9\u00adcu\u00adt\u00e9, les n\u00e8gres reje\u00adt\u00e9s dans l\u2019es\u00adcla\u00advage, les intel\u00adlec\u00adtuels empri\u00adson\u00adn\u00e9s. Dans la course \u00e0 la pre\u00admi\u00e8re place dans cette ins\u00adtal\u00adla\u00adtion n\u00e9o-fas\u00adciste, le pro-fas\u00adcisme inter\u00adna\u00adtio\u00adnal se mor\u00adcel\u00adle\u00adrait. En pre\u00admier lieu, le peuple juif serait iso\u00adl\u00e9 et an\u00e9an\u00adti. Ensuite, les fas\u00adcistes anti\u00adca\u00adtho\u00adliques s\u2019u\u00adni\u00adraient aux catho\u00adliques et nous connai\u00adtrions une forme nihi\u00adliste non catho\u00adlique&nbsp;; de fas\u00adcisme am\u00e9\u00adri\u00adcain, pire, s\u2019il est pos\u00adsible, que le Nazisme.&nbsp;\u00bb. Ces lignes ne sont pas extraites d\u2019une feuille anar\u00adchiste r\u00e9vo\u00adlu\u00adtion\u00adnaire, mais d\u2019un p\u00e9rio\u00addique religieux.<\/p>\n<p>[\/\u200bQui&nbsp;C\u00e9\/]<\/p>\n","protected":false},"excerpt":{"rendered":"<p>L\u2019U\u00adnique n\u2019est certes pas une revue aux colonnes encom\u00adbr\u00e9es d\u2019ac\u00adtua\u00adli\u00adt\u00e9s. Ergo\u00adter sur les \u00e9lec\u00adtions, les par\u00adtis poli\u00adtiques, les abs\u00adten\u00adtions, les scan\u00addales \u00e9co\u00adno\u00admiques, les conf\u00e9\u00adrences de la paix et autres assem\u00adbl\u00e9es de bavards inter\u00adna\u00adtio\u00adnaux, les dis\u00adcours des ministres et de ceux qui vou\u00addraient bien prendre leur place, les inco\u00adh\u00e9\u00adrences du ravi\u00adtaille\u00adment, la \u00ab&nbsp;fer\u00adme\u00adture&nbsp;\u00bb des \u00ab&nbsp;mai\u00adsons closes&nbsp;\u00bb,&nbsp;[\u2026]<\/p>\n","protected":false},"author":1,"featured_media":0,"comment_status":"closed","ping_status":"closed","sticky":false,"template":"","format":"standard","meta":{"wp_typography_post_enhancements_disabled":false,"footnotes":""},"categories":[356],"tags":[],"ppma_author":[540],"class_list":["post-2950","post","type-post","status-publish","format-standard","hentry","category-lunique-na15-novembre-1946"],"authors":[{"term_id":540,"user_id":1,"is_guest":0,"slug":"admin_3gikpwyf","display_name":"Vincent Dubuc","avatar_url":"https:\/\/secure.gravatar.com\/avatar\/d015720652c25fd2ced191ade86430094e1f288a17483713e3b34d26dea52507?s=96&d=mm&r=g","author_category":"","user_url":"https:\/\/la-presse-anarchiste.net","last_name":"Dubuc","first_name":"Vincent","job_title":"","description":""}],"_links":{"self":[{"href":"https:\/\/la-presse-anarchiste.net\/index.php\/wp-json\/wp\/v2\/posts\/2950","targetHints":{"allow":["GET"]}}],"collection":[{"href":"https:\/\/la-presse-anarchiste.net\/index.php\/wp-json\/wp\/v2\/posts"}],"about":[{"href":"https:\/\/la-presse-anarchiste.net\/index.php\/wp-json\/wp\/v2\/types\/post"}],"author":[{"embeddable":true,"href":"https:\/\/la-presse-anarchiste.net\/index.php\/wp-json\/wp\/v2\/users\/1"}],"replies":[{"embeddable":true,"href":"https:\/\/la-presse-anarchiste.net\/index.php\/wp-json\/wp\/v2\/comments?post=2950"}],"version-history":[{"count":0,"href":"https:\/\/la-presse-anarchiste.net\/index.php\/wp-json\/wp\/v2\/posts\/2950\/revisions"}],"wp:attachment":[{"href":"https:\/\/la-presse-anarchiste.net\/index.php\/wp-json\/wp\/v2\/media?parent=2950"}],"wp:term":[{"taxonomy":"category","embeddable":true,"href":"https:\/\/la-presse-anarchiste.net\/index.php\/wp-json\/wp\/v2\/categories?post=2950"},{"taxonomy":"post_tag","embeddable":true,"href":"https:\/\/la-presse-anarchiste.net\/index.php\/wp-json\/wp\/v2\/tags?post=2950"},{"taxonomy":"author","embeddable":true,"href":"https:\/\/la-presse-anarchiste.net\/index.php\/wp-json\/wp\/v2\/ppma_author?post=2950"}],"curies":[{"name":"wp","href":"https:\/\/api.w.org\/{rel}","templated":true}]}}