{"id":296,"date":"2007-04-09T21:31:04","date_gmt":"2007-04-09T21:31:04","guid":{"rendered":"https:\/\/la-presse-anarchiste.net\/index.php\/2007\/04\/09\/courrier-5\/"},"modified":"2007-04-09T21:31:04","modified_gmt":"2007-04-09T21:31:04","slug":"courrier-5","status":"publish","type":"post","link":"https:\/\/la-presse-anarchiste.net\/index.php\/2007\/04\/09\/courrier-5\/","title":{"rendered":"Courrier"},"content":{"rendered":"<div class=\"pdfprnt-buttons pdfprnt-buttons-post pdfprnt-top-right\"><a href=\"https:\/\/la-presse-anarchiste.net\/index.php\/wp-json\/wp\/v2\/posts\/296?print=pdf\" class=\"pdfprnt-button pdfprnt-button-pdf\" target=\"_blank\"><img decoding=\"async\" src=\"https:\/\/la-presse-anarchiste.net\/wp-content\/plugins\/pdf-print\/images\/pdf.png\" alt=\"image_pdf\" title=\"Afficher le PDF\"><\/a><a href=\"https:\/\/la-presse-anarchiste.net\/index.php\/wp-json\/wp\/v2\/posts\/296?print=print\" class=\"pdfprnt-button pdfprnt-button-print\" target=\"_blank\"><img decoding=\"async\" src=\"https:\/\/la-presse-anarchiste.net\/wp-content\/plugins\/pdf-print\/images\/print.png\" alt=\"image_print\" title=\"Contenu imprim\u00e9\"><\/a><\/div><div align=\"justify\">\n\t(\u2026) Pour en venir au num\u00e9\u00adro 2, je l\u2019ai trou\u00adv\u00e9 pas\u00adsion\u00adnant, bien que mes diver\u00adgences avec vous soient pro\u00adfondes. Quoi qu\u2019il en soit, vos vues obligent le lec\u00adteur \u00e0 remettre en ques\u00adtion, et appro\u00adfon\u00addir d\u2019une fa\u00e7on cri\u00adtique ses options th\u00e9oriques.\n<p>\tPar exemple, je suis le pre\u00admier \u00e0 admettre que le ph\u00e9\u00adno\u00adm\u00e8ne fas\u00adciste n\u2019est pas seule\u00adment d\u00fb \u00e0 des pro\u00adbl\u00e8mes \u00e9co\u00adno\u00admiques, mais qu\u2019entrent en action des pro\u00adbl\u00e8mes affec\u00adtifs, comme l\u2019a clai\u00adre\u00adment prou\u00adv\u00e9 \u00e0 de mul\u00adtiples reprises Wil\u00adhelm Reich dans <em>La psy\u00adcho\u00adlo\u00adgie de masse du fas\u00adcisme<\/em> ou dans <em>L\u2019homme et l\u2019\u00c9\u00adtat<\/em>.<\/p>\n<p>\tMais l\u2019er\u00adreur dans <a href=\"233\">la cri\u00adtique de LEPEINTRE<\/a> \u00e0 pro\u00adpos des <em>Cahiers du Futur<\/em>, est de confondre les faits sub\u00adjec\u00adtifs et les faits objec\u00adtifs&nbsp;: si des mili\u00adtants sociaux-d\u00e9mo\u00adcrates ou com\u00admu\u00adnistes alle\u00admands ont rejoint, \u00e0 cause de fac\u00adteurs irra\u00adtion\u00adnels (chau\u00advi\u00adnisme, peste \u00e9mo\u00adtion\u00adnelle, racisme, cor\u00adpo\u00adra\u00adtisme), les S.A., c\u2019est oublier qu\u2019il n\u2019a jamais \u00e9t\u00e9 ques\u00adtion pour Hit\u00adler ou Himm\u00adler de faire une r\u00e9vo\u00adlu\u00adtion sociale, m\u00eame chau\u00advi\u00adno-popu\u00adliste, comme a pu le faire Per\u00adon, par exemple&nbsp;: ils se sont sim\u00adple\u00adment ser\u00advis des aspi\u00adra\u00adtions de jus\u00adtice sociale des masses alle\u00admandes afin de les cana\u00adli\u00adser, et inves\u00adtir la poten\u00adtia\u00adli\u00adt\u00e9 r\u00e9vo\u00adlu\u00adtion\u00adnaire des masses dans une poli\u00adtique agres\u00adsive, raciste, don\u00adnant ain\u00adsi aux masses une illu\u00adsion de mouvement.<\/p>\n<p>\tAujourd\u2019\u00adhui, cette ambi\u00adgu\u00ef\u00adt\u00e9 du fas\u00adcisme n\u2019est plus pos\u00adsible, le ver\u00adbiage socia\u00adli\u00adsant des fas\u00adcismes n\u2019a plus cours, il a fait place \u00e0 sa v\u00e9ri\u00adtable image, la por\u00adtique bar\u00adbare des couches sociales en prise \u00e0 une peur panique devant la mon\u00adt\u00e9e des forces r\u00e9vo\u00adlu\u00adtion\u00adnaires par\u00adtout dans le monde. Pino\u00adchet, Fran\u00adco, l\u2019A.A.A. ne s\u2019embarrassent plus de faire \u00ab&nbsp;social&nbsp;\u00bb, ils r\u00e9priment, tuent, tor\u00adturent, envoient les forces r\u00e9pres\u00adsives dans les usines, dans les champs, afin d\u2019im\u00adpo\u00adser leur dic\u00adta\u00adture \u2013 il est d\u2019ailleurs signi\u00adfi\u00adca\u00adtif que l\u2019A.A.A., d\u2019a\u00adbord \u00ab&nbsp;Alliance <em>Anti-imp\u00e9\u00adria\u00adliste<\/em> d\u2019Ar\u00adgen\u00adtine&nbsp;\u00bb, soit deve\u00adnue \u00ab&nbsp;Alliance Anti\u00adcom\u00admu\u00adniste d\u2019Ar\u00adgen\u00adtine&nbsp;\u00bb, four\u00adguant au ves\u00adtiaire la phra\u00ads\u00e9o\u00adlo\u00adgie natio\u00adna\u00adlo-chau\u00advine, afin de se mon\u00adtrer telle qu\u2019elle est en v\u00e9ri\u00adt\u00e9, une force r\u00e9pres\u00adsive, anti-r\u00e9volutionnaire\u2026<\/p>\n<p>\tQuoi qu\u2019il en soit, tout ce qui est dit est vrai pour la p\u00e9riode allant de 1920 \u00e0 1945. Bien s\u00fbr, on pour\u00adrait par\u00adler de Per\u00adon, de l\u2019Ar\u00adgen\u00adtine d\u2019au\u00adjourd\u2019\u00adhui o\u00f9 des gens de droite comme des gens de \u00ab&nbsp;gauche&nbsp;\u00bb (Mon\u00adto\u00adne\u00adros) se r\u00e9clament de Per\u00adon&nbsp;: cela est d\u00fb au simple fait que Per\u00adon est le seul dic\u00adta\u00adteur fas\u00adciste ayant pris au s\u00e9rieux, sous l\u2019in\u00adfluence d\u2019E\u00advi\u00adta Per\u00adon, la phra\u00ads\u00e9o\u00adlo\u00adgie sociale-chau\u00advine du fas\u00adcisme. C\u2019est en quoi le ph\u00e9\u00adno\u00adm\u00e8ne p\u00e9ro\u00adniste est int\u00e9\u00adres\u00adsant, et que les \u00e9v\u00e9\u00adne\u00adments en cours en Argen\u00adtine sont pas\u00adsion\u00adnants&nbsp;; bien que je consi\u00add\u00e8re les \u00ab&nbsp;Mon\u00adto\u00adne\u00adros&nbsp;\u00bb non pas comme des sociaux-fas\u00adcistes, mais comme des gau\u00adchistes un peu par\u00adti\u00adcu\u00adliers, l\u00e9g\u00e8\u00adre\u00adment appa\u00adren\u00adt\u00e9s aux trots\u00adkystes, mais sur\u00adtout au gu\u00e9varisme\u2026<\/p>\n<p>P. Z., Argen\u00adtat (19).<\/p>\n<h2>r\u00e9ponse (sur l\u2019irrationnel et la barbarie)<\/h2>\n<p><quote> <sc>un par\u00adti moderne autour d\u2019une id\u00e9o\u00adlo\u00adgie coh\u00e9rente<\/sc><\/quote><\/p>\n<p>\u00ab&nbsp;Jamais tant qu\u2019au\u00adjourd\u2019\u00adhui, les don\u00adn\u00e9es scien\u00adti\u00adfiques les plus r\u00e9centes, tant dans les domaines de la chi\u00admie, de la bio\u00adlo\u00adgie, de la psy\u00adcho\u00adlo\u00adgie, de la m\u00e9de\u00adcine ou de l\u2019ur\u00adba\u00adnisme\u200a\u2014\u200apour ne citer que ceux-l\u00e0\u200a\u2014\u200an\u2019ont d\u00e9mon\u00adtr\u00e9 l\u2019im\u00adpor\u00adtance, dans le pro\u00adces\u00adsus de for\u00adma\u00adtion de la vie des notions d\u2019ordre, de s\u00e9lec\u00adtion, de hi\u00e9\u00adrar\u00adchie. De ces notions que, pr\u00e9\u00adci\u00ads\u00e9\u00adment, nous reven\u00addi\u00adquons comme bases de notre soci\u00e9t\u00e9.&nbsp;\u00bb<\/p>\n<p>\t(Pr\u00e9\u00adsen\u00adta\u00adtion de <em>Pro\u00adpo\u00adsi\u00adtions pour une Nation nou\u00advelle<\/em>, mani\u00adfeste du Par\u00adti des Forces Nou\u00advelles, dans <em>Ini\u00adtia\u00adtive Natio\u00adnale<\/em>\u200a\u2014\u200a\u00ab&nbsp;men\u00adsuel des Forces Nou\u00advelles&nbsp;\u00bb\u200a\u2014\u200aN\u00b0 5, juillet-ao\u00fbt 75.)<\/p>\n<p>\tUn ouvrage aus\u00adsi \u00ab&nbsp;s\u00e9rieux que <em>l\u2019En\u00adcy\u00adclo\u00adpae\u00addia Uni\u00adver\u00adsa\u00adlis<\/em> peut r\u00e9duire la dis\u00adcus\u00adsion de l\u2019\u0153uvre lit\u00adt\u00e9\u00adraire et poli\u00adtique d\u2019un Drieu La Rochelle \u00e0 une ques\u00adtion d\u2019im\u00adpuis\u00adsance sexuelle. Le concept d\u2019hys\u00adt\u00e9\u00adrie de masse, mer\u00adveilleuse alliance du non-homme et du non-indi\u00advi\u00addu, esca\u00admote de m\u00eame la r\u00e9a\u00adli\u00adt\u00e9 sociale d\u2019un mou\u00adve\u00adment. Contre la peste (brune), contre le can\u00adcer (rouge), contre la gan\u00adgr\u00e8ne et la pour\u00adri\u00adture (d\u00e9mo\u00adcra\u00adtiques). une pro\u00adphy\u00adlaxie s\u2019im\u00adpose. Et c\u2019est ain\u00adsi que les d\u00e9mo\u00adcra\u00adties ont pu mettre \u00e0 leur actif ces magni\u00adfiques triomphes du g\u00e9nie humain que furent Dresde, Ham\u00adbourg, Hiro\u00adshi\u00adma et Nagasaki\u2026<\/p>\n<p>\tJe suis bien d\u2019ac\u00adcord peur \u00e9ta\u00adblir la dis\u00adtinc\u00adtion entre le dis\u00adcours du fas\u00adcisme et sa nature v\u00e9ri\u00adtable\u200a\u2014\u200aencore faut-il voir qu\u2019il n\u2019en va pas autre\u00adment du sta\u00adli\u00adnisme (ou de la d\u00e9mo\u00adcra\u00adtie r\u00e9pu\u00adbli\u00adcaine)\u200a\u2014\u200adont la psy\u00adcho\u00adlo\u00adgie de masse n\u2019a pas \u00e0 \u00eatre faite, puisque ces pestes-l\u00e0 (la rouge et la tri\u00adco\u00adlore) nous viennent de l\u2019a\u00adpo\u00adth\u00e9ose de la Rai\u00adson, l\u2019\u00catre Supr\u00eame de Robes\u00adpierre, ins\u00adpi\u00adra\u00adteur de L\u00e9nine. Divi\u00adni\u00adt\u00e9 humaine bien assoif\u00adf\u00e9e de sang, et enne\u00admie de toute huma\u00adni\u00adt\u00e9, qui a cau\u00adtion\u00adn\u00e9 toutes les Ter\u00adreurs. De nos jours, c\u2019est bien au nom du Socia\u00adlisme Scien\u00adti\u00adfique que les contes\u00adta\u00adtaires sont soi\u00adgn\u00e9s dans les asiles psy\u00adchia\u00adtriques de la Patrie du Socia\u00adlisme&nbsp;; et faut-il rap\u00adpe\u00adler les exp\u00e9\u00adriences neu\u00adro\u00adlo\u00adgiques envi\u00adsa\u00adg\u00e9es contre les \u00ab&nbsp;fous&nbsp;\u00bb de la R.A.F.&nbsp;?<\/p>\n<p>\tIl ne s\u2019a\u00adgit pas de faire l\u2019a\u00adpo\u00adlo\u00adgie de la folie, qui n\u2019a pas plus\u200a\u2014\u200amais pas moins\u200a\u2014\u200ade sens que celle du crime. Mais il fau\u00addrait bien se deman\u00adder o\u00f9 s\u2019ar\u00adr\u00eate (et sur\u00adtout, o\u00f9 com\u00admence) la rai\u00adson du plus&nbsp;fort\u2026<\/p>\n<p>\tQuant au point cen\u00adtral de cette lettre, \u00e0 savoir la faillite du fas\u00adcisme en tant qu\u2019i\u00add\u00e9al (contre-) r\u00e9vo\u00adlu\u00adtion\u00adnaire de <em>masse<\/em>, le pro\u00adbl\u00e8me est vaste, et se pose d\u2019ailleurs pour les autres id\u00e9o\u00adlo\u00adgies (et rap\u00adpe\u00adlons que Pino\u00adchet n\u2019est pas plus fas\u00adciste que Bou\u00adme\u00addienne n\u2019est l\u00e9ni\u00adniste, ou Indi\u00adra Gand\u00adhi d\u00e9mo\u00adcrate). Nous y reviendrons\u2026<\/p>\n<p>P. L.\n<\/p><\/div>\n","protected":false},"excerpt":{"rendered":"<p>(\u2026) Pour en venir au num\u00e9\u00adro 2, je l\u2019ai trou\u00adv\u00e9 pas\u00adsion\u00adnant, bien que mes diver\u00adgences avec vous soient pro\u00adfondes. Quoi qu\u2019il en soit, vos vues obligent le lec\u00adteur \u00e0 remettre en ques\u00adtion, et appro\u00adfon\u00addir d\u2019une fa\u00e7on cri\u00adtique ses options th\u00e9o\u00adriques. Par exemple, je suis le pre\u00admier \u00e0 admettre que le ph\u00e9\u00adno\u00adm\u00e8ne fas\u00adciste n\u2019est pas seulement&nbsp;[\u2026]<\/p>\n","protected":false},"author":1,"featured_media":0,"comment_status":"closed","ping_status":"closed","sticky":false,"template":"","format":"standard","meta":{"wp_typography_post_enhancements_disabled":false,"footnotes":""},"categories":[38],"tags":[],"ppma_author":[540],"class_list":["post-296","post","type-post","status-publish","format-standard","hentry","category-la-lanterne-noire-n4-decembre-1975"],"authors":[{"term_id":540,"user_id":1,"is_guest":0,"slug":"admin_3gikpwyf","display_name":"Vincent Dubuc","avatar_url":"https:\/\/secure.gravatar.com\/avatar\/d015720652c25fd2ced191ade86430094e1f288a17483713e3b34d26dea52507?s=96&d=mm&r=g","author_category":"","user_url":"https:\/\/la-presse-anarchiste.net","last_name":"Dubuc","first_name":"Vincent","job_title":"","description":""}],"_links":{"self":[{"href":"https:\/\/la-presse-anarchiste.net\/index.php\/wp-json\/wp\/v2\/posts\/296","targetHints":{"allow":["GET"]}}],"collection":[{"href":"https:\/\/la-presse-anarchiste.net\/index.php\/wp-json\/wp\/v2\/posts"}],"about":[{"href":"https:\/\/la-presse-anarchiste.net\/index.php\/wp-json\/wp\/v2\/types\/post"}],"author":[{"embeddable":true,"href":"https:\/\/la-presse-anarchiste.net\/index.php\/wp-json\/wp\/v2\/users\/1"}],"replies":[{"embeddable":true,"href":"https:\/\/la-presse-anarchiste.net\/index.php\/wp-json\/wp\/v2\/comments?post=296"}],"version-history":[{"count":0,"href":"https:\/\/la-presse-anarchiste.net\/index.php\/wp-json\/wp\/v2\/posts\/296\/revisions"}],"wp:attachment":[{"href":"https:\/\/la-presse-anarchiste.net\/index.php\/wp-json\/wp\/v2\/media?parent=296"}],"wp:term":[{"taxonomy":"category","embeddable":true,"href":"https:\/\/la-presse-anarchiste.net\/index.php\/wp-json\/wp\/v2\/categories?post=296"},{"taxonomy":"post_tag","embeddable":true,"href":"https:\/\/la-presse-anarchiste.net\/index.php\/wp-json\/wp\/v2\/tags?post=296"},{"taxonomy":"author","embeddable":true,"href":"https:\/\/la-presse-anarchiste.net\/index.php\/wp-json\/wp\/v2\/ppma_author?post=296"}],"curies":[{"name":"wp","href":"https:\/\/api.w.org\/{rel}","templated":true}]}}