{"id":2983,"date":"2011-08-14T01:14:35","date_gmt":"2011-08-14T01:14:35","guid":{"rendered":"https:\/\/la-presse-anarchiste.net\/index.php\/2011\/08\/14\/pertes-de-vies-humaines-et-pertes-de-materiaux\/"},"modified":"2011-08-14T01:14:35","modified_gmt":"2011-08-14T01:14:35","slug":"pertes-de-vies-humaines-et-pertes-de-materiaux","status":"publish","type":"post","link":"https:\/\/la-presse-anarchiste.net\/index.php\/2011\/08\/14\/pertes-de-vies-humaines-et-pertes-de-materiaux\/","title":{"rendered":"Pertes de vies humaines et Pertes de mat\u00e9riaux"},"content":{"rendered":"<div class=\"pdfprnt-buttons pdfprnt-buttons-post pdfprnt-top-right\"><a href=\"https:\/\/la-presse-anarchiste.net\/index.php\/wp-json\/wp\/v2\/posts\/2983?print=pdf\" class=\"pdfprnt-button pdfprnt-button-pdf\" target=\"_blank\"><img decoding=\"async\" src=\"https:\/\/la-presse-anarchiste.net\/wp-content\/plugins\/pdf-print\/images\/pdf.png\" alt=\"image_pdf\" title=\"Afficher le PDF\"><\/a><a href=\"https:\/\/la-presse-anarchiste.net\/index.php\/wp-json\/wp\/v2\/posts\/2983?print=print\" class=\"pdfprnt-button pdfprnt-button-print\" target=\"_blank\"><img decoding=\"async\" src=\"https:\/\/la-presse-anarchiste.net\/wp-content\/plugins\/pdf-print\/images\/print.png\" alt=\"image_print\" title=\"Contenu imprim\u00e9\"><\/a><\/div><p>En tra\u00adver\u00adsant \u00e0 pr\u00e9\u00adsent les rues de Paris, on voit de tous c\u00f4t\u00e9s des \u00e9quipes d\u2019ouvriers occu\u00adp\u00e9s \u00e0 faire des r\u00e9parations.&nbsp;<\/p>\n<p>Ce sont, avant tout, les points de croi\u00adse\u00adment des tram\u00adways et les voies aux entr\u00e9es en ville des che\u00admin de fer&nbsp;; ce sont les rues le plus ani\u00adm\u00e9es et o\u00f9 le pav\u00e9 a le plus souf\u00adfert pen\u00addant les cinq ann\u00e9es de guerre&nbsp;; ce sont les r\u00e9pa\u00adra\u00adtions les plus urgentes aux mai\u00adsons&nbsp;; bref ce sont les tra\u00advaux abso\u00adlu\u00adment urgents qu\u2019on est en train d\u2019ex\u00e9cuter.<\/p>\n<p>En pro\u00advince, un peu par\u00adtout dans le pays, ce sont les m\u00eames pr\u00e9\u00adoc\u00adcu\u00adpa\u00adtions pres\u00adsantes&nbsp;; comme apr\u00e8s une tem\u00adp\u00eate, on peut mesu\u00adrer d\u2019apr\u00e8s l\u2019importance des dom\u00admages mat\u00e9\u00adriels l\u2019immensit\u00e9 du d\u00e9sastre qui a frap\u00adp\u00e9 les populations.<\/p>\n<p>Car, si on les regarde d\u2019un peu plus pr\u00e8s, toutes ces r\u00e9pa\u00adra\u00adtions ne sont sou\u00advent que pro\u00advi\u00adsoires&nbsp;: on voit dans les pav\u00e9s, du bois les trous b\u00e9ants com\u00adbl\u00e9s par de gros cailloux&nbsp;; m\u00eame dans les art\u00e8res les plus fr\u00e9\u00adquen\u00adt\u00e9es, la ville agit comme la m\u00e8re de famille pres\u00ads\u00e9e qui, en rac\u00adcom\u00admo\u00addant les v\u00eate\u00adments de tra\u00advail de la famille, couvre h\u00e2ti\u00adve\u00adment un trou avec une pi\u00e8ce de drap, en se disant&nbsp;: \u00ab&nbsp;Je le rever\u00adrai un autre jour quand j\u2019aurai le&nbsp;temps&nbsp;\u00bb.<\/p>\n<p>Dans une seule ville, comme Paris, il y a des cen\u00adtaines de kilo\u00adm\u00e8tres de rues o\u00f9 le pav\u00e9 doit \u00eatre enti\u00e8\u00adre\u00adment renou\u00adve\u00adl\u00e9. Et pour\u00adtant, faute de main\u2011d\u2019\u0153uvre, faute de mati\u00e8res pre\u00admi\u00e8res et d\u2019argent, en un mot faute de tout, il est impos\u00adsible d\u2019y pen\u00adser pour le moment.&nbsp;<\/p>\n<p>Tous les moyens de trans\u00adport et de com\u00admu\u00adni\u00adca\u00adtion&nbsp;: lignes de che\u00admins de fer, grandes routes, ponts, etc., ont \u00e9nor\u00adm\u00e9\u00adment souf\u00adferts dans le pays, et sont en grande par\u00adtie us\u00e9s. Et si de tous les centres de France on rap\u00adporte l\u2019existence d\u2019une v\u00e9ri\u00adtable crise des habi\u00adta\u00adtions, c\u2019est que des cen\u00adtaines de mil\u00adliers de mai\u00adsons se sont \u00e9crou\u00adl\u00e9es pen\u00addant la dur\u00e9e de la guerre et n\u2019ont pas \u00e9t\u00e9 rem\u00adpla\u00adc\u00e9es par d\u2019autres.<\/p>\n<p>En somme, une dizaine d\u2019ann\u00e9es devront s\u2019\u00e9couler avant que les moyens mat\u00e9\u00adriels de la pro\u00adduc\u00adtion et de la civi\u00adli\u00adsa\u00adtion soient \u00e0 peu pr\u00e8s r\u00e9ta\u00adblis en France, et puissent \u00eatre com\u00adpa\u00adr\u00e9s \u00e0 ce qu\u2019\u00e9tait leur situa\u00adtion avant la guerre.<\/p>\n<p>\u00c9vi\u00addem\u00adment, nous lais\u00adsons hors de c\u00f4t\u00e9 les r\u00e9gions d\u00e9vas\u00adt\u00e9es o\u00f9 des mil\u00adliers d\u2019hectares de terres, n\u2019\u00e9tant plus labou\u00adrables, ne sont bons qu\u2019\u00e0 \u00eatre trans\u00adfor\u00adm\u00e9s en for\u00eats, ou res\u00adte\u00adront, pen\u00addant les si\u00e8cles \u00e0 venir, des d\u00e9serts t\u00e9moi\u00adgnant de l\u2019\u00e9tat d\u2019abrutissement o\u00f9 les hommes \u00e9taient arri\u00adv\u00e9s, en pleine civi\u00adli\u00adsa\u00adtion capi\u00adta\u00adliste, au d\u00e9but du <sc>xx<\/sc><sup>e<\/sup> si\u00e8cle.<\/p>\n<p>Tous les pays bel\u00adli\u00adg\u00e9\u00adrants de l\u2019Europe souffrent d\u2019une fa\u00e7on plus ou moins aigu\u00eb, sous le m\u00eame fl\u00e9au de l\u2019\u00e9puisement des moyens mat\u00e9\u00adriels de la pro\u00adduc\u00adtion, bien que tous ne connaissent pas les hor\u00adreurs que pr\u00e9\u00adsentent les r\u00e9gions d\u00e9vast\u00e9es.<\/p>\n<p>Dans l\u2019Europe Cen\u00adtrale, les r\u00e9sul\u00adtats mat\u00e9\u00adriels de la guerre se sont m\u00eame aggra\u00adv\u00e9s apr\u00e8s l\u2019armistice sous la rigueur des sti\u00adpu\u00adla\u00adtions du trai\u00adt\u00e9 de paix&nbsp;: livrai\u00adson de bateaux, de loco\u00admo\u00adtives et wagons de che\u00admin de fer, de machines agri\u00adcoles, etc.,&nbsp;etc.<br>\n&nbsp;<br>\n[|<b>*  *  *  *<\/b>|]<br>\n<br>\n&nbsp;<br>\nMal\u00adgr\u00e9 l\u2019immensit\u00e9 des d\u00e9sastres mat\u00e9\u00adriels que la guerre a cau\u00ads\u00e9s \u00e0 la vieille Europe, les pertes mat\u00e9\u00adrielles ont une impor\u00adtance minime en com\u00adpa\u00adrai\u00adson des pertes en vies humaines et en vita\u00adli\u00adt\u00e9 des populations.<\/p>\n<p>Les 10 \u00e0 12 mil\u00adlions de morts qu\u2019on peut mettre, <i>\u00e0 peu pr\u00e8s<\/i>, au compte de la guerre, \u00e9taient des hommes dans la force de la vie&nbsp;; les mil\u00adlions d\u2019estropi\u00e9s, trop cruel\u00adle\u00adment frap\u00adp\u00e9s, pour col\u00adla\u00adbo\u00adrer encore d\u2019une fa\u00e7on s\u00e9rieuse \u00e0 la pro\u00adduc\u00adtion sociale, le sont \u00e9ga\u00adle\u00adment&nbsp;; de par ce fait seul, la soci\u00e9\u00adt\u00e9 humaine se trouve, apr\u00e8s la guerre en Europe, \u00e9cr\u00e9\u00adm\u00e9e de ses meilleures forces.<\/p>\n<p>Par\u00admi les popu\u00adla\u00adtions fati\u00adgu\u00e9es, des \u00e9pi\u00add\u00e9\u00admies d\u2019apr\u00e8s-guerre font des ravages for\u00admi\u00addables. Des dizaines de mil\u00adliers d\u2019individus, m\u00eame forts et jeunes, suc\u00adcombent sous ce qu\u2019on appelle de nos jours, par un terme quelque peu vague \u00ab&nbsp;la grippe&nbsp;\u00bb. Cepen\u00addant, on conseille s\u00e9rieu\u00adse\u00adment la vac\u00adci\u00adna\u00adtion contre cette grippe par un <i>s\u00e9rum anti-pes\u00adteux<\/i>, et il faut se deman\u00adder si des mil\u00adliers de cas de \u00ab&nbsp;grippe&nbsp;\u00bb qui se pr\u00e9\u00adsentent actuel\u00adle\u00adment, ne sont pas de la m\u00eame cat\u00e9\u00adgo\u00adrie que celles qu\u2019on appellent apr\u00e8s les guerres des si\u00e8cles ant\u00e9\u00adrieurs, des cas de teste tout&nbsp;court.<\/p>\n<p>En Europe cen\u00adtrale la mor\u00adta\u00adli\u00adt\u00e9 infan\u00adtile, notam\u00adment celle des nour\u00adris\u00adsons au-des\u00adsous d\u2019une ann\u00e9e, est effroyable, et la tuber\u00adcu\u00adlose y fait des ravages pro\u00adfonds. Un pro\u00adfes\u00adseur alle\u00admand a \u00e9mis la sup\u00adpo\u00adsi\u00adtion qu\u2019\u00e0 l\u2019\u00e9poque o\u00f9 la g\u00e9n\u00e9\u00adra\u00adtion n\u00e9e vers l\u2019\u00e9poque de la guerre, aura atteint l\u2019\u00e2ge des \u00e9tudes uni\u00adver\u00adsi\u00adtaires, les bancs du col\u00adl\u00e8ge seront vides en Allemagne.&nbsp;<\/p>\n<p>L\u2019Allemagne et l\u2019Autriche sont peut-\u00eatre les pays o\u00f9 les moyens mat\u00e9\u00adriels de la civi\u00adli\u00adsa\u00adtion ont le moins souf\u00adfert pen\u00addant la guerre&nbsp;: les mines, les usines, les habi\u00adta\u00adtions, la v\u00e9g\u00e9\u00adta\u00adtion y peuvent \u00eatre n\u00e9gli\u00adg\u00e9es, fati\u00adgu\u00e9es par quatre ann\u00e9es de pro\u00adduc\u00adtion exces\u00adsive sans les soins ad\u00e9\u00adquats n\u00e9ces\u00adsaires, mais, en appa\u00adrence, elles sont res\u00adt\u00e9es intactes.&nbsp;<\/p>\n<p>Par contre, au point de vue de la situa\u00adtion phy\u00adsique et morale des popu\u00adla\u00adtions, les pays vain\u00adcus de l\u2019Europe cen\u00adtrale sont cer\u00adtai\u00adne\u00adment par\u00admi les plus \u00e9prouv\u00e9s.&nbsp;<\/p>\n<p>D\u00e9j\u00e0 dans la deuxi\u00e8me ann\u00e9e de la guerre, un Congr\u00e8s d\u2019instituteurs de l\u2019Allemagne occi\u00adden\u00adtale se plai\u00adgnait de ce que les \u00e9co\u00adliers ne pou\u00advaient plus suivre les le\u00e7ons de fa\u00e7on nor\u00admale, \u00e0 cause de l\u2019\u00e9tat g\u00e9n\u00e9\u00adral d\u2019an\u00e9mie de toute la jeune g\u00e9n\u00e9ration.&nbsp;<\/p>\n<p>Or, on recons\u00adtruit les usines, les habi\u00adta\u00adtions, on rem\u00adplace les arbres frui\u00adtiers abat\u00adtus par les obus, par d\u2019autres arbres, et apr\u00e8s une dizaine d\u2019ann\u00e9es\u200a\u2014\u200asauf l\u2019exception des zones de feu\u200a\u2014\u200aune r\u00e9gion enti\u00e8re peut para\u00eetre com\u00adpl\u00e8\u00adte\u00adment renou\u00adve\u00adl\u00e9e et repr\u00e9\u00adsen\u00adter plus de puis\u00adsance pro\u00adduc\u00adtive et \u00e9co\u00adno\u00admique que jamais&nbsp;; mais on ne recons\u00adtruit pas de la m\u00eame fa\u00e7on une g\u00e9n\u00e9\u00adra\u00adtion humaine com\u00adpl\u00e8\u00adte\u00adment ab\u00ee\u00adm\u00e9e par ha guerre.&nbsp;<\/p>\n<p>On compte peut-\u00eatre sur l\u2019immigration, sur le nou\u00adveau sang des pays res\u00adt\u00e9s neutres dans la guerre&nbsp;; on compte sur les autres conti\u00adnents du&nbsp;globe&nbsp;?&nbsp;<\/p>\n<p>C\u2019est l\u00e0, en effet, un fac\u00adteur qui aura une influence sen\u00adsible en France, en Bel\u00adgique, dans les pays res\u00adt\u00e9s vain\u00adqueurs. Mais l\u2019Allemagne acca\u00adbl\u00e9e par des imp\u00f4ts plus pesants qu\u2019ailleurs, ayant per\u00addu l\u2019admiration sinon l\u2019estime du monde entier, atti\u00adre\u00adra moins d\u2019\u00e9l\u00e9ments nou\u00adveaux, \u00e9ner\u00adgiques et entre\u00adpre\u00adnants que d\u2019autres pays. Au point de vue \u00e9co\u00adno\u00admique, le dan\u00adger est pr\u00e9\u00adci\u00ads\u00e9\u00adment pour elle que les meilleurs \u00e9l\u00e9\u00adments ger\u00admains aillent colo\u00adni\u00adser l\u2019immense Rus\u00adsie et l\u2019Asie, et que la M\u00e8re Patrie retom\u00adbant au niveau de l\u2019Irlande de nos jours, soit bien\u00adt\u00f4t habi\u00adt\u00e9e par une popu\u00adla\u00adtion vieillie et ab\u00e2\u00adtar\u00addie, trop mal\u00adheu\u00adreuse pour hasar\u00adder le d\u00e9part \u00e0 l\u2019\u00e9tranger et sou\u00adte\u00adnue sou\u00advent par des parents \u00e9migr\u00e9s.&nbsp;<\/p>\n<p>Apr\u00e8s la guerre de Trente Ans, l\u2019Allemagne, d\u00e9chi\u00adr\u00e9e, a connu deux si\u00e8cles de d\u00e9pres\u00adsion g\u00e9n\u00e9\u00adrale qui l\u2019ont reje\u00adt\u00e9e \u00e0 l\u2019arri\u00e8re dans le concert nations, jusqu\u2019\u00e0 ce que, enfin r\u00e9ta\u00adblies, les popu\u00adla\u00adtions alle\u00admandes aient atteint, dans la deuxi\u00e8me moi\u00adti\u00e9 du <sc>xix<\/sc><sup>e<\/sup> si\u00e8cle seule\u00adment, le pre\u00admier rang par\u00admi les nations du&nbsp;monde.<\/p>\n<p>La guerre mon\u00addiale qui a pas\u00ads\u00e9 sur l\u2019Europe comme un effroyable cau\u00adche\u00admar, n\u2019a pas lais\u00ads\u00e9, dans la g\u00e9n\u00e9\u00adra\u00adtion humaine actuelle, et notam\u00adment dans la popu\u00adla\u00adtion alle\u00admande, des traces moins pro\u00adfondes, des ruines moins hideuses, que la guerre des reli\u00adgions de 1615\u200a\u2013\u200a1648. Et mal\u00adgr\u00e9 tous les soins de la science moderne et toute l\u2019aide inter\u00adna\u00adtio\u00adnale que les si\u00e8cles ant\u00e9\u00adrieurs n\u2019ont pas connu, plu\u00adsieurs dizaines d\u2019ann\u00e9es s\u2019\u00e9couleront avant que ces traces soient quelque peu effa\u00adc\u00e9es et que ces ruines soient \u00e0 peu pr\u00e8s relev\u00e9es.<br>\n&nbsp;<br>\n[\/\u200bChristian <sc>Cor\u00adn\u00e9\u00adlis\u00adsen<\/sc>.\/\u200b]<\/p>\n","protected":false},"excerpt":{"rendered":"<p>En tra\u00adver\u00adsant \u00e0 pr\u00e9\u00adsent les rues de Paris, on voit de tous c\u00f4t\u00e9s des \u00e9quipes d\u2019ouvriers occu\u00adp\u00e9s \u00e0 faire des r\u00e9pa\u00adra\u00adtions.&nbsp; Ce sont, avant tout, les points de croi\u00adse\u00adment des tram\u00adways et les voies aux entr\u00e9es en ville des che\u00admin de fer&nbsp;; ce sont les rues le plus ani\u00adm\u00e9es et o\u00f9 le pav\u00e9 a&nbsp;le&nbsp;[\u2026]<\/p>\n","protected":false},"author":1,"featured_media":0,"comment_status":"closed","ping_status":"closed","sticky":false,"template":"","format":"standard","meta":{"wp_typography_post_enhancements_disabled":false,"footnotes":""},"categories":[358],"tags":[],"ppma_author":[540],"class_list":["post-2983","post","type-post","status-publish","format-standard","hentry","category-les-temps-nouveaux-n8-15-fevrier-1920"],"authors":[{"term_id":540,"user_id":1,"is_guest":0,"slug":"admin_3gikpwyf","display_name":"Vincent Dubuc","avatar_url":"https:\/\/secure.gravatar.com\/avatar\/d015720652c25fd2ced191ade86430094e1f288a17483713e3b34d26dea52507?s=96&d=mm&r=g","author_category":"","user_url":"https:\/\/la-presse-anarchiste.net","last_name":"Dubuc","first_name":"Vincent","job_title":"","description":""}],"_links":{"self":[{"href":"https:\/\/la-presse-anarchiste.net\/index.php\/wp-json\/wp\/v2\/posts\/2983","targetHints":{"allow":["GET"]}}],"collection":[{"href":"https:\/\/la-presse-anarchiste.net\/index.php\/wp-json\/wp\/v2\/posts"}],"about":[{"href":"https:\/\/la-presse-anarchiste.net\/index.php\/wp-json\/wp\/v2\/types\/post"}],"author":[{"embeddable":true,"href":"https:\/\/la-presse-anarchiste.net\/index.php\/wp-json\/wp\/v2\/users\/1"}],"replies":[{"embeddable":true,"href":"https:\/\/la-presse-anarchiste.net\/index.php\/wp-json\/wp\/v2\/comments?post=2983"}],"version-history":[{"count":0,"href":"https:\/\/la-presse-anarchiste.net\/index.php\/wp-json\/wp\/v2\/posts\/2983\/revisions"}],"wp:attachment":[{"href":"https:\/\/la-presse-anarchiste.net\/index.php\/wp-json\/wp\/v2\/media?parent=2983"}],"wp:term":[{"taxonomy":"category","embeddable":true,"href":"https:\/\/la-presse-anarchiste.net\/index.php\/wp-json\/wp\/v2\/categories?post=2983"},{"taxonomy":"post_tag","embeddable":true,"href":"https:\/\/la-presse-anarchiste.net\/index.php\/wp-json\/wp\/v2\/tags?post=2983"},{"taxonomy":"author","embeddable":true,"href":"https:\/\/la-presse-anarchiste.net\/index.php\/wp-json\/wp\/v2\/ppma_author?post=2983"}],"curies":[{"name":"wp","href":"https:\/\/api.w.org\/{rel}","templated":true}]}}