{"id":2989,"date":"2011-08-14T01:14:27","date_gmt":"2011-08-14T01:14:27","guid":{"rendered":"https:\/\/la-presse-anarchiste.net\/index.php\/2011\/08\/14\/les-artistes-independants\/"},"modified":"2011-08-14T01:14:27","modified_gmt":"2011-08-14T01:14:27","slug":"les-artistes-independants","status":"publish","type":"post","link":"https:\/\/la-presse-anarchiste.net\/index.php\/2011\/08\/14\/les-artistes-independants\/","title":{"rendered":"Les Artistes ind\u00e9pendants"},"content":{"rendered":"<div class=\"pdfprnt-buttons pdfprnt-buttons-post pdfprnt-top-right\"><a href=\"https:\/\/la-presse-anarchiste.net\/index.php\/wp-json\/wp\/v2\/posts\/2989?print=pdf\" class=\"pdfprnt-button pdfprnt-button-pdf\" target=\"_blank\"><img decoding=\"async\" src=\"https:\/\/la-presse-anarchiste.net\/wp-content\/plugins\/pdf-print\/images\/pdf.png\" alt=\"image_pdf\" title=\"Afficher le PDF\"><\/a><a href=\"https:\/\/la-presse-anarchiste.net\/index.php\/wp-json\/wp\/v2\/posts\/2989?print=print\" class=\"pdfprnt-button pdfprnt-button-print\" target=\"_blank\"><img decoding=\"async\" src=\"https:\/\/la-presse-anarchiste.net\/wp-content\/plugins\/pdf-print\/images\/print.png\" alt=\"image_print\" title=\"Contenu imprim\u00e9\"><\/a><\/div><p>Il fau\u00addra bien quelque jour \u00e9crire l\u2019histoire de cette Asso\u00adcia\u00adtion pour la liber\u00adt\u00e9 de peindre. Quand les concepts de l\u2019\u00e9galit\u00e9 \u00e9co\u00adno\u00admique auront triom\u00adph\u00e9 des formes caduques de la Soci\u00e9\u00adt\u00e9 orga\u00adni\u00ads\u00e9e, on s\u2019apercevra du r\u00f4le impor\u00adtant jou\u00e9 par les \u00ab&nbsp;Ind\u00e9\u00adpen\u00addants&nbsp;\u00bb, et l\u2019on dis\u00adcer\u00adne\u00adra mieux les secr\u00e8tes affi\u00adni\u00adt\u00e9s qui les relient \u00e0 l\u2019universelle ten\u00addance libertaire.<\/p>\n<p>Leur 31<sup>e<\/sup> Salon est une \u00e9cla\u00adtante jus\u00adti\u00adfi\u00adca\u00adtion de la devise r\u00e9vo\u00adlu\u00adtion\u00adnaire des ini\u00adtia\u00adteurs&nbsp;: \u00ab&nbsp;Pas de jury, pas de r\u00e9com\u00adpense.&nbsp;\u00bb On y peut aller comme \u00e0 la d\u00e9cou\u00adverte. Mais il faut aimer la pein\u00adture. Alors, on \u00e9prouve une sorte d\u2019all\u00e9gresse, il se d\u00e9gage une impres\u00adsion tr\u00e8s saine de cet effort col\u00adlec\u00adtif fait de tant d\u2019efforts per\u00adson\u00adnels, sou\u00advent sin\u00adc\u00e8res, par\u00adfois r\u00e9a\u00adli\u00ads\u00e9s, presque tou\u00adjours int\u00e9ressants.<\/p>\n<p>Le cadre de notre Revue ne per\u00admet pas un compte ren\u00addu d\u00e9taill\u00e9. Les artistes que nous aimons sont bel\u00adle\u00adment repr\u00e9\u00adsen\u00adt\u00e9s. En citant seule\u00adment leurs noms, on s\u2019exposerait au reproche d\u2019injustice, car, \u00e0 c\u00f4t\u00e9 d\u2019eux, le nombre est grand de ceux qu\u2019il fau\u00addrait, sinon louer, du moins encourager.<\/p>\n<p>L\u2019exposition est ouverte jusqu\u2019au 20 f\u00e9vrier. On y passe des heures r\u00e9confortantes.<br>\n&nbsp;<br>\n[\/\u200bAuguste <sc>Ber\u00adtrand<\/sc>.\/\u200b]<\/p>\n","protected":false},"excerpt":{"rendered":"<p>Il fau\u00addra bien quelque jour \u00e9crire l\u2019histoire de cette Asso\u00adcia\u00adtion pour la liber\u00adt\u00e9 de peindre. Quand les concepts de l\u2019\u00e9galit\u00e9 \u00e9co\u00adno\u00admique auront triom\u00adph\u00e9 des formes caduques de la Soci\u00e9\u00adt\u00e9 orga\u00adni\u00ads\u00e9e, on s\u2019apercevra du r\u00f4le impor\u00adtant jou\u00e9 par les \u00ab&nbsp;Ind\u00e9\u00adpen\u00addants&nbsp;\u00bb, et l\u2019on dis\u00adcer\u00adne\u00adra mieux les secr\u00e8tes affi\u00adni\u00adt\u00e9s qui les relient \u00e0 l\u2019universelle ten\u00addance liber\u00adtaire. Leur 31<sup>e<\/sup> [\u2026]<\/p>\n","protected":false},"author":1,"featured_media":0,"comment_status":"closed","ping_status":"closed","sticky":false,"template":"","format":"standard","meta":{"wp_typography_post_enhancements_disabled":false,"footnotes":""},"categories":[358],"tags":[],"ppma_author":[540],"class_list":["post-2989","post","type-post","status-publish","format-standard","hentry","category-les-temps-nouveaux-n8-15-fevrier-1920"],"authors":[{"term_id":540,"user_id":1,"is_guest":0,"slug":"admin_3gikpwyf","display_name":"Vincent Dubuc","avatar_url":"https:\/\/secure.gravatar.com\/avatar\/d015720652c25fd2ced191ade86430094e1f288a17483713e3b34d26dea52507?s=96&d=mm&r=g","author_category":"","user_url":"https:\/\/la-presse-anarchiste.net","last_name":"Dubuc","first_name":"Vincent","job_title":"","description":""}],"_links":{"self":[{"href":"https:\/\/la-presse-anarchiste.net\/index.php\/wp-json\/wp\/v2\/posts\/2989","targetHints":{"allow":["GET"]}}],"collection":[{"href":"https:\/\/la-presse-anarchiste.net\/index.php\/wp-json\/wp\/v2\/posts"}],"about":[{"href":"https:\/\/la-presse-anarchiste.net\/index.php\/wp-json\/wp\/v2\/types\/post"}],"author":[{"embeddable":true,"href":"https:\/\/la-presse-anarchiste.net\/index.php\/wp-json\/wp\/v2\/users\/1"}],"replies":[{"embeddable":true,"href":"https:\/\/la-presse-anarchiste.net\/index.php\/wp-json\/wp\/v2\/comments?post=2989"}],"version-history":[{"count":0,"href":"https:\/\/la-presse-anarchiste.net\/index.php\/wp-json\/wp\/v2\/posts\/2989\/revisions"}],"wp:attachment":[{"href":"https:\/\/la-presse-anarchiste.net\/index.php\/wp-json\/wp\/v2\/media?parent=2989"}],"wp:term":[{"taxonomy":"category","embeddable":true,"href":"https:\/\/la-presse-anarchiste.net\/index.php\/wp-json\/wp\/v2\/categories?post=2989"},{"taxonomy":"post_tag","embeddable":true,"href":"https:\/\/la-presse-anarchiste.net\/index.php\/wp-json\/wp\/v2\/tags?post=2989"},{"taxonomy":"author","embeddable":true,"href":"https:\/\/la-presse-anarchiste.net\/index.php\/wp-json\/wp\/v2\/ppma_author?post=2989"}],"curies":[{"name":"wp","href":"https:\/\/api.w.org\/{rel}","templated":true}]}}