{"id":3003,"date":"2011-08-15T10:41:11","date_gmt":"2011-08-15T10:41:11","guid":{"rendered":"https:\/\/la-presse-anarchiste.net\/index.php\/2011\/08\/15\/lettre-despagne\/"},"modified":"2011-08-15T10:41:11","modified_gmt":"2011-08-15T10:41:11","slug":"lettre-despagne","status":"publish","type":"post","link":"https:\/\/la-presse-anarchiste.net\/index.php\/2011\/08\/15\/lettre-despagne\/","title":{"rendered":"Lettre d\u2019Espagne"},"content":{"rendered":"<div class=\"pdfprnt-buttons pdfprnt-buttons-post pdfprnt-top-right\"><a href=\"https:\/\/la-presse-anarchiste.net\/index.php\/wp-json\/wp\/v2\/posts\/3003?print=pdf\" class=\"pdfprnt-button pdfprnt-button-pdf\" target=\"_blank\"><img decoding=\"async\" src=\"https:\/\/la-presse-anarchiste.net\/wp-content\/plugins\/pdf-print\/images\/pdf.png\" alt=\"image_pdf\" title=\"Afficher le PDF\"><\/a><a href=\"https:\/\/la-presse-anarchiste.net\/index.php\/wp-json\/wp\/v2\/posts\/3003?print=print\" class=\"pdfprnt-button pdfprnt-button-print\" target=\"_blank\"><img decoding=\"async\" src=\"https:\/\/la-presse-anarchiste.net\/wp-content\/plugins\/pdf-print\/images\/print.png\" alt=\"image_print\" title=\"Contenu imprim\u00e9\"><\/a><\/div><p>[[Cette lettre fut adres\u00ads\u00e9e fin f\u00e9vrier.]]<\/p>\n<p>J\u2019h\u00e9\u00adsite devant l\u2019ex\u00adtra\u00ador\u00addi\u00adnaire ampleur du sujet. Il est dif\u00adfi\u00adcile de par\u00adler de la pr\u00e9\u00adsente situa\u00adtion de l\u2019Es\u00adpagne sans \u00eatre for\u00adc\u00e9 de se voir entra\u00ee\u00adn\u00e9 \u00e0 suivre les innom\u00adbrables mailles de la cha\u00eene de l\u2019his\u00adtoire de ce pays, \u00e9trier de l\u2019Europe\u2026<\/p>\n<p>Il fau\u00addrait pour cela plus de temps, plus d\u2019es\u00adpace que je n\u2019en dis\u00adpose, et il n\u2019est pas dans mon inten\u00adtion de las\u00adser le lec\u00adteur, plus ou moins au cou\u00adrant des infor\u00adma\u00adtions offi\u00adcielles ser\u00advies par la presse. Aus\u00adsi ne m\u2019at\u00adtar\u00adde\u00adrai-je pas \u00e0 com\u00adpo\u00adser une \u00e9tude docu\u00admen\u00adt\u00e9e, que je r\u00e9serve pour une autre fois, me bor\u00adnant aujourd\u2019\u00adhui \u00e0 glo\u00adser le fait du jour&nbsp;: le dis\u00adcours de San\u00adchez Guerra.<\/p>\n<p>L\u2019on peut dire, sans crainte d\u2019exa\u00adg\u00e9\u00adrer, que l\u2019at\u00adten\u00adtion de l\u2019o\u00adpi\u00adnion publique tout enti\u00e8re hale\u00adtait, \u00e9tait comme sus\u00adpen\u00addue, atten\u00addait de San\u00adchez Guer\u00adra je ne sais quel mes\u00adsia\u00adnique mot d\u2019ordre pour agir, pour faire\u2026 quoi&nbsp;?<\/p>\n<p>R\u00e9pu\u00adbli\u00adcains, radi\u00adcaux-socia\u00adlistes, conser\u00adva\u00adteurs consti\u00adtu\u00adtion\u00adnels, \u00e9tats-majors sans troupes et sans cr\u00e9\u00addit, tous, dans la m\u00eame s\u00e9ance, atten\u00addaient que par\u00adl\u00e2t l\u2019homme chez qui s\u2019in\u00adcarne l\u2019op\u00adpo\u00adsi\u00adtion sys\u00adt\u00e9\u00adma\u00adtique \u00e0 la dictature.<\/p>\n<p>San\u00adchez Guer\u00adra a par\u00adl\u00e9 et, comme dans la fable, a accou\u00adch\u00e9 d\u2019une sou\u00adris\u2026 On atten\u00addait de lui une d\u00e9cla\u00adra\u00adtion de foi r\u00e9pu\u00adbli\u00adcaine, et il n\u2019a fait que r\u00e9p\u00e9\u00adter ce que maintes fois il a d\u00e9j\u00e0 mani\u00adfes\u00adt\u00e9&nbsp;: expri\u00admer son atta\u00adche\u00adment \u00e0 la monar\u00adchie, mais en m\u00eame temps son d\u00e9go\u00fbt pour l\u2019ab\u00adjecte per\u00adsonne d\u2019Al\u00adphonse XIII, roi f\u00e9lon, tra\u00eetre au pays, \u00e0 la Consti\u00adtu\u00adtion et \u00e0 ses propres ministres. De fait, les d\u00e9cla\u00adra\u00adtions de San\u00adchez Guer\u00adra, faites \u00e0 la face du pays, sont d\u2019une trans\u00adcen\u00addance grave et mar\u00adque\u00adront la. rup\u00adture d\u00e9fi\u00adni\u00adtive du pacte entre le roi et la Nation, du roi aban\u00addon\u00adn\u00e9 publi\u00adque\u00adment par ses hommes les plus attach\u00e9s.<\/p>\n<p>San\u00adchez Guer\u00adra a rati\u00adfi\u00e9 son m\u00e9pris pour la royale famille, seule res\u00adpon\u00adsable d\u2019une situa\u00adtion qui n\u2019a pas de solu\u00adtion pacifique.<\/p>\n<p>Alors il s\u2019en remet au pays, seul juge de se pro\u00adnon\u00adcer dans cette conjonc\u00adture&nbsp;: C\u2019est au pays de choi\u00adsir entre la r\u00e9vi\u00adsion de sa Consti\u00adtu\u00adtion on d\u2019ins\u00adtau\u00adrer une r\u00e9publique.<\/p>\n<p>San\u00adchez Guer\u00adra\u200a\u2014\u200aet avec lui tous les poli\u00adti\u00adciens\u200a\u2014\u200aeut peur de l\u2019in\u00adcon\u00adnu, qui n\u2019est autre que la r\u00e9vo\u00adlu\u00adtion. Il aurait suf\u00adfi d\u2019un mot de lui\u200a\u2014\u200aun seul\u200a\u2014\u200apour que la d\u00e9ch\u00e9ance de la monar\u00adchie f\u00fbt pro\u00adcla\u00adm\u00e9e. Il aurait suf\u00adfi d\u2019un geste des chefs des par\u00adtis se trou\u00advant dans son entou\u00adrage pour que la situa\u00adtion poli\u00adtique chan\u00adge\u00e2t. Ils ont eu&nbsp;peur.<\/p>\n<p>Il aurait suf\u00adfi \u00e0 l\u2019or\u00adga\u00adni\u00adsa\u00adtion syn\u00addi\u00adca\u00adliste r\u00e9for\u00admiste, ou bien au par\u00adti socia\u00adliste, de lan\u00adcer le mot d\u00e9fi\u00adni\u00adtif, pour que les masses se jetassent dans la rue&nbsp;: mais ils ne veulent pas \u00e7a. Il aurait suf\u00adfi que nous fus\u00adsions orga\u00adni\u00ads\u00e9s pour que la r\u00e9vo\u00adlu\u00adtion sociale f\u00fbt un fait dans l\u2019Es\u00adpagne enti\u00e8re\u2026<\/p>\n<p>On craint d\u2019a\u00adbor\u00adder la seule solu\u00adtion qui peut en finir avec une situa\u00adtion insou\u00adte\u00adnable, mais on n\u2019ose pas. Cette solu\u00adtion ne peut venir que des anar\u00adchistes soli\u00adde\u00adment orga\u00adni\u00ads\u00e9s, secouant l\u2019a\u00adpa\u00adthie des masses par le moyen des Syn\u00addi\u00adcats ou la Conf\u00e9\u00add\u00e9\u00adra\u00adtion Natio\u00adnale du Tra\u00advail. Et je fais res\u00adpon\u00adsables les anar\u00adchistes, par leur insou\u00adciance, par leur oubli des res\u00adpon\u00adsa\u00adbi\u00adli\u00adt\u00e9s que nous devons prendre en mains, si \u00e0 un gou\u00adver\u00adne\u00adment B\u00e9ren\u00adguer suc\u00adc\u00e8de une dic\u00adta\u00adture \u00e9co\u00adno\u00admique impo\u00ads\u00e9e par la Cata\u00adlogne plou\u00adto\u00adcra\u00adtique, en la per\u00adsonne de Cam\u00adbo et du comte de la Mor\u00adte\u00adra, fils du sinistre Mau\u00adra, assas\u00adsin de Fer\u00adrer, les\u00adquels guettent l\u2019oc\u00adca\u00adsion de se jeter sur une proie facile et offerte \u00e0 toutes les ambitions.<\/p>\n<p>[|<b>\u2015 O \u2015<\/b>|]<br>\n<\/p>\n<p>Il y a un mois que Pri\u00admo est par\u00adti et d\u00e9j\u00e0 les esprits se sont refroi\u00addis. Le moment pro\u00adpice est pas\u00ads\u00e9. La cen\u00adsure serre et com\u00adprime la liber\u00adt\u00e9 de pen\u00ads\u00e9e plus for\u00adte\u00adment que jamais. Les d\u00e9por\u00adta\u00adtions. Continuent.<\/p>\n<p>Pedro Val\u00adli\u00adna, le cama\u00adrade bien connu, vieillard que la Dic\u00adta\u00adture obli\u00adgea \u00e0 quit\u00adter S\u00e9ville, o\u00f9 il exer\u00ad\u00e7ait sa pro\u00adfes\u00adsion de m\u00e9de\u00adcin, pour se fixer \u00e0 Sirue\u00adla, un trou per\u00addu de l\u2019Es\u00adtra\u00adma\u00addu\u00adra, apr\u00e8s six ann\u00e9es de cap\u00adti\u00advi\u00adt\u00e9, croyait arri\u00adv\u00e9 le moment de rede\u00adve\u00adnir libre de ses mou\u00adve\u00adments. Il n\u2019en est rien. Par une lettre que je viens de rece\u00advoir de sa com\u00adpagne, j\u2019ap\u00adprends que B\u00e9ren\u00adguer l\u2019a des\u00adti\u00adn\u00e9 \u00e0 un nou\u00adveau domi\u00adcile for\u00adc\u00e9&nbsp;: on lui a signi\u00adfi\u00e9 d\u2019a\u00advoir \u00e0 fixer sa. r\u00e9si\u00addence \u00e0 Estel\u00adla (Navarre), nom qui rap\u00adpelle celui qui sert de titre au mar\u00adqui\u00adsat de&nbsp;Primo.<\/p>\n<p>Il faut que l\u2019o\u00adpi\u00adnion fran\u00ad\u00e7aise\u200a\u2014\u200aet mon\u00addiale\u200a\u2014\u200as\u2019en \u00e9meuve et pro\u00adteste contre cette iniquit\u00e9.<\/p>\n<p>B\u00e9ren\u00adguer a ren\u00addu la liber\u00adt\u00e9 \u00e0 tous les mili\u00adtaires s\u00e9di\u00adtieux. Nos cama\u00adrades condam\u00adn\u00e9s pour l\u2019af\u00adfaire de V\u00e9ra et de Sara\u00adgosse, et tant d\u2019autres sont tou\u00adjours en prison.<\/p>\n<p>Pri\u00admo est par\u00adti. Le r\u00e9gime se raf\u00adfer\u00admit de plus en plus. Anar\u00adchistes, syn\u00addi\u00adca\u00adlistes, r\u00e9vo\u00adlu\u00adtion\u00adnaires, qu\u2019at\u00adtend-on pour se consti\u00adtuer en un bloc et pr\u00e9\u00adci\u00adpi\u00adter la r\u00e9volution&nbsp;?<\/p>\n<p>[\/A.G.\/]<\/p>\n","protected":false},"excerpt":{"rendered":"<p>[[Cette lettre fut adres\u00ads\u00e9e fin f\u00e9vrier.]] J\u2019h\u00e9\u00adsite devant l\u2019ex\u00adtra\u00ador\u00addi\u00adnaire ampleur du sujet. Il est dif\u00adfi\u00adcile de par\u00adler de la pr\u00e9\u00adsente situa\u00adtion de l\u2019Es\u00adpagne sans \u00eatre for\u00adc\u00e9 de se voir entra\u00ee\u00adn\u00e9 \u00e0 suivre les innom\u00adbrables mailles de la cha\u00eene de l\u2019his\u00adtoire de ce pays, \u00e9trier de l\u2019Europe\u2026 Il fau\u00addrait pour cela plus de temps, plus d\u2019es\u00adpace [\u2026]<\/p>\n","protected":false},"author":1,"featured_media":0,"comment_status":"closed","ping_status":"closed","sticky":false,"template":"","format":"standard","meta":{"wp_typography_post_enhancements_disabled":false,"footnotes":""},"categories":[359],"tags":[],"ppma_author":[540],"class_list":["post-3003","post","type-post","status-publish","format-standard","hentry","category-la-revue-anarchiste-na5-avril-1930"],"authors":[{"term_id":540,"user_id":1,"is_guest":0,"slug":"admin_3gikpwyf","display_name":"Vincent Dubuc","avatar_url":"https:\/\/secure.gravatar.com\/avatar\/d015720652c25fd2ced191ade86430094e1f288a17483713e3b34d26dea52507?s=96&d=mm&r=g","author_category":"","user_url":"https:\/\/la-presse-anarchiste.net","last_name":"Dubuc","first_name":"Vincent","job_title":"","description":""}],"_links":{"self":[{"href":"https:\/\/la-presse-anarchiste.net\/index.php\/wp-json\/wp\/v2\/posts\/3003","targetHints":{"allow":["GET"]}}],"collection":[{"href":"https:\/\/la-presse-anarchiste.net\/index.php\/wp-json\/wp\/v2\/posts"}],"about":[{"href":"https:\/\/la-presse-anarchiste.net\/index.php\/wp-json\/wp\/v2\/types\/post"}],"author":[{"embeddable":true,"href":"https:\/\/la-presse-anarchiste.net\/index.php\/wp-json\/wp\/v2\/users\/1"}],"replies":[{"embeddable":true,"href":"https:\/\/la-presse-anarchiste.net\/index.php\/wp-json\/wp\/v2\/comments?post=3003"}],"version-history":[{"count":0,"href":"https:\/\/la-presse-anarchiste.net\/index.php\/wp-json\/wp\/v2\/posts\/3003\/revisions"}],"wp:attachment":[{"href":"https:\/\/la-presse-anarchiste.net\/index.php\/wp-json\/wp\/v2\/media?parent=3003"}],"wp:term":[{"taxonomy":"category","embeddable":true,"href":"https:\/\/la-presse-anarchiste.net\/index.php\/wp-json\/wp\/v2\/categories?post=3003"},{"taxonomy":"post_tag","embeddable":true,"href":"https:\/\/la-presse-anarchiste.net\/index.php\/wp-json\/wp\/v2\/tags?post=3003"},{"taxonomy":"author","embeddable":true,"href":"https:\/\/la-presse-anarchiste.net\/index.php\/wp-json\/wp\/v2\/ppma_author?post=3003"}],"curies":[{"name":"wp","href":"https:\/\/api.w.org\/{rel}","templated":true}]}}