{"id":3010,"date":"2011-09-02T16:23:12","date_gmt":"2011-09-02T16:23:12","guid":{"rendered":"https:\/\/la-presse-anarchiste.net\/index.php\/2011\/09\/02\/la-notion-de-la-reciprocite\/"},"modified":"2011-09-02T16:23:12","modified_gmt":"2011-09-02T16:23:12","slug":"la-notion-de-la-reciprocite","status":"publish","type":"post","link":"https:\/\/la-presse-anarchiste.net\/index.php\/2011\/09\/02\/la-notion-de-la-reciprocite\/","title":{"rendered":"La notion de la R\u00e9ciprocit\u00e9"},"content":{"rendered":"<div class=\"pdfprnt-buttons pdfprnt-buttons-post pdfprnt-top-right\"><a href=\"https:\/\/la-presse-anarchiste.net\/index.php\/wp-json\/wp\/v2\/posts\/3010?print=pdf\" class=\"pdfprnt-button pdfprnt-button-pdf\" target=\"_blank\"><img decoding=\"async\" src=\"https:\/\/la-presse-anarchiste.net\/wp-content\/plugins\/pdf-print\/images\/pdf.png\" alt=\"image_pdf\" title=\"Afficher le PDF\"><\/a><a href=\"https:\/\/la-presse-anarchiste.net\/index.php\/wp-json\/wp\/v2\/posts\/3010?print=print\" class=\"pdfprnt-button pdfprnt-button-print\" target=\"_blank\"><img decoding=\"async\" src=\"https:\/\/la-presse-anarchiste.net\/wp-content\/plugins\/pdf-print\/images\/print.png\" alt=\"image_print\" title=\"Contenu imprim\u00e9\"><\/a><\/div><p>[\/\u200bLe mal qui nous d\u00e9vore provient<br>\n<br>de ce que la loi de la r\u00e9ci\u00adpro\u00adci\u00adt\u00e9&nbsp;est<br>\n<br>m\u00e9con\u00adnue, viol\u00e9e.&nbsp;<\/p>\n<p>(Prou\u00addhon&nbsp;: <i>Contra\u00addic\u00adtions \u00e9co\u00adno\u00admiques<\/i>.)\/\u200b]<br>\n<\/p>\n<p>Bon nombre d\u2019in\u00addi\u00advi\u00addua\u00adlistes anar\u00adchistes font sou\u00advent allu\u00adsion \u00e0 la notion de la \u00ab&nbsp;r\u00e9ciprocit\u00e9&nbsp;\u00bb.<\/p>\n<p>Cer\u00adtains affectent d\u2019en sou\u00adrire. Cela n\u2019emp\u00eache pas que, hors la r\u00e9ci\u00adpro\u00adci\u00adt\u00e9, il n\u2019existe plus qu\u2019i\u00adni\u00adqui\u00adt\u00e9 et exploitation.<\/p>\n<p>Ridi\u00adcu\u00adli\u00adser un prin\u00adcipe, un concept ne signi\u00adfie rien, d\u2019ailleurs. Ou plu\u00adt\u00f4t, cela veut dire que se sen\u00adtant inca\u00adpable d\u2019en faire un exa\u00admen appro\u00adfon\u00addi, on trouve plus plai\u00adsant d\u2019\u00e9\u00adlu\u00adder l\u2019\u00e9\u00adtude de ce qui vous est pro\u00adpo\u00ads\u00e9 par une bou\u00adtade ou un bon&nbsp;mot.<\/p>\n<p>Que contient, au fond, la notion de r\u00e9ci\u00adpro\u00adci\u00adt\u00e9&nbsp;?\u2026 Ceci, c\u2019est qu\u2019au\u00adcun indi\u00advi\u00addu ou milieu ne se sent quitte \u00e0 l\u2019\u00e9\u00adgard d\u2019au\u00adtrui\u200a\u2014\u200aindi\u00advi\u00addu ou milieu\u200a\u2014\u200as\u2019il n\u2019a, en \u00e9change d\u2019une consom\u00adma\u00adtion don\u00adn\u00e9e, four\u00adnie, appor\u00adt\u00e9e ou pro\u00adcu\u00adr\u00e9e un pro\u00adduit \u00e9qui\u00advalent. Ou, si l\u2019on veut, la r\u00e9ci\u00adpro\u00adci\u00adt\u00e9 est ce sen\u00adti\u00adment qui veut que dans les rap\u00adports entre indi\u00advi\u00addus et milieux, ce qu\u2019on re\u00e7oit soit <i>\u00e9qui\u00advalent<\/i> \u00e0 ce que l\u2019on&nbsp;donne.<\/p>\n<p>Lors\u00adqu\u2019on \u00e9prouve le sen\u00adti\u00adment que ce qui a \u00e9t\u00e9 re\u00e7u n\u2019\u00e9\u00adqui\u00advaut pas \u00e0 ce qui a \u00e9t\u00e9 don\u00adn\u00e9, lorsque la consom\u00adma\u00adtion mise \u00e0 la dis\u00adpo\u00adsi\u00adtion du pro\u00adduc\u00adteur n\u2019\u00e9\u00adqui\u00advaut pas \u00e0 l\u2019ef\u00adfort fait par celui-ci, il y a exploi\u00adta\u00adtion cer\u00adtaine. L\u2019ex\u00adploi\u00adta\u00adtion consiste en effet, en ce que le ser\u00advice ren\u00addu, le pro\u00adduit four\u00adni n\u2019est pas \u00e9chan\u00adg\u00e9 contre quelque chose d\u2019\u00e9quivalent.<\/p>\n<p>Nous main\u00adte\u00adnons qu\u2019un indi\u00advi\u00addua\u00adliste \u00ab&nbsp;pour de vrai&nbsp;\u00bb ne sau\u00adrait accep\u00adter de rece\u00advoir plus ou moins qu\u2019il offre ou donne, toutes r\u00e9serves \u00e9tant faites sur la capa\u00adci\u00adt\u00e9 de pro\u00adduc\u00adtion ou de consom\u00adma\u00adtion individuelle.<\/p>\n<p>Pour les indi\u00advi\u00addua\u00adlistes m\u00e9ca\u00adnistes que nous sommes, \u00e9qui\u00adva\u00adlence ne peut vou\u00adloir dire <i>ana\u00adlo\u00adgie<\/i> de nature. Un pro\u00adduit manuel peut s\u2019\u00e9\u00adqui\u00adva\u00adloir par un pro\u00adduit intel\u00adlec\u00adtuel. Un effort manuel ou intel\u00adlec\u00adtuel peut s\u2019\u00e9\u00adqui\u00adva\u00adloir par des jeux ou de l\u2019a\u00admi\u00adti\u00e9 affec\u00adtueuse. C\u2019est aux pro\u00adduc\u00adteurs-consom\u00adma\u00adteurs, indi\u00advi\u00addus ou asso\u00adcia\u00adtions, de d\u00e9ter\u00admi\u00adner les objets d\u2019\u00e9\u00adchange n\u00e9ces\u00adsaires pour qu\u2019il n\u2019y ait ni exploi\u00adta\u00adtion, ni duperie.<\/p>\n<p>Tout ce que peut four\u00adnir ou pro\u00adcu\u00adrer le fonc\u00adtion\u00adne\u00adment de l\u2019or\u00adga\u00adnisme humain\u200a\u2014\u200aque ce soit au point de vue \u00e9co\u00adno\u00admique, intel\u00adlec\u00adtuel, \u00e9thique, sexuel, r\u00e9cr\u00e9a\u00adtif ou autre\u200a\u2014\u200apeut \u00eatre objet de r\u00e9ci\u00adpro\u00adci\u00adt\u00e9. Entre m\u00e9ca\u00adnistes, cela ne se dis\u00adcute m\u00eame&nbsp;pas.<\/p>\n<p>Au point de vue anar\u00adchiste, la r\u00e9ci\u00adpro\u00adci\u00adt\u00e9 ne se con\u00e7oit que <i>volon\u00adtaire<\/i>. Elle est l\u2019ob\u00adjet d\u2019ac\u00adcords qui ignorent l\u2019in\u00adter\u00adven\u00adtion \u00e9ta\u00adtiste ou gou\u00adver\u00adne\u00admen\u00adtale. Elle ne vaut que pour ceux qui veulent la pra\u00adti\u00adquer, mais per\u00adsonne n\u2019a \u00e0 se r\u00e9cla\u00admer de l\u2019exer\u00adcice de la r\u00e9ci\u00adpro\u00adci\u00adt\u00e9 qui ne la pra\u00adtique pas \u00e0 l\u2019\u00e9\u00adgard de l\u2019in\u00addi\u00advi\u00addu ou du milieu auquel il s\u2019adresse.<\/p>\n<p>Donc, pas de r\u00e9ci\u00adpro\u00adci\u00adt\u00e9 impo\u00ads\u00e9e, obli\u00adga\u00adtoire, archiste. De la r\u00e9ci\u00adpro\u00adci\u00adt\u00e9 dis\u00adcu\u00adt\u00e9e, accep\u00adt\u00e9e, d\u00e9fi\u00adnie, d\u00e9limit\u00e9e.<\/p>\n<p>Dans ses rela\u00adtions avec celui\u200a\u2014\u200aindi\u00advi\u00addu ou milieu\u200a\u2014\u200aqui refuse de baser ses rap\u00adports avec lui sous le signe de la r\u00e9ci\u00adpro\u00adci\u00adt\u00e9, l\u2019in\u00addi\u00advi\u00addua\u00adliste anar\u00adchiste ne sau\u00adrait se sou\u00adcier s\u2019il consomme plus qu\u2019il ne pro\u00adduit ou re\u00e7oit plus qu\u2019il ne donne. Et c\u2019est justice.<\/p>\n<p>[\/\u200bE. <sc>Armand<\/sc>\/\u200b]<\/p>\n","protected":false},"excerpt":{"rendered":"<p>[\/\u200b\u200bLe mal qui nous d\u00e9vore pro\u00advient de ce que la loi de la r\u00e9ci\u00adpro\u00adci\u00adt\u00e9&nbsp;est m\u00e9con\u00adnue, vio\u00adl\u00e9e.&nbsp; (Prou\u00addhon&nbsp;: Contra\u00addic\u00adtions \u00e9co\u00adno\u00admiques.)\/\u200b] Bon nombre d\u2019in\u00addi\u00advi\u00addua\u00adlistes anar\u00adchistes font sou\u00advent allu\u00adsion \u00e0 la notion de la \u00ab&nbsp;r\u00e9ci\u00adpro\u00adci\u00adt\u00e9&nbsp;\u00bb. Cer\u00adtains affectent d\u2019en sou\u00adrire. Cela n\u2019emp\u00eache pas que, hors la r\u00e9ci\u00adpro\u00adci\u00adt\u00e9, il n\u2019existe plus qu\u2019i\u00adni\u00adqui\u00adt\u00e9 et exploi\u00adta\u00adtion. Ridi\u00adcu\u00adli\u00adser un prin\u00adcipe, un concept ne&nbsp;[\u2026]<\/p>\n","protected":false},"author":1,"featured_media":0,"comment_status":"closed","ping_status":"closed","sticky":false,"template":"","format":"standard","meta":{"wp_typography_post_enhancements_disabled":false,"footnotes":""},"categories":[360],"tags":[],"ppma_author":[540],"class_list":["post-3010","post","type-post","status-publish","format-standard","hentry","category-la-revue-anarchiste-na6-mai-1930"],"authors":[{"term_id":540,"user_id":1,"is_guest":0,"slug":"admin_3gikpwyf","display_name":"Vincent Dubuc","avatar_url":"https:\/\/secure.gravatar.com\/avatar\/d015720652c25fd2ced191ade86430094e1f288a17483713e3b34d26dea52507?s=96&d=mm&r=g","author_category":"","user_url":"https:\/\/la-presse-anarchiste.net","last_name":"Dubuc","first_name":"Vincent","job_title":"","description":""}],"_links":{"self":[{"href":"https:\/\/la-presse-anarchiste.net\/index.php\/wp-json\/wp\/v2\/posts\/3010","targetHints":{"allow":["GET"]}}],"collection":[{"href":"https:\/\/la-presse-anarchiste.net\/index.php\/wp-json\/wp\/v2\/posts"}],"about":[{"href":"https:\/\/la-presse-anarchiste.net\/index.php\/wp-json\/wp\/v2\/types\/post"}],"author":[{"embeddable":true,"href":"https:\/\/la-presse-anarchiste.net\/index.php\/wp-json\/wp\/v2\/users\/1"}],"replies":[{"embeddable":true,"href":"https:\/\/la-presse-anarchiste.net\/index.php\/wp-json\/wp\/v2\/comments?post=3010"}],"version-history":[{"count":0,"href":"https:\/\/la-presse-anarchiste.net\/index.php\/wp-json\/wp\/v2\/posts\/3010\/revisions"}],"wp:attachment":[{"href":"https:\/\/la-presse-anarchiste.net\/index.php\/wp-json\/wp\/v2\/media?parent=3010"}],"wp:term":[{"taxonomy":"category","embeddable":true,"href":"https:\/\/la-presse-anarchiste.net\/index.php\/wp-json\/wp\/v2\/categories?post=3010"},{"taxonomy":"post_tag","embeddable":true,"href":"https:\/\/la-presse-anarchiste.net\/index.php\/wp-json\/wp\/v2\/tags?post=3010"},{"taxonomy":"author","embeddable":true,"href":"https:\/\/la-presse-anarchiste.net\/index.php\/wp-json\/wp\/v2\/ppma_author?post=3010"}],"curies":[{"name":"wp","href":"https:\/\/api.w.org\/{rel}","templated":true}]}}