{"id":3011,"date":"2011-09-02T16:23:06","date_gmt":"2011-09-02T16:23:06","guid":{"rendered":"https:\/\/la-presse-anarchiste.net\/index.php\/2011\/09\/02\/u-r-s-s-la-verite-en-marche\/"},"modified":"2011-09-02T16:23:06","modified_gmt":"2011-09-02T16:23:06","slug":"u-r-s-s-la-verite-en-marche","status":"publish","type":"post","link":"https:\/\/la-presse-anarchiste.net\/index.php\/2011\/09\/02\/u-r-s-s-la-verite-en-marche\/","title":{"rendered":"U.R.S.S., La V\u00e9rit\u00e9 en marche"},"content":{"rendered":"<div class=\"pdfprnt-buttons pdfprnt-buttons-post pdfprnt-top-right\"><a href=\"https:\/\/la-presse-anarchiste.net\/index.php\/wp-json\/wp\/v2\/posts\/3011?print=pdf\" class=\"pdfprnt-button pdfprnt-button-pdf\" target=\"_blank\"><img decoding=\"async\" src=\"https:\/\/la-presse-anarchiste.net\/wp-content\/plugins\/pdf-print\/images\/pdf.png\" alt=\"image_pdf\" title=\"Afficher le PDF\"><\/a><a href=\"https:\/\/la-presse-anarchiste.net\/index.php\/wp-json\/wp\/v2\/posts\/3011?print=print\" class=\"pdfprnt-button pdfprnt-button-print\" target=\"_blank\"><img decoding=\"async\" src=\"https:\/\/la-presse-anarchiste.net\/wp-content\/plugins\/pdf-print\/images\/print.png\" alt=\"image_print\" title=\"Contenu imprim\u00e9\"><\/a><\/div><p>Je vou\u00adlais par\u00adler aujourd\u2019\u00adhui du pay\u00adsan russe. Je vou\u00adlais expo\u00adser ici, dans ses traits essen\u00adtiels, la fa\u00e7on dont la R\u00e9vo\u00adlu\u00adtion\u200a\u2014\u200aet ensuite les bol\u00adche\u00adviks\u200a\u2014\u200aabor\u00add\u00e8rent et r\u00e9so\u00adlurent le pro\u00adbl\u00e8me agraire. Je vou\u00adlais peindre enfin, rapi\u00adde\u00adment, la situa\u00adtion actuelle\u2026<\/p>\n<p>Un \u00e9v\u00e9\u00adne\u00adment impres\u00adsion\u00adnant, de haute impor\u00adtance, arr\u00ea\u00adta mon \u00e9lan, chan\u00adgea mes dispositions.<\/p>\n<p>Cet \u00e9v\u00e9\u00adne\u00adment est la publi\u00adca\u00adtion des trois volumes de Pana\u00eft Istra\u00adti&nbsp;: <i>Vers l\u2019autre Flamme<\/i>.<\/p>\n<p>J\u2019ai le d\u00e9sir irr\u00e9\u00adsis\u00adtible de dire quelques mots \u00e0 pro\u00adpos de ce livre. J\u2019y&nbsp;c\u00e8de.<\/p>\n<p>[|<b>*  *  *  *<\/b>|]<br>\n<\/p>\n<p>Sans nul doute, l\u2019\u0153uvre d\u2019Is\u00adtra\u00adti n\u2019au\u00adra pas tout de suite la r\u00e9per\u00adcus\u00adsion qu\u2019elle aurait d\u00fb avoir. Pour\u00adquoi&nbsp;? Parce qu\u2019elle est vrai\u00adment et sim\u00adple\u00adment sin\u00adc\u00e8re, sans fan\u00adfares ni sen\u00adsa\u00adtion. Parce qu\u2019elle va r\u00e9so\u00adlu\u00adment \u00e0 l\u2019en\u00adcontre du faux r\u00e9vo\u00adlu\u00adtion\u00adnisme \u00e0 la mode&nbsp;: le bol\u00adche\u00advisme. Parce qu\u2019elle com\u00adbat \u00e0 fond tout ce qui s\u2019y rat\u00adtache&nbsp;: id\u00e9es toutes faites, fig\u00e9es en dogmes \u00ab&nbsp;infaillibles&nbsp;\u00bb&nbsp;; \u00ab&nbsp;v\u00e9ri\u00adt\u00e9s&nbsp;\u00bb pr\u00e9\u00adten\u00addues telles, mode\u00adl\u00e9es au patron et implan\u00adt\u00e9es dans des mil\u00adliers de cer\u00adveaux \u00e0 coups de mas\u00adsue&nbsp;; amour-propre des uns, int\u00e9\u00adr\u00eats per\u00adson\u00adnels des autres, hypo\u00adcri\u00adsie de toute esp\u00e8ce, poli\u00adtique de toute cou\u00adleur, etc., etc. Parce que, aus\u00adsi, elle ne par\u00advien\u00addra pas \u00e0 ceux qu\u2019elle devrait tou\u00adcher\u2026 Parce qu\u2019en\u00adfin, et mal\u00adgr\u00e9 tout, elle n\u2019est qu\u2019une \u0153uvre litt\u00e9raire\u2026<\/p>\n<p>Mais, sans pou\u00advoir pro\u00adduire imm\u00e9\u00addia\u00adte\u00adment son plein effet, cette \u0153uvre aura, n\u00e9an\u00admoins, une tr\u00e8s grande por\u00adt\u00e9e. Elle ira son che\u00admin, et son influence se r\u00e9v\u00e9\u00adle\u00adra un jour. Pour\u00adquoi&nbsp;? Parce que, jus\u00adte\u00adment, elle est l\u2019ex\u00adpres\u00adsion de la pure v\u00e9ri\u00adt\u00e9. Parce qu\u2019elle forme un cha\u00ee\u00adnon de plus dans cette longue suite de faits et de r\u00e9v\u00e9\u00adla\u00adtions sin\u00adc\u00e8res qui, s\u00e9pa\u00adr\u00e9\u00adment, sont encore peu de choses, mais dont l\u2019en\u00adsemble fini\u00adra par exas\u00adp\u00e9\u00adrer les masses labo\u00adrieuses de tous les pays, par faire \u00e9cla\u00adter la v\u00e9ri\u00adt\u00e9 enti\u00e8re et \u00e9cra\u00adser l\u2019in\u00adf\u00e2me men\u00adsonge du bolchevisme.<\/p>\n<p>D\u2019ailleurs, la v\u00e9ri\u00adt\u00e9 est d\u00e9j\u00e0 en marche. Il faut, d\u2019au\u00adtant plus, des r\u00e9v\u00e9\u00adla\u00adtions sem\u00adblables \u00e0 celle d\u2019Is\u00adtra\u00adti, afin de faire accen\u00adtuer cette marche.<\/p>\n<p>Je me rap\u00adpelle les dif\u00adfi\u00adcul\u00adt\u00e9s qu\u2019il fal\u00adlait sur\u00admon\u00adter, il y a quelque cinq ou six ans, pour faire entendre \u00e0 l\u2019\u00e9\u00adtran\u00adger les v\u00e9ri\u00adt\u00e9s sur le r\u00e9gime de l\u2019U.R.S.S. \u00c0 cette \u00e9poque, il \u00e9tait presque impos\u00adsible de se faire \u00e9cou\u00adter dans des r\u00e9unions publiques, si l\u2019on se per\u00admet\u00adtait la moindre cri\u00adtique de ce qui se pas\u00adsait au pays des Soviets.<\/p>\n<p>Je me rap\u00adpelle, par exemple, un mee\u00adting de pro\u00adtes\u00adta\u00adtion contre les per\u00ads\u00e9\u00adcu\u00adtions poli\u00adtiques en U.R.S.S., mee\u00adting convo\u00adqu\u00e9, par les anar\u00adchistes, et o\u00f9 ceux-ci n\u2019ar\u00adri\u00adv\u00e8rent pas \u00e0 se faire entendre. Ce mee\u00adting se ter\u00admi\u00adna en v\u00e9ri\u00adtable bataille. Et ce ne fut pas le seul qui subit le m\u00eame&nbsp;sort.<\/p>\n<p>Mais je me rap\u00adpelle aus\u00adsi avoir r\u00e9pon\u00addu, assez sou\u00advent, aux ouvriers com\u00admu\u00adnistes qui m\u2019in\u00adter\u00adrom\u00adpaient furieu\u00adse\u00adment au cours de mes expo\u00ads\u00e9s (cela se pas\u00adsait en Alle\u00admagne)&nbsp;: \u00ab&nbsp;Cama\u00adrades, vous vous f\u00e2chez aujourd\u2019\u00adhui, vous ne vou\u00adlez pas me croire. C\u2019est natu\u00adrel, car vous igno\u00adrez les faits. Cela ne m\u2019emp\u00eachera pas de conti\u00adnuer. Et, d\u2019ailleurs, je suis tran\u00adquille. \u00c9cou\u00adtez-moi bien&nbsp;: un an pas\u00adse\u00adra encore, peut-\u00eatre deux, ou trois, ou cinq, peu importe. Je sais avec une cer\u00adti\u00adtude abso\u00adlue que des faits, des \u00e9v\u00e9\u00adne\u00adments, des r\u00e9v\u00e9\u00adla\u00adtions se pro\u00addui\u00adront qui, de plus en plus, vous ouvri\u00adront les yeux sur la v\u00e9ri\u00adt\u00e9. Et d\u2019i\u00adci quelque temps, toute la classe ouvri\u00e8re \u00e0 l\u2019\u00e9\u00adtran\u00adger fini\u00adra par com\u00adprendre cette v\u00e9ri\u00adt\u00e9, par voir clair. C\u2019est alors que tout cet \u00e9di\u00adfice trom\u00adpeur s\u2019ef\u00adfon\u00addre\u00adra avec fra\u00adcas\u2026 Vous vous sou\u00advien\u00addrez alors de mes paroles d\u2019aujourd\u2019hui\u2026&nbsp;\u00bb<\/p>\n<p>Depuis, pas mal de ces faits, de ces \u00e9v\u00e9\u00adne\u00adments, de ces r\u00e9v\u00e9\u00adla\u00adtions se sont d\u00e9j\u00e0 pro\u00adduits. Assez nom\u00adbreux sont d\u00e9j\u00e0, de nos jours, les tra\u00advailleurs qui ont com\u00adpris. La v\u00e9ri\u00adt\u00e9 est en marche. Elle s\u2019a\u00advance len\u00adte\u00adment, mais irr\u00e9\u00adsis\u00adti\u00adble\u00adment. Rien ne pour\u00adra l\u2019ar\u00adr\u00ea\u00adter. Les conflits \u00e9cla\u00adtant au sein des P.C. Les r\u00e9v\u00e9\u00adla\u00adtions reten\u00adtis\u00adsantes de l\u2019op\u00adpo\u00adsi\u00adtion com\u00admu\u00adniste. Les infor\u00adma\u00adtions de plus en plus amples et pr\u00e9\u00adcises sur ce qui se passe en U.R.S.S. Les \u00e9v\u00e9\u00adne\u00adments, au jour le jour, dans la vie quo\u00adti\u00addienne des ouvriers \u00e0 l\u2019\u00e9\u00adtran\u00adger. Les scan\u00addales de toute sorte. L\u2019\u00e9\u00adpi\u00adsode de Trots\u00adky. L\u2019\u00e9\u00adpi\u00adsode Bes\u00ads\u00e9\u00addovs\u00adky. Le cas Laza\u00adr\u00e9\u00advitch. Le cas Ghez\u00adzi et autres. Les r\u00e9v\u00e9\u00adla\u00adtions de cer\u00adtains d\u00e9l\u00e9\u00adgu\u00e9s\u2026 Tels sont les faits qui s\u2019ac\u00adcu\u00admulent et dont l\u2019\u00e9\u00adlo\u00adquence devient, et devien\u00addra tou\u00adjours, de plus en plus \u00e9di\u00adfiante. Le livre de Pana\u00eft Istra\u00adti est un fait du m\u00eame genre. Il s\u2019a\u00adjoute aux autres. Il conti\u00adnue la cha\u00eene\u2026<\/p>\n<p>[|<b>*  *  *  *<\/b>|]<br>\n<\/p>\n<p>Le point faible de cette \u0153uvre est sa conclu\u00adsion, sa \u00ab&nbsp;recette&nbsp;\u00bb. Istra\u00adti se penche vers l\u2019op\u00adpo\u00adsi\u00adtion. Le salut lui semble venir de ce c\u00f4t\u00e9. C\u2019est une pro\u00adfonde erreur. Que ce soit Sta\u00adline ou Trots\u00adky, que ce soit tel ou tel autre clan qui \u00ab&nbsp;m\u00e8ne&nbsp;\u00bb les masses et la r\u00e9vo\u00adlu\u00adtion, le fond des choses n\u2019en chan\u00adge\u00adra nul\u00adle\u00adment. Tant que l\u2019\u00c9\u00adtat, le gou\u00adver\u00adne\u00adment, l\u2019au\u00adto\u00adri\u00adt\u00e9, la poli\u00adtique seront debout, l\u2019\u0153uvre posi\u00adtive de la r\u00e9vo\u00adlu\u00adtion res\u00adte\u00adra lettre morte, et alors les m\u00eames hor\u00adreurs recom\u00admen\u00adce\u00adront. Cette autre moi\u00adti\u00e9 de la v\u00e9ri\u00adt\u00e9 sera plus dif\u00adfi\u00adcile \u00e0 faire com\u00adprendre que la faillite du par\u00adti au pou\u00advoir. \u0152uvrons donc, nous autres, avec d\u2019au\u00adtant plus de z\u00e8le, \u00e0 la faire \u00e9cla\u00adter aus\u00adsi un jour, C\u2019est l\u00e0 notre supr\u00eame devoir.<\/p>\n<p>[\/\u200b<sc>Voline<\/sc>\/\u200b]<\/p>\n","protected":false},"excerpt":{"rendered":"<p>Je vou\u00adlais par\u00adler aujourd\u2019\u00adhui du pay\u00adsan russe. Je vou\u00adlais expo\u00adser ici, dans ses traits essen\u00adtiels, la fa\u00e7on dont la R\u00e9vo\u00adlu\u00adtion\u200a\u2014\u200aet ensuite les bol\u00adche\u00adviks\u200a\u2014\u200aabor\u00add\u00e8rent et r\u00e9so\u00adlurent le pro\u00adbl\u00e8me agraire. Je vou\u00adlais peindre enfin, rapi\u00adde\u00adment, la situa\u00adtion actuelle\u2026 Un \u00e9v\u00e9\u00adne\u00adment impres\u00adsion\u00adnant, de haute impor\u00adtance, arr\u00ea\u00adta mon \u00e9lan, chan\u00adgea mes dis\u00adpo\u00adsi\u00adtions. Cet \u00e9v\u00e9\u00adne\u00adment est la publi\u00adca\u00adtion des&nbsp;trois&nbsp;[\u2026]<\/p>\n","protected":false},"author":1,"featured_media":0,"comment_status":"closed","ping_status":"closed","sticky":false,"template":"","format":"standard","meta":{"wp_typography_post_enhancements_disabled":false,"footnotes":""},"categories":[360],"tags":[],"ppma_author":[540],"class_list":["post-3011","post","type-post","status-publish","format-standard","hentry","category-la-revue-anarchiste-na6-mai-1930"],"authors":[{"term_id":540,"user_id":1,"is_guest":0,"slug":"admin_3gikpwyf","display_name":"Vincent Dubuc","avatar_url":"https:\/\/secure.gravatar.com\/avatar\/d015720652c25fd2ced191ade86430094e1f288a17483713e3b34d26dea52507?s=96&d=mm&r=g","author_category":"","user_url":"https:\/\/la-presse-anarchiste.net","last_name":"Dubuc","first_name":"Vincent","job_title":"","description":""}],"_links":{"self":[{"href":"https:\/\/la-presse-anarchiste.net\/index.php\/wp-json\/wp\/v2\/posts\/3011","targetHints":{"allow":["GET"]}}],"collection":[{"href":"https:\/\/la-presse-anarchiste.net\/index.php\/wp-json\/wp\/v2\/posts"}],"about":[{"href":"https:\/\/la-presse-anarchiste.net\/index.php\/wp-json\/wp\/v2\/types\/post"}],"author":[{"embeddable":true,"href":"https:\/\/la-presse-anarchiste.net\/index.php\/wp-json\/wp\/v2\/users\/1"}],"replies":[{"embeddable":true,"href":"https:\/\/la-presse-anarchiste.net\/index.php\/wp-json\/wp\/v2\/comments?post=3011"}],"version-history":[{"count":0,"href":"https:\/\/la-presse-anarchiste.net\/index.php\/wp-json\/wp\/v2\/posts\/3011\/revisions"}],"wp:attachment":[{"href":"https:\/\/la-presse-anarchiste.net\/index.php\/wp-json\/wp\/v2\/media?parent=3011"}],"wp:term":[{"taxonomy":"category","embeddable":true,"href":"https:\/\/la-presse-anarchiste.net\/index.php\/wp-json\/wp\/v2\/categories?post=3011"},{"taxonomy":"post_tag","embeddable":true,"href":"https:\/\/la-presse-anarchiste.net\/index.php\/wp-json\/wp\/v2\/tags?post=3011"},{"taxonomy":"author","embeddable":true,"href":"https:\/\/la-presse-anarchiste.net\/index.php\/wp-json\/wp\/v2\/ppma_author?post=3011"}],"curies":[{"name":"wp","href":"https:\/\/api.w.org\/{rel}","templated":true}]}}