{"id":3012,"date":"2011-09-02T16:23:08","date_gmt":"2011-09-02T16:23:08","guid":{"rendered":"https:\/\/la-presse-anarchiste.net\/index.php\/2011\/09\/02\/centenaire-de-la-conquete-de-lalgerie-1830-1930-3\/"},"modified":"2011-09-02T16:23:08","modified_gmt":"2011-09-02T16:23:08","slug":"centenaire-de-la-conquete-de-lalgerie-1830-1930-3","status":"publish","type":"post","link":"https:\/\/la-presse-anarchiste.net\/index.php\/2011\/09\/02\/centenaire-de-la-conquete-de-lalgerie-1830-1930-3\/","title":{"rendered":"Centenaire de la conqu\u00eate de l\u2019Alg\u00e9rie, <sup class=\"numerator\">1830<\/sup>\u2044<sub class=\"denominator\">1930<\/sub>"},"content":{"rendered":"<div class=\"pdfprnt-buttons pdfprnt-buttons-post pdfprnt-top-right\"><a href=\"https:\/\/la-presse-anarchiste.net\/index.php\/wp-json\/wp\/v2\/posts\/3012?print=pdf\" class=\"pdfprnt-button pdfprnt-button-pdf\" target=\"_blank\"><img decoding=\"async\" src=\"https:\/\/la-presse-anarchiste.net\/wp-content\/plugins\/pdf-print\/images\/pdf.png\" alt=\"image_pdf\" title=\"Afficher le PDF\"><\/a><a href=\"https:\/\/la-presse-anarchiste.net\/index.php\/wp-json\/wp\/v2\/posts\/3012?print=print\" class=\"pdfprnt-button pdfprnt-button-print\" target=\"_blank\"><img decoding=\"async\" src=\"https:\/\/la-presse-anarchiste.net\/wp-content\/plugins\/pdf-print\/images\/print.png\" alt=\"image_print\" title=\"Contenu imprim\u00e9\"><\/a><\/div><p>Apr\u00e8s diverses vicis\u00adsi\u00adtudes faites d\u2019in\u00adqui\u00e9\u00adtudes et d\u2019es\u00adp\u00e9\u00adrances, le par\u00adti jeune de la colo\u00adni\u00adsa\u00adtion fit pr\u00e9\u00adva\u00adloir ses vues&nbsp;; et ses desi\u00adde\u00adra\u00adta furent pris en consi\u00add\u00e9\u00adra\u00adtion par la Monar\u00adchie de Juillet.<\/p>\n<p>Les int\u00e9\u00adr\u00eats du Com\u00admerce, de l\u2019A\u00adgri\u00adcul\u00adture et de l\u2019In\u00addus\u00adtrie s\u2019i\u00adden\u00adti\u00adfiant \u00e0 ceux de la poli\u00adtique ext\u00e9\u00adrieure et m\u00e9tro\u00adpo\u00adli\u00adtaine, l\u2019af\u00adfaire fut conclue et l\u2019oc\u00adcu\u00adpa\u00adtion se d\u00e9ve\u00adlop\u00adpa sui\u00advant la volon\u00adt\u00e9 des Chambres de Commerce.<\/p>\n<p>La cam\u00adpagne fut assez heu\u00adreuse, les Arabes du lit\u00adto\u00adral n\u2019of\u00adfrant pas ou peu de r\u00e9sis\u00adtance arm\u00e9e&nbsp;; mais les troupes de d\u00e9bar\u00adque\u00adment com\u00admirent de telles exac\u00adtions et d\u00e9pr\u00e9\u00adda\u00adtions qu\u2019elles firent na\u00eetre dans les popu\u00adla\u00adtions indi\u00adg\u00e8nes le sen\u00adti\u00adment d\u2019un grand dan\u00adger, et l\u2019u\u00adnion se fit entre ces groupes h\u00e9t\u00e9\u00adro\u00adclites, sans carac\u00adt\u00e8res eth\u00adniques for\u00admels, qui se sen\u00adtirent soli\u00addaires pour la d\u00e9fense de leurs biens et sur\u00adtout de leurs vies menac\u00e9es.<\/p>\n<p>Tous ces Car\u00adtha\u00adgi\u00adnois, Romains, Van\u00addales, Byzan\u00adtins et Turcs, plus ou moins m\u00e9tis\u00ads\u00e9s d\u2019au\u00adtoch\u00adtones, se m\u00eal\u00e8rent aux Kabyles qui enga\u00adgeaient la lutte d\u00e9fen\u00adsive avec toute l\u2019\u00e9ner\u00adgie du d\u00e9ses\u00adpoir. Aus\u00adsi, si les B\u00e9douins, en majo\u00adri\u00adt\u00e9 s\u00e9den\u00adtaires et pas\u00adteurs, lais\u00ads\u00e8rent p\u00e9n\u00e9\u00adtrer l\u2019en\u00adva\u00adhis\u00adseur, il n\u2019en fut pas de m\u00eame des nomades et des mon\u00adta\u00adgnards, qui connais\u00adsaient le sort fait aux vain\u00adcus par les troupes fran\u00e7aises.<\/p>\n<p>La cam\u00adpagne mili\u00adtaire dura de 1830 \u00e0 1841&nbsp;; elle fut sim\u00adple\u00adment la guerre avec toutes ses hor\u00adreurs, mais la guerre au sens pri\u00admi\u00adtif, o\u00f9 la b\u00eate humaine s\u2019af\u00adfronte, sans r\u00e9pit pour le vaincu.<\/p>\n<p>Le plus fort, satis\u00adfait de sa puis\u00adsance, entend pro\u00adfi\u00adter de son avan\u00adtage imm\u00e9\u00addiat&nbsp;; il se paye sur place et jus\u00adqu\u2019\u00e0 sati\u00e9\u00adt\u00e9&nbsp;; il pille, il vole, il viole, il mas\u00adsacre, il d\u00e9truit. C\u2019est toute l\u2019his\u00adtoire des Romains d\u00e9trui\u00adsant Car\u00adthage, des Euro\u00adp\u00e9ens br\u00fb\u00adlant P\u00e9kin, des Fran\u00ad\u00e7ais pen\u00addant la cam\u00adpagne d\u2019A\u00adfrique&nbsp;; d\u2019ailleurs, les pi\u00e8ces \u00e0 convic\u00adtion sont nombreuses.<\/p>\n<p>C\u2019est le colo\u00adnel Combes, du 47<sup>e<\/sup> de ligne, \u00e9cri\u00advant d\u2019O\u00adran, le 18 juin&nbsp;1836&nbsp;:<\/p>\n<p>\u00ab&nbsp;Nous p\u00fbmes incen\u00addier, dans notre route, tout ce qui \u00e9tait br\u00fb\u00adlable&nbsp;; la cam\u00adpagne fut un vaste oc\u00e9an de feu. Cette man\u0153uvre fut conti\u00adnu\u00e9e les jours suivants.&nbsp;\u00bb<\/p>\n<p>C\u2019est le capi\u00adtaine Canrobert&nbsp;:<\/p>\n<p>\u00ab&nbsp;Nous avons sur\u00adpris de nuit une assez grande quan\u00adti\u00adt\u00e9 de Kabyles et enle\u00adv\u00e9 plu\u00adsieurs sortes de trou\u00adpeaux, des femmes, des enfants, des vieillards&nbsp;; le sol\u00addat exci\u00adt\u00e9 par l\u2019ap\u00adp\u00e2t du pillage se livre aux pires&nbsp;exc\u00e8s.&nbsp;\u00bb<\/p>\n<p>C\u2019est le com\u00adman\u00addant de Lioux, du 43<sup>e<\/sup> de&nbsp;ligne&nbsp;:<\/p>\n<p>\u00ab&nbsp;Nous ren\u00adtrons d\u2019une nou\u00advelle exp\u00e9\u00addi\u00adtion&nbsp;; notre colonne avait mis\u00adsion de tout rava\u00adger \u00e0 plu\u00adsieurs lieues autour de ses bivouacs suc\u00adces\u00adsifs. En effet, l\u2019on a beau\u00adcoup d\u00e9truit&nbsp;; des vil\u00adlages entiers ont dis\u00adpa\u00adru par l\u2019in\u00adcen\u00addie, et plu\u00adsieurs mil\u00adliers de pieds de figuiers, d\u2019o\u00adli\u00adviers et d\u2019autres ont \u00e9t\u00e9 coup\u00e9s.&nbsp;\u00bb<\/p>\n<p>C\u2019est le lieu\u00adte\u00adnant de Castellane&nbsp;:<\/p>\n<p>\u00ab&nbsp;Nous sommes res\u00adt\u00e9s plu\u00adsieurs jours, d\u00e9trui\u00adsant les r\u00e9coltes et les trou\u00adpeaux, et nous ne sommes par\u00adtis que lorsque le pays a \u00e9t\u00e9 com\u00adpl\u00e8\u00adte\u00adment&nbsp;ruin\u00e9.&nbsp;\u00bb<\/p>\n<p>C\u2019est le colo\u00adnel Pel\u00adli\u00adsier, fai\u00adsant enfer\u00admer 800 per\u00adsonnes dans des grottes, etc.,&nbsp;etc.<\/p>\n<p>Apr\u00e8s onze ans de cette guerre impi\u00adtoyable, les Arabes sub\u00adju\u00adgu\u00e9s s\u2019in\u00adcli\u00adnaient devant le fait accom\u00adpli, et la colo\u00adni\u00adsa\u00adtion offi\u00adcielle allait s\u2019af\u00adfir\u00admer dans ses dif\u00adf\u00e9\u00adrents syst\u00e8mes.<\/p>\n<p>N\u2019ou\u00adblions jamais que les int\u00e9\u00adr\u00eats du Com\u00admerce et de l\u2019In\u00addus\u00adtrie avaient com\u00adman\u00add\u00e9 l\u2019en\u00adtre\u00adprise&nbsp;; le gou\u00adver\u00adne\u00adment avait four\u00adni les troupes d\u2019ex\u00adp\u00e9\u00addi\u00adtion et d\u2019oc\u00adcu\u00adpa\u00adtion. Les int\u00e9\u00adres\u00ads\u00e9s pou\u00advaient \u00eatre satis\u00adfaits&nbsp;: ils n\u2019a\u00advaient plus qu\u2019\u00e0 se pr\u00e9\u00adsen\u00adter au par\u00adtage du butin. Les res\u00adsources natu\u00adrelles \u00e9taient l\u00e0, ils n\u2019a\u00advaient qu\u2019\u00e0 les prendre&nbsp;; les indi\u00adg\u00e8nes sou\u00admis pou\u00advaient \u00eatre uti\u00adli\u00ads\u00e9s. Mes\u00adsieurs, ne vous g\u00eanez pas&nbsp;!\u2026 Ils pou\u00advaient b\u00e2tir, \u00e9di\u00adfier, construire, exploi\u00adter, culti\u00adver, si tels \u00e9taient leurs int\u00e9\u00adr\u00eats, puis\u00adqu\u2019il \u00e9taient les ma\u00eetres et que l\u2019ar\u00adm\u00e9e veillait au main\u00adtien de l\u2019ordre et de la s\u00e9curit\u00e9.<\/p>\n<p>En 1841, le branle \u00e9tait don\u00adn\u00e9, et la colo\u00adni\u00adsa\u00adtion allait entrer dans sa phase capitaliste.<\/p>\n<p>La v\u00e9ri\u00adt\u00e9 implique la nota\u00adtion que nul plan d\u2019en\u00adsemble n\u2019a\u00advait \u00e9t\u00e9 \u00e9la\u00adbo\u00adr\u00e9. Nulle entente pr\u00e9a\u00adlable entre com\u00adplices sur le sys\u00adt\u00e8me&nbsp;; cha\u00adcun tra\u00advaillait pour soi et ses&nbsp;amis.<\/p>\n<p>L\u2019ar\u00adm\u00e9e se payait d\u2019une mani\u00e8re bru\u00adtale, et les grands chefs ran\u00ad\u00e7on\u00adnaient \u00e0 leur pro\u00adfit&nbsp;: le mar\u00e9\u00adchal Bugeaud, duc d\u2019Is\u00adly, le vain\u00adqueur d\u2019Abd-el-Kader, accu\u00adsa son subor\u00addon\u00adn\u00e9, le g\u00e9n\u00e9\u00adral Bros\u00adsard, d\u2019\u00eatre l\u2019homme le plus cor\u00adrom\u00adpu qu\u2019il f\u00fbt&nbsp;; celui-ci r\u00e9pli\u00adqua que le duc, \u00ab&nbsp;h\u00e9ros sans tache&nbsp;\u00bb, tra\u00adfi\u00adquait de sa fonc\u00adtion, avait re\u00e7u 180&nbsp;000 francs et avait n\u00e9go\u00adci\u00e9 avec un mar\u00adchand d\u2019O\u00adran \u00e0 qui il avait com\u00admu\u00adni\u00adqu\u00e9 en sous-main la conclu\u00adsion du trai\u00adt\u00e9 de&nbsp;paix.<\/p>\n<p>L\u2019\u00c9\u00adglise catho\u00adlique, sou\u00adriante \u00e0 la conqu\u00eate, ne pou\u00advait \u00eatre trai\u00adt\u00e9e en pau\u00advresse&nbsp;; les mos\u00adqu\u00e9es allaient avoir la concur\u00adrence des \u00e9glises, mais, plus sou\u00adcieux de biens mat\u00e9\u00adriels que de vic\u00adtoires spi\u00adri\u00adtuelles pro\u00adbl\u00e9\u00adma\u00adtiques, d\u00e8s 1845, les Trap\u00adpistes rece\u00advaient 1&nbsp;000 hec\u00adtares autour de l\u2019an\u00adcien camp de Staou\u00ebli.<\/p>\n<p>L\u2019Ad\u00admi\u00adnis\u00adtra\u00adtion expro\u00adpriait sui\u00advant les demandes des Chambres de Com\u00admerce d\u2019Al\u00adger et de Mar\u00adseille, et, dans ce d\u00e9sordre appa\u00adrent, Indus\u00adtrie, Com\u00admerce et Mer\u00adcante y trou\u00advaient leur compte. Vaste \u00e9tait le champ, riche \u00e9tait la d\u00e9pouille, et nul concur\u00adrent s\u00e9rieux ne pou\u00advait trou\u00adbler la mise en suc\u00adcion de la Terre pro\u00admise enfin trouv\u00e9e.<\/p>\n<p>Le favo\u00adri\u00adtisme pro\u00adfi\u00adtait aux int\u00e9\u00adr\u00eats per\u00adson\u00adnels, mais l\u2019\u00e9\u00adco\u00adno\u00admie poli\u00adtique en soci\u00e9\u00adt\u00e9 capi\u00adta\u00adliste ob\u00e9it \u00e0 des lois s\u00e9v\u00e8res, et l\u2019im\u00adpor\u00adta\u00adtion en Afrique du Nord de la civi\u00adli\u00adsa\u00adtion bour\u00adgeoise allait, avec le temps, don\u00adner \u00e0 la colo\u00adni\u00adsa\u00adtion son carac\u00adt\u00e8re capi\u00adta\u00adliste, avec ses m\u00e9thodes, ses moyens et ses riva\u00adli\u00adt\u00e9s&nbsp;; si d\u00e8s le d\u00e9but elle man\u00adquait de coor\u00addi\u00adna\u00adtion, c\u2019est qu\u2019elle cor\u00adres\u00adpon\u00addait bien \u00e0 l\u2019\u00e9\u00adpoque de crois\u00adsance&nbsp;; mais d\u00e9j\u00e0, paral\u00adl\u00e8\u00adle\u00adment \u00e0 la m\u00e9tro\u00adpole, elle posait les jalons de l\u2019ex\u00adploi\u00adta\u00adtion sys\u00adt\u00e9\u00adma\u00adtique qui devait s\u2019\u00e9\u00adpa\u00adnouir telle que nous l\u2019ob\u00adser\u00advons aujourd\u2019\u00adhui&nbsp;: affir\u00adma\u00adtion totale du capi\u00adta\u00adlisme, v\u00e9ri\u00adtable ma\u00eetre de la colo\u00adnie alg\u00e9rienne.<\/p>\n<p>D\u00e8s 1845, nous pou\u00advons suivre l\u2019ins\u00adtal\u00adla\u00adtion des pri\u00advi\u00adl\u00e9\u00adgi\u00e9s dans leurs nou\u00advelles pro\u00adpri\u00e9\u00adt\u00e9s, et mesu\u00adrer le tra\u00advail accom\u00adpli, tant, dans ses formes que dans ses buts, dans les m\u00e9thodes et les r\u00e9sultats.<\/p>\n<p>En 1845, le gou\u00adver\u00adne\u00adment conc\u00e8de 3&nbsp;000 hec\u00adtares, \u00e0 Saint-Denis-du-Sig, \u00e0 la Com\u00adpa\u00adgnie d\u2019U\u00adnion Agri\u00adcole du&nbsp;Sig.<\/p>\n<p>Le 3 d\u00e9cembre 1846, Lamo\u00adri\u00adci\u00e8re, par ordon\u00adnance royale, dis\u00adtri\u00adbue 80&nbsp;000 hec\u00adtares \u00e0 cinq cents familles&nbsp;; toutes ces terres deviennent la proie des adju\u00addi\u00adca\u00adtaires et des compagnies.<\/p>\n<p>En 1847, 37&nbsp;000 hec\u00adtares subissent le m\u00eame&nbsp;sort.<\/p>\n<p>De 1861 \u00e0 1870, 116&nbsp;000 hec\u00adtares sont dis\u00adtri\u00adbu\u00e9s entre vingt et un centre de moyenne colo\u00adni\u00adsa\u00adtion, et 400&nbsp;000 hec\u00adtares sont livr\u00e9s \u00e0 des soci\u00e9\u00adt\u00e9s capi\u00adta\u00adlistes ain\u00adsi nom\u00adm\u00e9es. En 1862 et 1863, en bor\u00addure du lit\u00adto\u00adral constan\u00adti\u00adnois, 160&nbsp;000 hec\u00adtares de belles for\u00eats sont conc\u00e9\u00add\u00e9es pour 90 ans \u00e0 une tren\u00adtaine de b\u00e9n\u00e9\u00adfi\u00adciaires, tous amis du gou\u00adver\u00adne\u00adment. En 1863, le capi\u00adta\u00adlisme fran\u00ad\u00e7ais passe un com\u00adpro\u00admis avec les chefs indi\u00adg\u00e8nes&nbsp;: par l\u2019in\u00adter\u00adm\u00e9\u00addiaire du chef des Arabes d\u00e9j\u00e0 admis dans le cercle des affaires, il est dis\u00adtri\u00adbu\u00e9 34&nbsp;000 hec\u00adtares \u00e0 315 chefs, ca\u00efds, aghas et mara\u00adbouts. Gr\u00e2ce \u00e0 cette lib\u00e9\u00adra\u00adli\u00adt\u00e9, les colons fran\u00ad\u00e7ais s\u2019as\u00adsu\u00adraient le \u00ab&nbsp;loyal concours&nbsp;\u00bb des requins rouges, \u00e9le\u00adv\u00e9s au rang de col\u00adl\u00e8gues&nbsp;; capi\u00adta\u00adlistes arabes et euro\u00adp\u00e9ens signaient une alliance qui ne devait plus se d\u00e9men\u00adtir&nbsp;; l\u2019ex\u00adploi\u00adteur indi\u00adg\u00e8ne trou\u00advait des avan\u00adtages dans la tra\u00adhi\u00adson, et l\u2019Eu\u00adro\u00adp\u00e9en ne payait pas trop cher le cadeau qui devait le pr\u00e9\u00admu\u00adnir contre toute r\u00e9volte, lui four\u00adnir des m\u00e9dia\u00adteurs et des agents dis\u00adsol\u00advants chez la race vaincue.<\/p>\n<p>En 1865, on conc\u00e8de 25&nbsp;000 hec\u00adtares \u00e0 la Soci\u00e9\u00adt\u00e9 de l\u2019Ha\u00adbra, 100&nbsp;000 hec\u00adtares \u00e0 la Com\u00adpa\u00adgnie Alg\u00e9\u00adrienne. De 1871 \u00e0 1880, l\u2019ef\u00adfort de la colo\u00adni\u00adsa\u00adtion porte sur le peu\u00adple\u00adment. 264 ter\u00adri\u00adtoires sont cr\u00e9\u00e9s et 8&nbsp;341 lots, por\u00adtant sur 401&nbsp;000 hec\u00adtares, passent aux mains des Euro\u00adp\u00e9ens. Mais, d\u00e8s 1880, les res\u00adsources fai\u00adblissent, le nombre des conces\u00adsions \u00e0 attri\u00adbuer devient plus faible. De 1881 \u00e0 1890, on agran\u00addit les sur\u00adfaces de 170&nbsp;000 hec\u00adtares, et de 1891 \u00e0 1900, c\u2019est encore 120&nbsp;107 hec\u00adtares qui \u00e9chappent aux indig\u00e8nes.<\/p>\n<p>Depuis cette date, de nom\u00adbreux r\u00e8gle\u00adments sont inter\u00adve\u00adnus la situa\u00adtion n\u2019\u00e9\u00adtant plus la m\u00eame, toutes les por\u00adtions \u00e9tant prises, et le capi\u00adta\u00adlisme ayant atteint un stade sup\u00e9\u00adrieur, il s\u2019en\u00adsuit que l\u2019ex\u00adpro\u00adpria\u00adtion et le par\u00adtage des terres doivent avoir recours \u00e0 des argu\u00adments pro\u00adc\u00e9\u00addu\u00adriers qui sta\u00adbi\u00adlisent la situation.<\/p>\n<p>Il serait vain d\u2019\u00e9\u00adpi\u00adlo\u00adguer devant l\u2019\u00e9\u00advi\u00addence des chiffres. Toutes ces soci\u00e9\u00adt\u00e9s, soli\u00adde\u00adment ins\u00adtal\u00adl\u00e9es, ont tir\u00e9 le maxi\u00admum de b\u00e9n\u00e9\u00adfices de la situa\u00adtion pri\u00advi\u00adl\u00e9\u00adgi\u00e9e qui leur \u00e9tait faite&nbsp;; elles ont emp\u00ea\u00adch\u00e9 l\u2019\u00e9\u00adta\u00adblis\u00adse\u00adment des petits colons, comme en France elles \u00e9clipsent les petits pro\u00adpri\u00e9\u00adtaires. Des for\u00adtunes furent \u00e9di\u00adfi\u00e9es, soit par l\u2019ex\u00adploi\u00adta\u00adtion directe du sol, soit par des sp\u00e9\u00adcu\u00adla\u00adtions suc\u00adces\u00adsives, tel le domaine de la Mac\u00adta, de 25&nbsp;000 hec\u00adtares, pay\u00e9 25.000 francs par J. Cahen le 21 juillet 1864, et qui fut reven\u00addu, apr\u00e8s trois sp\u00e9\u00adcu\u00adla\u00adtions, le 20 d\u00e9cembre 1877, pour 8 mil\u00adlions \u00e0 la Soci\u00e9\u00adt\u00e9 du Domaine de l\u2019Habra.<\/p>\n<p>Incon\u00adtes\u00adta\u00adble\u00adment, les capi\u00adta\u00adlistes pro\u00adpri\u00e9\u00adtaires n\u2019ont rien n\u00e9gli\u00adg\u00e9 pour mettre en valeur leurs domaines res\u00adpec\u00adtifs&nbsp;: les ports d\u2019Al\u00adger et d\u2019O\u00adran furent agran\u00addis&nbsp;; des routes furent tra\u00adc\u00e9es pour per\u00admettre la cir\u00adcu\u00adla\u00adtion entre les centres de colo\u00adni\u00adsa\u00adtion&nbsp;; des che\u00admins de fer, des ponts, des tra\u00advaux d\u2019ir\u00adri\u00adga\u00adtion furent construits et \u00e9di\u00adfi\u00e9s, sui\u00advant les besoins expri\u00adm\u00e9s, soit pour faci\u00adli\u00adter l\u2019\u00e9\u00adcou\u00adle\u00adment et le trans\u00adport des r\u00e9coltes et des mar\u00adchan\u00addises, mais si vous pre\u00adnez le plan de ces tra\u00advaux, vous y ver\u00adrez qu\u2019ils r\u00e9pondent tou\u00adjours \u00e0 des n\u00e9ces\u00adsi\u00adt\u00e9s de telle ou telle soci\u00e9\u00adt\u00e9 ou com\u00adpa\u00adgnie, et puis\u00adqu\u2019\u00e0 la colo\u00adnie l\u2019in\u00adt\u00e9\u00adr\u00eat g\u00e9n\u00e9\u00adral des indi\u00adg\u00e8nes ne se confond pas exac\u00adte\u00adment avec celui des colons, il est utile de faire remar\u00adquer que le d\u00e9ve\u00adlop\u00adpe\u00adment du capi\u00adta\u00adlisme en Alg\u00e9\u00adrie n\u2019a jamais tenu compte de la popu\u00adla\u00adtion musulmane.<\/p>\n<p>La colo\u00adni\u00adsa\u00adtion capi\u00adta\u00adliste ne s\u2019embarrasse jamais des prin\u00adcipes d\u2019hu\u00adma\u00adni\u00adt\u00e9, de droit, de jus\u00adtice, de civi\u00adli\u00adsa\u00adtion&nbsp;! La situa\u00adtion par\u00adti\u00adcu\u00adli\u00e8re dont elle jouis\u00adsait lui per\u00admit de r\u00e9a\u00adli\u00adser son but sans avoir \u00e0 se camou\u00adfler&nbsp;: elle visait \u00e0 faire de l\u2019argent, \u00e0 r\u00e9a\u00adli\u00adser des b\u00e9n\u00e9\u00adfices, et tou\u00adjours davan\u00adtage&nbsp;; l\u00e0-bas, elle ne trou\u00advait aucun obs\u00adtacle \u00e0 sur\u00admon\u00adter&nbsp;: bien au contraire, par\u00adtout des com\u00adpli\u00adci\u00adt\u00e9s. Aus\u00adsi, \u00e0 tra\u00advers la colo\u00adni\u00adsa\u00adtion, nous pou\u00advons suivre le capi\u00adta\u00adlisme dans l\u2019emploi de ses moyens radicaux.<\/p>\n<p>Voyons en effet la situa\u00adtion faite aux indi\u00adg\u00e8nes par les nou\u00adveaux ma\u00eetres du&nbsp;pays.<\/p>\n<p>D\u00e9pos\u00ads\u00e9\u00add\u00e9 de ses biens, terres, trou\u00adpeaux, refou\u00adl\u00e9 dans les terres arides, l\u2019in\u00addi\u00adg\u00e8ne se trou\u00adva aux prises avec de graves dif\u00adfi\u00adcul\u00adt\u00e9s. Cer\u00adtains fuirent loin de leur pays, et ce furent les exodes de 1910\u200a\u2013\u200a1911 vers la Syrie turque. D\u2019autres fois, spo\u00adli\u00e9, il accepte de pas\u00adser au ser\u00advice du ma\u00eetre, et sa situa\u00adtion d\u2019ex\u00adploi\u00adt\u00e9 prend un carac\u00adt\u00e8re tragique.<\/p>\n<p>Le salaire moyen qui lui est allou\u00e9 est tou\u00adjours de beau\u00adcoup inf\u00e9\u00adrieur \u00e0 celui que le capi\u00adta\u00adlisme paye \u00e0 la m\u00e9tro\u00adpole&nbsp;; aujourd\u2019\u00adhui encore, \u00e0 tra\u00advail \u00e9gal, l\u2019in\u00addi\u00adg\u00e8ne gagne 8 francs, 10 francs, rare\u00adment 12 francs pour une jour\u00adn\u00e9e de dix \u00e0 douze heures. Une main-d\u2019\u0153uvre affa\u00adm\u00e9e, m\u00e9pri\u00ads\u00e9e, per\u00admet aux action\u00adnaires de tou\u00adcher de gros divi\u00addendes. Mais par\u00adfois les tra\u00advailleurs d\u00e9ses\u00adp\u00e9\u00adr\u00e9s tentent de se r\u00e9vol\u00adter&nbsp;; les troupes d\u2019oc\u00adcu\u00adpa\u00adtion sont main\u00adte\u00adnant ins\u00adtal\u00adl\u00e9es d\u00e9fi\u00adni\u00adti\u00adve\u00adment, et chaque fois la r\u00e9bel\u00adlion fut impi\u00adtoya\u00adble\u00adment \u00e9cra\u00ads\u00e9e. Il en fut ain\u00adsi en 1864 dans le Sud-Ora\u00adnais, en 1879 et 1916 pour les Aur\u00e8s, en 1881 celle de Bou-Ama\u00adma, et la plus impor\u00adtante, celle de 1871, englo\u00adbant Kabyles et Arabes.<\/p>\n<p>Apr\u00e8s la guerre 1914\u200a\u2013\u200a1918, il y eut en Alg\u00e9\u00adrie un gros mou\u00adve\u00adment de tra\u00advailleurs indi\u00adg\u00e8nes venant cher\u00adcher en France de meilleures condi\u00adtions de vie. Aus\u00adsi\u00adt\u00f4t, le capi\u00adta\u00adlisme colo\u00adnial exi\u00adgea de l\u2019Ad\u00admi\u00adnis\u00adtra\u00adtion le main\u00adtien de ses sujets sur les ter\u00adri\u00adtoires dont il \u00e9tait le ma\u00eetre. Il obtint satis\u00adfac\u00adtion, et une r\u00e9gle\u00admen\u00adta\u00adtion s\u00e9v\u00e8re endi\u00adgua l\u2019exode des indi\u00adg\u00e8nes&nbsp;; la cir\u00adcu\u00adlaire du 10 sep\u00adtembre 1926 oppo\u00adsa son bar\u00adrage \u00e0 toute nou\u00advelle ten\u00adta\u00adtive de ce&nbsp;genre.<\/p>\n<p>Cepen\u00addant, si le pau\u00adp\u00e9\u00adrisme et la carte for\u00adc\u00e9e liaient in\u00e9\u00adluc\u00adta\u00adble\u00adment l\u2019in\u00addi\u00adg\u00e8ne \u00e0 son pro\u00adpri\u00e9\u00adtaire, celui-ci prit des dis\u00adpo\u00adsi\u00adtions com\u00adpl\u00e9\u00admen\u00adtaires qui devaient aug\u00admen\u00adter ses garan\u00adties de capi\u00adta\u00adliste exploiteur.<\/p>\n<p>Tout le sys\u00adt\u00e8me admi\u00adnis\u00adtra\u00adtif de l\u2019Al\u00adg\u00e9\u00adrie tend vers ce but&nbsp;; les dif\u00adf\u00e9\u00adrences qui donnent \u00e0 cha\u00adcune des trois divi\u00adsions admi\u00adnis\u00adtra\u00adtives un sta\u00adtut par\u00adti\u00adcu\u00adlier r\u00e9pondent \u00e0 des int\u00e9\u00adr\u00eats locaux, mais le sys\u00adt\u00e8me est uni\u00adla\u00adt\u00e9\u00adral et conserve une homo\u00adg\u00e9\u00adn\u00e9i\u00adt\u00e9 parfaite.<\/p>\n<p>Dans les com\u00admunes de plein exer\u00adcice, les maires appliquent le Code de l\u2019In\u00addi\u00adg\u00e9\u00adnat \u00e0 leurs admi\u00adnis\u00adtr\u00e9s non-\u00e9lec\u00adteurs, et ceux-ci forment les onze dou\u00adzi\u00e8mes de la popu\u00adla\u00adtion musul\u00admane&nbsp;; ces com\u00admunes com\u00adprennent sou\u00advent de quatre \u00e0 vingt mille indi\u00adg\u00e8nes, et les Conseils muni\u00adci\u00adpaux appe\u00adl\u00e9s \u00e0 g\u00e9rer les int\u00e9\u00adr\u00eats de la col\u00adlec\u00adti\u00advi\u00adt\u00e9 sont \u00e9lus par dix, vingt, cin\u00adquante, rare\u00adment cent \u00e9lec\u00adteurs euro\u00adp\u00e9ens. Dans les villes o\u00f9 le col\u00adl\u00e8ge \u00e9lec\u00adto\u00adral admet la repr\u00e9\u00adsen\u00adta\u00adtion arabe, celle-ci ne peut jamais d\u00e9pas\u00adser le tiers du Conseil&nbsp;; cons\u00e9\u00adquem\u00adment, les quelques colons pro\u00adpri\u00e9\u00adtaires ont toute faci\u00adli\u00adt\u00e9 pour g\u00e9rer leurs affaires per\u00adson\u00adnelles et faire peser de lourdes charges sur les indi\u00adg\u00e8nes sacrifi\u00e9s.<\/p>\n<p>Les com\u00admunes mixtes, diri\u00adg\u00e9es par des admi\u00adnis\u00adtra\u00adteurs, accusent davan\u00adtage ce carac\u00adt\u00e8re&nbsp;; elles sont sou\u00admises aux lois d\u2019ex\u00adcep\u00adtion. Indi\u00adg\u00e9\u00adnat, tri\u00adbu\u00adnaux r\u00e9pres\u00adsifs, cours cri\u00admi\u00adnelles, sur\u00adveillance admi\u00adnis\u00adtra\u00adtive&nbsp;; les popu\u00adla\u00adtions payent de lourds imp\u00f4ts, des amendes, subissent les r\u00e9qui\u00adsi\u00adtions arbi\u00adtraires, et les admi\u00adnis\u00adtra\u00adteurs sont \u00e0 la fois juges et par\u00adtie dans les affaires concer\u00adnant leurs admi\u00adnis\u00adtr\u00e9s. Dans ce r\u00e9gime du bon plai\u00adsir, l\u2019Ad\u00admi\u00adnis\u00adtra\u00adtion repr\u00e9\u00adsente direc\u00adte\u00adment le capi\u00adta\u00adlisme en action, elle l\u2019aide et le sou\u00adtient dans l\u2019ex\u00adploi\u00adta\u00adtion de l\u2019in\u00addi\u00adg\u00e8ne, tenant ce der\u00adnier dans ses filets ser\u00adr\u00e9s de la sur\u00adveillance et de la r\u00e9pression.<\/p>\n<p>Dans les ter\u00adri\u00adtoires mili\u00adtaires, le sys\u00adt\u00e8me oppres\u00adsif trouve son maxi\u00admum de d\u00e9ve\u00adlop\u00adpe\u00adment&nbsp;; ces r\u00e9gions subissent la dic\u00adta\u00adture des offi\u00adciers des Affaires Indi\u00adg\u00e8nes, qui sont les ma\u00eetres abso\u00adlus dans leurs centres et dont la sou\u00adve\u00adrai\u00adne\u00adt\u00e9 totale ne conna\u00eet ni contr\u00f4le ni&nbsp;frein.<\/p>\n<p>C\u2019est l\u2019in\u00addi\u00adg\u00e9\u00adnat aggra\u00adv\u00e9 et appli\u00adqu\u00e9 par des mili\u00adtaires, qui dis\u00adtri\u00adbuent des cor\u00adv\u00e9es, des gardes de nuit, des coups de nerf de b\u0153uf, etc.,&nbsp;etc.<\/p>\n<p>Les ter\u00adri\u00adtoires sont de vastes casernes o\u00f9 l\u2019ha\u00adbi\u00adtant et tout ce qu\u2019il pos\u00ads\u00e8de sont la pro\u00adpri\u00e9\u00adt\u00e9 du chef de bureau arabe&nbsp;; aus\u00adsi, depuis la conqu\u00eate du Sud, les r\u00e9sul\u00adtats s\u2019ins\u00adcrivent sous la rubrique \u00ab&nbsp;d\u00e9sastre&nbsp;\u00bb dans ces contr\u00e9es aban\u00addon\u00adn\u00e9es \u00e0 la gloire du&nbsp;sabre.<\/p>\n<p>Une popu\u00adla\u00adtion rui\u00adn\u00e9e, d\u00e9ci\u00adm\u00e9e par le typhus&nbsp;; le nomade accu\u00adl\u00e9 au vol et \u00e0 la men\u00addi\u00adci\u00adt\u00e9&nbsp;; une situa\u00adtion g\u00e9n\u00e9\u00adrale cri\u00adtique o\u00f9 l\u2019in\u00addi\u00adg\u00e8ne en ser\u00advage cultive la haine de ses bour\u00adreaux, plon\u00adg\u00e9s dans le luxe et le plaisir.<\/p>\n<p>Le scan\u00addale de Laghouat en 1920 et le cercle de Djel\u00adfa ont illus\u00adtr\u00e9 tra\u00adgi\u00adque\u00adment ces situa\u00adtions. Les Mek\u00adn\u00e8s mou\u00adraient, par cen\u00adtaines, de mis\u00e8re phy\u00adsio\u00adlo\u00adgique&nbsp;; des sommes impor\u00adtantes furent envoy\u00e9es pour les secou\u00adrir&nbsp;; l\u2019ad\u00admi\u00adnis\u00adtra\u00adteur pr\u00e9\u00adva\u00adri\u00adca\u00adteur et escroc les d\u00e9tour\u00adna \u00e0 son pro\u00adfit&nbsp;; accu\u00ads\u00e9 et pour\u00adsui\u00advi, il fut acquit\u00adt\u00e9, parce que la sou\u00adve\u00adrai\u00adne\u00adt\u00e9 fran\u00ad\u00e7aise devait \u00eatre main\u00adte\u00adnue mal\u00adgr\u00e9 et contre tout.<\/p>\n<p>Toute l\u2019ad\u00admi\u00adnis\u00adtra\u00adtion est cr\u00e9\u00e9e pour don\u00adner la carte blanche au capi\u00adta\u00adlisme colo\u00adnial, et si nous rap\u00adpe\u00adlons que l\u2019in\u00addi\u00adg\u00e9\u00adnat date de la III<sup>e<\/sup> R\u00e9pu\u00adblique, le 29 mars 1874, nous trou\u00adve\u00adrons qu\u2019il cor\u00adres\u00adpond \u00e0 la p\u00e9riode de d\u00e9ve\u00adlop\u00adpe\u00adment de la soci\u00e9\u00adt\u00e9 capi\u00adta\u00adliste tant en France qu\u2019\u00e0 la colonie.<\/p>\n<p>La civi\u00adli\u00adsa\u00adtion bour\u00adgeoise ne se trou\u00advait pas encore satis\u00adfaite&nbsp;; certes, le peuple colo\u00adni\u00ads\u00e9 \u00e9tait sou\u00admis, le capi\u00adta\u00adlisme exploi\u00adtait \u00e0 son gr\u00e9 les res\u00adsources du pays, mat\u00e9\u00adrielles et humaines, mais il avait d\u2019autres exi\u00adgences, car si le pr\u00e9\u00adsent lui don\u00adnait satis\u00adfac\u00adtion, il enten\u00addait aus\u00adsi se pr\u00e9\u00admu\u00adnir pour l\u2019avenir.<\/p>\n<p>Au contact for\u00adc\u00e9 des Euro\u00adp\u00e9ens, le pro\u00adl\u00e9\u00adta\u00adriat indi\u00adg\u00e8ne pou\u00advait prendre des exemples et pui\u00adser des ensei\u00adgne\u00adments&nbsp;: il fal\u00adlait parer \u00e0 cette \u00e9ventualit\u00e9.<\/p>\n<p>Le capi\u00adta\u00adlisme, cr\u00e9a\u00adteur d\u2019an\u00adta\u00adgo\u00adnismes, ne peut main\u00adte\u00adnir ses posi\u00adtions avan\u00adta\u00adgeuses qu\u2019\u00e0 la condi\u00adtion expresse que la masse des exploi\u00adt\u00e9s reste dans l\u2019\u00e9\u00adtat de mino\u00adri\u00adt\u00e9 men\u00adtale et de sou\u00admis\u00adsion abso\u00adlue&nbsp;: si pauvre que f\u00fbt l\u2019\u00e9\u00addu\u00adca\u00adtion des tra\u00advailleurs en France, elle obli\u00adgea le capi\u00adta\u00adlisme \u00e0 com\u00adpo\u00adser avec le monde du travail.<\/p>\n<p>En Alg\u00e9\u00adrie, les exploi\u00adteurs conscients du dan\u00adger entendent empo\u00adcher toute \u00e9vo\u00adlu\u00adtion sociale des indi\u00adg\u00e8nes et retar\u00adder la phase aigu\u00eb qui les oppo\u00adse\u00adra \u00e0 leurs ma\u00eetres&nbsp;; mais la sou\u00admis\u00adsion ne peut \u00eatre main\u00adte\u00adnue et le capi\u00adta\u00adlisme ne peut conser\u00adver le sta\u00adtu quo qu\u2019en main\u00adte\u00adnant le peuple colo\u00adnial dans l\u2019\u00e9\u00adtat d\u2019i\u00adgno\u00adrance, en lui refu\u00adsant toute pos\u00adsi\u00adbi\u00adli\u00adt\u00e9 d\u2019ins\u00adtruc\u00adtion et d\u2019\u00e9\u00addu\u00adca\u00adtion qui pour\u00adrait h\u00e2ter son d\u00e9ve\u00adlop\u00adpe\u00adment intel\u00adlec\u00adtuel, la conscience de ses droits et la connais\u00adsance de sa valeur humaine.<\/p>\n<p>En 1830, les indi\u00adg\u00e8nes ne rece\u00advaient l\u2019ins\u00adtruc\u00adtion que dans les \u00e9ta\u00adblis\u00adse\u00adments cora\u00adniques, centres reli\u00adgieux, foyers d\u2019obs\u00adcu\u00adran\u00adtisme au m\u00eame titre que toutes les \u00e9coles reli\u00adgieuses de France&nbsp;; n\u00e9an\u00admoins, ces \u00e9coles \u00e9taient fr\u00e9\u00adquen\u00adt\u00e9es par 300&nbsp;000 indig\u00e8nes.<\/p>\n<p>En 1930, les \u00e9coles indi\u00adg\u00e8nes, y com\u00adpris les \u00e9coles-gour\u00adbis sont au nombre de 520, avec 38&nbsp;000 \u00e9l\u00e8ves pour une popu\u00adla\u00adtion de 5 mil\u00adlions d\u2019ha\u00adbi\u00adtants, et ce chiffre est encore exa\u00adg\u00e9\u00adr\u00e9, car la situa\u00adtion mis\u00e9\u00adreuse des parents les oblige \u00e0 employer leurs enfants d\u00e8s l\u2019\u00e2ge de 6 \u00e0 8&nbsp;ans.<\/p>\n<p>Par contre, en Alg\u00e9\u00adrie, il existe 1&nbsp;200 \u00e9coles euro\u00adp\u00e9ennes, avec 110&nbsp;000 \u00e9l\u00e8ves pour 7 mil\u00adlions d\u2019ha\u00adbi\u00adtants. \u00c0 Alger-Ville, il y a 6&nbsp;000 enfants musul\u00admans des deux sexes dans la rue&nbsp;; dans les trois d\u00e9par\u00adte\u00adments, il y en a 600&nbsp;000. Les \u00e9coles sup\u00e9\u00adrieures, les M\u00e9der\u00adsas, ne re\u00e7oivent que les fils des grands chefs et des fonc\u00adtion\u00adnaires dont le loya\u00adlisme est acquis.<\/p>\n<p>C\u2019est bien la d\u00e9mons\u00adtra\u00adtion la plus \u00e9lo\u00adquente que capi\u00adta\u00adlistes arabes et capi\u00adta\u00adlistes euro\u00adp\u00e9ens s\u2019ac\u00adcordent pour le par\u00adtage des postes de com\u00adman\u00adde\u00adment et le main\u00adtien de l\u2019obs\u00adcu\u00adran\u00adtisme chez le peuple exploi\u00adt\u00e9, mal\u00adgr\u00e9 les demandes r\u00e9it\u00e9\u00adr\u00e9es d\u2019\u00e9\u00adcoles for\u00admu\u00adl\u00e9es par les indi\u00adg\u00e8nes eux-m\u00eames.<\/p>\n<p>Avec ces pr\u00e9\u00adcau\u00adtions, la colo\u00adni\u00adsa\u00adtion capi\u00adta\u00adliste prend des assu\u00adrances sur l\u2019a\u00adve\u00adnir, et le sys\u00adt\u00e8me d\u2019ex\u00adploi\u00adta\u00adtion a toute la coh\u00e9\u00adsion vou\u00adlue pour fonc\u00adtion\u00adner sans surprise.<\/p>\n<p>Aus\u00adsi le capi\u00adta\u00adlisme n\u2019a\u00advait plus rien \u00e0 se refu\u00adser en 1914, le recru\u00adte\u00adment obli\u00adga\u00adtoire des indi\u00adg\u00e8nes pou\u00advait ali\u00admen\u00adter ses arm\u00e9es&nbsp;: c\u2019est ce qu\u2019il&nbsp;fit.<\/p>\n<p>Jus\u00adqu\u2019en 1912, la conscrip\u00adtion \u00e9tait volon\u00adtaire, mais \u00e0 cette date M.&nbsp;Mes\u00adsi\u00admy pr\u00e9\u00adsen\u00adta un rap\u00adport \u00e0 la Chambre o\u00f9 il disait&nbsp;: \u00ab&nbsp;Nous ne sup\u00adpl\u00e9e\u00adrons aux insuf\u00adfi\u00adsances de notre nata\u00adli\u00adt\u00e9, et nous ne dis\u00adpo\u00adse\u00adrons d\u2019ef\u00adfec\u00adtifs capables par le nombre d\u2019\u00eatre oppo\u00ads\u00e9s \u00e0 ceux de l\u2019Al\u00adle\u00admagne, que si nous nous met\u00adtons d\u00e8s \u00e0 pr\u00e9\u00adsent en mesure d\u2019u\u00adti\u00adli\u00adser toutes les res\u00adsources en hommes qui se trouvent en Alg\u00e9rie.&nbsp;\u00bb<\/p>\n<p>D\u00e8s ce jour, l\u2019im\u00adp\u00f4t du sang fut appli\u00adqu\u00e9 aux Alg\u00e9\u00adriens&nbsp;; la conscrip\u00adtion fut ren\u00addue obli\u00adga\u00adtoire, et, mal\u00adgr\u00e9 la r\u00e9sis\u00adtance des Aur\u00e8s en 1916, la r\u00e9volte de Per\u00adre\u00adgaux en 1915, elle fut int\u00e9\u00adgra\u00adle\u00adment appli\u00adqu\u00e9e pen\u00addant la guerre 1914\u200a\u2013\u200a1918, o\u00f9 50&nbsp;000 Arabes trou\u00adv\u00e8rent la mort et dont 80&nbsp;000 revinrent mutil\u00e9s.<\/p>\n<p>C\u2019est clair, c\u2019est net, la colo\u00adnie est bien civilis\u00e9e&nbsp;!\u2026<\/p>\n<p>Dans l\u2019en\u00adsemble, l\u2019ar\u00adchi\u00adtec\u00adture est bien condi\u00adtion\u00adn\u00e9e elle ne manque ni de logique, ni de clar\u00adt\u00e9. En 1830, le capi\u00adta\u00adlisme embryon\u00adnaire su\u00e7ait irra\u00adtion\u00adnel\u00adle\u00adment le sang des bur\u00adnous&nbsp;; en gran\u00addis\u00adsant, ses exi\u00adgences se sont pr\u00e9\u00adci\u00ads\u00e9es et ses m\u00e9thodes se sont perfectionn\u00e9es.<\/p>\n<p>En 1930, le capi\u00adta\u00adlisme colo\u00adnial est deve\u00adnu grand, ses muscles ne lui suf\u00adfisent plus, le cer\u00adveau est venu diri\u00adger l\u2019en\u00adtre\u00adprise et coor\u00addon\u00adner les moyens d\u2019action.<\/p>\n<p>Un si\u00e8cle de colo\u00adni\u00adsa\u00adtion est pas\u00ads\u00e9&nbsp;; les don\u00adn\u00e9es du pro\u00adbl\u00e8me sont cla\u00adri\u00adfi\u00e9es, le capi\u00adta\u00adlisme triom\u00adphant f\u00eate sa vic\u00adtoire. C\u2019est son droit, mais l\u2019his\u00adtoire au jour le jour d\u00e9chire les voiles d\u00e9ma\u00adgo\u00adgiques, et la v\u00e9ri\u00adt\u00e9 se montre dans toute sa nudit\u00e9.<\/p>\n<p>La conqu\u00eate de l\u2019Al\u00adg\u00e9\u00adrie n\u2019est plus autre chose qu\u2019une d\u00e9mons\u00adtra\u00adtion par le fait de la colo\u00adni\u00adsa\u00adtion capitaliste.<\/p>\n<p>[\/\u200b\u00c9lie <sc>Ango\u00adnin<\/sc>\/\u200b]<\/p>\n<p>(\u00e0 suivre)<\/p>\n","protected":false},"excerpt":{"rendered":"<p>Apr\u00e8s diverses vicis\u00adsi\u00adtudes faites d\u2019in\u00adqui\u00e9\u00adtudes et d\u2019es\u00adp\u00e9\u00adrances, le par\u00adti jeune de la colo\u00adni\u00adsa\u00adtion fit pr\u00e9\u00adva\u00adloir ses vues&nbsp;; et ses desi\u00adde\u00adra\u00adta furent pris en consi\u00add\u00e9\u00adra\u00adtion par la Monar\u00adchie de Juillet. Les int\u00e9\u00adr\u00eats du Com\u00admerce, de l\u2019A\u00adgri\u00adcul\u00adture et de l\u2019In\u00addus\u00adtrie s\u2019i\u00adden\u00adti\u00adfiant \u00e0 ceux de la poli\u00adtique ext\u00e9\u00adrieure et m\u00e9tro\u00adpo\u00adli\u00adtaine, l\u2019af\u00adfaire fut conclue et l\u2019oc\u00adcu\u00adpa\u00adtion se d\u00e9ve\u00adlop\u00adpa suivant&nbsp;[\u2026]<\/p>\n","protected":false},"author":1,"featured_media":0,"comment_status":"closed","ping_status":"closed","sticky":false,"template":"","format":"standard","meta":{"wp_typography_post_enhancements_disabled":false,"footnotes":""},"categories":[360],"tags":[],"ppma_author":[540],"class_list":["post-3012","post","type-post","status-publish","format-standard","hentry","category-la-revue-anarchiste-na6-mai-1930"],"authors":[{"term_id":540,"user_id":1,"is_guest":0,"slug":"admin_3gikpwyf","display_name":"Vincent Dubuc","avatar_url":"https:\/\/secure.gravatar.com\/avatar\/d015720652c25fd2ced191ade86430094e1f288a17483713e3b34d26dea52507?s=96&d=mm&r=g","author_category":"","user_url":"https:\/\/la-presse-anarchiste.net","last_name":"Dubuc","first_name":"Vincent","job_title":"","description":""}],"_links":{"self":[{"href":"https:\/\/la-presse-anarchiste.net\/index.php\/wp-json\/wp\/v2\/posts\/3012","targetHints":{"allow":["GET"]}}],"collection":[{"href":"https:\/\/la-presse-anarchiste.net\/index.php\/wp-json\/wp\/v2\/posts"}],"about":[{"href":"https:\/\/la-presse-anarchiste.net\/index.php\/wp-json\/wp\/v2\/types\/post"}],"author":[{"embeddable":true,"href":"https:\/\/la-presse-anarchiste.net\/index.php\/wp-json\/wp\/v2\/users\/1"}],"replies":[{"embeddable":true,"href":"https:\/\/la-presse-anarchiste.net\/index.php\/wp-json\/wp\/v2\/comments?post=3012"}],"version-history":[{"count":0,"href":"https:\/\/la-presse-anarchiste.net\/index.php\/wp-json\/wp\/v2\/posts\/3012\/revisions"}],"wp:attachment":[{"href":"https:\/\/la-presse-anarchiste.net\/index.php\/wp-json\/wp\/v2\/media?parent=3012"}],"wp:term":[{"taxonomy":"category","embeddable":true,"href":"https:\/\/la-presse-anarchiste.net\/index.php\/wp-json\/wp\/v2\/categories?post=3012"},{"taxonomy":"post_tag","embeddable":true,"href":"https:\/\/la-presse-anarchiste.net\/index.php\/wp-json\/wp\/v2\/tags?post=3012"},{"taxonomy":"author","embeddable":true,"href":"https:\/\/la-presse-anarchiste.net\/index.php\/wp-json\/wp\/v2\/ppma_author?post=3012"}],"curies":[{"name":"wp","href":"https:\/\/api.w.org\/{rel}","templated":true}]}}