{"id":3026,"date":"1912-03-20T00:45:13","date_gmt":"1912-03-20T00:45:13","guid":{"rendered":"https:\/\/la-presse-anarchiste.net\/index.php\/2011\/09\/02\/parmi-les-pensers-eclos-2\/"},"modified":"2024-04-17T07:35:46","modified_gmt":"2024-04-17T07:35:46","slug":"parmi-les-pensers-eclos-2","status":"publish","type":"post","link":"https:\/\/la-presse-anarchiste.net\/index.php\/1912\/03\/20\/parmi-les-pensers-eclos-2\/","title":{"rendered":"Parmi les pensers \u00e9clos"},"content":{"rendered":"<div class=\"pdfprnt-buttons pdfprnt-buttons-post pdfprnt-top-right\"><a href=\"https:\/\/la-presse-anarchiste.net\/index.php\/wp-json\/wp\/v2\/posts\/3026?print=pdf\" class=\"pdfprnt-button pdfprnt-button-pdf\" target=\"_blank\"><img decoding=\"async\" src=\"https:\/\/la-presse-anarchiste.net\/wp-content\/plugins\/pdf-print\/images\/pdf.png\" alt=\"image_pdf\" title=\"Afficher le PDF\"><\/a><a href=\"https:\/\/la-presse-anarchiste.net\/index.php\/wp-json\/wp\/v2\/posts\/3026?print=print\" class=\"pdfprnt-button pdfprnt-button-print\" target=\"_blank\"><img decoding=\"async\" src=\"https:\/\/la-presse-anarchiste.net\/wp-content\/plugins\/pdf-print\/images\/print.png\" alt=\"image_print\" title=\"Contenu imprim\u00e9\"><\/a><\/div><p style=\"text-align: justify;\">\u00ab&nbsp;Vers l\u2019\u00c9\u00addu\u00adca\u00adtion humaine&nbsp;\u00bb\u200a\u2014\u200aLa La\u00efque contre l\u2019En\u00adfant par Ste\u00adphen Mac Say \u2013 2fr chez l\u2019A. \u00e0 Gour\u00addez par Lui\u00adsant (E. et L.) chez Schlei\u00adcher 8 r. Mon\u00adsieur le Prince Paris.<\/p>\n<p style=\"text-align: justify;\">Apr\u00e8s Paul Robin, Manuel Deval\u00add\u00e8s, Tol\u00adsto\u00ef, S. Faure, F. Fer\u00adrer L\u00e9on Cl\u00e9\u00adment et d\u2019autres moins glo\u00adrieux, th\u00e9o\u00adri\u00adciens et pra\u00adti\u00adciens de l\u2019\u00e9\u00addu\u00adca\u00adtion ration\u00adnelle, voi\u00adci un nou\u00adveau pr\u00e9\u00adcur\u00adseur Ste\u00adphen Mac Say, qui vient d\u2019\u00e9\u00adcrire \u00ab&nbsp;la La\u00efque contre l\u2019En\u00adfant&nbsp;\u00bb un bon et beau livre. \u00c9vi\u00addem\u00adment, je pour\u00adrais citer quelques extraits les plus saillants pour les lec\u00adteurs de la \u00ab&nbsp;V. A.&nbsp;\u00bb puissent se faire une id\u00e9e\u200a\u2014\u200aun peu faible\u200a\u2014\u200ade l\u2019im\u00adpor\u00adtance de l\u2019\u0153uvre, mais ce serait for\u00adc\u00e9\u00adment incom\u00adplet et le mieux qu\u2019ils puissent faire c\u2019est de lire ce tra\u00advail tout au long, tra\u00advail sus\u00adcep\u00adtible de m\u00e9di\u00adta\u00adtions pro\u00adfondes, d\u2019heu\u00adreuses acqui\u00adsi\u00adtions intel\u00adlec\u00adtuelles et morales vers une \u00e9du\u00adca\u00adtion plus saine, plus logique, en un mot naturelle.<\/p>\n<p style=\"text-align: justify;\">N\u2019ou\u00adblions pas que c\u2019est l\u00e0 une de nos pro\u00adpa\u00adgandes essen\u00adtielles propres \u00e0 sus\u00adci\u00adter des g\u00e9n\u00e9\u00adra\u00adtions meilleures en vue de l\u2019af\u00adfran\u00adchis\u00adse\u00adment humain.<\/p>\n<p style=\"text-align: justify;\">Peut-\u00eatre revien\u00addrai-je sur cet ouvrage, ici ou ailleurs, plus longuement.<\/p>\n<p style=\"text-align: justify;\">En atten\u00addant, tous ceux et celles qui liront ce livre ne per\u00addront ni leur temps ni leur argent.<\/p>\n<p style=\"text-align: center;\"><b>\u2013 O \u2013<\/b><\/p>\n<p style=\"text-align: justify;\">\u00ab&nbsp;L\u2019\u00c9\u00adter\u00adnel Ton\u00addu&nbsp;\u00bb, par L. Bon\u00adne\u00adry,. 115 route d\u2019Or\u00adl\u00e9ans, Mon\u00adtrouge (Seine)<\/p>\n<p style=\"text-align: justify;\">L. Bon\u00adne\u00adry vient de lan\u00adcer une nou\u00advelle bro\u00adchure, 10 C. \u00ab&nbsp;l\u2019\u00c9\u00adter\u00adnel Ton\u00addu&nbsp;\u00bb, o\u00f9 il raconte une par\u00adtie de sa vie rem\u00adplie de tra\u00ad\u00e7as et de dou\u00adleurs, c\u2019est la longue. plainte de l\u2019es\u00adclave contre toutes les formes d\u2019op\u00adpres\u00adsion, tant morales que mat\u00e9\u00adrielles, qui l\u2019en\u00adserrent chaque jour davan\u00adtage, mais c\u2019est aus\u00adsi le che\u00admin tra\u00adc\u00e9 vers la R\u00e9volte pour la lib\u00e9\u00adra\u00adtion d\u00e9fi\u00adni\u00adtive. E,. Bon\u00adne\u00adry conti\u00adnue \u00e0 reven\u00addi\u00adquer la R\u00e9gie Natu\u00adrelle avec ses c. les natu\u00adriens \u00c9galitaires.<\/p>\n<p style=\"text-align: right;\">H. Zis\u00adly<\/p>\n","protected":false},"excerpt":{"rendered":"<p>\u00ab&nbsp;Vers l\u2019\u00c9\u00addu\u00adca\u00adtion humaine&nbsp;\u00bb\u200a\u2014\u200aLa La\u00efque contre l\u2019En\u00adfant par Ste\u00adphen Mac Say \u2013 2fr chez l\u2019A. \u00e0 Gour\u00addez par Lui\u00adsant (E. et L.) chez Schlei\u00adcher 8 r. Mon\u00adsieur le Prince Paris. Apr\u00e8s Paul Robin, Manuel Deval\u00add\u00e8s, Tol\u00adsto\u00ef, S. Faure, F. Fer\u00adrer L\u00e9on Cl\u00e9\u00adment et d\u2019autres moins glo\u00adrieux, th\u00e9o\u00adri\u00adciens et pra\u00adti\u00adciens de l\u2019\u00e9\u00addu\u00adca\u00adtion ration\u00adnelle, voi\u00adci un nou\u00adveau pr\u00e9curseur&nbsp;[\u2026]<\/p>\n","protected":false},"author":192,"featured_media":6740,"comment_status":"closed","ping_status":"closed","sticky":false,"template":"wp-custom-template-page-d-article","format":"standard","meta":{"wp_typography_post_enhancements_disabled":false,"footnotes":""},"categories":[362],"tags":[553],"ppma_author":[862],"class_list":["post-3026","post","type-post","status-publish","format-standard","has-post-thumbnail","hentry","category-la-vie-anarchiste-na8-20-mars-1912","tag-bibliographie"],"authors":[{"term_id":862,"user_id":192,"is_guest":0,"slug":"henri-zisly","display_name":"Henri Zisly","avatar_url":"https:\/\/secure.gravatar.com\/avatar\/e603c6d8a8a0eaae258ae58534f74a2aa4280e0b7c030ddea98bddf1ea2e93de?s=96&d=mm&r=g","author_category":"","user_url":"","last_name":"Zisly","first_name":"Henri","job_title":"","description":""}],"_links":{"self":[{"href":"https:\/\/la-presse-anarchiste.net\/index.php\/wp-json\/wp\/v2\/posts\/3026","targetHints":{"allow":["GET"]}}],"collection":[{"href":"https:\/\/la-presse-anarchiste.net\/index.php\/wp-json\/wp\/v2\/posts"}],"about":[{"href":"https:\/\/la-presse-anarchiste.net\/index.php\/wp-json\/wp\/v2\/types\/post"}],"author":[{"embeddable":true,"href":"https:\/\/la-presse-anarchiste.net\/index.php\/wp-json\/wp\/v2\/users\/192"}],"replies":[{"embeddable":true,"href":"https:\/\/la-presse-anarchiste.net\/index.php\/wp-json\/wp\/v2\/comments?post=3026"}],"version-history":[{"count":2,"href":"https:\/\/la-presse-anarchiste.net\/index.php\/wp-json\/wp\/v2\/posts\/3026\/revisions"}],"predecessor-version":[{"id":6770,"href":"https:\/\/la-presse-anarchiste.net\/index.php\/wp-json\/wp\/v2\/posts\/3026\/revisions\/6770"}],"wp:featuredmedia":[{"embeddable":true,"href":"https:\/\/la-presse-anarchiste.net\/index.php\/wp-json\/wp\/v2\/media\/6740"}],"wp:attachment":[{"href":"https:\/\/la-presse-anarchiste.net\/index.php\/wp-json\/wp\/v2\/media?parent=3026"}],"wp:term":[{"taxonomy":"category","embeddable":true,"href":"https:\/\/la-presse-anarchiste.net\/index.php\/wp-json\/wp\/v2\/categories?post=3026"},{"taxonomy":"post_tag","embeddable":true,"href":"https:\/\/la-presse-anarchiste.net\/index.php\/wp-json\/wp\/v2\/tags?post=3026"},{"taxonomy":"author","embeddable":true,"href":"https:\/\/la-presse-anarchiste.net\/index.php\/wp-json\/wp\/v2\/ppma_author?post=3026"}],"curies":[{"name":"wp","href":"https:\/\/api.w.org\/{rel}","templated":true}]}}