{"id":3028,"date":"1912-03-20T00:55:18","date_gmt":"1912-03-20T00:55:18","guid":{"rendered":"https:\/\/la-presse-anarchiste.net\/index.php\/2011\/09\/02\/sur-la-greve-des-mineurs\/"},"modified":"2024-04-17T07:50:04","modified_gmt":"2024-04-17T07:50:04","slug":"sur-la-greve-des-mineurs","status":"publish","type":"post","link":"https:\/\/la-presse-anarchiste.net\/index.php\/1912\/03\/20\/sur-la-greve-des-mineurs\/","title":{"rendered":"Sur la gr\u00e8ve des mineurs"},"content":{"rendered":"<div class=\"pdfprnt-buttons pdfprnt-buttons-post pdfprnt-top-right\"><a href=\"https:\/\/la-presse-anarchiste.net\/index.php\/wp-json\/wp\/v2\/posts\/3028?print=pdf\" class=\"pdfprnt-button pdfprnt-button-pdf\" target=\"_blank\"><img decoding=\"async\" src=\"https:\/\/la-presse-anarchiste.net\/wp-content\/plugins\/pdf-print\/images\/pdf.png\" alt=\"image_pdf\" title=\"Afficher le PDF\"><\/a><a href=\"https:\/\/la-presse-anarchiste.net\/index.php\/wp-json\/wp\/v2\/posts\/3028?print=print\" class=\"pdfprnt-button pdfprnt-button-print\" target=\"_blank\"><img decoding=\"async\" src=\"https:\/\/la-presse-anarchiste.net\/wp-content\/plugins\/pdf-print\/images\/print.png\" alt=\"image_print\" title=\"Contenu imprim\u00e9\"><\/a><\/div><p style=\"text-align: justify;\">Un beau mou\u00adve\u00adment en Angle\u00adterre, en Alle\u00admagne et m\u00eame chez nous. Petit \u00e0 petit, l\u2019In\u00adter\u00adna\u00adtio\u00adnale s\u2019\u00e9\u00adla\u00adbore, se consti\u00adtue. D\u2019ailleurs, il n\u2019y a aucune rai\u00adson s\u00e9rieuse qui emp\u00eache les ouvriers de tous les pays de fra\u00adter\u00adni\u00adser&nbsp;; les capi\u00adta\u00adlistes \u00e0 tra\u00advers la pla\u00adn\u00e8te ont bien consti\u00adtu\u00e9 toutes sortes d\u2019u\u00adnions, d\u2019en\u00adtentes, de soci\u00e9\u00adt\u00e9s. Certes, la masse popu\u00adlaire, inter\u00adna\u00adtio\u00adnale est une belle col\u00adlec\u00adtion d\u2019a\u00adbru\u00adtis, mais je ne vois pas en quoi se dis\u00adtinguent les bour\u00adgeois&nbsp;: ils ne sont pas moins abru\u00adtis mais ils ont des&nbsp;sous&nbsp;!<\/p>\n<p style=\"text-align: justify;\">Les mineurs anglais par leur beau mou\u00adve\u00adment de soli\u00adda\u00adri\u00adt\u00e9 ont prou\u00adv\u00e9 qu\u2019il fal\u00adlait comp\u00adter avec eux, qu\u2019un jour vien\u00addra o\u00f9 ils pr\u00e9\u00adten\u00addront qu\u2019un pro\u00adbl\u00e8me se pose, celui de savoir \u00e0 qui les mines doivent appar\u00adte\u00adnir&nbsp;: aux pro\u00adpri\u00e9\u00adtaires, aux mineurs ou \u00e0 l\u2019\u00e9\u00adtat. Ce jour-l\u00e0 je serai encore content.<\/p>\n<p style=\"text-align: justify;\">Pour aujourd\u2019\u00adhui que je sache qu\u2019ils feront un peu moins de bou\u00adlot, \u00e7a me fait plai\u00adsir&nbsp;; moins les gens et les b\u00eates sont encha\u00ee\u00adn\u00e9s, plus je suis satisfait.<\/p>\n<p style=\"text-align: justify;\"><b>Mani\u00adfes\u00adta\u00adtion anti\u00admi\u00adli\u00adta\u00adriste<\/b>\u200a\u2014\u200aAu len\u00adde\u00admain de la mani\u00adfes\u00adta\u00adtion gran\u00addiose que sus\u00adci\u00adta le trans\u00adport du corps d\u2019Aer\u00adnoult \u00e0 tra\u00advers Paris, une grande joie emplit le c\u0153ur de tous les anti\u00admi\u00adli\u00adta\u00adristes. Nous consta\u00adtions une fois de plus que la masse du peuple en a assez des bat d\u2019af et de toutes les sec\u00adtions et com\u00adpa\u00adgnies sp\u00e9\u00adciales, o\u00f9 les chaous mar\u00adty\u00adrisent les types que la d\u00e9veine a jet\u00e9 dans leurs griffes. Non seule\u00adment les copains qui \u00e9taient l\u00e0 mani\u00adfes\u00adtaient en faveur de Rous\u00adset parce qu\u2019ils pen\u00adsaient que cette mani\u00adfes\u00adta\u00adtion influen\u00adce\u00adrait le public et le pou\u00advoir, mais encore les deux cents mille mani\u00adfes\u00adtants mani\u00adfes\u00adtaient sur\u00adtout contre l\u2019ar\u00adm\u00e9e, car tout le monde en a assez des arm\u00e9es per\u00adma\u00adnentes&nbsp;: leur temps est fini et ce jour-l\u00e0 Paris l\u2019a bien manifest\u00e9.<\/p>\n<p style=\"text-align: justify;\">Certes, nous avons eu depuis les retraites \u00e0 Mil\u00adle\u00adrand, la revue de Vin\u00adcennes et \u00e7a aus\u00adsi ce sont des mani\u00adfes\u00adta\u00adtions, mais c\u2019est d\u00e9j\u00e0 un fort joli r\u00e9sul\u00adtat que les mani\u00adfes\u00adta\u00adtions des anti\u00admi\u00adli\u00adta\u00adristes \u00e9galent celles des patriotes. Nous n\u2019a\u00advons qu\u2019\u00e0 per\u00ads\u00e9\u00adv\u00e9\u00adrer, l\u2019an\u00adti\u00admi\u00adli\u00adta\u00adrisme fait des progr\u00e8s.<\/p>\n<p style=\"text-align: justify;\">Tout de m\u00eame, je ne me monte pas le coup sur la mani\u00adfes\u00adta\u00adtion Aer\u00adnould, sur les mineurs qui sont capables de res\u00adter quelques jours en gr\u00e8ve. Tous les ans il y a quelque \u00ab&nbsp;mou\u00adve\u00adment&nbsp;\u00bb sem\u00adblable de pro\u00adl\u00e9\u00adtaires,\u200a\u2014\u200aun \u00e9clair\u200a\u2014\u200apuis l\u2019es\u00adclave, le citoyen retourne \u00e0 l\u2019es\u00adcla\u00advage, comme le chien \u00e0 sa cha\u00eene.<\/p>\n<p style=\"text-align: right;\">G. Butaud<\/p>\n","protected":false},"excerpt":{"rendered":"<p>Un beau mou\u00adve\u00adment en Angle\u00adterre, en Alle\u00admagne et m\u00eame chez nous. Petit \u00e0 petit, l\u2019In\u00adter\u00adna\u00adtio\u00adnale s\u2019\u00e9\u00adla\u00adbore, se consti\u00adtue. D\u2019ailleurs, il n\u2019y a aucune rai\u00adson s\u00e9rieuse qui emp\u00eache les ouvriers de tous les pays de fra\u00adter\u00adni\u00adser&nbsp;; les capi\u00adta\u00adlistes \u00e0 tra\u00advers la pla\u00adn\u00e8te ont bien consti\u00adtu\u00e9 toutes sortes d\u2019u\u00adnions, d\u2019en\u00adtentes, de soci\u00e9\u00adt\u00e9s. Certes, la masse popu\u00adlaire, internationale&nbsp;[\u2026]<\/p>\n","protected":false},"author":185,"featured_media":6740,"comment_status":"closed","ping_status":"closed","sticky":false,"template":"wp-custom-template-page-d-article","format":"standard","meta":{"wp_typography_post_enhancements_disabled":false,"footnotes":""},"categories":[362],"tags":[575],"ppma_author":[855],"class_list":["post-3028","post","type-post","status-publish","format-standard","has-post-thumbnail","hentry","category-la-vie-anarchiste-na8-20-mars-1912","tag-luttes-ouvrieres"],"authors":[{"term_id":855,"user_id":185,"is_guest":0,"slug":"georges-butaud","display_name":"Georges Butaud","avatar_url":"https:\/\/secure.gravatar.com\/avatar\/5ce0b5dedaed2f524179bdb1d903ddc7d372fbeddf27380988064c85c8071da8?s=96&d=mm&r=g","author_category":"","user_url":"","last_name":"Butaud","first_name":"Georges","job_title":"","description":""}],"_links":{"self":[{"href":"https:\/\/la-presse-anarchiste.net\/index.php\/wp-json\/wp\/v2\/posts\/3028","targetHints":{"allow":["GET"]}}],"collection":[{"href":"https:\/\/la-presse-anarchiste.net\/index.php\/wp-json\/wp\/v2\/posts"}],"about":[{"href":"https:\/\/la-presse-anarchiste.net\/index.php\/wp-json\/wp\/v2\/types\/post"}],"author":[{"embeddable":true,"href":"https:\/\/la-presse-anarchiste.net\/index.php\/wp-json\/wp\/v2\/users\/185"}],"replies":[{"embeddable":true,"href":"https:\/\/la-presse-anarchiste.net\/index.php\/wp-json\/wp\/v2\/comments?post=3028"}],"version-history":[{"count":2,"href":"https:\/\/la-presse-anarchiste.net\/index.php\/wp-json\/wp\/v2\/posts\/3028\/revisions"}],"predecessor-version":[{"id":6774,"href":"https:\/\/la-presse-anarchiste.net\/index.php\/wp-json\/wp\/v2\/posts\/3028\/revisions\/6774"}],"wp:featuredmedia":[{"embeddable":true,"href":"https:\/\/la-presse-anarchiste.net\/index.php\/wp-json\/wp\/v2\/media\/6740"}],"wp:attachment":[{"href":"https:\/\/la-presse-anarchiste.net\/index.php\/wp-json\/wp\/v2\/media?parent=3028"}],"wp:term":[{"taxonomy":"category","embeddable":true,"href":"https:\/\/la-presse-anarchiste.net\/index.php\/wp-json\/wp\/v2\/categories?post=3028"},{"taxonomy":"post_tag","embeddable":true,"href":"https:\/\/la-presse-anarchiste.net\/index.php\/wp-json\/wp\/v2\/tags?post=3028"},{"taxonomy":"author","embeddable":true,"href":"https:\/\/la-presse-anarchiste.net\/index.php\/wp-json\/wp\/v2\/ppma_author?post=3028"}],"curies":[{"name":"wp","href":"https:\/\/api.w.org\/{rel}","templated":true}]}}