{"id":3038,"date":"2011-09-03T08:24:00","date_gmt":"2011-09-03T08:24:00","guid":{"rendered":"https:\/\/la-presse-anarchiste.net\/index.php\/2011\/09\/03\/causes-de-la-decadence-anarchiste\/"},"modified":"2011-09-03T08:24:00","modified_gmt":"2011-09-03T08:24:00","slug":"causes-de-la-decadence-anarchiste","status":"publish","type":"post","link":"https:\/\/la-presse-anarchiste.net\/index.php\/2011\/09\/03\/causes-de-la-decadence-anarchiste\/","title":{"rendered":"Causes de la d\u00e9cadence anarchiste"},"content":{"rendered":"<div class=\"pdfprnt-buttons pdfprnt-buttons-post pdfprnt-top-right\"><a href=\"https:\/\/la-presse-anarchiste.net\/index.php\/wp-json\/wp\/v2\/posts\/3038?print=pdf\" class=\"pdfprnt-button pdfprnt-button-pdf\" target=\"_blank\"><img decoding=\"async\" src=\"https:\/\/la-presse-anarchiste.net\/wp-content\/plugins\/pdf-print\/images\/pdf.png\" alt=\"image_pdf\" title=\"Afficher le PDF\"><\/a><a href=\"https:\/\/la-presse-anarchiste.net\/index.php\/wp-json\/wp\/v2\/posts\/3038?print=print\" class=\"pdfprnt-button pdfprnt-button-print\" target=\"_blank\"><img decoding=\"async\" src=\"https:\/\/la-presse-anarchiste.net\/wp-content\/plugins\/pdf-print\/images\/print.png\" alt=\"image_print\" title=\"Contenu imprim\u00e9\"><\/a><\/div><p>Depuis long\u00adtemps j\u2019en\u00adtends par\u00adler de la crise que subit l\u2019a\u00adnar\u00adchisme, de l\u2019a\u00adban\u00addon de la pro\u00adpa\u00adgande, du peu de cama\u00adrades qui fr\u00e9\u00adquentent les groupes et de la crainte de voir nos jour\u00adnaux dis\u00adpa\u00adra\u00eetre par suite de l\u2019\u00e9\u00adtat tou\u00adjours pr\u00e9\u00adcaire de leur caisse.<\/p>\n<p>Il est vrai qu\u2019\u00e0 une cer\u00adtaine \u00e9poque, au moment de la p\u00e9riode h\u00e9ro\u00efque, nous avions des jour\u00adnaux qui, momen\u00adta\u00adn\u00e9\u00adment, eurent un tr\u00e8s fort tirage\u200a\u2014\u200ale P\u00e8re Pei\u00adnard, par\u00adti\u00adcu\u00adli\u00e8\u00adre\u00adment \u00e9tait fort en vogue dans la classe ouvri\u00e8re. \u00c0 ce moment, on croyait \u00e0 la r\u00e9vo\u00adlu\u00adtion&nbsp;; beau\u00adcoup de copains pen\u00adsaient qu\u2019a\u00advant quelques ann\u00e9es c\u2019en serait fait, de la soci\u00e9\u00adt\u00e9 bour\u00adgeoise. La popu\u00adla\u00adtion ouvri\u00e8re \u00e9tait pure\u00adment r\u00e9vo\u00adlu\u00adtion\u00adnaire, pr\u00eate \u00e0 mar\u00adcher&nbsp;; la r\u00e9pres\u00adsion impi\u00adtoyable de la com\u00admune \u00e9tait d\u00e9j\u00e0 loin&nbsp;; la puis\u00adsance du socia\u00adlisme actuel, \u00e9lec\u00adto\u00adral, r\u00e9for\u00admiste, ne se r\u00e9v\u00e9\u00adlait pas encore, les quelques pro\u00adpa\u00adgan\u00addistes socia\u00adlistes, ora\u00adteurs ou \u00e9cri\u00advains, \u00e9taient r\u00e9so\u00adlu\u00adment r\u00e9vo\u00adlu\u00adtion\u00adnaires&nbsp;; des villes enti\u00e8res \u00e9taient acquises \u00e0 la r\u00e9vo\u00adlu\u00adtion, non point parce que leurs popu\u00adla\u00adtions \u00e9taient v\u00e9ri\u00adta\u00adble\u00adment \u00e9clai\u00adr\u00e9es, mais sim\u00adple\u00adment parce qu\u2019elles ne voyaient aucune autre issue pour s\u2019affranchir.<\/p>\n<p>La r\u00e9pres\u00adsion est venue avec les lois sc\u00e9\u00adl\u00e9\u00adrates. Aucune action r\u00e9vo\u00adlu\u00adtion\u00adnaire ne se pr\u00e9\u00adci\u00adsant, ne reliant entre eux les mili\u00adtants pour la lutte en une esp\u00e9\u00adrance de vic\u00adtoire pro\u00adchaine, la ter\u00adreur r\u00e9gna en plein&nbsp;; cer\u00adtains reni\u00e8rent leurs id\u00e9es, la plu\u00adpart se turent, la meur\u00adtri\u00e8re paix sociale ne fut plus trou\u00adbl\u00e9e par la crainte d\u2019une r\u00e9vo\u00adlu\u00adtion pro\u00adchaine, le tirage des jour\u00adnaux bais\u00adsa, la crise commen\u00e7a.<\/p>\n<p>Cepen\u00addant, gr\u00e2ce \u00e0 la pro\u00adpa\u00adgande ant\u00e9\u00adrieure, des id\u00e9es avaient p\u00e9n\u00e9\u00adtr\u00e9 les masses&nbsp;; la pro\u00adpri\u00e9\u00adt\u00e9, la reli\u00adgion, la patrie avaient s\u00e9rieu\u00adse\u00adment \u00e9t\u00e9 atta\u00adqu\u00e9es&nbsp;; il en res\u00adtait quelque chose dans les esprits&nbsp;; les par\u00adtis poli\u00adtiques avan\u00adc\u00e9s en pro\u00adfi\u00adt\u00e8rent&nbsp;: les jour\u00adna\u00adlistes socia\u00adlistes r\u00e9vo\u00adlu\u00adtion\u00adnaires, les ora\u00adteurs se r\u00e9v\u00e9\u00adl\u00e8rent oppor\u00adtu\u00adnistes et les anciens per\u00adtur\u00adba\u00adteurs vinrent les appuyer de leurs bul\u00adle\u00adtins de vote\u200a\u2014\u200aarme ramas\u00ads\u00e9e \u00e0 nou\u00adveau\u200a\u2014\u200ale pro\u00adgramme socia\u00adliste ral\u00adlia les enne\u00admis du gou\u00adver\u00adne\u00adment bour\u00adgeois. Par\u00adti\u00adcu\u00adli\u00e8\u00adre\u00adment dans les villes, o\u00f9 la r\u00e9pres\u00adsion contre les anar\u00adchistes fut \u00e9ner\u00adgique, les mili\u00adtants qui avaient \u00e9t\u00e9 inqui\u00e9\u00adt\u00e9s, empri\u00adson\u00adn\u00e9s, et for\u00adte\u00adment g\u00ean\u00e9s par les lois sc\u00e9\u00adl\u00e9\u00adrates, ne purent refou\u00adler le nou\u00adveau cou\u00adrant socia\u00adliste gros\u00adsi d\u2019\u00e9l\u00e9\u00adments qui autre\u00adfois \u00e9taient acquis au mou\u00adve\u00adment r\u00e9volutionnaire.<\/p>\n<p>Un exemple\u200a\u2014\u200aDer\u00adni\u00e8\u00adre\u00adment, j\u2019ai re\u00e7u une lettre d\u2019un cama\u00adrade d\u2019une ville de tis\u00adsage dont, \u00e0 un moment don\u00adn\u00e9, toute la popu\u00adla\u00adtion ouvri\u00e8re \u00e9tait acquise au mou\u00adve\u00adment r\u00e9vo\u00adlu\u00adtion\u00adnaire&nbsp;; il me dit&nbsp;: \u00ab&nbsp;Dans cette ville de 25000 \u00e2mes, il se vend 6 Liber\u00adtaires et autant de Temps Nou\u00adveaux\u200a\u2014\u200ac\u2019est une g\u00e9n\u00e9\u00adra\u00adtion de per\u00addue. Autre\u00adfois, quand dans le P\u00e8re Pei\u00adnard, il y avait un entre\u00adfi\u00adlet sur un fait local de lutte ouvri\u00e8re, il s\u2019y ven\u00addait 200 num\u00e9ros.&nbsp;\u00bb<\/p>\n<p>De ce fait de la vente occa\u00adsion\u00adnelle impor\u00adtante d\u2019un num\u00e9\u00adro d\u2019un jour\u00adnal anar\u00adchiste\u200a\u2014\u200apar suite d\u2019un cas de lutte locale\u200a\u2014\u200aon peut d\u00e9duire que ce n\u2019est que super\u00adfi\u00adciel\u00adle\u00adment que les popu\u00adla\u00adtions \u00e9taient tou\u00adch\u00e9es par notre pro\u00adpa\u00adgande. Il suf\u00adfit d\u2019une p\u00e9riode de ter\u00adreur pour que les par\u00adle\u00admen\u00adtaires avan\u00adc\u00e9s prennent la place des meneurs anarchistes.<\/p>\n<p>[|<b>\u00a7\u00a7\u00a7\u00a7\u00a7\u00a7\u00a7\u00a7\u00a7\u00a7\u00a7\u00a7\u00a7\u00a7<\/b>|]<br>\n<\/p>\n<p>\tLes meneurs anar\u00adchistes, autre\u00adfois, en g\u00e9n\u00e9\u00adral, \u00e9taient des r\u00e9vo\u00adlu\u00adtion\u00adnaires com\u00admu\u00adnistes qui n\u2019a\u00advaient comme but que de ren\u00adver\u00adser la soci\u00e9\u00adt\u00e9 bour\u00adgeoise par un coup de force, par une suite de coups de force, par la r\u00e9volte du pro\u00adl\u00e9\u00adta\u00adriat, qui aurait fait table rase du vieux sys\u00adt\u00e8me de pro\u00adpri\u00e9\u00adt\u00e9 indi\u00advi\u00adduelle, d\u2019or\u00adga\u00adni\u00adsa\u00adtion sociale bas\u00e9e sur une cen\u00adtra\u00adli\u00adsa\u00adtion \u00e0 outrance et aurait ins\u00adtau\u00adr\u00e9 le com\u00admu\u00adnisme&nbsp;; les hommes, grou\u00adp\u00e9s en com\u00admunes f\u00e9d\u00e9\u00adr\u00e9es, consti\u00adtue\u00adraient l\u2019a\u00adnar\u00adchie mon\u00addiale, o\u00f9 la fra\u00adter\u00adni\u00adt\u00e9 r\u00e9gne\u00adrait&nbsp;: c\u2019\u00e9\u00adtaient des anar\u00adchistes futu\u00adristes. Blan\u00adquistes par leur r\u00e9vo\u00adlu\u00adtion\u00adna\u00adrisme, qua\u00adrante-hui\u00adtards par leur m\u00e9thode de cri\u00adtique de la pro\u00adpri\u00e9\u00adt\u00e9 indi\u00advi\u00adduelle, imbus aus\u00adsi de r\u00e9mi\u00adnis\u00adcences de Jean-Jacques, ils ren\u00addaient l\u2019or\u00adga\u00adni\u00adsa\u00adtion sociale bour\u00adgeoise res\u00adpon\u00adsable de toute la souf\u00adfrance sociale.<\/p>\n<p>Seuls jus\u00adqu\u2019a\u00adlors les bour\u00adgeois, les conser\u00adva\u00adteurs de l\u2019ordre s\u2019\u00e9\u00adtaient mis \u00e0 faire la cri\u00adtique du r\u00eave anar\u00adchiste et consi\u00add\u00e9\u00adr\u00e9s comme pro\u00adfi\u00adteurs, leur cri\u00adtique n\u2019a\u00advait pas \u00e9bran\u00adl\u00e9 la foi anar\u00adchiste. Tous les r\u00e9vo\u00adlu\u00adtion\u00adnaires mus par la crainte d\u2019ar\u00adr\u00ea\u00adter leur \u00e9lan, en per\u00addant leur temps en dis\u00adcus\u00adsions vaines, empres\u00ads\u00e9s de mar\u00adcher \u00e0 l\u2019as\u00adsaut de la soci\u00e9\u00adt\u00e9 bour\u00adgeoise de suite, avec les armes qu\u2019ils avaient en mains, ral\u00adli\u00e9s en masse autour du dra\u00adpeau de la R\u00e9vo\u00adlu\u00adtion\u200a\u2014\u200arouge et noir\u200a\u2014\u200ane tinrent compte de l\u2019in\u00addi\u00advi\u00addu que pour en faire un enthou\u00adsiaste en lui fai\u00adsant entre\u00advoir dans le futur demain, le r\u00eave de fra\u00adter\u00adni\u00adt\u00e9, d\u2019hu\u00adma\u00adni\u00adt\u00e9, d\u2019a\u00admour, qui devien\u00addrait r\u00e9a\u00adli\u00adt\u00e9 s\u2019il vain\u00adquait par sa bra\u00advoure et sa hardiesse&nbsp;!<\/p>\n<p>La d\u00e9ban\u00addade venue, l\u2019ac\u00adtion se mua en dis\u00adcus\u00adsions, on n\u2019a\u00adgit plus ou plu\u00adt\u00f4t on agit moins, on r\u00e9fl\u00e9\u00adchit davan\u00adtage, on se dis\u00adcu\u00adta et soi-m\u00eame et son r\u00eave. La cri\u00adtique de l\u2019a\u00adnar\u00adchie par les anar\u00adchistes se dou\u00adbla de la cri\u00adtique des anar\u00adchistes, obser\u00adv\u00e9s au point de vue anar\u00adchiste. Nous en sommes l\u00e0. Est-ce une \u00e9tape&nbsp;? En tout cas, c\u2019est&nbsp;ainsi.<\/p>\n<p>[|<b>\u00a7\u00a7\u00a7\u00a7\u00a7\u00a7\u00a7\u00a7\u00a7\u00a7\u00a7\u00a7\u00a7\u00a7<\/b>|]<br>\n<\/p>\n<p>La cri\u00adtique de l\u2019a\u00adnar\u00adchie d\u00e9cou\u00advrit que les aspi\u00adra\u00adtions de consom\u00adma\u00adtion, de jouis\u00adsance, de volup\u00adt\u00e9 \u00e9taient illi\u00admi\u00adt\u00e9es, que les moyens de pro\u00adduc\u00adtion l\u2019\u00e9\u00adtaient, que les pr\u00e9\u00adju\u00adg\u00e9s indi\u00advi\u00adduels, non d\u00e9truits avant la r\u00e9vo\u00adlu\u00adtion, ne dis\u00adpa\u00adra\u00ee\u00adtraient pas aux pre\u00admiers jours de la liber\u00adt\u00e9, que les colons qui d\u00e9barquent dans une \u00eele d\u00e9serte apportent avec eux, en eux, toutes les qua\u00adli\u00adt\u00e9s, tous les d\u00e9fauts qui se retrou\u00adve\u00adront in\u00e9\u00adluc\u00adta\u00adble\u00adment dans les \u0153uvres, dans les orga\u00adni\u00adsa\u00adtions, qu\u2019ils cr\u00e9e\u00adront. En un mot, on \u00e9tu\u00addia, on cri\u00adti\u00adqua l\u2019a\u00adnar\u00adchie future, on ten\u00adta d\u2019en pr\u00e9\u00adci\u00adser cer\u00adtains carac\u00adt\u00e8res, elle n\u2019ap\u00adpa\u00adrut plus comme un article de foi, mais comme une chose de rai\u00adson que l\u2019on n\u2019\u00e9\u00adta\u00adbli\u00adrait que par une volon\u00adt\u00e9 opi\u00adni\u00e2tre et \u00e9clai\u00adr\u00e9e et du m\u00eame coup on fut conduit \u00e0 \u00e9tu\u00addier ce que devaient \u00eatre les arti\u00adsans d\u2019une \u0153uvre si consi\u00add\u00e9\u00adrable, de longue haleine, qui ne se r\u00e9a\u00adli\u00adse\u00adrait pour l\u2019hu\u00adma\u00adni\u00adt\u00e9 enti\u00e8re qu\u2019a\u00advec le concours des si\u00e8cles.<\/p>\n<p>On avait trou\u00adv\u00e9 des foules pour accla\u00admer la vision d\u2019un r\u00eave de f\u00e9li\u00adci\u00adt\u00e9, des enthou\u00adsiastes pour ten\u00adter de l\u2019at\u00adteindre. Il est humain, il est com\u00adpr\u00e9\u00adhen\u00adsible que l\u2019on ne trouve pas de grandes quan\u00adti\u00adt\u00e9s de gens qui veulent se pr\u00e9\u00adpa\u00adrer par un tra\u00advail constant d\u2019\u00e9\u00adtude et de trans\u00adfor\u00adma\u00adtion indi\u00advi\u00adduelle \u00e0 \u00eatre les bons ouvriers d\u2019une \u0153uvre, dont les qua\u00adli\u00adt\u00e9s seront exac\u00adte\u00adment en rap\u00adport avec les&nbsp;leurs.<\/p>\n<p>Telle est la cause de l\u00e0 pr\u00e9\u00adten\u00addue d\u00e9ca\u00addence anarchiste.<\/p>\n<p>[\/\u200bG. <sc>Butaud<\/sc>\/\u200b]<\/p>\n","protected":false},"excerpt":{"rendered":"<p>Depuis long\u00adtemps j\u2019en\u00adtends par\u00adler de la crise que subit l\u2019a\u00adnar\u00adchisme, de l\u2019a\u00adban\u00addon de la pro\u00adpa\u00adgande, du peu de cama\u00adrades qui fr\u00e9\u00adquentent les groupes et de la crainte de voir nos jour\u00adnaux dis\u00adpa\u00adra\u00eetre par suite de l\u2019\u00e9\u00adtat tou\u00adjours pr\u00e9\u00adcaire de leur caisse. Il est vrai qu\u2019\u00e0 une cer\u00adtaine \u00e9poque, au moment de la p\u00e9riode h\u00e9ro\u00efque, nous&nbsp;[\u2026]<\/p>\n","protected":false},"author":1,"featured_media":0,"comment_status":"closed","ping_status":"closed","sticky":false,"template":"","format":"standard","meta":{"wp_typography_post_enhancements_disabled":false,"footnotes":""},"categories":[363],"tags":[],"ppma_author":[540],"class_list":["post-3038","post","type-post","status-publish","format-standard","hentry","category-la-vie-anarchiste-na9-8-avril-1912"],"authors":[{"term_id":540,"user_id":1,"is_guest":0,"slug":"admin_3gikpwyf","display_name":"Vincent Dubuc","avatar_url":"https:\/\/secure.gravatar.com\/avatar\/d015720652c25fd2ced191ade86430094e1f288a17483713e3b34d26dea52507?s=96&d=mm&r=g","author_category":"","user_url":"https:\/\/la-presse-anarchiste.net","last_name":"Dubuc","first_name":"Vincent","job_title":"","description":""}],"_links":{"self":[{"href":"https:\/\/la-presse-anarchiste.net\/index.php\/wp-json\/wp\/v2\/posts\/3038","targetHints":{"allow":["GET"]}}],"collection":[{"href":"https:\/\/la-presse-anarchiste.net\/index.php\/wp-json\/wp\/v2\/posts"}],"about":[{"href":"https:\/\/la-presse-anarchiste.net\/index.php\/wp-json\/wp\/v2\/types\/post"}],"author":[{"embeddable":true,"href":"https:\/\/la-presse-anarchiste.net\/index.php\/wp-json\/wp\/v2\/users\/1"}],"replies":[{"embeddable":true,"href":"https:\/\/la-presse-anarchiste.net\/index.php\/wp-json\/wp\/v2\/comments?post=3038"}],"version-history":[{"count":0,"href":"https:\/\/la-presse-anarchiste.net\/index.php\/wp-json\/wp\/v2\/posts\/3038\/revisions"}],"wp:attachment":[{"href":"https:\/\/la-presse-anarchiste.net\/index.php\/wp-json\/wp\/v2\/media?parent=3038"}],"wp:term":[{"taxonomy":"category","embeddable":true,"href":"https:\/\/la-presse-anarchiste.net\/index.php\/wp-json\/wp\/v2\/categories?post=3038"},{"taxonomy":"post_tag","embeddable":true,"href":"https:\/\/la-presse-anarchiste.net\/index.php\/wp-json\/wp\/v2\/tags?post=3038"},{"taxonomy":"author","embeddable":true,"href":"https:\/\/la-presse-anarchiste.net\/index.php\/wp-json\/wp\/v2\/ppma_author?post=3038"}],"curies":[{"name":"wp","href":"https:\/\/api.w.org\/{rel}","templated":true}]}}