{"id":3041,"date":"2011-09-03T08:23:58","date_gmt":"2011-09-03T08:23:58","guid":{"rendered":"https:\/\/la-presse-anarchiste.net\/index.php\/2011\/09\/03\/reflexions-sur-lindividualisme\/"},"modified":"2011-09-03T08:23:58","modified_gmt":"2011-09-03T08:23:58","slug":"reflexions-sur-lindividualisme","status":"publish","type":"post","link":"https:\/\/la-presse-anarchiste.net\/index.php\/2011\/09\/03\/reflexions-sur-lindividualisme\/","title":{"rendered":"R\u00e9flexions sur l\u2019individualisme"},"content":{"rendered":"<div class=\"pdfprnt-buttons pdfprnt-buttons-post pdfprnt-top-right\"><a href=\"https:\/\/la-presse-anarchiste.net\/index.php\/wp-json\/wp\/v2\/posts\/3041?print=pdf\" class=\"pdfprnt-button pdfprnt-button-pdf\" target=\"_blank\"><img decoding=\"async\" src=\"https:\/\/la-presse-anarchiste.net\/wp-content\/plugins\/pdf-print\/images\/pdf.png\" alt=\"image_pdf\" title=\"Afficher le PDF\"><\/a><a href=\"https:\/\/la-presse-anarchiste.net\/index.php\/wp-json\/wp\/v2\/posts\/3041?print=print\" class=\"pdfprnt-button pdfprnt-button-print\" target=\"_blank\"><img decoding=\"async\" src=\"https:\/\/la-presse-anarchiste.net\/wp-content\/plugins\/pdf-print\/images\/print.png\" alt=\"image_print\" title=\"Contenu imprim\u00e9\"><\/a><\/div><p>Devant la d\u00e9g\u00e9\u00adn\u00e9\u00adres\u00adcence du mou\u00adve\u00adment anar\u00adchiste il est indis\u00adpen\u00adsable d\u2019en signa\u00adler l\u2019er\u00adreur, le d\u00e9faut, la cause initiale.<\/p>\n<p>L\u2019a\u00adnar\u00adchiste est contre l\u2019au\u00adto\u00adri\u00adt\u00e9, l\u2019ex\u00adploi\u00adta\u00adtion, le capi\u00adtal, etc. Cela a plu et frap\u00adp\u00e9 cer\u00adtaines per\u00adsonnes dont la conscience ne pou\u00advait admettre ces ins\u00adti\u00adtu\u00adtions comme devant r\u00e9gir l\u2019hu\u00adma\u00adni\u00adt\u00e9&nbsp;; mais cela a sur\u00adtout plu \u00e0 une cat\u00e9\u00adgo\u00adrie d\u2019in\u00addi\u00advi\u00addus qui ne peuvent admettre l\u2019ex\u00adploi\u00adta\u00adtion que parce qu\u2019elle les oblige \u00e0 secouer leur paresse. Venus \u00e0 nous, ils trou\u00adv\u00e8rent par l\u00e0 un ter\u00adrain pro\u00adpice \u00e0 la mani\u00adfes\u00adta\u00adtion de leur apa\u00adthie. \u00c0 la longue ils acquirent quelques connais\u00adsances qu\u2019ils s\u2019as\u00adsi\u00admi\u00adl\u00e8rent tr\u00e8s mal. Ils sont deve\u00adnus anar\u00adchistes ou du moins ils le croient, tou\u00adjours est-il qu\u2019ils bavardent ou p\u00e9rorent sur l\u2019anarchie.<\/p>\n<p>Eh bien, dis\u00adcu\u00adtez un peu avec ces indi\u00advi\u00addus dont la convic\u00adtion est peu assise, \u00e9plu\u00adchez leurs th\u00e9o\u00adries peu sou\u00adte\u00adnables et parois inavouables, vite ils vous parlent de leur indi\u00advi\u00addu, \u00e9cou\u00adtez plu\u00adt\u00f4t \u00ab&nbsp;mon Indi\u00advi\u00addu&nbsp;\u00bb et c\u2019est la fin de leur phi\u00adlo\u00adso\u00adphie. Absence de sen\u00adti\u00adment, \u00e9troi\u00adtesse, int\u00e9\u00adr\u00eat mat\u00e9\u00adriel, sans scru\u00adpules et \u00e9go\u00efsme incons\u00adcient, voi\u00adl\u00e0 les traits prin\u00adci\u00adpaux carac\u00adt\u00e9\u00adri\u00adsant l\u2019es\u00adprit de cette nou\u00advelle esp\u00e8ce d\u2019anarchisme.&nbsp;<\/p>\n<p>Jouir avant tout, se d\u00e9brouiller contre tout, tels sont les mots d\u2019ordre de leur acti\u00advi\u00adt\u00e9. Ils n\u00e9gligent le c\u00f4t\u00e9 social de l\u2019a\u00adnar\u00adchie&nbsp;; du reste ils se refusent \u00e0 voir ce c\u00f4t\u00e9 social, ce qui leur per\u00admet de n\u2019a\u00advoir pas \u00e0 s\u2019en soucier.<\/p>\n<p>La soci\u00e9\u00adt\u00e9 est faite du vol, de l\u2019\u00e9\u00adcra\u00adse\u00adment, du men\u00adsonge&nbsp;; agis\u00adsons en cons\u00e9\u00adquence, disent-ils et au lieu d\u2019op\u00adpo\u00adser \u00e0 ces m\u00e9thodes l\u2019en\u00adtraide, la fra\u00adter\u00adni\u00adt\u00e9 et la fran\u00adchise ils conti\u00adnuent comme leurs contem\u00adpo\u00adrains, m\u00eame le font-il avec vani\u00adt\u00e9 et targuent cela d\u2019a\u00adnar\u00adchie. Ils ont par\u00adfois d\u2019ad\u00admi\u00adrables \u00e9lans d\u2019\u00e9ner\u00adgie, mais lors\u00adqu\u2019on exa\u00admine quel en est le mobile, on s\u2019a\u00adper\u00ad\u00e7oit vite qu\u2019une ques\u00adtion d\u2019argent les avait anim\u00e9s.<\/p>\n<p>Ces anar\u00adchistes ou plu\u00adt\u00f4t ces viveurs insa\u00adtis\u00adfaits ne veulent pas se sou\u00adcier de la r\u00e9per\u00adcus\u00adsion de leurs actes, qu\u2019im\u00adporte s\u2019il s\u2019en\u00adsuit de la souf\u00adfrance&nbsp;! C\u2019est avec un superbe d\u00e9dain qu\u2019ils parlent de la foule, comme si avec un pareil \u00e9tat d\u2019es\u00adprit ils s\u2019en dif\u00adf\u00e9\u00adren\u00adciaient tant. Ils me font plu\u00adt\u00f4t l\u2019ef\u00adfet du vul\u00adgaire qui sait jus\u00adti\u00adfier sa vie ou ses dif\u00adf\u00e9\u00adrentes posi\u00adtions dans la soci\u00e9\u00adt\u00e9, tout sim\u00adple\u00adment. Ils ont fait de l\u2019a\u00adnar\u00adchisme-indi\u00advi\u00addua\u00adliste non pas un fait social mais un plan de d\u00e9fense indi\u00advi\u00adduelle ser\u00advant en la cir\u00adcons\u00adtance \u00e0 se l\u00e9gi\u00adti\u00admer. Au lieu de se d\u00e9ve\u00adlop\u00adper indi\u00advi\u00adduel\u00adle\u00adment, de se faire v\u00e9ri\u00adta\u00adble\u00adment des hommes, ser\u00advant d\u2019exemple aux masses ou de ferment d\u2019\u00e9\u00advo\u00adlu\u00adtion, ils ont r\u00e9duit l\u2019a\u00adnar\u00adchisme en un tout petit pro\u00adbl\u00e8me indi\u00advi\u00adduel. Ils veulent vivre, oui vivre \u00e0 tout prix, m\u00eame dans la cor\u00adrup\u00adtion et la puan\u00adteur. Trans\u00adfor\u00admer leur per\u00adsonne leur appa\u00adra\u00eet comme un mar\u00adty\u00adro\u00adloge, mater en eux cer\u00adtains pen\u00adchants, ils appellent cela \u00ab&nbsp;se sacri\u00adfier&nbsp;\u00bb, l\u2019ex\u00adcuse des contin\u00adgences sociales leur per\u00admet beau\u00adcoup de choses, en un mot la r\u00e9ac\u00adtion est pour eux une b\u00eate noire. Ils sont anar\u00adchistes sans prin\u00adcipes, ils n\u2019ont pas de sys\u00adt\u00e8me, ils ne sont g\u00e9n\u00e9\u00adra\u00adle\u00adment comp\u00adtables qu\u2019en\u00advers eux-m\u00eames, tout cela pour avoir la facul\u00adt\u00e9 de l\u2019\u00e9\u00adqui\u00advoque, de l\u2019in\u00adco\u00adh\u00e9\u00adrence et la pra\u00adtique de gestes plus ou moins propres.<\/p>\n<p>C\u2019est avec tran\u00adquilli\u00adt\u00e9 et assu\u00adrance qu\u2019ils d\u00e9clarent que depuis quelque temps l\u2019i\u00add\u00e9e anar\u00adchiste-indi\u00advi\u00addua\u00adliste s\u2019est vul\u00adga\u00adri\u00ads\u00e9e et pr\u00e9\u00adci\u00ads\u00e9e, alors que jamais l\u2019i\u00add\u00e9e n\u2019a \u00e9t\u00e9 si floue, si n\u00e9bu\u00adleuse, si impr\u00e9\u00adcise&nbsp;; jamais nous n\u2019a\u00advons vu autant d\u2019in\u00addif\u00adf\u00e9\u00adrence, autant d\u2019i\u00adner\u00adtie et autant de l\u00e2chet\u00e9.<\/p>\n<p>Je ne sais si c\u2019est par \u00e9go\u00efsme mes\u00adquin, \u00e9troit ou int\u00e9\u00adres\u00ads\u00e9s eux-m\u00eames, ou par n\u00e9ces\u00adsi\u00adt\u00e9 de flat\u00adter cette clien\u00adt\u00e8le de nou\u00advelle augure, les cama\u00adrades qui sont le plus en vue, les plus actifs dans les groupes, les jour\u00adnaux, n\u2019ont pas ten\u00adt\u00e9 de remon\u00adter le cou\u00adrant, de signa\u00adler ce dan\u00adger qui fait aujourd\u2019\u00adhui son effet par\u00admi nous. Ils ont eux aus\u00adsi appris aux lec\u00adteurs, aux audi\u00adteurs, qu\u2019il n\u2019y avait qu\u2019un pro\u00adbl\u00e8me&nbsp;: le leur, qu\u2019il fal\u00adlait \u00e0 tout prix tirer son \u00e9pingle du jeu et ce, sans scru\u00adpule aucun. Comme si cela n\u2019\u00e9\u00adtait pas le rai\u00adson\u00adne\u00adment fon\u00adda\u00admen\u00adtal de la soci\u00e9\u00adt\u00e9 actuelle, inter\u00adro\u00adgez n\u2019im\u00adporte quel bon\u00adhomme, t\u00e2chez de l\u2019in\u00adt\u00e9\u00adres\u00adser \u00e0 quelque chose de social, vite il vous r\u00e9tor\u00adque\u00adra \u00ab&nbsp;cha\u00adcun pour soi, un bon Dieu pour&nbsp;tous&nbsp;\u00bb.<\/p>\n<p>Alors que nous vou\u00adlons que l\u2019a\u00adnar\u00adchiste soit l\u2019in\u00addi\u00advi\u00addu le plus d\u00e9ve\u00adlop\u00adp\u00e9 et le plus raf\u00adfi\u00adn\u00e9, celui qui fera non pas une soci\u00e9\u00adt\u00e9 id\u00e9ale o\u00f9 le pares\u00adseux pour\u00adra se pr\u00e9\u00adlas\u00adser, o\u00f9 le gour\u00admand pour\u00adra se goin\u00adfrer, o\u00f9 le pro\u00adduc\u00adteur intel\u00adlec\u00adtuel nous ser\u00advi\u00adra sa came\u00adlote et o\u00f9 le soir les com\u00adpagnes dan\u00adse\u00adront, apr\u00e8s le labeur, \u00e0 poil et le front ceint de roses, mais celui qui don\u00adne\u00adra \u00e0 l\u2019hu\u00adma\u00adni\u00adt\u00e9 un com\u00adpo\u00adsant moins brute, moins b\u00eate et moins vicieux que ceux qui la com\u00adposent aujourd\u2019\u00adhui et lui fera faire un pas vers le pro\u00adgr\u00e8s et vers la per\u00adfec\u00adtion humaine.<\/p>\n<p>Je suis anar\u00adchiste d\u2019a\u00adbord parce que la phi\u00adlo\u00adso\u00adphie anar\u00adchiste est celle qui don\u00adne\u00adra \u00e0 l\u2019homme la plus belle conscience, la meilleure morale et cons\u00e9\u00adquem\u00adment une plus grande intel\u00adli\u00adgence&nbsp;; indi\u00advi\u00addua\u00adliste ensuite parce que pour ame\u00adner l\u2019in\u00addi\u00advi\u00addu \u00e0 ces dif\u00adf\u00e9\u00adrents degr\u00e9s, je ne puis m\u2019a\u00addres\u00adser qu\u2019\u00e0 lui, m\u00e9con\u00adnais\u00adsant le milieu ou la soci\u00e9\u00adt\u00e9, per\u00adson\u00adnage fic\u00adtif, abs\u00adtrac\u00adtion insai\u00adsis\u00adsable et impuis\u00adsante pour une trans\u00adfor\u00adma\u00adtion humaine.<\/p>\n<p>Cela je pense n\u2019a rien de com\u00admun avec le soi-disant indi\u00advi\u00addua\u00adlisme qui se pro\u00adpage en ce moment et qui n\u2019est que la voix du ventre \u00e9touf\u00adfant celle de la conscience, semant la l\u00e2che\u00adt\u00e9 et l\u2019indiff\u00e9rence.<\/p>\n<p>Plu\u00adt\u00f4t que de pleu\u00adrer cette indif\u00adf\u00e9\u00adrence cette l\u00e2che\u00adt\u00e9, \u00e9li\u00admi\u00adnons d\u2019ur\u00adgence ces \u00e9go\u00efstes \u00e9troits et mes\u00adquins ain\u00adsi que leurs th\u00e9o\u00adries. Remet\u00adtons au point notre id\u00e9al qu\u2019ils ont ren\u00addu vague et incom\u00adpr\u00e9\u00adhen\u00adsible. Don\u00adnons \u00e0 l\u2019in\u00addi\u00advi\u00addu une morale qui le ren\u00addra g\u00e9n\u00e9\u00adreux, d\u00e9vou\u00e9, et \u00e9ner\u00adgique. Et sur\u00adtout appre\u00adnons \u00e0 consi\u00add\u00e9\u00adrer l\u2019a\u00adnar\u00adchisme comme autre chose qu\u2019un sys\u00adt\u00e8me de d\u00e9brouillage dans la&nbsp;vie.<\/p>\n<p>[\/\u200bM.&nbsp;<sc>Li\u00e9\u00adnard<\/sc>\/\u200b]<\/p>\n","protected":false},"excerpt":{"rendered":"<p>Devant la d\u00e9g\u00e9\u00adn\u00e9\u00adres\u00adcence du mou\u00adve\u00adment anar\u00adchiste il est indis\u00adpen\u00adsable d\u2019en signa\u00adler l\u2019er\u00adreur, le d\u00e9faut, la cause ini\u00adtiale. L\u2019a\u00adnar\u00adchiste est contre l\u2019au\u00adto\u00adri\u00adt\u00e9, l\u2019ex\u00adploi\u00adta\u00adtion, le capi\u00adtal, etc. Cela a plu et frap\u00adp\u00e9 cer\u00adtaines per\u00adsonnes dont la conscience ne pou\u00advait admettre ces ins\u00adti\u00adtu\u00adtions comme devant r\u00e9gir l\u2019hu\u00adma\u00adni\u00adt\u00e9&nbsp;; mais cela a sur\u00adtout plu \u00e0 une cat\u00e9\u00adgo\u00adrie d\u2019in\u00addi\u00advi\u00addus qui&nbsp;ne&nbsp;[\u2026]<\/p>\n","protected":false},"author":1,"featured_media":0,"comment_status":"closed","ping_status":"closed","sticky":false,"template":"","format":"standard","meta":{"wp_typography_post_enhancements_disabled":false,"footnotes":""},"categories":[363],"tags":[],"ppma_author":[540],"class_list":["post-3041","post","type-post","status-publish","format-standard","hentry","category-la-vie-anarchiste-na9-8-avril-1912"],"authors":[{"term_id":540,"user_id":1,"is_guest":0,"slug":"admin_3gikpwyf","display_name":"Vincent Dubuc","avatar_url":"https:\/\/secure.gravatar.com\/avatar\/d015720652c25fd2ced191ade86430094e1f288a17483713e3b34d26dea52507?s=96&d=mm&r=g","author_category":"","user_url":"https:\/\/la-presse-anarchiste.net","last_name":"Dubuc","first_name":"Vincent","job_title":"","description":""}],"_links":{"self":[{"href":"https:\/\/la-presse-anarchiste.net\/index.php\/wp-json\/wp\/v2\/posts\/3041","targetHints":{"allow":["GET"]}}],"collection":[{"href":"https:\/\/la-presse-anarchiste.net\/index.php\/wp-json\/wp\/v2\/posts"}],"about":[{"href":"https:\/\/la-presse-anarchiste.net\/index.php\/wp-json\/wp\/v2\/types\/post"}],"author":[{"embeddable":true,"href":"https:\/\/la-presse-anarchiste.net\/index.php\/wp-json\/wp\/v2\/users\/1"}],"replies":[{"embeddable":true,"href":"https:\/\/la-presse-anarchiste.net\/index.php\/wp-json\/wp\/v2\/comments?post=3041"}],"version-history":[{"count":0,"href":"https:\/\/la-presse-anarchiste.net\/index.php\/wp-json\/wp\/v2\/posts\/3041\/revisions"}],"wp:attachment":[{"href":"https:\/\/la-presse-anarchiste.net\/index.php\/wp-json\/wp\/v2\/media?parent=3041"}],"wp:term":[{"taxonomy":"category","embeddable":true,"href":"https:\/\/la-presse-anarchiste.net\/index.php\/wp-json\/wp\/v2\/categories?post=3041"},{"taxonomy":"post_tag","embeddable":true,"href":"https:\/\/la-presse-anarchiste.net\/index.php\/wp-json\/wp\/v2\/tags?post=3041"},{"taxonomy":"author","embeddable":true,"href":"https:\/\/la-presse-anarchiste.net\/index.php\/wp-json\/wp\/v2\/ppma_author?post=3041"}],"curies":[{"name":"wp","href":"https:\/\/api.w.org\/{rel}","templated":true}]}}