{"id":3044,"date":"2011-09-03T09:48:16","date_gmt":"2011-09-03T09:48:16","guid":{"rendered":"https:\/\/la-presse-anarchiste.net\/index.php\/2011\/09\/03\/premier-mai\/"},"modified":"2011-09-03T09:48:16","modified_gmt":"2011-09-03T09:48:16","slug":"premier-mai","status":"publish","type":"post","link":"https:\/\/la-presse-anarchiste.net\/index.php\/2011\/09\/03\/premier-mai\/","title":{"rendered":"Premier mai"},"content":{"rendered":"<div class=\"pdfprnt-buttons pdfprnt-buttons-post pdfprnt-top-right\"><a href=\"https:\/\/la-presse-anarchiste.net\/index.php\/wp-json\/wp\/v2\/posts\/3044?print=pdf\" class=\"pdfprnt-button pdfprnt-button-pdf\" target=\"_blank\"><img decoding=\"async\" src=\"https:\/\/la-presse-anarchiste.net\/wp-content\/plugins\/pdf-print\/images\/pdf.png\" alt=\"image_pdf\" title=\"Afficher le PDF\"><\/a><a href=\"https:\/\/la-presse-anarchiste.net\/index.php\/wp-json\/wp\/v2\/posts\/3044?print=print\" class=\"pdfprnt-button pdfprnt-button-print\" target=\"_blank\"><img decoding=\"async\" src=\"https:\/\/la-presse-anarchiste.net\/wp-content\/plugins\/pdf-print\/images\/print.png\" alt=\"image_print\" title=\"Contenu imprim\u00e9\"><\/a><\/div><p>Ce jour fut choi\u00adsi par nos p\u00e8res pour que le pro\u00adl\u00e9\u00adta\u00adriat du monde entier dans un mou\u00adve\u00adment d\u2019en\u00adsemble pro\u00adteste et reven\u00addique ses droits. Les plus har\u00addis voyaient l\u00e0, dans un ave\u00adnir loin\u00adtain, le moyen pour la classe pro\u00adl\u00e9\u00adta\u00adrienne de se sou\u00adle\u00adver contre l\u2019op\u00adpres\u00adsion, de s\u2019emparer de la richesse sociale et d\u2019\u00e9\u00adta\u00adblir un ordre de choses plus juste. En atten\u00addant, pour tous, c\u2019\u00e9\u00adtait un moyen de rap\u00adpe\u00adler aux bour\u00adgeois que les ouvriers \u00e9taient las d\u2019\u00eatre trai\u00adt\u00e9s comme des b\u00eates de somme et qu\u2019ils reven\u00addi\u00adquaient quelques am\u00e9\u00adlio\u00adra\u00adtions imm\u00e9diates.<\/p>\n<p>La reven\u00addi\u00adca\u00adtion pri\u00admor\u00addiale \u00e9tait et est encore la reven\u00addi\u00adca\u00adtion des trois-huit&nbsp;: 8 heures de tra\u00advail, bon, mais aus\u00adsi 8 heures de loi\u00adsir et 8 heures de sommeil.<\/p>\n<p>Toute reven\u00addi\u00adca\u00adtion doit d\u00e9cou\u00adler des condi\u00adtions \u00e9co\u00adno\u00admiques et non d\u2019un d\u00e9sir si jus\u00adti\u00adfi\u00e9 soit-il. La pro\u00adpa\u00adgande pour les trois-huit fut intense pen\u00addant quelques ann\u00e9es, nais dans la vie com\u00admer\u00adciale, indus\u00adtrielle et agri\u00adcole une telle r\u00e9forme ne pou\u00advait \u00eatre impo\u00ads\u00e9e que par la force. Peut-\u00eatre une volon\u00adt\u00e9 ferme du pro\u00adl\u00e9\u00adta\u00adriat agis\u00adsant direc\u00adte\u00adment, r\u00e9vo\u00adlu\u00adtion\u00adnai\u00adre\u00adment aurait pu r\u00e9us\u00adsir \u00e0 impo\u00adser cette reven\u00addi\u00adca\u00adtion. Mais on sait com\u00adment se trans\u00adfor\u00adma la mani\u00adfes\u00adta\u00adtion du 1<sup>er<\/sup> Mai, on sait qu\u2019elle se mua en une d\u00e9l\u00e9\u00adga\u00adtion aux pou\u00advoirs publics. Cer\u00adtains de nous ont sous les yeux le tableau o\u00f9 Guesde et un groupe de d\u00e9pu\u00adt\u00e9s socia\u00adlistes remettent, dans un salon, \u00e0 un mon\u00adsieur le cahier des reven\u00addi\u00adca\u00adtions ouvri\u00e8res.<\/p>\n<p>Au 1<sup>er<\/sup> Mai 1912, il n\u2019y aura m\u00eame plus de d\u00e9l\u00e9\u00adga\u00adtion, des muni\u00adci\u00adpa\u00adli\u00adt\u00e9s socia\u00adlistes f\u00eate\u00adront offi\u00adciel\u00adle\u00adment le 1<sup>er<\/sup> Mai. Et dans pas mal d\u2019en\u00addroits les ouvriers conscients et orga\u00adni\u00ads\u00e9s, apr\u00e8s une jour\u00adn\u00e9e de labeur, assis\u00adte\u00adront \u00e0 des mee\u00adtings et \u00e0 des sauteries&nbsp;!<\/p>\n<p>Certes beau\u00adcoup d\u2019ou\u00advriers ont \u00e0 c\u0153ur d\u2019ob\u00adte\u00adnir une dimi\u00adnu\u00adtion des heures jour\u00adna\u00adli\u00e8res de tra\u00advail. Mais si l\u2019on arrive \u00e0 un cer\u00adtain r\u00e9sul\u00adtat dans ce sens&nbsp;; on voit que ce n\u2019est pas en tant que classe que la reven\u00addi\u00adca\u00adtion est impo\u00ads\u00e9e. La dimi\u00adnu\u00adtion des heures de tra\u00advail est obte\u00adnue dans telle cor\u00adpo\u00adra\u00adtion, puis dans telle autre par une s\u00e9rie de gr\u00e8ves, de luttes corporatives.<\/p>\n<p>Le 1<sup>er<\/sup> Mai a com\u00adpl\u00e8\u00adte\u00adment \u00e9chou\u00e9. Petit-\u00eatre un petit r\u00e9sul\u00adtat a \u00e9t\u00e9 obte\u00adnu dans cer\u00adtaines indus\u00adtries, mais c\u2019est tout. Dans le tex\u00adtile \u00e0 Vienne notam\u00adment gr\u00e2ce \u00e0 l\u2019\u00e9ner\u00adgie de cer\u00adtains cama\u00adrades, par\u00admi les\u00adquels se trou\u00advait Pierre Martin.<\/p>\n<p>Le 1<sup>er<\/sup> Mai a \u00e9chou\u00e9 comme tout ce qu\u2019a entre\u00adpris la masse ouvri\u00e8re, igno\u00adrante et l\u00e2che, qui s\u2019ar\u00adr\u00eate devant le pre\u00admier obs\u00adtacle venu&nbsp;: \u00c0 Vienne m\u00eame o\u00f9 les ouvriers n\u2019ont obte\u00adnu quelques avan\u00adtages, quelque dimi\u00adnu\u00adtion dans la bru\u00adta\u00adli\u00adt\u00e9 de l\u2019ex\u00adploi\u00adta\u00adtion que gr\u00e2ce aux anar\u00adchistes, une gr\u00e8ve s\u2019\u00e9\u00adtant pro\u00adduite, les femmes qui par\u00adti\u00adcu\u00adli\u00e8\u00adre\u00adment b\u00e9n\u00e9\u00adfi\u00adci\u00e8rent des luttes ant\u00e9\u00adrieures, s\u2019\u00e9\u00adcri\u00e8rent&nbsp;: \u00ab&nbsp;Si les anar\u00adchistes s\u2019en m\u00ealent. nous ren\u00adtrons \u00e0 l\u2019u\u00adsine. Nous ne vou\u00adlons plus de martyrs.&nbsp;\u00bb<\/p>\n<p>La femme qui enraye tout mou\u00adve\u00adment social par un esprit \u00e9troit et per\u00adson\u00adnel, aurait besoin d\u2019\u00eatre \u00e9du\u00adqu\u00e9e afin qu\u2019elle acqui\u00e8re comme tant d\u2019hommes une per\u00adson\u00adna\u00adli\u00adt\u00e9. Mal\u00adheu\u00adreu\u00adse\u00adment on n\u2019a\u00adborde pas le pro\u00adbl\u00e8me car\u00adr\u00e9\u00adment. On cherche \u00e0 cap\u00adti\u00adver la femme, on craint de l\u2019ef\u00adfa\u00adrou\u00adcher. Si \u00e9le\u00adv\u00e9s que soient les mobiles qui guident les mili\u00adtants pour la conqu\u00e9\u00adrir, ils approuvent les femmes qui comme Jac\u00adque\u00adline dans \u00ab&nbsp;la Bataille Syn\u00addi\u00adca\u00adliste&nbsp;\u00bb flattent les pr\u00e9\u00adju\u00adg\u00e9s de leurs&nbsp;s\u0153urs.<\/p>\n<p>Cepen\u00addant, la \u00ab&nbsp;Bataille&nbsp;\u00bb est bien le meilleur quo\u00adti\u00addien, le seul quo\u00adti\u00addien ouvrier, mais Jac\u00adque\u00adline veut que ses s\u0153urs la lisent et alors.\u2026 Ain\u00adsi elle&nbsp;\u00e9crit&nbsp;:<\/p>\n<p>\u00ab&nbsp;Mais sans \u00eatre avares comme le sont pas mal de ces dames (les bour\u00adgeoises) ne nous lais\u00adsons pas voler. Ayons l\u2019\u0153il et disons-nous que cet argent qui nous vient du tra\u00advail, de la sueur de notre com\u00adpa\u00adgnon, doit \u00eatre employ\u00e9 de la fa\u00e7on la plus intel\u00adli\u00adgente et la plus pro\u00adfi\u00adtable au bon\u00adheur de la communaut\u00e9&nbsp;\u00bb.<\/p>\n<p>Prou\u00addhon avait dit&nbsp;: cour\u00adti\u00adsane ou m\u00e9na\u00adg\u00e8re&nbsp;; Jac\u00adque\u00adline y va cr\u00fb\u00adment de son&nbsp;: cour\u00adti\u00adsane et m\u00e9nag\u00e8re&nbsp;!<\/p>\n<p>En nous don\u00adnant des conseils, Jac\u00adque\u00adline raconte que prise \u00e0 l\u2019im\u00adpro\u00adviste par des amis elle a ache\u00adt\u00e9 un mor\u00adceau de ros\u00adbif qui tout cal\u00adcul fait d\u00e9chet, petits poids, etc. lui reve\u00adnait \u00e0 2&nbsp;F 70 la livre. Tout en mau\u00adgr\u00e9ant elle ajoute&nbsp;:<\/p>\n<p>\u00ab&nbsp;Il est pour\u00adtant n\u00e9ces\u00adsaire d\u2019en avoir quel\u00adque\u00adfois sur la table, sur\u00adtout \u00e0 Paris pour com\u00adpen\u00adser l\u2019air pur qui nous manque. Il faut au tra\u00advailleur une nour\u00adri\u00adture intel\u00adli\u00adgem\u00adment com\u00adprise, ni trop, ni trop&nbsp;peu.&nbsp;\u00bb<\/p>\n<p>Ailleurs elle dit&nbsp;: \u00ab&nbsp;il ne faut pas oublier que le pot-au-feu est la base de la nour\u00adri\u00adture de la famille.&nbsp;\u00bb<\/p>\n<p>Le plat de r\u00e9sis\u00adtance de Jac\u00adque\u00adline c\u2019est tou\u00adjours le plat de viande&nbsp;! L\u2019i\u00adn\u00e9\u00advi\u00adtable pot-au-feu, que l\u2019i\u00adgno\u00adrance ouvri\u00e8re croit \u00eatre un ali\u00adment sain et for\u00adti\u00adfiant, est m\u00eame par les par\u00adti\u00adsans du r\u00e9gime car\u00adn\u00e9 recon\u00adnu pour \u00eatre par excel\u00adlence un bouillon de culture pour les microbes, de telle sorte qu\u2019il agit sur notre orga\u00adnisme comme un v\u00e9ri\u00adtable poison.<\/p>\n<p>Igno\u00adrante comme toutes les cour\u00adti\u00adsanes, comme toutes les m\u00e9na\u00adg\u00e8res, le v\u00e9g\u00e9\u00adta\u00adrisme, le lai\u00adtage et les \u0153ufs lui paraissent insuf\u00adfi\u00adsants pour nour\u00adrir son homme qui a tra\u00advaill\u00e9 toute la journ\u00e9e&nbsp;!<\/p>\n<p>Mais cette pauvre Jac\u00adque\u00adline parle de la cui\u00adsine comme Jou\u00adhaux parle des besoins de l\u2019ou\u00advrier. C\u2019est que dans le pro\u00adl\u00e9\u00adta\u00adriat mili\u00adtant il y a uni\u00adt\u00e9 de vue sur la ques\u00adtion des besoins.<\/p>\n<p>Jou\u00adhaux dans une \u00e9tude inti\u00adtu\u00adl\u00e9e&nbsp;: \u00ab&nbsp;Le Mini\u00admum de salaire&nbsp;\u00bb (sa valeur sociale), reven\u00addique un mini\u00admum de salaire qui doit \u00eatre \u00e9ta\u00adbli d\u2019a\u00adpr\u00e8s l\u2019in\u00addis\u00adpen\u00adsable n\u00e9ces\u00adsaire \u00e0 la vie d\u2019une famille ouvri\u00e8re, c\u2019est-\u00e0-dire \u00ab&nbsp;les loyers, les den\u00adr\u00e9es de pre\u00admi\u00e8re n\u00e9ces\u00adsi\u00adt\u00e9&nbsp;: pain, viande, vin ou bi\u00e8re, l\u00e9gumes, v\u00eate\u00adments, etc.&nbsp;\u00bb Et il conclut que \u00ab&nbsp;C\u2019est pour une exten\u00adsion de nos besoins que la lutte pour l\u2019aug\u00admen\u00adta\u00adtion de nos salaires doit se poursuivre.&nbsp;\u00bb<\/p>\n<p>Com\u00adment vou\u00adlez-vous que l\u2019homme tra\u00advaille moins en d\u00e9pen\u00adsant plus et \u00e9tant en plus de cela obli\u00adg\u00e9 de nour\u00adrir sa cour\u00adti\u00adsane\u200a\u2014\u200asa&nbsp;femme&nbsp;?<\/p>\n<p>Les ouvriers sont impa\u00adtients de s\u2019en\u00adgouf\u00adfrer dans les usines parce qu\u2019ils sont tou\u00adjours \u00e0 la veille de l\u2019af\u00adfreuse mis\u00e8re, de la d\u00e9tresse, gr\u00e2ce aux excel\u00adlents conseils du cama\u00adrade Jou\u00adhaux, des r\u00e9vo\u00adlu\u00adtion\u00adnaires, qui conseillent d\u2019aug\u00admen\u00adter les besoins au lieu de les raisonner.<\/p>\n<p>Il est bien \u00e9vident que si la consom\u00adma\u00adtion dimi\u00adnuait, les jour\u00adn\u00e9es de tra\u00advail seraient moins longues. On me dira que le nombre des sans-tra\u00advail aug\u00admen\u00adte\u00adrait sans que pour cela la dur\u00e9e de tra\u00advail dimi\u00adnu\u00e2t. Je r\u00e9pon\u00addrai qu\u2019il est pos\u00adsible que le nombre des sans-tra\u00advail irait momen\u00adta\u00adn\u00e9\u00adment en aug\u00admen\u00adtant, mais ce serait un dan\u00adger si grand qu\u2019il fau\u00addrait prendre des mesures, car la r\u00e9volte ne tar\u00adde\u00adrait pas \u00e0 gron\u00adder. Le peuple n\u2019est grand que quand il a faim, il est comme la blonde \u00e0 ma voi\u00adsine qui meugle quand sa ration se fait attendre.<\/p>\n<p>On m\u2019op\u00adpo\u00adse\u00adra qu\u2019il y a eu des sans-tra\u00advail en quan\u00adti\u00adt\u00e9 dans des capi\u00adtales \u00e0 cer\u00adtaines \u00e9poques et que cela n\u2019a pas ame\u00adn\u00e9 la r\u00e9vo\u00adlu\u00adtion. Il m\u2019est facile de r\u00e9pondre que ce n\u2019\u00e9\u00adtait que momen\u00adta\u00adn\u00e9, que pas\u00adsa\u00adger, que ce n\u2019\u00e9\u00adtait qu\u2019une per\u00adtur\u00adba\u00adtion \u00e9co\u00adno\u00admique. Or, je crois que cette per\u00adtur\u00adba\u00adtion ne tar\u00adde\u00adrait pas \u00e0 \u00eatre chro\u00adnique, si les ouvriers rai\u00adson\u00adnaient leurs besoins. Et alors, alors seule\u00adment la bour\u00adgeoi\u00adsie serait bien for\u00adc\u00e9e de se lais\u00adser impo\u00adser les volon\u00adt\u00e9s ouvri\u00e8res par la force m\u00eame des choses&nbsp;!<\/p>\n<p>[\/\u200bZ. <sc>Za\u00ef\u00adkows\u00adka<\/sc>\/\u200b]<\/p>\n","protected":false},"excerpt":{"rendered":"<p>Ce jour fut choi\u00adsi par nos p\u00e8res pour que le pro\u00adl\u00e9\u00adta\u00adriat du monde entier dans un mou\u00adve\u00adment d\u2019en\u00adsemble pro\u00adteste et reven\u00addique ses droits. Les plus har\u00addis voyaient l\u00e0, dans un ave\u00adnir loin\u00adtain, le moyen pour la classe pro\u00adl\u00e9\u00adta\u00adrienne de se sou\u00adle\u00adver contre l\u2019op\u00adpres\u00adsion, de s\u2019emparer de la richesse sociale et d\u2019\u00e9\u00adta\u00adblir un ordre de choses&nbsp;[\u2026]<\/p>\n","protected":false},"author":1,"featured_media":0,"comment_status":"closed","ping_status":"closed","sticky":false,"template":"","format":"standard","meta":{"wp_typography_post_enhancements_disabled":false,"footnotes":""},"categories":[364],"tags":[],"ppma_author":[540],"class_list":["post-3044","post","type-post","status-publish","format-standard","hentry","category-la-vie-anarchiste-na10-1er-mai-1912"],"authors":[{"term_id":540,"user_id":1,"is_guest":0,"slug":"admin_3gikpwyf","display_name":"Vincent Dubuc","avatar_url":"https:\/\/secure.gravatar.com\/avatar\/d015720652c25fd2ced191ade86430094e1f288a17483713e3b34d26dea52507?s=96&d=mm&r=g","author_category":"","user_url":"https:\/\/la-presse-anarchiste.net","last_name":"Dubuc","first_name":"Vincent","job_title":"","description":""}],"_links":{"self":[{"href":"https:\/\/la-presse-anarchiste.net\/index.php\/wp-json\/wp\/v2\/posts\/3044","targetHints":{"allow":["GET"]}}],"collection":[{"href":"https:\/\/la-presse-anarchiste.net\/index.php\/wp-json\/wp\/v2\/posts"}],"about":[{"href":"https:\/\/la-presse-anarchiste.net\/index.php\/wp-json\/wp\/v2\/types\/post"}],"author":[{"embeddable":true,"href":"https:\/\/la-presse-anarchiste.net\/index.php\/wp-json\/wp\/v2\/users\/1"}],"replies":[{"embeddable":true,"href":"https:\/\/la-presse-anarchiste.net\/index.php\/wp-json\/wp\/v2\/comments?post=3044"}],"version-history":[{"count":0,"href":"https:\/\/la-presse-anarchiste.net\/index.php\/wp-json\/wp\/v2\/posts\/3044\/revisions"}],"wp:attachment":[{"href":"https:\/\/la-presse-anarchiste.net\/index.php\/wp-json\/wp\/v2\/media?parent=3044"}],"wp:term":[{"taxonomy":"category","embeddable":true,"href":"https:\/\/la-presse-anarchiste.net\/index.php\/wp-json\/wp\/v2\/categories?post=3044"},{"taxonomy":"post_tag","embeddable":true,"href":"https:\/\/la-presse-anarchiste.net\/index.php\/wp-json\/wp\/v2\/tags?post=3044"},{"taxonomy":"author","embeddable":true,"href":"https:\/\/la-presse-anarchiste.net\/index.php\/wp-json\/wp\/v2\/ppma_author?post=3044"}],"curies":[{"name":"wp","href":"https:\/\/api.w.org\/{rel}","templated":true}]}}