{"id":3045,"date":"2011-09-03T09:48:12","date_gmt":"2011-09-03T09:48:12","guid":{"rendered":"https:\/\/la-presse-anarchiste.net\/index.php\/2011\/09\/03\/la-vie-moderne-et-lindividu\/"},"modified":"2011-09-03T09:48:12","modified_gmt":"2011-09-03T09:48:12","slug":"la-vie-moderne-et-lindividu","status":"publish","type":"post","link":"https:\/\/la-presse-anarchiste.net\/index.php\/2011\/09\/03\/la-vie-moderne-et-lindividu\/","title":{"rendered":"La vie moderne et l\u2019individu"},"content":{"rendered":"<div class=\"pdfprnt-buttons pdfprnt-buttons-post pdfprnt-top-right\"><a href=\"https:\/\/la-presse-anarchiste.net\/index.php\/wp-json\/wp\/v2\/posts\/3045?print=pdf\" class=\"pdfprnt-button pdfprnt-button-pdf\" target=\"_blank\"><img decoding=\"async\" src=\"https:\/\/la-presse-anarchiste.net\/wp-content\/plugins\/pdf-print\/images\/pdf.png\" alt=\"image_pdf\" title=\"Afficher le PDF\"><\/a><a href=\"https:\/\/la-presse-anarchiste.net\/index.php\/wp-json\/wp\/v2\/posts\/3045?print=print\" class=\"pdfprnt-button pdfprnt-button-print\" target=\"_blank\"><img decoding=\"async\" src=\"https:\/\/la-presse-anarchiste.net\/wp-content\/plugins\/pdf-print\/images\/print.png\" alt=\"image_print\" title=\"Contenu imprim\u00e9\"><\/a><\/div><p>Toute la vie moderne jus\u00adti\u00adfie le vol et les vio\u00adlences. Par le n\u00e9goce, par le com\u00admerce, par le sala\u00adriat, par l\u2019im\u00adp\u00f4t, par l\u2019u\u00adsure, par l\u2019ac\u00adca\u00adpa\u00adre\u00adment et le sur\u00aden\u00adch\u00e9\u00adris\u00adse\u00adment des pro\u00adduits, par la conqu\u00eate, par les divers et nom\u00adbreux pro\u00adc\u00e9\u00add\u00e9s de tri\u00adche\u00adrie inh\u00e9\u00adrents aux exi\u00adgences des pou\u00advoirs publics, du patro\u00adnat, de la gabe\u00adgie et de tous ceux qui font fonc\u00adtion\u00adner les rouages admi\u00adnis\u00adtra\u00adtifs&nbsp;; par l\u2019exemple de la police, des sol\u00addats et des bour\u00adreaux\u200a\u2014\u200aelle apprend \u00e0 mar\u00adty\u00adri\u00adser et \u00e0 tuer. C\u2019est bien le moins que pour se d\u00e9fendre, les indi\u00advi\u00addus \u00e0 qui la For\u00adtune, tout en les fr\u00f4\u00adlant n\u2019a jamais sou\u00adri, sachent se ser\u00advir de ses enseignements&nbsp;!<\/p>\n<p>\u00c0 l\u2019ac\u00adca\u00adpa\u00adre\u00adment des richesses sociales, la reprise indi\u00advi\u00adduelle s\u2019op\u00adpose natu\u00adrel\u00adle\u00adment et logi\u00adque\u00adment&nbsp;; comme \u00e0 l\u2019ar\u00adbi\u00adtraire des lois, des codes et des r\u00e8gle\u00adments, et \u00e0 la m\u00e9chan\u00adce\u00adt\u00e9 de ceux qui sont char\u00adg\u00e9s de les appli\u00adquer, la r\u00e9volte indi\u00advi\u00adduelle s\u2019op\u00adpose n\u00e9cessairement.<\/p>\n<p>\u00c0 la famine, ain\u00adsi qu\u2019\u00e0 toutes les crises engen\u00addr\u00e9es par le g\u00e2chis poli\u00adtique et social qui ne cesse de gros\u00adsir et d\u2019empirer, nous ne voyons que deux rem\u00e8des&nbsp;: \u00e9du\u00adca\u00adtion et r\u00e9volte individuelles.<\/p>\n<p>Et pour\u00adtant, nous ne sommes point des cri\u00admi\u00adnels, des meur\u00adtriers, ni en passe de le deve\u00adnir. Nous vou\u00addrions, au contraire, que les hommes connussent leur ori\u00adgine, qu\u2019ils fussent suf\u00adfi\u00adsam\u00adment et ration\u00adnel\u00adle\u00adment ins\u00adtruits pour pou\u00advoir se com\u00adprendre et s\u2019ac\u00adcor\u00adder, qu\u2019ils fussent bons, secou\u00adrables, soli\u00addaires les uns des autres dans le tra\u00advail et dans tous les actes utiles de la&nbsp;vie.<\/p>\n<p>Mais pour\u00adquoi donc se cr\u00e9ent-ils des besoins fac\u00adtices, des dis\u00adtrac\u00adtions mal\u00adsaines, nui\u00adsibles. dan\u00adge\u00adreuses&nbsp;? Pour\u00adquoi m\u00e8nent-ils une vie si intense de fes\u00adtins et de d\u00e9bauches ou de mor\u00adtelles pri\u00adva\u00adtions ou de navrantes mis\u00e8res&nbsp;? Pour\u00adquoi \u00e9prouvent-ils le besoin les uns de gou\u00adver\u00adner, de r\u00e9gner en ma\u00eetres&nbsp;; les autres d\u2019\u00eatre sou\u00admis, esclaves, ram\u00adpants ou apla\u00adtis&nbsp;? C\u2019est que les pre\u00admiers se croient des indi\u00advi\u00addus sup\u00e9\u00adrieurs, des sur\u00adhommes ayant acquis les droits de pro\u00adpri\u00e9\u00adt\u00e9 et d\u2019au\u00adto\u00adri\u00adt\u00e9&nbsp;; les der\u00adniers se croient obli\u00adg\u00e9s, d\u2019a\u00adpr\u00e8s des r\u00e8gles de morale reli\u00adgieuse ou la\u00efque, d\u2019\u00eatre sou\u00admis, d\u2019\u00eatre les ser\u00advi\u00adteurs des ma\u00eetres, d\u2019\u00eatre comme les d\u00e9vots qui, croyant cal\u00admer leur esprit trou\u00adbl\u00e9, d\u00e9li\u00advrer leurs id\u00e9es enche\u00adv\u00ea\u00adtr\u00e9es, ras\u00ads\u00e9\u00adr\u00e9\u00adner leur conscience, ont besoin de prier le nom\u00adm\u00e9 Dieu qui est pour eux le cr\u00e9a\u00adteur unique de toutes choses et le m\u00e9de\u00adcin de la Foi chr\u00e9tienne.<\/p>\n<p>Si on \u00e9cou\u00adtait les uns et si on imi\u00adtait les autres, on ne pour\u00adrait jamais se lib\u00e9\u00adrer des croyances stu\u00adpides, des pr\u00e9\u00adju\u00adg\u00e9s et des lois qui vous encha\u00eenent et vous emp\u00eachent d\u2019ac\u00adcom\u00adplir l\u2019ac\u00adtion salvatrice.<\/p>\n<p>Nous n\u2019a\u00advons que faire des conseils des endor\u00admeurs et des r\u00eaves de paix des endor\u00admis. Nous n\u2019a\u00advons pas non plus \u00e0 tenir compte des r\u00e9flexions qu\u2019ils peuvent faire \u00e0 notre encontre, et de leurs bavar\u00addages&nbsp;; car, en somme, que sont tous ces gens-l\u00e0 qui s\u2019\u00e9\u00adta\u00adblissent ain\u00adsi en mora\u00adlistes et en juges de nos actes&nbsp;? \u00c0 part, les uns qui sont de fief\u00adf\u00e9s coquins, les autres sont des \u00e9pi\u00adciers qui vendent \u00e0 faux poids, des mar\u00adchands d\u2019\u00e9\u00adtoffes qui font fausse mesure, des tailleurs qui habillent leurs enfants aux d\u00e9pens de leur clien\u00adt\u00e8le, des ren\u00adtiers usu\u00adriers, des pro\u00adpri\u00e9\u00adtaires impi\u00adtoyables, des concierges mou\u00adchards et indi\u00adca\u00adteurs, des d\u00e9bi\u00adtants qui empoi\u00adsonnent l\u00e9ga\u00adle\u00adment les buveurs, et en somme, un tas de per\u00adro\u00adquets, de grillons, de cigales, qui ne savent trop ce qu\u2019ils disent et ce qu\u2019ils chantent, des imb\u00e9\u00adciles et des cr\u00e9\u00adtins qui disent oui et non sans savoir pour\u00adquoi et qui sont inca\u00adpables de moti\u00adver leurs conclusions.<\/p>\n<p>Mal\u00adgr\u00e9 tout, la seule chose qui fasse vivre et puisse don\u00adner satis\u00adfac\u00adtion \u00e0 l\u2019In\u00addi\u00advi\u00addu, c\u2019est la lutte&nbsp;; mais pour qu\u2019elle soit effi\u00adcace, il faut mettre en pra\u00adtique la fameuse devise de Dan\u00adton&nbsp;: \u00ab&nbsp;De l\u2019au\u00addace, encore de l\u2019au\u00addace, tou\u00adjours de l\u2019au\u00addace&nbsp;!&nbsp;\u00bb Et il ne faut rien c\u00e9der, rien sacri\u00adfier de soi-m\u00eame\u200a\u2014\u200aautant que faire se peut\u200a\u2014\u200a\u00e0 cette soci\u00e9\u00adt\u00e9 qui dresse tant de pi\u00e8ges et de tra\u00adque\u00adnards \u00e0 ceux qui ne veulent pas recon\u00adna\u00eetre ses lois et ses pr\u00e9rogatives.<\/p>\n<p>On ne sau\u00adrait conce\u00advoir de quoi l\u2019homme est capable s\u2019il a la volon\u00adt\u00e9 et jus\u00adqu\u2019\u00e0 quel point il s\u2019\u00e9\u00adl\u00e8ve s\u2019il se sent libre. Mais il ne faut pas que la l\u00e2che\u00adt\u00e9 des foules l\u2019emp\u00eache de for\u00admu\u00adler son vou\u00adloir. C\u2019est \u00e0 lui de d\u00e9ci\u00adder des moyens \u00e0 employer pour arri\u00adver \u00e0 ses&nbsp;fins&nbsp;:<\/p>\n<p>\u00ab&nbsp;Vivre sa vie en libert\u00e9&nbsp;!&nbsp;\u00bb<\/p>\n<p>[\/Fer\u00adnand-Paul\/]<\/p>\n","protected":false},"excerpt":{"rendered":"<p>Toute la vie moderne jus\u00adti\u00adfie le vol et les vio\u00adlences. Par le n\u00e9goce, par le com\u00admerce, par le sala\u00adriat, par l\u2019im\u00adp\u00f4t, par l\u2019u\u00adsure, par l\u2019ac\u00adca\u00adpa\u00adre\u00adment et le sur\u00aden\u00adch\u00e9\u00adris\u00adse\u00adment des pro\u00adduits, par la conqu\u00eate, par les divers et nom\u00adbreux pro\u00adc\u00e9\u00add\u00e9s de tri\u00adche\u00adrie inh\u00e9\u00adrents aux exi\u00adgences des pou\u00advoirs publics, du patro\u00adnat, de la gabe\u00adgie et de&nbsp;tous&nbsp;[\u2026]<\/p>\n","protected":false},"author":1,"featured_media":0,"comment_status":"closed","ping_status":"closed","sticky":false,"template":"","format":"standard","meta":{"wp_typography_post_enhancements_disabled":false,"footnotes":""},"categories":[364],"tags":[],"ppma_author":[540],"class_list":["post-3045","post","type-post","status-publish","format-standard","hentry","category-la-vie-anarchiste-na10-1er-mai-1912"],"authors":[{"term_id":540,"user_id":1,"is_guest":0,"slug":"admin_3gikpwyf","display_name":"Vincent Dubuc","avatar_url":"https:\/\/secure.gravatar.com\/avatar\/d015720652c25fd2ced191ade86430094e1f288a17483713e3b34d26dea52507?s=96&d=mm&r=g","author_category":"","user_url":"https:\/\/la-presse-anarchiste.net","last_name":"Dubuc","first_name":"Vincent","job_title":"","description":""}],"_links":{"self":[{"href":"https:\/\/la-presse-anarchiste.net\/index.php\/wp-json\/wp\/v2\/posts\/3045","targetHints":{"allow":["GET"]}}],"collection":[{"href":"https:\/\/la-presse-anarchiste.net\/index.php\/wp-json\/wp\/v2\/posts"}],"about":[{"href":"https:\/\/la-presse-anarchiste.net\/index.php\/wp-json\/wp\/v2\/types\/post"}],"author":[{"embeddable":true,"href":"https:\/\/la-presse-anarchiste.net\/index.php\/wp-json\/wp\/v2\/users\/1"}],"replies":[{"embeddable":true,"href":"https:\/\/la-presse-anarchiste.net\/index.php\/wp-json\/wp\/v2\/comments?post=3045"}],"version-history":[{"count":0,"href":"https:\/\/la-presse-anarchiste.net\/index.php\/wp-json\/wp\/v2\/posts\/3045\/revisions"}],"wp:attachment":[{"href":"https:\/\/la-presse-anarchiste.net\/index.php\/wp-json\/wp\/v2\/media?parent=3045"}],"wp:term":[{"taxonomy":"category","embeddable":true,"href":"https:\/\/la-presse-anarchiste.net\/index.php\/wp-json\/wp\/v2\/categories?post=3045"},{"taxonomy":"post_tag","embeddable":true,"href":"https:\/\/la-presse-anarchiste.net\/index.php\/wp-json\/wp\/v2\/tags?post=3045"},{"taxonomy":"author","embeddable":true,"href":"https:\/\/la-presse-anarchiste.net\/index.php\/wp-json\/wp\/v2\/ppma_author?post=3045"}],"curies":[{"name":"wp","href":"https:\/\/api.w.org\/{rel}","templated":true}]}}