{"id":3052,"date":"2011-09-03T09:47:49","date_gmt":"2011-09-03T09:47:49","guid":{"rendered":"https:\/\/la-presse-anarchiste.net\/index.php\/2011\/09\/03\/correspondance-26\/"},"modified":"2011-09-03T09:47:49","modified_gmt":"2011-09-03T09:47:49","slug":"correspondance-26","status":"publish","type":"post","link":"https:\/\/la-presse-anarchiste.net\/index.php\/2011\/09\/03\/correspondance-26\/","title":{"rendered":"Correspondance"},"content":{"rendered":"<div class=\"pdfprnt-buttons pdfprnt-buttons-post pdfprnt-top-right\"><a href=\"https:\/\/la-presse-anarchiste.net\/index.php\/wp-json\/wp\/v2\/posts\/3052?print=pdf\" class=\"pdfprnt-button pdfprnt-button-pdf\" target=\"_blank\"><img decoding=\"async\" src=\"https:\/\/la-presse-anarchiste.net\/wp-content\/plugins\/pdf-print\/images\/pdf.png\" alt=\"image_pdf\" title=\"Afficher le PDF\"><\/a><a href=\"https:\/\/la-presse-anarchiste.net\/index.php\/wp-json\/wp\/v2\/posts\/3052?print=print\" class=\"pdfprnt-button pdfprnt-button-print\" target=\"_blank\"><img decoding=\"async\" src=\"https:\/\/la-presse-anarchiste.net\/wp-content\/plugins\/pdf-print\/images\/print.png\" alt=\"image_print\" title=\"Contenu imprim\u00e9\"><\/a><\/div><p>[\/\u200b\u00c0 Ludo\u00advic&nbsp;Canoy\/]<br>\n<\/p>\n<p>Vou\u00adlant d\u00e9truire la contrainte, l\u2019op\u00adpres\u00adsion, l\u2019au\u00adto\u00adri\u00adt\u00e9 sous toutes leurs formes et n\u2019im\u00adporte com\u00adment elles se mani\u00adfestent, je me qua\u00adli\u00adfie \u00ab&nbsp;anarchiste&nbsp;\u00bb.&nbsp;<\/p>\n<p>Pour une foule de rai\u00adsons \u00e9nu\u00adm\u00e9\u00adr\u00e9es par ceux que tu appelles \u00ab&nbsp;th\u00e9o\u00adri\u00adciens&nbsp;\u00bb de l\u2019a\u00adnar\u00adchisme-indi\u00advi\u00addua\u00adliste, qui pren\u00addraient trop de place \u00e0 \u00eatre expo\u00ads\u00e9es dans cette r\u00e9ponse et pour celles que je vais don\u00adner, je fais suivre le terme \u00ab&nbsp;anar\u00adchiste&nbsp;\u00bb de celui \u00ab&nbsp;d\u2019individualiste&nbsp;\u00bb.<\/p>\n<p>La contrainte, l\u2019op\u00adpres\u00adsion, l\u2019au\u00adto\u00adri\u00adt\u00e9, sont des obs\u00adtacles \u00e0 mon d\u00e9ve\u00adlop\u00adpe\u00adment int\u00e9\u00adgral. Ces sources de souf\u00adfrances, emp\u00eachent mes facul\u00adt\u00e9s manuelles et intel\u00adlec\u00adtuelles de s\u2019\u00e9\u00adpa\u00adnouir en pleine liber\u00adt\u00e9 et dans le sens o\u00f9 elles d\u00e9si\u00adre\u00adraient se mani\u00adfes\u00adter. D\u2019o\u00f9 il r\u00e9sulte que de la sup\u00adpres\u00adsion de ces maux, j\u2019ob\u00adtien\u00addrai \u00ab&nbsp;mon bon\u00adheur&nbsp;\u00bb et par\u00adtant\u2026 celui des autres.<\/p>\n<p>Donc, anar\u00adchiste pour un but \u00e9go\u00efste, je me crois logique en le fai\u00adsant suivre du terme \u00ab&nbsp;individualiste&nbsp;\u00bb.<\/p>\n<p>Les anar\u00adchistes de n\u2019im\u00adporte quelle ten\u00addance sont d\u2019ac\u00adcord sur le but \u00e0 atteindre\u200a\u2014\u200aquoi que ce soit encore dis\u00adcu\u00adtable \u2015 mais ils ne le sont s\u00fbre\u00adment pas sur les moyens pour atteindre ce&nbsp;but.<\/p>\n<p>Eh bien&nbsp;! jus\u00adte\u00adment pour cette rai\u00adson, la ten\u00addance d\u00e9nom\u00adm\u00e9e indi\u00advi\u00addua\u00adliste pr\u00e9\u00adco\u00adni\u00adsant d\u2019autres moyens que les ten\u00addances anar\u00adchistes-catas\u00adtro\u00adphiques-r\u00e9vo\u00adlu\u00adtion\u00adnaires, j\u2019es\u00adtime qu\u2019il est n\u00e9ces\u00adsaire de com\u00adpl\u00e9\u00adter l\u2019\u00e9\u00adti\u00adquette \u00ab&nbsp;anar\u00adchiste&nbsp;\u00bb par un autre terme \u00e0 seule fin de les dif\u00adf\u00e9\u00adren\u00adcier et d\u2019\u00e9\u00advi\u00adter les confu\u00adsions pos\u00adsibles. Sans pr\u00e9\u00adtendre \u00e0 l\u2019in\u00adfailli\u00adbi\u00adli\u00adt\u00e9, il me semble que le terme \u00ab&nbsp;indi\u00advi\u00addua\u00adliste&nbsp;\u00bb pour toutes les rai\u00adsons \u00e9non\u00adc\u00e9es par les \u00ab&nbsp;th\u00e9o\u00adri\u00adciens&nbsp;\u00bb est tout indi\u00adqu\u00e9 pour cela et me satisfait.&nbsp;<\/p>\n<p>De m\u00eame que pour \u00e9vi\u00adter une confu\u00adsion avec l\u2019in\u00addi\u00advi\u00addua\u00adlisme bour\u00adgeois\u200a\u2014\u200agenre Xavier, qui est celui que tu d\u00e9cris\u200a\u2014\u200aj\u2019es\u00adtime qu\u2019il est n\u00e9ces\u00adsaire de faire pr\u00e9\u00adc\u00e9\u00adder le terme \u00ab&nbsp;indi\u00advi\u00addua\u00adliste&nbsp;\u00bb par celui \u00ab&nbsp;d\u2019a\u00adnar\u00adchiste&nbsp;\u00bb puisqu\u2019anti-autoritaire. <\/p>\n<p>Que dirais-tu, si allant cher\u00adcher un cal\u00admant chez un phar\u00adma\u00adcien qui aurait mal \u00e9ti\u00adque\u00adt\u00e9 ses fla\u00adcons il te ser\u00advait par confu\u00adsion un poi\u00adson \u00e0 la place de ce que tu lui aurais deman\u00add\u00e9&nbsp;? Je crois que tu la trou\u00adve\u00adrais mauvaise.&nbsp;<\/p>\n<p>Pour une phi\u00adlo\u00adso\u00adphie il en est de m\u00eame, il est n\u00e9ces\u00adsaire que l\u2019\u00e9\u00adti\u00adquette qui la d\u00e9signe soit com\u00adpl\u00e8te pour \u00e9vi\u00adter toutes sortes de confu\u00adsions. En r\u00e9a\u00adli\u00adt\u00e9, peu m\u2019im\u00adporte laquelle, je ne d\u00e9fends pas le terme \u00ab&nbsp;indi\u00advi\u00addua\u00adliste&nbsp;\u00bb par par\u00adti pris&nbsp;; si tu peux en trou\u00adver un autre qui me satis\u00adfasse mieux, je suis pr\u00eat \u00e0 l\u2019adopter.<\/p>\n<p>Je crois assez te conna\u00eetre pour savoir que tu acceptes la chose, mais que c\u2019est le mot que tu rejettes&nbsp;; pro\u00adba\u00adble\u00adment crains-tu que ton anar\u00adchisme se confonde avec l\u2019in\u00addi\u00advi\u00addua\u00adlisme de Xavier. ta grande inti\u00admi\u00adt\u00e9 avec lui\u200a\u2014\u200atel\u00adle\u00adment grande que l\u2019on pour\u00adrait vous appe\u00adler les \u00ab&nbsp;fr\u00e8res sia\u00admois&nbsp;\u00bb\u200a\u2014\u200adevrait t\u2019a\u00advoir appris que son indi\u00advi\u00addua\u00adlisme n\u2019est que th\u00e9o\u00adrique et\u2026 en reste&nbsp;l\u00e0.&nbsp;<\/p>\n<p>Connais\u00adsant votre inti\u00admi\u00adt\u00e9, je me demande si Xavier n\u2019au\u00adrait pas \u00e9crit son article pour que tu puisses com\u00adbattre avec plus de force le terme \u00ab&nbsp;individualiste&nbsp;\u00bb&nbsp;?<\/p>\n<p>Heu\u00adreu\u00adse\u00adment, il y a fagot et&nbsp;fagot.<\/p>\n<p>Sur\u00adtout, si tu me fais une r\u00e9ponse, ne reprends pas \u00e0 ton compte, l\u2019ar\u00adgu\u00adment (?) de Xavier \u00ab&nbsp;tu ne me connais pas.&nbsp;\u00bb<\/p>\n<p>Aus\u00adsi pour l\u2019\u00e9\u00advi\u00adter, pren\u00addrais-je un pseu\u00addo\u00adnyme qui ne te dira peut-\u00eatre pas qui je suis&nbsp;; mais cer\u00adtai\u00adne\u00adment il t\u2019in\u00addi\u00adque\u00adra que je te connais.<\/p>\n<p>[\/\u200bDermog\u00e8ne\/\u200b]<\/p>\n","protected":false},"excerpt":{"rendered":"<p>[\/\u200b\u200b\u00c0 Ludo\u00advic&nbsp;Canoy\/\u200b] Vou\u00adlant d\u00e9truire la contrainte, l\u2019op\u00adpres\u00adsion, l\u2019au\u00adto\u00adri\u00adt\u00e9 sous toutes leurs formes et n\u2019im\u00adporte com\u00adment elles se mani\u00adfestent, je me qua\u00adli\u00adfie \u00ab&nbsp;anar\u00adchiste&nbsp;\u00bb.&nbsp; Pour une foule de rai\u00adsons \u00e9nu\u00adm\u00e9\u00adr\u00e9es par ceux que tu appelles \u00ab&nbsp;th\u00e9o\u00adri\u00adciens&nbsp;\u00bb de l\u2019a\u00adnar\u00adchisme-indi\u00advi\u00addua\u00adliste, qui pren\u00addraient trop de place \u00e0 \u00eatre expo\u00ads\u00e9es dans cette r\u00e9ponse et pour celles que je vais don\u00adner,&nbsp;je&nbsp;[\u2026]<\/p>\n","protected":false},"author":1,"featured_media":0,"comment_status":"closed","ping_status":"closed","sticky":false,"template":"","format":"standard","meta":{"wp_typography_post_enhancements_disabled":false,"footnotes":""},"categories":[364],"tags":[],"ppma_author":[540],"class_list":["post-3052","post","type-post","status-publish","format-standard","hentry","category-la-vie-anarchiste-na10-1er-mai-1912"],"authors":[{"term_id":540,"user_id":1,"is_guest":0,"slug":"admin_3gikpwyf","display_name":"Vincent Dubuc","avatar_url":"https:\/\/secure.gravatar.com\/avatar\/d015720652c25fd2ced191ade86430094e1f288a17483713e3b34d26dea52507?s=96&d=mm&r=g","author_category":"","user_url":"https:\/\/la-presse-anarchiste.net","last_name":"Dubuc","first_name":"Vincent","job_title":"","description":""}],"_links":{"self":[{"href":"https:\/\/la-presse-anarchiste.net\/index.php\/wp-json\/wp\/v2\/posts\/3052","targetHints":{"allow":["GET"]}}],"collection":[{"href":"https:\/\/la-presse-anarchiste.net\/index.php\/wp-json\/wp\/v2\/posts"}],"about":[{"href":"https:\/\/la-presse-anarchiste.net\/index.php\/wp-json\/wp\/v2\/types\/post"}],"author":[{"embeddable":true,"href":"https:\/\/la-presse-anarchiste.net\/index.php\/wp-json\/wp\/v2\/users\/1"}],"replies":[{"embeddable":true,"href":"https:\/\/la-presse-anarchiste.net\/index.php\/wp-json\/wp\/v2\/comments?post=3052"}],"version-history":[{"count":0,"href":"https:\/\/la-presse-anarchiste.net\/index.php\/wp-json\/wp\/v2\/posts\/3052\/revisions"}],"wp:attachment":[{"href":"https:\/\/la-presse-anarchiste.net\/index.php\/wp-json\/wp\/v2\/media?parent=3052"}],"wp:term":[{"taxonomy":"category","embeddable":true,"href":"https:\/\/la-presse-anarchiste.net\/index.php\/wp-json\/wp\/v2\/categories?post=3052"},{"taxonomy":"post_tag","embeddable":true,"href":"https:\/\/la-presse-anarchiste.net\/index.php\/wp-json\/wp\/v2\/tags?post=3052"},{"taxonomy":"author","embeddable":true,"href":"https:\/\/la-presse-anarchiste.net\/index.php\/wp-json\/wp\/v2\/ppma_author?post=3052"}],"curies":[{"name":"wp","href":"https:\/\/api.w.org\/{rel}","templated":true}]}}