{"id":3056,"date":"2011-09-03T11:07:11","date_gmt":"2011-09-03T11:07:11","guid":{"rendered":"https:\/\/la-presse-anarchiste.net\/index.php\/2011\/09\/03\/pour-lart\/"},"modified":"2011-09-03T11:07:11","modified_gmt":"2011-09-03T11:07:11","slug":"pour-lart","status":"publish","type":"post","link":"https:\/\/la-presse-anarchiste.net\/index.php\/2011\/09\/03\/pour-lart\/","title":{"rendered":"Pour l\u2019art"},"content":{"rendered":"<div class=\"pdfprnt-buttons pdfprnt-buttons-post pdfprnt-top-right\"><a href=\"https:\/\/la-presse-anarchiste.net\/index.php\/wp-json\/wp\/v2\/posts\/3056?print=pdf\" class=\"pdfprnt-button pdfprnt-button-pdf\" target=\"_blank\"><img decoding=\"async\" src=\"https:\/\/la-presse-anarchiste.net\/wp-content\/plugins\/pdf-print\/images\/pdf.png\" alt=\"image_pdf\" title=\"Afficher le PDF\"><\/a><a href=\"https:\/\/la-presse-anarchiste.net\/index.php\/wp-json\/wp\/v2\/posts\/3056?print=print\" class=\"pdfprnt-button pdfprnt-button-print\" target=\"_blank\"><img decoding=\"async\" src=\"https:\/\/la-presse-anarchiste.net\/wp-content\/plugins\/pdf-print\/images\/print.png\" alt=\"image_print\" title=\"Contenu imprim\u00e9\"><\/a><\/div><p>Un cama\u00adrade ex-artiste nia der\u00adni\u00e8\u00adre\u00adment la valeur de l\u2019art, s\u2019ap\u00adpuyant sur cette obser\u00adva\u00adtion que l\u2019\u0153uvre d\u2019art est une chose morte alors que le mod\u00e8le c\u2019est la vie. Je ne crois pas que cela soit suf\u00adfi\u00adsant pour condam\u00adner l\u2019art sans r\u00e9mis\u00adsion. D\u2019ailleurs cette obser\u00adva\u00adtion n\u2019est juste que pour les arts pic\u00adtu\u00adraux&nbsp;; elle ne peut s\u2019ap\u00adpli\u00adquer ni \u00e0 la musique, ni \u00e0 la lit\u00adt\u00e9\u00adra\u00adture, ni \u00e0 l\u2019art archi\u00adtec\u00adtu\u00adral, ni aux arts pure\u00adment d\u00e9co\u00adra\u00adtifs en g\u00e9n\u00e9ral.<\/p>\n<p>L\u2019o\u00adpi\u00adnion de ce cama\u00adrade\u200a\u2014\u200aque j\u2019ai enten\u00addu sou\u00adte\u00adnir par ailleurs aus\u00adsi\u200a\u2014\u200ame para\u00eet pro\u00adve\u00adnir d\u2019une fausse concep\u00adtion de l\u2019art. Si, en effet, l\u2019art se bor\u00adnait \u00e0 une copie ser\u00advile d\u2019une tranche de nature, cette th\u00e8se anti-artis\u00adtique serait juste. Mais l\u2019art est bien autre chose. Admet\u00adtons un ins\u00adtant cepen\u00addant que l\u2019art ne vise qu\u2019\u00e0 la repro\u00adduc\u00adtion de la nature&nbsp;: quelle serait alors sa rai\u00adson d\u2019\u00eatre&nbsp;? \u00e0 quoi bon un dupli\u00adca\u00adta, exac\u00adte\u00adment iden\u00adtique, de ce que nous avons chaque jour sous les&nbsp;yeux&nbsp;?<\/p>\n<p>Sup\u00adpo\u00adsons\u200a\u2014\u200ala chose n\u2019est pas impos\u00adsible\u200a\u2014\u200aque l\u2019on arrive \u00e0 pho\u00adto\u00adgra\u00adphier int\u00e9\u00adgra\u00adle\u00adment toutes les cou\u00adleurs, qu\u2019on per\u00adfec\u00adtionne le pho\u00adno\u00adgraphe jus\u00adqu\u2019\u00e0 lui faire repro\u00adduire \u00e0 s\u2019y trom\u00adper tous les bruits de la nature. Alors, avec un syn\u00adchro\u00adnisme par\u00adfait, pen\u00addant que sur l\u2019\u00e9\u00adcran cin\u00e9\u00adma\u00adto\u00adgra\u00adphique se d\u00e9rou\u00adle\u00adra une sc\u00e8ne quel\u00adconque, le pho\u00adno\u00adgraphe l\u2019ac\u00adcom\u00adpa\u00adgne\u00adra des sons cor\u00adres\u00adpon\u00addant \u00e0 chaque seconde. On pour\u00adrait aus\u00adsi arti\u00adfi\u00adciel\u00adle\u00adment pro\u00advo\u00adquer les odeurs, la tem\u00adp\u00e9\u00adra\u00adture, bref toutes les sen\u00adsa\u00adtions ad\u00e9\u00adquates \u00e0 cette sc\u00e8ne. Est-ce que cela sera de&nbsp;l\u2019art&nbsp;?<\/p>\n<p>Non, mille fois non&nbsp;! Il y man\u00adque\u00adra une chose qu\u2019un tem\u00adp\u00e9\u00adra\u00adment artiste res\u00adsent tou\u00adjours devant une \u0153uvre d\u2019art&nbsp;: l\u2019\u00e9\u00admo\u00adtion. L\u2019ar\u00adtiste ne copie pas la nature m\u00e9ca\u00adni\u00adque\u00adment&nbsp;: il l\u2019i\u00add\u00e9a\u00adlise, il l\u2019har\u00admo\u00adnise, il met dans son \u0153uvre quelque chose de per\u00adson\u00adnel et c\u2019est en cela qu\u2019il est un artiste. Com\u00adbien a\u2011t-on ren\u00adcon\u00adtr\u00e9 dans la nature de femmes aus\u00adsi par\u00adfaites que la V\u00e9nus de Milo&nbsp;? Com\u00adbien de visages vivants ont mieux expri\u00adm\u00e9 la calme s\u00e9r\u00e9\u00adni\u00adt\u00e9 de l\u2019\u00e2me que les Madones de Vin\u00adci&nbsp;? En quelle contr\u00e9e mer\u00adveilleuse, f\u00e9e\u00adrique m\u00eame, Mon\u00adti\u00adcel\u00adli a\u2011t-il pui\u00ads\u00e9 ses pay\u00adsages&nbsp;? Inutile de pous\u00adser plus loin la com\u00adpa\u00adrai\u00adson. Cela n\u2019im\u00adplique pas d\u2019ailleurs que l\u2019ar\u00adtiste ne go\u00fbte pas les charmes de la nature, de la vie. Bien au contraire. Et c\u2019est jus\u00adte\u00adment parce qu\u2019il est plus for\u00adte\u00adment impres\u00adsion\u00adn\u00e9 que le non-artiste, parce qu\u2019il com\u00adprend mieux la vie, parce qu\u2019il la sent mieux, qu\u2019il \u00e9prouve le besoin de faire par\u00adta\u00adger aux autres son enthousiasme.<\/p>\n<p>Il se peut main\u00adte\u00adnant que l\u2019ar\u00adtiste n\u2019ar\u00adrive pas \u00e0 ext\u00e9\u00adrio\u00adri\u00adser sa concep\u00adtion. Qu\u2019il se contente alors de gar\u00adder pour lui ses impres\u00adsions&nbsp;: il n\u2019est pas don\u00adn\u00e9 \u00e0 tout le monde de cr\u00e9er et beau\u00adcoup de g\u00e9nies sont res\u00adt\u00e9s st\u00e9\u00adriles jus\u00adte\u00adment parce que leurs concep\u00adtions d\u00e9pas\u00adsaient de beau\u00adcoup trop les moyens de cr\u00e9ation.<\/p>\n<p>Main\u00adte\u00adnant et pour ter\u00admi\u00adner&nbsp;: tous les indi\u00advi\u00addus ne com\u00adprennent pas l\u2019art. Il se peut m\u00eame que ce soit jus\u00adte\u00adment ceux qui ne le com\u00adprennent pas qui en m\u00e9disent. Ceux-l\u00e0 je ne puis les contre\u00addire&nbsp;: autant vau\u00addrait dis\u00adcu\u00adter des cou\u00adleurs avec un aveugle ou des sons avec un&nbsp;sourd.<\/p>\n<p>[\/\u200bKing\/\u200b]<\/p>\n","protected":false},"excerpt":{"rendered":"<p>Un cama\u00adrade ex-artiste nia der\u00adni\u00e8\u00adre\u00adment la valeur de l\u2019art, s\u2019ap\u00adpuyant sur cette obser\u00adva\u00adtion que l\u2019\u0153uvre d\u2019art est une chose morte alors que le mod\u00e8le c\u2019est la vie. Je ne crois pas que cela soit suf\u00adfi\u00adsant pour condam\u00adner l\u2019art sans r\u00e9mis\u00adsion. D\u2019ailleurs cette obser\u00adva\u00adtion n\u2019est juste que pour les arts pic\u00adtu\u00adraux&nbsp;; elle ne peut s\u2019ap\u00adpli\u00adquer&nbsp;ni&nbsp;[\u2026]<\/p>\n","protected":false},"author":1,"featured_media":0,"comment_status":"closed","ping_status":"closed","sticky":false,"template":"","format":"standard","meta":{"wp_typography_post_enhancements_disabled":false,"footnotes":""},"categories":[365],"tags":[],"ppma_author":[540],"class_list":["post-3056","post","type-post","status-publish","format-standard","hentry","category-la-vie-anarchiste-na11-25-mai-1912"],"authors":[{"term_id":540,"user_id":1,"is_guest":0,"slug":"admin_3gikpwyf","display_name":"Vincent Dubuc","avatar_url":"https:\/\/secure.gravatar.com\/avatar\/d015720652c25fd2ced191ade86430094e1f288a17483713e3b34d26dea52507?s=96&d=mm&r=g","author_category":"","user_url":"https:\/\/la-presse-anarchiste.net","last_name":"Dubuc","first_name":"Vincent","job_title":"","description":""}],"_links":{"self":[{"href":"https:\/\/la-presse-anarchiste.net\/index.php\/wp-json\/wp\/v2\/posts\/3056","targetHints":{"allow":["GET"]}}],"collection":[{"href":"https:\/\/la-presse-anarchiste.net\/index.php\/wp-json\/wp\/v2\/posts"}],"about":[{"href":"https:\/\/la-presse-anarchiste.net\/index.php\/wp-json\/wp\/v2\/types\/post"}],"author":[{"embeddable":true,"href":"https:\/\/la-presse-anarchiste.net\/index.php\/wp-json\/wp\/v2\/users\/1"}],"replies":[{"embeddable":true,"href":"https:\/\/la-presse-anarchiste.net\/index.php\/wp-json\/wp\/v2\/comments?post=3056"}],"version-history":[{"count":0,"href":"https:\/\/la-presse-anarchiste.net\/index.php\/wp-json\/wp\/v2\/posts\/3056\/revisions"}],"wp:attachment":[{"href":"https:\/\/la-presse-anarchiste.net\/index.php\/wp-json\/wp\/v2\/media?parent=3056"}],"wp:term":[{"taxonomy":"category","embeddable":true,"href":"https:\/\/la-presse-anarchiste.net\/index.php\/wp-json\/wp\/v2\/categories?post=3056"},{"taxonomy":"post_tag","embeddable":true,"href":"https:\/\/la-presse-anarchiste.net\/index.php\/wp-json\/wp\/v2\/tags?post=3056"},{"taxonomy":"author","embeddable":true,"href":"https:\/\/la-presse-anarchiste.net\/index.php\/wp-json\/wp\/v2\/ppma_author?post=3056"}],"curies":[{"name":"wp","href":"https:\/\/api.w.org\/{rel}","templated":true}]}}