{"id":3061,"date":"2011-09-03T11:07:36","date_gmt":"2011-09-03T11:07:36","guid":{"rendered":"https:\/\/la-presse-anarchiste.net\/index.php\/2011\/09\/03\/sur-leducation\/"},"modified":"2011-09-03T11:07:36","modified_gmt":"2011-09-03T11:07:36","slug":"sur-leducation","status":"publish","type":"post","link":"https:\/\/la-presse-anarchiste.net\/index.php\/2011\/09\/03\/sur-leducation\/","title":{"rendered":"Sur l\u2019\u00e9ducation"},"content":{"rendered":"<div class=\"pdfprnt-buttons pdfprnt-buttons-post pdfprnt-top-right\"><a href=\"https:\/\/la-presse-anarchiste.net\/index.php\/wp-json\/wp\/v2\/posts\/3061?print=pdf\" class=\"pdfprnt-button pdfprnt-button-pdf\" target=\"_blank\"><img decoding=\"async\" src=\"https:\/\/la-presse-anarchiste.net\/wp-content\/plugins\/pdf-print\/images\/pdf.png\" alt=\"image_pdf\" title=\"Afficher le PDF\"><\/a><a href=\"https:\/\/la-presse-anarchiste.net\/index.php\/wp-json\/wp\/v2\/posts\/3061?print=print\" class=\"pdfprnt-button pdfprnt-button-print\" target=\"_blank\"><img decoding=\"async\" src=\"https:\/\/la-presse-anarchiste.net\/wp-content\/plugins\/pdf-print\/images\/print.png\" alt=\"image_print\" title=\"Contenu imprim\u00e9\"><\/a><\/div><h2>Effort et valeur individuel<\/h2>\n<p><\/p>\n<p>L\u2019ef\u00adfort est un d\u00e9ploie\u00adment de force phy\u00adsique, intel\u00adlec\u00adtuelle ou morale. L\u2019ef\u00adfort indi\u00advi\u00adduel sup\u00adpose en pre\u00admier lieu la puis\u00adsance ou facul\u00adt\u00e9 d\u2019a\u00adgir, ensuite la r\u00e9flexion et l\u2019at\u00adten\u00adtion, et enfin l\u2019exer\u00adcice de la volont\u00e9.<\/p>\n<p>Dans le lan\u00adgage de la science \u00e9du\u00adca\u00adtive, on entend plu\u00adt\u00f4t par effort indi\u00advi\u00adduel, la puis\u00adsance et la volon\u00adt\u00e9 d\u2019a\u00adgir, l\u2019ha\u00adbi\u00adtude m\u00eame prise par les jeunes indi\u00advi\u00addus de tra\u00advailler par eux-m\u00eames. C\u2019est cette volon\u00adt\u00e9, cette habi\u00adtude qu\u2019il faut d\u00e9ve\u00adlop\u00adper chez nos enfants et chez tous ceux que notre atten\u00adtion attire.<\/p>\n<p>L\u2019\u00e9\u00addu\u00adca\u00adtion, doit, en effet, pr\u00e9\u00adpa\u00adrer l\u2019homme dans l\u2019en\u00adfant. Or, l\u2019homme n\u2019est v\u00e9ri\u00adta\u00adble\u00adment homme\u200a\u2014\u200adans toute l\u2019ac\u00adcep\u00adtion du mot\u200a\u2014\u200aque s\u2019il sait se d\u00e9ter\u00admi\u00adner par lui-m\u00eame, s\u2019il sait vou\u00adloir for\u00adte\u00adment et agir avec esprit de suite, jus\u00adqu\u2019\u00e0 ce qu\u2019il atteigne son but. <i>Le but de l\u2019in\u00addi\u00advi\u00addu bien \u00e9du\u00adqu\u00e9 doit \u00eatre son affran\u00adchis\u00adse\u00adment&nbsp;; par cons\u00e9\u00adquent lib\u00e9\u00adr\u00e9 de tous les pr\u00e9\u00adju\u00adg\u00e9s et de toutes les contraintes.<\/i><\/p>\n<p>Mais si les parents et autres \u00e9du\u00adca\u00adteurs char\u00adg\u00e9s d\u2019\u00e9\u00adle\u00adver les enfants les ont \u00e9le\u00adv\u00e9s en se sub\u00adsti\u00adtuant conti\u00adnuel\u00adle\u00adment \u00e0 eux, en pen\u00adsant et en vou\u00adlant pour eux, s\u2019ils ont pris \u00e0 t\u00e2che de leur \u00e9par\u00adgner toute peine et tout effort, ces enfants seront inca\u00adpables de pen\u00adser, de vou\u00adloir et d\u2019a\u00adgir d\u00e8s qu\u2019ils seront aban\u00addon\u00adn\u00e9s \u00e0 eux-m\u00eames. Non seule\u00adment il ne fau\u00addra attendre d\u2019eux aucune ini\u00adtia\u00adtive, mais les pre\u00admi\u00e8res dif\u00adfi\u00adcul\u00adt\u00e9s les arr\u00ea\u00adte\u00adront. Nous devons donc les mettre en garde en face des dif\u00adfi\u00adcul\u00adt\u00e9s de la vie et leur apprendre que sou\u00advent ils trou\u00adve\u00adront sur leur route des obs\u00adtacles qu\u2019ils devront fran\u00adchir ou bri\u00adser s\u2019ils sont d\u00e9ci\u00add\u00e9s \u00e0 faire de l\u2019avant.<\/p>\n<p>Quand ils quittent l\u2019\u00e9\u00adcole et ensuite la mai\u00adson pater\u00adnelle, leur \u00e9du\u00adca\u00adtion est loin d\u2019\u00eatre ache\u00adv\u00e9e. Leur ins\u00adtruc\u00adtion m\u00eame n\u2019est qu\u2019\u00e9\u00adbau\u00adch\u00e9e. Ils doivent donc conti\u00adnuer de s\u2019ins\u00adtruire&nbsp;; ils doivent donc sans cesse tra\u00advailler \u00e0 leur per\u00adfec\u00adtion\u00adne\u00adment moral. Mais pour s\u2019ins\u00adtruire, <i>il faut vou\u00adloir<\/i>&nbsp;; il faut avoir \u00e9t\u00e9 habi\u00adtu\u00e9 et exer\u00adc\u00e9 \u00e0 \u00e9tu\u00addier par soi-m\u00eame. Et pour tra\u00advailler effi\u00adca\u00adce\u00adment \u00e0 leur per\u00adfec\u00adtion\u00adne\u00adment moral, il faut n\u2019a\u00advoir pas eu la fai\u00adblesse de c\u00e9der aux sug\u00adges\u00adtions \u00e9tran\u00adg\u00e8res. Les esprits faibles sont pr\u00eats \u00e0 subir toutes les influences bonnes ou mau\u00advaises&nbsp;: <i>\u00e0 \u00eatre des sui\u00adveurs, des mou\u00adtons dociles conduits par des ber\u00adgers qui ont tout \u00e0 gagner de cet \u00e9tat d\u2019i\u00adner\u00adtie et de d\u00e9pen\u00addance<\/i>.<\/p>\n<p>Nous devons per\u00adsis\u00adter \u00e0 faire l\u2019\u00e9\u00addu\u00adca\u00adtion de ces esprits faibles, en nous don\u00adnant \u00e0 eux comme mod\u00e8les. Car ce n\u2019est pas avec des \u00e9clats de voix, de grands gestes et des gra\u00adti\u00adfi\u00adca\u00adtions d\u2019\u00e9\u00adpi\u00adth\u00e8tes peu flat\u00adteuses, mal\u00adson\u00adnantes, que nous pou\u00advons les rendre plus habiles, plus dili\u00adgents, plus d\u00e9gros\u00adsis et meilleurs&nbsp;; c\u2019est plu\u00adt\u00f4t le contraire qui arri\u00adve\u00adrait, de telles qua\u00adli\u00adfi\u00adca\u00adtions pou\u00advant avoir pour r\u00e9sul\u00adtat d\u2019a\u00adme\u00adner en eux, \u00e0 la longue, une sorte d\u2019a\u00adbru\u00adtis\u00adse\u00adment. Et quelle impres\u00adsion ce lan\u00adgage gros\u00adsier pour\u00adrait-il pro\u00adduire en notre endroit, sur leur ima\u00adgi\u00adna\u00adtion&nbsp;? Il est au moins cer\u00adtain qu\u2019ils n\u2019y pui\u00adse\u00adraient pas une irr\u00e9\u00adsis\u00adtible admi\u00adra\u00adtion pour l\u2019empire dont nous ferions preuve, \u00e0 de tels moments, sur nous-m\u00eames.<\/p>\n<p>Com\u00adment, en effet, pour\u00adrions-nous effi\u00adca\u00adce\u00adment leur indi\u00adquer de quelle fa\u00e7on ils devraient s\u2019y prendre pour savoir se domi\u00adner, si nous leur mon\u00adtrions que nous ne savons pas nous domi\u00adner nous-m\u00eames&nbsp;?<\/p>\n<p>Il est une chose qui ne doit pas \u00eatre dite, qui doit \u00eatre m\u00eame insoup\u00ad\u00e7on\u00adn\u00e9e&nbsp;: c\u2019est que nous reven\u00addi\u00adquons le droit d\u2019in\u00adju\u00adrier ceux que nous vou\u00adlons \u00e9du\u00adquer. Quand on est un tant soit peu ins\u00adtruit et rai\u00adson\u00adnable, on doit avoir des concep\u00adtions plus hautes et on peut dis\u00adpo\u00adser d\u2019un voca\u00adbu\u00adlaire assez riche pour expri\u00admer sa pen\u00ads\u00e9e sans tom\u00adber dans la gros\u00adsi\u00e8\u00adre\u00adt\u00e9 et l\u2019insulte.<\/p>\n<p>Nous devons leur dire aus\u00adsi que le r\u00e9sul\u00adtat de l\u2019ef\u00adfort per\u00adson\u00adnel est la <i>valeur indi\u00advi\u00adduelle<\/i>. Un indi\u00advi\u00addu a d\u2019au\u00adtant plus de valeur qu\u2019il est plus ins\u00adtruit, plus \u00e9du\u00adqu\u00e9 et par cela m\u00eame qu\u2019il a une grande force de carac\u00adt\u00e8re lui don\u00adnant une s\u00fbre\u00adt\u00e9 de r\u00e9sis\u00adtance contre lest \u00e9l\u00e9\u00adments mau\u00advais de la soci\u00e9\u00adt\u00e9 d\u00e9cha\u00ee\u00adn\u00e9s contre lui.<\/p>\n<p>On devrait avoir hor\u00adreur de cette maxime que peu d\u2019in\u00addi\u00advi\u00addus osent pro\u00adfes\u00adser expli\u00adci\u00adte\u00adment, mais que beau\u00adcoup, mal\u00adheu\u00adreu\u00adse\u00adment, adoptent en pra\u00adtique&nbsp;: \u00ab&nbsp;<i>Il faut faire comme tout le monde, il ne faut pas faire plus que les autres<\/i>.&nbsp;\u00bb Au contraire, cha\u00adcun doit cher\u00adcher \u00e0 mieux faire que les autres, car cha\u00adcun est une indi\u00advi\u00addua\u00adli\u00adt\u00e9 dont l\u2019ef\u00adfort doit consis\u00adter \u00e0 <i>vivre en liber\u00adt\u00e9 et \u00e0 se d\u00e9ve\u00adlop\u00adper tout entier<\/i>.<\/p>\n<p>L\u2019in\u00addif\u00adf\u00e9\u00adrence de la foule pares\u00adseuse, indo\u00adlente, vient de ce que peu d\u2019hommes ont le cou\u00adrage de s\u2019in\u00adter\u00adro\u00adger pour savoir ce qu\u2019ils sont capables de deve\u00adnir, et de se d\u00e9ci\u00adder \u00e0 accom\u00adplir des actes sus\u00adcep\u00adtibles d\u2019o\u00adrien\u00adter leur vie vers un mieux-\u00eatre. La plu\u00adpart trouvent plus exp\u00e9\u00addi\u00adtif et plus com\u00admode de regar\u00adder ce que font m\u00e9dio\u00adcre\u00adment les autres, et\u200a\u2014\u200amou\u00adtons de Panurge\u200a\u2014\u200ails se laissent aller \u00e0 vivre comme eux&nbsp;: som\u00adno\u00adlents, mono\u00adtones, conduits.<\/p>\n<p>Fut-on seul au monde \u00e0 pour\u00adsuivre son id\u00e9al, on doit mar\u00adcher vers lui r\u00e9so\u00adlu\u00adment sans \u00e9cou\u00adter les conseils des uns, et se moquer de la ris\u00e9e des autres. On sera le seul qui emp\u00ea\u00adche\u00adra la masse de se g\u00e2ter et de dan\u00adser en rond, on sera l\u2019homme de pro\u00adgr\u00e8s social et de valeur indi\u00advi\u00adduelle dont l\u2019at\u00adti\u00adtude fera s\u00fbre\u00adment r\u00e9fl\u00e9\u00adchir ceux qui ont un tant soit peu de bon sens et aus\u00adsi un peu de jugement.<\/p>\n<p>[\/Fer\u00adnand-Paul\/]<\/p>\n","protected":false},"excerpt":{"rendered":"<p>Effort et valeur indi\u00advi\u00adduel L\u2019ef\u00adfort est un d\u00e9ploie\u00adment de force phy\u00adsique, intel\u00adlec\u00adtuelle ou morale. L\u2019ef\u00adfort indi\u00advi\u00adduel sup\u00adpose en pre\u00admier lieu la puis\u00adsance ou facul\u00adt\u00e9 d\u2019a\u00adgir, ensuite la r\u00e9flexion et l\u2019at\u00adten\u00adtion, et enfin l\u2019exer\u00adcice de la volon\u00adt\u00e9. Dans le lan\u00adgage de la science \u00e9du\u00adca\u00adtive, on entend plu\u00adt\u00f4t par effort indi\u00advi\u00adduel, la puis\u00adsance et la volon\u00adt\u00e9 d\u2019a\u00adgir, [\u2026]<\/p>\n","protected":false},"author":1,"featured_media":0,"comment_status":"closed","ping_status":"closed","sticky":false,"template":"","format":"standard","meta":{"wp_typography_post_enhancements_disabled":false,"footnotes":""},"categories":[365],"tags":[],"ppma_author":[540],"class_list":["post-3061","post","type-post","status-publish","format-standard","hentry","category-la-vie-anarchiste-na11-25-mai-1912"],"authors":[{"term_id":540,"user_id":1,"is_guest":0,"slug":"admin_3gikpwyf","display_name":"Vincent Dubuc","avatar_url":"https:\/\/secure.gravatar.com\/avatar\/d015720652c25fd2ced191ade86430094e1f288a17483713e3b34d26dea52507?s=96&d=mm&r=g","author_category":"","user_url":"https:\/\/la-presse-anarchiste.net","last_name":"Dubuc","first_name":"Vincent","job_title":"","description":""}],"_links":{"self":[{"href":"https:\/\/la-presse-anarchiste.net\/index.php\/wp-json\/wp\/v2\/posts\/3061","targetHints":{"allow":["GET"]}}],"collection":[{"href":"https:\/\/la-presse-anarchiste.net\/index.php\/wp-json\/wp\/v2\/posts"}],"about":[{"href":"https:\/\/la-presse-anarchiste.net\/index.php\/wp-json\/wp\/v2\/types\/post"}],"author":[{"embeddable":true,"href":"https:\/\/la-presse-anarchiste.net\/index.php\/wp-json\/wp\/v2\/users\/1"}],"replies":[{"embeddable":true,"href":"https:\/\/la-presse-anarchiste.net\/index.php\/wp-json\/wp\/v2\/comments?post=3061"}],"version-history":[{"count":0,"href":"https:\/\/la-presse-anarchiste.net\/index.php\/wp-json\/wp\/v2\/posts\/3061\/revisions"}],"wp:attachment":[{"href":"https:\/\/la-presse-anarchiste.net\/index.php\/wp-json\/wp\/v2\/media?parent=3061"}],"wp:term":[{"taxonomy":"category","embeddable":true,"href":"https:\/\/la-presse-anarchiste.net\/index.php\/wp-json\/wp\/v2\/categories?post=3061"},{"taxonomy":"post_tag","embeddable":true,"href":"https:\/\/la-presse-anarchiste.net\/index.php\/wp-json\/wp\/v2\/tags?post=3061"},{"taxonomy":"author","embeddable":true,"href":"https:\/\/la-presse-anarchiste.net\/index.php\/wp-json\/wp\/v2\/ppma_author?post=3061"}],"curies":[{"name":"wp","href":"https:\/\/api.w.org\/{rel}","templated":true}]}}