{"id":3075,"date":"2011-09-04T09:36:17","date_gmt":"2011-09-04T09:36:17","guid":{"rendered":"https:\/\/la-presse-anarchiste.net\/index.php\/2011\/09\/04\/la-science-et-lanarchisme-4\/"},"modified":"2011-09-04T09:36:17","modified_gmt":"2011-09-04T09:36:17","slug":"la-science-et-lanarchisme-4","status":"publish","type":"post","link":"https:\/\/la-presse-anarchiste.net\/index.php\/2011\/09\/04\/la-science-et-lanarchisme-4\/","title":{"rendered":"La science et l\u2019anarchisme"},"content":{"rendered":"<div class=\"pdfprnt-buttons pdfprnt-buttons-post pdfprnt-top-right\"><a href=\"https:\/\/la-presse-anarchiste.net\/index.php\/wp-json\/wp\/v2\/posts\/3075?print=pdf\" class=\"pdfprnt-button pdfprnt-button-pdf\" target=\"_blank\"><img decoding=\"async\" src=\"https:\/\/la-presse-anarchiste.net\/wp-content\/plugins\/pdf-print\/images\/pdf.png\" alt=\"image_pdf\" title=\"Afficher le PDF\"><\/a><a href=\"https:\/\/la-presse-anarchiste.net\/index.php\/wp-json\/wp\/v2\/posts\/3075?print=print\" class=\"pdfprnt-button pdfprnt-button-print\" target=\"_blank\"><img decoding=\"async\" src=\"https:\/\/la-presse-anarchiste.net\/wp-content\/plugins\/pdf-print\/images\/print.png\" alt=\"image_print\" title=\"Contenu imprim\u00e9\"><\/a><\/div><p>(Suite)<\/p>\n<p>L\u2019homme a\u2011t-il v\u00e9cu dans la p\u00e9riode ter\u00adtiaire&nbsp;? Nous ne pos\u00ads\u00e9\u00addons pas assez de preuves cer\u00adtaines pour l\u2019affirmer. Mais ce que nous pou\u00advons assu\u00adrer c\u2019est que d\u00e8s le d\u00e9but de la p\u00e9riode qua\u00adter\u00adnaire, l\u2019existence de l\u2019homme est indis\u00adcu\u00adta\u00adble\u00adment d\u00e9montr\u00e9e.<\/p>\n<p>La pr\u00e9\u00adsence d\u2019ossements humains et de dif\u00adf\u00e9\u00adrents silex tra\u00advaill\u00e9s, taill\u00e9s, est une preuve irr\u00e9\u00adfu\u00adtable de cette existence.<\/p>\n<p>Il n\u2019y a pas m\u00eame un si\u00e8cle que les d\u00e9cou\u00advertes de ces osse\u00adments ont \u00e9t\u00e9 faites. C\u2019est pour\u00adquoi beau\u00adcoup d\u2019individus ignorent encore leur loin\u00adtaine ori\u00adgine et la mis\u00e9\u00adrable exis\u00adtence de leurs pre\u00admiers anc\u00eatres, les pre\u00admiers hommes.<\/p>\n<p>L\u2019homme qua\u00adter\u00adnaire a \u00e9t\u00e9 contem\u00adpo\u00adrain du mam\u00admouth et de l\u2019ours des cavernes.<\/p>\n<p>On trouve ses osse\u00adments avec les ves\u00adtiges de ces ani\u00admaux. Ceci est une preuve indis\u00adcu\u00adtable, et on trouve avec ses osse\u00adments des silex qui n\u2019ont pu \u00eatre gros\u00adsi\u00e8\u00adre\u00adment taill\u00e9s que par l\u2019homme qui avait d\u00e9j\u00e0 un cer\u00adveau plus d\u00e9ve\u00adlop\u00adp\u00e9, qui conce\u00advait, ima\u00adgi\u00adnait, inven\u00adtait, et une main qui ex\u00e9\u00adcu\u00adtait mal\u00adadroi\u00adte\u00adment, mais qui ex\u00e9\u00adcu\u00adtait quand m\u00eame la concep\u00adtion sim\u00adpliste du cerveau.<\/p>\n<p>C\u2019est en 1836 que Bou\u00adcher de Perthes ayant trou\u00adv\u00e9 des silex taill\u00e9s m\u00eal\u00e9s \u00e0 des osse\u00adments de mam\u00admouths, pr\u00e8s d\u2019Abbeville, attri\u00adbua la taille de ces silex au tra\u00advail de l\u2019homme.<\/p>\n<p>On trouve sur\u00adtout ces ves\u00adtiges de l\u2019\u00e9poque pr\u00e9\u00adhis\u00adto\u00adrique, dans des cavernes \u00e0 large ouver\u00adture qui se trouvent aujourd\u2019hui \u00e0 un niveau bien sup\u00e9\u00adrieur aux eaux actuelles, mais qui \u00e0 l\u2019\u00e9poque \u00e9taient \u00e0 peine plus \u00e9le\u00adv\u00e9es que les eaux et qui ont \u00e9t\u00e9 com\u00adbl\u00e9es en par\u00adtie \u00e0 ce moment par le limon, les cailloux appor\u00adt\u00e9s par les inon\u00adda\u00adtions fr\u00e9quentes.<\/p>\n<p>On trouve dans ce limon, au milieu des cailloux, les osse\u00adments de nos loin\u00adtains anc\u00eatres, m\u00eal\u00e9s \u00e0 ceux des Mammouths.<\/p>\n<p>Ces cavernes ont d\u00fb \u00eatre de v\u00e9ri\u00adtables char\u00adniers. Y existent simul\u00adta\u00adn\u00e9\u00adment des osse\u00adments de gros car\u00adnas\u00adsiers qui les habi\u00adtaient et d\u2019herbivores qu\u2019ils rap\u00adpor\u00adtaient de leurs chasses comme p\u00e2ture.<\/p>\n<p>L\u2019homme ensuite, en chas\u00adsa les car\u00adnas\u00adsiers gr\u00e2ce \u00e0 ses armes en silex, et se ser\u00advit de ces cavernes comme&nbsp;abri.<\/p>\n<p>On trouve aus\u00adsi, par\u00admi ces osse\u00adments, cer\u00adtains d\u2019entre eux qui conte\u00adnaient de la moelle fen\u00addus en long, pour en extraire cette moelle.<\/p>\n<p>Bien mieux, on trouve des os cal\u00adci\u00adn\u00e9s. L\u2019homme de cette esp\u00e8ce connais\u00adsait donc le feu. Sans doute l\u2019avait-il trou\u00adv\u00e9 en aper\u00adce\u00advant les \u00e9tin\u00adcelles qui se pro\u00addui\u00adsaient en frap\u00adpant deux mor\u00adceaux de silex l\u2019un contre l\u2019autre.<\/p>\n<p>De plus dans ces cavernes, l\u2019Homme a lais\u00ads\u00e9 d\u2019autres traces de son pas\u00adsage. On trouve, des\u00adsi\u00adn\u00e9es dans la pierre, taill\u00e9es avec le silex les gra\u00advures des ani\u00admaux de son \u00e9poque, images de Mam\u00admouths, d\u2019Ours des Cavernes, de Rennes\u2026<\/p>\n<p>L\u2019homme du d\u00e9but du qua\u00adter\u00adnaire a d\u00e9j\u00e0 des aspi\u00adra\u00adtions artis\u00adtiques. Il veut fixer ce qu\u2019il voit, il pense \u00e0 ses des\u00adcen\u00addants. Comme il ne conna\u00eet sans doute ni le lan\u00adgage, ni l\u2019\u00e9criture il marque, son his\u00adtoire par la repr\u00e9\u00adsen\u00adta\u00adtion m\u00eame de ce qu\u2019il voit et de ce qu\u2019il&nbsp;est.<\/p>\n<p>Car dans cer\u00adtaines cavernes on trouve la repro\u00adduc\u00adtion, les por\u00adtraits des hommes de l\u2019\u00e9poque.<\/p>\n<p>Beau\u00adcoup de cavernes ont \u00e9t\u00e9 \u00e9tu\u00addi\u00e9es&nbsp;: celle de la Made\u00adleine dans la val\u00adl\u00e9e de la V\u00e9z\u00e8re, celle de Gre\u00adnelle, celle de Cro-Magnon (Dor\u00addogne). Dans ces trois cavernes, et dans beau\u00adcoup d\u2019autres en Europe, on a trou\u00adv\u00e9 des cr\u00e2nes iden\u00adtiques d\u2019hommes. On a d\u00e9si\u00adgn\u00e9 cette race sous le nom de <i>race de Cro-Magnon<\/i> o\u00f9 fut trou\u00adv\u00e9 le pre\u00admier cr\u00e2ne bien conserv\u00e9.<\/p>\n<p>Cette race de Cro-Magnon a v\u00e9cu pen\u00addant l\u2019\u00e2ge du Mam\u00admouth, puis l\u2019\u00e2ge du Renne et jusqu\u2019\u00e0 l\u2019\u00e2ge de la pierre polie.<\/p>\n<p>Dans d\u2019autres cavernes, \u00e0 Canns\u00adtadt, \u00e0 N\u00e9an\u00adder\u00adthal, \u00e0 Denise (Haute-Loire), \u00e0 Spy pr\u00e8s de Namur on a trou\u00adv\u00e9 d\u2019autres cr\u00e2nes plus anciens que ceux de Cro-Magnon, c\u2019est la race de Cannstadt\u2026<\/p>\n<p>Cette race est de petite taille, la t\u00eate est volu\u00admi\u00adneuse, les membres ant\u00e9\u00adrieurs courts, les mains fortes, les pieds grands. Le front est bas et fuyant, la calotte cr\u00e2\u00adnienne est apla\u00adtie, la cavi\u00adt\u00e9 cr\u00e2\u00adnienne est r\u00e9duite, l\u2019orbite de l\u2019\u0153il est cir\u00adcu\u00adlaire, les arcades sour\u00adci\u00adli\u00e8res \u00e9normes, la m\u00e2choire inf\u00e9\u00adrieure est ren\u00adtr\u00e9e. Cette race a dis\u00adpa\u00adru avec le Mam\u00admouth. C\u2019est la plus ancienne race dont on ait trou\u00adv\u00e9 des vestiges.<\/p>\n<p>La race de Cro-Magnon est plus r\u00e9cente, elle a exis\u00adt\u00e9 pen\u00addant l\u2019\u00e2ge du Renne et jusqu\u2019\u00e0 la pierre polie. La cavi\u00adt\u00e9 cr\u00e2\u00adnienne est plus grande, le front plus \u00e9le\u00adv\u00e9, les arcades sour\u00adci\u00adli\u00e8res moins, grosses, les orbites des yeux plus larges que hautes, la m\u00e2choire inf\u00e9\u00adrieure est pro\u00ad\u00e9mi\u00adnente, les bras sont plus longs, les mains sont plus fines et les pieds plus petits.<\/p>\n<p>On appelle temps pr\u00e9\u00adhis\u00adto\u00adriques, les temps qui pr\u00e9\u00adc\u00e8dent ceux o\u00f9 l\u2019histoire a \u00e9t\u00e9 \u00e9crite ou rapport\u00e9e.<\/p>\n<p>On peut les par\u00adta\u00adger en plu\u00adsieurs p\u00e9riodes, soit que l\u2019on consi\u00add\u00e8re la&nbsp;faune&nbsp;:<\/p>\n<p>1<sup>re<\/sup> p\u00e9riode ou \u00e2ge de l\u2019elephas antiquus.&nbsp;<\/p>\n<p>2<sup>e<\/sup> p\u00e9riode ou \u00e2ge du Mammouth.&nbsp;<\/p>\n<p>3<sup>e<\/sup> p\u00e9riode ou \u00e2ge du&nbsp;Renne.&nbsp;<\/p>\n<p>soit que l\u2019on consi\u00add\u00e8re le tra\u00advail humain, l\u2019industrie humaine&nbsp;:<\/p>\n<p>1\u00b0 \u00e2ge de la pierre taill\u00e9e.&nbsp;<\/p>\n<p>2\u00b0 \u00e2ge de la pierre polie.&nbsp;<\/p>\n<p>3\u00b0 \u00e2ge du bronze.&nbsp;<\/p>\n<p>4\u00b0 \u00e2ge du&nbsp;fer.<\/p>\n<p>Ceci pour nos r\u00e9gions&nbsp;; (l\u2019humanit\u00e9 a pro\u00adgres\u00ads\u00e9 par r\u00e9gions).<\/p>\n<p>Ain\u00adsi aujourd\u2019hui il y a encore cer\u00adtaines peu\u00adplades sau\u00advages des \u00eeles voi\u00adsines de l\u2019Australie qui se servent de la pierre taill\u00e9e.<\/p>\n<p>En Poly\u00adn\u00e9\u00adsie, et N\u00e9o-Cal\u00e9\u00addo\u00adnie, les indi\u00adg\u00e8nes se servent de la pierre polie.<\/p>\n<p>Il en \u00e9tait de m\u00eame autre\u00adfois. Lorsque dans nos contr\u00e9es on en \u00e9tait encore au silex, la civi\u00adli\u00adsa\u00adtion \u00e9gyp\u00adtienne et les civi\u00adli\u00adsa\u00adtions orien\u00adtales jetaient le plus vif&nbsp;\u00e9clat.<\/p>\n<p>Entre la pierre taill\u00e9e et la pierre polie, il y eut aus\u00adsi des tran\u00adsi\u00adtions&nbsp;; entre les autres \u00e2ges \u00e9ga\u00adle\u00adment. La clas\u00adsi\u00adfi\u00adca\u00adtion indi\u00adqu\u00e9e est donc toute rela\u00adtive (du reste, la th\u00e9o\u00adrie de la rela\u00adti\u00advi\u00adt\u00e9 de tous les ph\u00e9\u00adno\u00adm\u00e8nes, trouve tous les jours plus de par\u00adti\u00adsans), mais elle per\u00admet de suivre faci\u00adle\u00adment la marche de l\u2019humanit\u00e9 dans ses pre\u00admiers efforts de pro\u00adgr\u00e8s, de r\u00e9volte contre la nature, de lib\u00e9ration.<\/p>\n<p><b>\u00c2ge de la pierre taill\u00e9e ou pal\u00e9olithique<\/b><\/p>\n<p>Tour se d\u00e9fendre des grands car\u00adnas\u00adsiers, ou pour chas\u00adser, l\u2019homme se ser\u00advait, \u00e0 cette \u00e9poque, de mor\u00adceaux de silex qu\u2019il taillait gros\u00adsi\u00e8\u00adre\u00adment en frap\u00adpant deux mor\u00adceaux l\u2019un sur l\u2019autre, il se confec\u00adtion\u00adnait ain\u00adsi des haches gros\u00adsi\u00e8res et des couteaux.<\/p>\n<p>Sans doute, en frap\u00adpant le silex, des \u00e9tin\u00adcelles jaillirent, et l\u2019homme pr\u00e9\u00adhis\u00adto\u00adrique a ain\u00adsi trou\u00adv\u00e9 le secret du&nbsp;feu.<\/p>\n<p>Pen\u00addant la p\u00e9riode qua\u00adter\u00adnaire, l\u2019homme pr\u00e9\u00adhis\u00adto\u00adrique \u00e9vo\u00adlue, il pro\u00adgresse. Ceci est mis en \u00e9vi\u00addence par les dif\u00adf\u00e9\u00adrentes couches du ter\u00adrain qua\u00adter\u00adnaire. On peut suivre, de cette fa\u00e7on, la marche de l\u2019industrie humaine.<\/p>\n<p>Pen\u00addant la <i>phase chell\u00ebenne<\/i>,\u200a\u2014\u200aain\u00adsi appe\u00adl\u00e9e parce que c\u2019est \u00e0 Chelles (Seine et Marne), puis ensuite \u00e0 Saint-Acheul pr\u00e8s d\u2019.\\miens, qu\u2019ont \u00e9t\u00e9 trou\u00adv\u00e9s les silex taill\u00e9s gros\u00adsi\u00e8\u00adre\u00adment\u200a\u2014\u200ails sont arron\u00addis d\u2019un c\u00f4t\u00e9 et poin\u00adtus de l\u2019autre. L\u2019homme vivait mis\u00e9\u00adrable et nu sur le bord des rivi\u00e8res. C\u2019est l\u2019\u00e9poque de l\u2019El\u00e9phas antiquus.<\/p>\n<p>Pen\u00addant la <i>phase mous\u00adt\u00e9\u00adrienne<\/i>,\u200a\u2014\u200aain\u00adsi appe\u00adl\u00e9e parce que c\u2019est dans la grotte de Mous\u00adtiers (Dor\u00addogne), qu\u2019on a trou\u00adv\u00e9 les outils de cette \u00e9poque,\u200a\u2014\u200aun pro\u00adgr\u00e8s s\u2019est r\u00e9a\u00adli\u00ads\u00e9. On ren\u00adcontre des scies, des pointes, des racloirs. Le cli\u00admat, \u00e0 ce moment, est d\u2019une rigueur extr\u00eame, l\u2019homme pour se mettre \u00e0 l\u2019abri du froid, doit s\u2019emparer de force des cavernes occu\u00adp\u00e9es par les car\u00adnas\u00adsiers. Il les tue, mange leur chair et se v\u00eatit de leurs d\u00e9pouilles. C\u2019est l\u2019\u00e9poque du Mammouth.<\/p>\n<p>Pen\u00addant la <i>phase solu\u00adtr\u00e9enne<\/i>\u200a\u2014\u200aain\u00adsi appe\u00adl\u00e9e parce que c\u2019est \u00e0 Solu\u00adtr\u00e9 (Sa\u00f4ne-et-Loire) qu\u2019on \u00e9t\u00e9 recueillis les outils de ce temps-l\u00e0,\u200a\u2014\u200ala taille du silex est d\u00e9j\u00e0 tr\u00e8s per\u00adfec\u00adtion\u00adn\u00e9e. On trouve des fl\u00e8ches \u00e0 cran, des hame\u00ad\u00e7ons. C\u2019est l\u2019\u00e9poque du&nbsp;Renne.<\/p>\n<p>Pen\u00addant la <i>phase mag\u00adda\u00adl\u00e9\u00adnienne<\/i>,\u200a\u2014\u200aain\u00adsi appe\u00adl\u00e9e parce que c\u2019est dans la caverne de la Made\u00adleine (Dor\u00addogne), qu\u2019on en a trou\u00adv\u00e9 les preuves,\u200a\u2014\u200al\u2019homme sculpte, fait de la gra\u00advure sur les os, l\u2019ivoire et la corne des ani\u00admaux. Il confec\u00adtionne des cuillers, des aiguilles, des harpons.<\/p>\n<p>Il des\u00adsine sut les os et les bois du Renne, sur l\u2019ivoire des ani\u00admaux qui vivent pr\u00e8s de lui&nbsp;: Mam\u00admouth, Ours des Cavernes, Rennes.<\/p>\n<p>La caverne de Mas d\u2019Azil dans les Pyr\u00e9\u00adn\u00e9es, sui\u00advant la pro\u00adfon\u00addeur des couches, montre que le pro\u00adgr\u00e8s artis\u00adtique com\u00admen\u00ad\u00e7ait \u00e0 cette \u00e9poque.<\/p>\n<p>On trouve ain\u00adsi 5 couches distinctes&nbsp;:<\/p>\n<p>Dans la couche la plus pro\u00adfonde&nbsp;: gra\u00advures simples et \u00e0 harpons.<\/p>\n<p>Dans la couche plus \u00e9le\u00adv\u00e9e&nbsp;: gra\u00advures simples sans harpons.<\/p>\n<p>Dans la couche sup\u00e9\u00adrieure&nbsp;: gra\u00advures \u00e0 tours d\u00e9coup\u00e9s.<\/p>\n<p>Dans la couche plus rap\u00adpro\u00adch\u00e9e du sol&nbsp;; sculp\u00adtures en bas-relief.<\/p>\n<p>Enfin dans la der\u00adni\u00e8re couche&nbsp;: sculp\u00adtures en ronde-bosse.<\/p>\n<p>Selon les r\u00e9gions, tan\u00adt\u00f4t ce sont les gra\u00advures d\u2019animaux, tan\u00adt\u00f4t ce sont celles des hommes qui pr\u00e9dominent.<\/p>\n<p><b>\u00c2ge de la pierre polie ou n\u00e9olithique<\/b><\/p>\n<p>Cet \u00e2ge marque un pro\u00adgr\u00e8s sen\u00adsible sur le pr\u00e9\u00adc\u00e9\u00addent, tout en \u00e9tant rat\u00adta\u00adch\u00e9 \u00e0 lui par encore beau\u00adcoup d\u2019\u0153uvres.<\/p>\n<p>L\u2019homme, en effet, polit la pierre, et est arri\u00adv\u00e9 \u00e0 faire ses ins\u00adtru\u00adments. On trouve des haches en pierre avec rem\u00adpla\u00adce\u00adment du manche.<\/p>\n<p>Les habi\u00adta\u00adtions sur pilo\u00adtis font leur appa\u00adri\u00adtion. Il cultive un peu la terre, il y fait pous\u00adser du lin, du bl\u00e9, de l\u2019orge, du seigle.<\/p>\n<p>Il com\u00admence \u00e0 domes\u00adti\u00adquer cer\u00adtaines esp\u00e8ces ani\u00admales&nbsp;: l\u2019\u00e2ne, le chien, le&nbsp;b\u0153uf.<\/p>\n<p>Il construit des pote\u00adries, des vases. \u00c0 cette \u00e9poque com\u00admence l\u2019ensevelissement des morts. Aupa\u00adra\u00advant, les morts \u00e9taient lais\u00ads\u00e9s sans s\u00e9pul\u00adture. Depuis ce moment-l\u00e0, on les enterre et on place sur l\u2019endroit o\u00f9 ils se trouvent de grosses pierres, les dol\u00admens et les menhirs.<\/p>\n<p>Ces pierres sont nom\u00adbreuses en Bre\u00adtagne et en Angleterre.<\/p>\n<p>[\/\u200bL\u00e9on <sc>Rou\u00adget<\/sc>.\/\u200b]<\/p>\n<p>(\u00c0 suivre.)<\/p>\n","protected":false},"excerpt":{"rendered":"<p>(Suite) L\u2019homme a\u2011t\u2011il v\u00e9cu dans la p\u00e9riode ter\u00adtiaire&nbsp;? Nous ne pos\u00ads\u00e9\u00addons pas assez de preuves cer\u00adtaines pour l\u2019affirmer. Mais ce que nous pou\u00advons assu\u00adrer c\u2019est que d\u00e8s le d\u00e9but de la p\u00e9riode qua\u00adter\u00adnaire, l\u2019existence de l\u2019homme est indis\u00adcu\u00adta\u00adble\u00adment d\u00e9mon\u00adtr\u00e9e. La pr\u00e9\u00adsence d\u2019ossements humains et de dif\u00adf\u00e9\u00adrents silex tra\u00advaill\u00e9s, taill\u00e9s, est une preuve irr\u00e9\u00adfu\u00adtable de&nbsp;cette&nbsp;[\u2026]<\/p>\n","protected":false},"author":1,"featured_media":0,"comment_status":"closed","ping_status":"closed","sticky":false,"template":"","format":"standard","meta":{"wp_typography_post_enhancements_disabled":false,"footnotes":""},"categories":[366],"tags":[],"ppma_author":[540],"class_list":["post-3075","post","type-post","status-publish","format-standard","hentry","category-la-revue-anarchiste-na7-juillet-1922"],"authors":[{"term_id":540,"user_id":1,"is_guest":0,"slug":"admin_3gikpwyf","display_name":"Vincent Dubuc","avatar_url":"https:\/\/secure.gravatar.com\/avatar\/d015720652c25fd2ced191ade86430094e1f288a17483713e3b34d26dea52507?s=96&d=mm&r=g","author_category":"","user_url":"https:\/\/la-presse-anarchiste.net","last_name":"Dubuc","first_name":"Vincent","job_title":"","description":""}],"_links":{"self":[{"href":"https:\/\/la-presse-anarchiste.net\/index.php\/wp-json\/wp\/v2\/posts\/3075","targetHints":{"allow":["GET"]}}],"collection":[{"href":"https:\/\/la-presse-anarchiste.net\/index.php\/wp-json\/wp\/v2\/posts"}],"about":[{"href":"https:\/\/la-presse-anarchiste.net\/index.php\/wp-json\/wp\/v2\/types\/post"}],"author":[{"embeddable":true,"href":"https:\/\/la-presse-anarchiste.net\/index.php\/wp-json\/wp\/v2\/users\/1"}],"replies":[{"embeddable":true,"href":"https:\/\/la-presse-anarchiste.net\/index.php\/wp-json\/wp\/v2\/comments?post=3075"}],"version-history":[{"count":0,"href":"https:\/\/la-presse-anarchiste.net\/index.php\/wp-json\/wp\/v2\/posts\/3075\/revisions"}],"wp:attachment":[{"href":"https:\/\/la-presse-anarchiste.net\/index.php\/wp-json\/wp\/v2\/media?parent=3075"}],"wp:term":[{"taxonomy":"category","embeddable":true,"href":"https:\/\/la-presse-anarchiste.net\/index.php\/wp-json\/wp\/v2\/categories?post=3075"},{"taxonomy":"post_tag","embeddable":true,"href":"https:\/\/la-presse-anarchiste.net\/index.php\/wp-json\/wp\/v2\/tags?post=3075"},{"taxonomy":"author","embeddable":true,"href":"https:\/\/la-presse-anarchiste.net\/index.php\/wp-json\/wp\/v2\/ppma_author?post=3075"}],"curies":[{"name":"wp","href":"https:\/\/api.w.org\/{rel}","templated":true}]}}