{"id":3077,"date":"2011-09-04T09:37:10","date_gmt":"2011-09-04T09:37:10","guid":{"rendered":"https:\/\/la-presse-anarchiste.net\/index.php\/2011\/09\/04\/la-voix-syndicaliste-2\/"},"modified":"2011-09-04T09:37:10","modified_gmt":"2011-09-04T09:37:10","slug":"la-voix-syndicaliste-2","status":"publish","type":"post","link":"https:\/\/la-presse-anarchiste.net\/index.php\/2011\/09\/04\/la-voix-syndicaliste-2\/","title":{"rendered":"La Voix syndicaliste"},"content":{"rendered":"<div class=\"pdfprnt-buttons pdfprnt-buttons-post pdfprnt-top-right\"><a href=\"https:\/\/la-presse-anarchiste.net\/index.php\/wp-json\/wp\/v2\/posts\/3077?print=pdf\" class=\"pdfprnt-button pdfprnt-button-pdf\" target=\"_blank\"><img decoding=\"async\" src=\"https:\/\/la-presse-anarchiste.net\/wp-content\/plugins\/pdf-print\/images\/pdf.png\" alt=\"image_pdf\" title=\"Afficher le PDF\"><\/a><a href=\"https:\/\/la-presse-anarchiste.net\/index.php\/wp-json\/wp\/v2\/posts\/3077?print=print\" class=\"pdfprnt-button pdfprnt-button-print\" target=\"_blank\"><img decoding=\"async\" src=\"https:\/\/la-presse-anarchiste.net\/wp-content\/plugins\/pdf-print\/images\/print.png\" alt=\"image_print\" title=\"Contenu imprim\u00e9\"><\/a><\/div><p>Nul plus que nous, n\u2019a fon\u00add\u00e9 d\u2019espoirs sur le Congr\u00e8s de Saint-\u00c9tienne. Nous nous \u00e9tions d\u00e9li\u00advr\u00e9s de la vieille C.G.T. anky\u00adlo\u00ads\u00e9e de fonc\u00adtion\u00adna\u00adrisme et empoi\u00adson\u00adn\u00e9e de r\u00e9for\u00admisme poli\u00adti\u00adcien, pour nous don\u00adner \u00e0 la C.G.T.U., corps et \u00e2me, comme s\u2019il \u00e9tait abso\u00adlu\u00adment s\u00fbr que nous dus\u00adsions y r\u00e9a\u00adli\u00adser la pl\u00e9\u00adni\u00adtude de notre id\u00e9al libertaire.<\/p>\n<p>Eh bien&nbsp;! nous ne regret\u00adtons rien. Certes, au pre\u00admier moment, la peine fut grande, pour nous de voir les poli\u00adti\u00adciens s\u2019emparer de l\u2019organisme conf\u00e9\u00add\u00e9\u00adral r\u00e9vo\u00adlu\u00adtion\u00adnaire. Nous ne nous cachons \u00e9vi\u00addem\u00adment pas le dan\u00adger que cour\u00adrait, sans la vigi\u00adlance des mili\u00adtants, le mou\u00adve\u00adment ouvrier de ce pays. Mais, domi\u00adnant \u00e0 la longue, cette impres\u00adsion pre\u00admi\u00e8re de cha\u00adgrin et de crainte, une cer\u00adti\u00adtude r\u00e9con\u00adfor\u00adtante nous ras\u00ads\u00e9\u00adr\u00e8ne. Jamais la faillite de la poli\u00adtique socia\u00adliste ne fut plus cer\u00adtaine qu\u2019au len\u00adde\u00admain de celle vic\u00adtoire. Jamais le syn\u00addi\u00adca\u00adlisme liber\u00adtaire ne s\u2019exprima avec autant de puis\u00adsance et de net\u00adte\u00adt\u00e9 qu\u2019\u00e0 Saint-\u00c9tienne et jamais on ne vit, dans aucun Congr\u00e8s de la C.G.T., une assem\u00adbl\u00e9e si for\u00adte\u00adment impres\u00adsion\u00adn\u00e9e par les id\u00e9es de sa mino\u00adri\u00adt\u00e9, que nom\u00adbreux, furent par\u00admi les d\u00e9l\u00e9\u00adgu\u00e9s de la majo\u00adri\u00adt\u00e9, ceux qui par\u00adtirent avec le remords du man\u00addat qu\u2019ils venaient d\u2019ex\u00e9cuter.<\/p>\n<p>Demain est \u00e0 nous. Nous l\u2019avons conquis \u00e0 Saint-\u00c9tienne. Demain est \u00e0 l\u2019Anarchie par le syndicalisme.<\/p>\n<p>[|<b>*  *  *  *<\/b>|]<br>\n<\/p>\n<p>Nous aurions pu \u00eatre plus adroits. Et ain\u00adsi, peut-\u00eatre, le suc\u00adc\u00e8s nous e\u00fbt sou\u00adri. En ne reven\u00addi\u00adquant pas notre esprit anar\u00adchiste \u00e0 la veille des d\u00e9bats de Saint-\u00c9tienne, nous eus\u00adsions per\u00admis \u00e0 la confu\u00adsion de per\u00addu\u00adrer et, en bons enfants bien sages, nous eus\u00adsions joui des faveurs \u00e9lec\u00adto\u00adrales. Des cama\u00adrades ont os\u00e9 nous dire cela. Se ren\u00addaient-ils bien compte de la nature de leur reproche&nbsp;? Allons donc, contre la poli\u00adtique nous sommes et contre les m\u0153urs poli\u00adti\u00adciennes aus\u00adsi. Tout s\u2019est fort bien pas\u00ads\u00e9, avant et pen\u00addant Saint-\u00c9tienne. Les hommes de confiance du par\u00adti com\u00admu\u00adniste sont au bureau et \u00e0 la Com\u00admis\u00adsion admi\u00adnis\u00adtra\u00adtive de la C.G.T.U.\u200a\u2014\u200asoit, mais pour com\u00adbien de temps et dans quelle situation&nbsp;?<\/p>\n<p>Nous avons fait mieux que de nous main\u00adte\u00adnir en fonc\u00adtions, nous avons sem\u00e9, \u00e0 pleines mains et d\u2019un geste large, dans le Pro\u00adl\u00e9\u00adta\u00adriat, des semences d\u2019anarchie.<\/p>\n<p>\u00ab&nbsp;Anar\u00adchie&nbsp;\u00bb, voi\u00adl\u00e0 le grand mot\u200a\u2014\u200ale gros mot m\u00eame, pour Mon\u00admous\u00adseau et Lozowski.<\/p>\n<p>Avec le mot \u00ab&nbsp;Anar\u00adchie&nbsp;\u00bb ils esp\u00e8rent \u00e9pou\u00advan\u00adter les masses afin de les rame\u00adner plus faci\u00adle\u00adment sous les hou\u00adlettes du ber\u00adger. Ils se figurent aus\u00adsi, par de tels pro\u00adc\u00e9\u00add\u00e9s, nous ren\u00adfon\u00adcer le mot dans la gorge et \u00e9touf\u00adfer notre tendance.<\/p>\n<p>Mon\u00admous\u00adseau et Lozows\u00adki se trompent. \u00c0 force de dire du mal de l\u2019Anarchie, ils finissent par \u00e9veiller, chez les plus igno\u00adrants, le d\u00e9sir de la conna\u00eetre. L\u2019Anarchie devient un fruit d\u00e9fen\u00addu. Les dic\u00adta\u00adteurs de Mos\u00adcou auront beau \u00e9dic\u00adter des lois, les pro\u00adl\u00e9\u00adtaires sau\u00adront les enfreindre, afin d\u2019entendre la voix des per\u00ads\u00e9\u00adcu\u00adt\u00e9s qui leur par\u00adle\u00adront d\u2019Anarchie.<\/p>\n<p>Et quant \u00e0 nous, plus on nous fera honte de notre anar\u00adchisme, plus nous en serons fiers, plus nous le reven\u00addi\u00adque\u00adrons \u00e0 la face de tous et <i>sur\u00adtout<\/i> au sein de l\u2019organisation des exploi\u00adt\u00e9s, dans les syn\u00addi\u00adcats, dans une Conf\u00e9\u00add\u00e9\u00adra\u00adtion g\u00e9n\u00e9\u00adrale du Travail.<\/p>\n<p>Nous ne nous en sommes pas pri\u00adv\u00e9s \u00e0 Saint-\u00c9tienne et j\u2019esp\u00e8re bien qu\u2019il n\u2019y aura pas un anar\u00adchiste pour nous en faire grief&nbsp;! En tous cas, tous les com\u00adpa\u00adgnons qui \u00e9taient l\u00e0-bas, savent bien pour\u00adquoi nous ne regret\u00adtons pas notre fran\u00adchise. Au mot d\u2019\u00ab&nbsp;Anar\u00adchie&nbsp;\u00bb lan\u00adc\u00e9 par nos adver\u00adsaires poli\u00adti\u00adciens sur le m\u00eame ton que jadis, on pro\u00adf\u00e9\u00adrait le mot \u00ab&nbsp;l\u00e8pre&nbsp;\u00bb une curio\u00adsi\u00adt\u00e9 hos\u00adtile s\u2019\u00e9veillait par\u00admi une grosse par\u00adtie des congres\u00adsistes. Mais, lorsque nous venions r\u00e9pondre en expli\u00adquant l\u2019Anarchie, pr\u00e9\u00adci\u00adsant son sens n\u00e9ga\u00adtif de tout Gou\u00adver\u00adne\u00adment, de toute contrainte et son sens affir\u00adma\u00adtif de l\u2019organisation du tra\u00advail par les tra\u00advailleurs\u200a\u2014\u200ad\u2019une libre orga\u00adni\u00adsa\u00adtion des pro\u00adduc\u00adteurs ne souf\u00adfrant rien ni au-des\u00adsus ni \u00e0 c\u00f4t\u00e9 d\u2019elle\u200a\u2014\u200ala curio\u00adsi\u00adt\u00e9 deve\u00adnait sym\u00adpa\u00adthique et bien des yeux s\u2019\u00e9clairaient sou\u00addain d\u2019une flamme libertaire\u2026<\/p>\n<p>[|<b>*  *  *  *<\/b>|]<br>\n<\/p>\n<p>\u2014 Cepen\u00addant, dira-t-on, nous voi\u00adci, par l\u2019adh\u00e9sion \u00e0 l\u2019internationale Syn\u00addi\u00adcale Rouge, assu\u00adjet\u00adtis au Gou\u00adver\u00adne\u00adment de Mos\u00adcou. mena\u00adc\u00e9s d\u2019une dis\u00adci\u00adpline de par\u00adti, pri\u00adv\u00e9s de notre auto\u00adno\u00admie, de notre ind\u00e9\u00adpen\u00addance de pen\u00ads\u00e9e et d\u2019action. Triste situa\u00adtion pour des anarchistes.<\/p>\n<p>Halte-l\u00e0, mes cama\u00adrades&nbsp;! Ne confon\u00addons pas syn\u00addi\u00adca\u00adlisme et poli\u00adtique. Et quoi qu\u2019on en ait pu dire en un moment de d\u00e9ses\u00adpoir, le syn\u00addi\u00adca\u00adlisme n\u2019est pas mort. Le syn\u00addi\u00adca\u00adlisme n\u2019est pas l\u2019\u0153uvre d\u2019un homme ou de quelques hommes, il ne na\u00eet pas d\u2019une th\u00e9o\u00adrie. Avant le syn\u00addi\u00adca\u00adlisme il y a les syn\u00addi\u00adcats. Avant tout j\u2019adh\u00e8re \u00e0 mon syn\u00addi\u00adcat. J\u2019y adh\u00e8re comme exploi\u00adt\u00e9, comme pro\u00adduc\u00adteur. Aucune condi\u00adtion id\u00e9o\u00adlo\u00adgique n\u2019est pos\u00e9e \u00e0 celui qui veut se syn\u00addi\u00adquer. Une seule condi\u00adtion pra\u00adtique&nbsp;: \u00eatre un pro\u00adl\u00e9\u00adtaire. \u00c0 la base, le syn\u00addi\u00adcat conserve donc toute sa plas\u00adti\u00adci\u00adt\u00e9 g\u00e9n\u00e9\u00adrique, toute sa f\u00e9con\u00addi\u00adt\u00e9 liber\u00adtaire. Du fait que tous les tra\u00advailleurs peuvent le for\u00admer \u00e0 l\u2019image de leurs besoins et de leurs volon\u00adt\u00e9s indi\u00advi\u00adduelles pour le ser\u00advice de leurs int\u00e9\u00adr\u00eats com\u00admuns, le syn\u00addi\u00adcat conserve un dyna\u00admisme anar\u00adchique bien fait pour nous ras\u00adsu\u00adrer. On peut avoir cap\u00adt\u00e9 un centre du syn\u00addi\u00adca\u00adlisme&nbsp;: peu nous importe puisque dans le syn\u00addi\u00adca\u00adlisme, qu\u2019on le veuille ou non, la force ne sera jamais cen\u00adtri\u00adfuge, mais cen\u00adtri\u00adp\u00e8te. Toute la puis\u00adsance cr\u00e9a\u00adtrice vient du syn\u00addi\u00adcat. Et le syn\u00addi\u00adcat lui-m\u00eame tire sa poten\u00adtia\u00adli\u00adt\u00e9 de cha\u00adcun des indi\u00advi\u00addus-pro\u00adduc\u00adteurs qui le forment. Anar\u00adchiste, je suis donc l\u00e0, \u00e0 la racine de l\u2019arbre, je suis une des radi\u00adcelles de l\u2019arbre.<\/p>\n<p>On petit cou\u00adper des branches \u00e0 la cime&nbsp;: il en pous\u00adse\u00adra d\u2019autres&nbsp;; j\u2019en ferai pous\u00adser d\u2019autres qui por\u00adte\u00adront, vers la lumi\u00e8re, le mou\u00adve\u00adment d\u2019une s\u00e8ve qui garde le go\u00fbt de mon effort\u2026<\/p>\n<p>Aujourd\u2019hui la C.G.T.U. va \u00e0 l\u2019I.S.R. de Mos\u00adcou. Soit. Dans mon syn\u00addi\u00adcat, par mon syn\u00addi\u00adcat, de mon syn\u00addi\u00adcat, je vais tou\u00adcher les tra\u00advailleurs de mon syn\u00addi\u00adcat, de mon comi\u00adt\u00e9 inter\u00adsyn\u00addi\u00adcal, de mon union des syn\u00addi\u00adcats, de ma f\u00e9d\u00e9\u00adra\u00adtion. Mon anar\u00adchie, c\u2019est-\u00e0-dire, ma volon\u00adt\u00e9 d\u2019\u00e9mancipation int\u00e9\u00adgrale des pro\u00adduc\u00adteurs, va faire son che\u00admin de pro\u00adpa\u00adgande tout dou\u00adce\u00adment, d\u2019une r\u00e9union d\u2019atelier \u00e0 une Assem\u00adbl\u00e9e g\u00e9n\u00e9\u00adrale, d\u2019un Comi\u00adt\u00e9 g\u00e9n\u00e9\u00adral \u00e0 un Congr\u00e8s f\u00e9d\u00e9\u00adral, et au pro\u00adchain Congr\u00e8s Conf\u00e9\u00add\u00e9\u00adral, avant un an peut-\u00eatre, tous ces efforts pro\u00addui\u00adront leurs fruits.<\/p>\n<p>[|<b>*  *  *  *<\/b>|]<br>\n<\/p>\n<p>Cepen\u00addant nous ne per\u00addons pas notre conscience inter\u00adna\u00adtio\u00adnale. \u00c0 Ber\u00adlin nous avons ren\u00adcon\u00adtr\u00e9 les repr\u00e9\u00adsen\u00adtants du pro\u00adl\u00e9\u00adta\u00adriat libre. Ce sont des hommes qui savent se faire les d\u00e9fen\u00adseurs h\u00e9ro\u00efques du syn\u00addi\u00adca\u00adlisme. Bor\u00adghi et Negro, en lutte avec le fas\u00adcisme d\u2019Italie&nbsp;; Diez, dont la C.N.T. en Espagne, s\u2019affirme cou\u00adra\u00adgeu\u00adse\u00adment liber\u00adtaire, mal\u00adgr\u00e9 les per\u00ads\u00e9\u00adcu\u00adtions et les tor\u00adtures infli\u00adg\u00e9es&nbsp;; Rocker et Sou\u00adchy, dont les efforts tendent \u00e0 rendre au Pro\u00adl\u00e9\u00adta\u00adriat alle\u00admand, l\u2019organisation qu\u2019il m\u00e9rite&nbsp;; Cha\u00adpi\u00adro, exi\u00adl\u00e9 de Rus\u00adsie par le Com\u00admu\u00adnisme d\u2019\u00c9tat. Voi\u00adl\u00e0 le noyau solide d\u2019une r\u00e9sis\u00adtance syn\u00addi\u00adca\u00adliste internationale.<\/p>\n<p>Gr\u00e2ce \u00e0 ce lien de soli\u00adda\u00adri\u00adt\u00e9 ext\u00e9\u00adrieure, nous sau\u00adrons tenir bon dans la C.G.T.U. avec toutes nos attaches internes, par cha\u00adcun de nos syn\u00addi\u00adcats dont nous sui\u00advrons atten\u00adtive ment et pas\u00adsion\u00adn\u00e9\u00adment les assem\u00adbl\u00e9es\u200a\u2014\u200aafin de ne pas lais\u00adser la pour\u00adri\u00adture des cimes de la C.G.T.U. se com\u00admu\u00adni\u00adquer jusqu\u2019\u00e0 nos ch\u00e8res racines.<\/p>\n<p>Chers cama\u00adrades de Ber\u00adlin, d\u2019Italie et d\u2019Espagne, vous \u00eates notre soleil&nbsp;; vous \u00eates l\u2019aube de l\u2019Internationale syn\u00addi\u00adcale que nous vou\u00adlons&nbsp;: celle qui per\u00admet\u00adtra aux exploi\u00adt\u00e9s du monde entier, d\u2019accomplir leur \u00e9man\u00adci\u00adpa\u00adtion int\u00e9\u00adgrale, celle qui scel\u00adle\u00adra l\u2019union des tra\u00advailleurs par l\u2019Anarchie, c\u2019est-\u00e0-dire dans une volon\u00adt\u00e9 uni\u00adver\u00adselle de pro\u00adduc\u00adtion et de consom\u00adma\u00adtion des indi\u00advi\u00addus orga\u00adni\u00ads\u00e9s sur le plan du Tra\u00advail&nbsp;libre.<\/p>\n<p>[\/\u200bAndr\u00e9 <sc>Colo\u00admer<\/sc>.\/\u200b]<\/p>\n","protected":false},"excerpt":{"rendered":"<p>Nul plus que nous, n\u2019a fon\u00add\u00e9 d\u2019espoirs sur le Congr\u00e8s de Saint-\u00c9tienne. Nous nous \u00e9tions d\u00e9li\u00advr\u00e9s de la vieille C.G.T. anky\u00adlo\u00ads\u00e9e de fonc\u00adtion\u00adna\u00adrisme et empoi\u00adson\u00adn\u00e9e de r\u00e9for\u00admisme poli\u00adti\u00adcien, pour nous don\u00adner \u00e0 la C.G.T.U., corps et \u00e2me, comme s\u2019il \u00e9tait abso\u00adlu\u00adment s\u00fbr que nous dus\u00adsions y r\u00e9a\u00adli\u00adser la pl\u00e9\u00adni\u00adtude de notre id\u00e9al liber\u00adtaire. Eh&nbsp;bien&nbsp;!&nbsp;[\u2026]<\/p>\n","protected":false},"author":1,"featured_media":0,"comment_status":"closed","ping_status":"closed","sticky":false,"template":"","format":"standard","meta":{"wp_typography_post_enhancements_disabled":false,"footnotes":""},"categories":[366],"tags":[],"ppma_author":[540],"class_list":["post-3077","post","type-post","status-publish","format-standard","hentry","category-la-revue-anarchiste-na7-juillet-1922"],"authors":[{"term_id":540,"user_id":1,"is_guest":0,"slug":"admin_3gikpwyf","display_name":"Vincent Dubuc","avatar_url":"https:\/\/secure.gravatar.com\/avatar\/d015720652c25fd2ced191ade86430094e1f288a17483713e3b34d26dea52507?s=96&d=mm&r=g","author_category":"","user_url":"https:\/\/la-presse-anarchiste.net","last_name":"Dubuc","first_name":"Vincent","job_title":"","description":""}],"_links":{"self":[{"href":"https:\/\/la-presse-anarchiste.net\/index.php\/wp-json\/wp\/v2\/posts\/3077","targetHints":{"allow":["GET"]}}],"collection":[{"href":"https:\/\/la-presse-anarchiste.net\/index.php\/wp-json\/wp\/v2\/posts"}],"about":[{"href":"https:\/\/la-presse-anarchiste.net\/index.php\/wp-json\/wp\/v2\/types\/post"}],"author":[{"embeddable":true,"href":"https:\/\/la-presse-anarchiste.net\/index.php\/wp-json\/wp\/v2\/users\/1"}],"replies":[{"embeddable":true,"href":"https:\/\/la-presse-anarchiste.net\/index.php\/wp-json\/wp\/v2\/comments?post=3077"}],"version-history":[{"count":0,"href":"https:\/\/la-presse-anarchiste.net\/index.php\/wp-json\/wp\/v2\/posts\/3077\/revisions"}],"wp:attachment":[{"href":"https:\/\/la-presse-anarchiste.net\/index.php\/wp-json\/wp\/v2\/media?parent=3077"}],"wp:term":[{"taxonomy":"category","embeddable":true,"href":"https:\/\/la-presse-anarchiste.net\/index.php\/wp-json\/wp\/v2\/categories?post=3077"},{"taxonomy":"post_tag","embeddable":true,"href":"https:\/\/la-presse-anarchiste.net\/index.php\/wp-json\/wp\/v2\/tags?post=3077"},{"taxonomy":"author","embeddable":true,"href":"https:\/\/la-presse-anarchiste.net\/index.php\/wp-json\/wp\/v2\/ppma_author?post=3077"}],"curies":[{"name":"wp","href":"https:\/\/api.w.org\/{rel}","templated":true}]}}