{"id":3085,"date":"2011-09-05T07:29:34","date_gmt":"2011-09-05T07:29:34","guid":{"rendered":"https:\/\/la-presse-anarchiste.net\/index.php\/2011\/09\/05\/le-cinquantenaire-de-lanarchisme\/"},"modified":"2011-09-05T07:29:34","modified_gmt":"2011-09-05T07:29:34","slug":"le-cinquantenaire-de-lanarchisme","status":"publish","type":"post","link":"https:\/\/la-presse-anarchiste.net\/index.php\/2011\/09\/05\/le-cinquantenaire-de-lanarchisme\/","title":{"rendered":"Le cinquantenaire de l\u2019anarchisme"},"content":{"rendered":"<div class=\"pdfprnt-buttons pdfprnt-buttons-post pdfprnt-top-right\"><a href=\"https:\/\/la-presse-anarchiste.net\/index.php\/wp-json\/wp\/v2\/posts\/3085?print=pdf\" class=\"pdfprnt-button pdfprnt-button-pdf\" target=\"_blank\"><img decoding=\"async\" src=\"https:\/\/la-presse-anarchiste.net\/wp-content\/plugins\/pdf-print\/images\/pdf.png\" alt=\"image_pdf\" title=\"Afficher le PDF\"><\/a><a href=\"https:\/\/la-presse-anarchiste.net\/index.php\/wp-json\/wp\/v2\/posts\/3085?print=print\" class=\"pdfprnt-button pdfprnt-button-print\" target=\"_blank\"><img decoding=\"async\" src=\"https:\/\/la-presse-anarchiste.net\/wp-content\/plugins\/pdf-print\/images\/print.png\" alt=\"image_print\" title=\"Contenu imprim\u00e9\"><\/a><\/div><p>Le docu\u00adment que nous publions ci-apr\u00e8s peut \u00eatre consi\u00add\u00e9\u00adr\u00e9 comme l\u2019acte de nais\u00adsance de l\u2019anarchisme. Enten\u00addons-nous bien. L\u2019id\u00e9e anar\u00adchique avait \u00e9t\u00e9 for\u00admu\u00adl\u00e9e pr\u00e9\u00adc\u00e9\u00addem\u00adment dans plu\u00adsieurs \u00e9crits et r\u00e9unions\u200a\u2014\u200aet tout homme pr\u00e9\u00adco\u00adni\u00adsant dans tel ou tel domaine de la vie l\u2019enti\u00e8re liber\u00adt\u00e9 est en quelque sorte notre col\u00adla\u00adbo\u00adra\u00adteur\u200a\u2014\u200amais jamais l\u2019ensemble de nos doc\u00adtrines n\u2019avait \u00e9t\u00e9 pr\u00e9\u00adsen\u00adt\u00e9 d\u2019une fa\u00e7on plus pr\u00e9\u00adcise et effi\u00adcace. Cha\u00adcun com\u00adprend aujourd\u2019hui que la scis\u00adsion de la Haye, sanc\u00adtion\u00adn\u00e9e \u00e0 Saint-Imier, avait des causes et des rai\u00adsons autre\u00adment pro\u00adfondes que les pol\u00e9\u00admiques per\u00adson\u00adnelles. C\u2019est pour\u00adquoi nous n\u2019entendons pas nous arr\u00ea\u00adter m\u00eame sur la plus impor\u00adtante de toutes ces pol\u00e9\u00admiques, celle entre Marx et Bakou\u00adnine. L\u2019histoire impar\u00adtiale a d\u00e9j\u00e0 ren\u00addu enti\u00e8\u00adre\u00adment jus\u00adtice \u00e0 ce dernier.<\/p>\n<p>Deux doc\u00adtrines, deux concep\u00adtions bien oppo\u00ads\u00e9es du mou\u00adve\u00adment social se sont trou\u00adv\u00e9es en pr\u00e9\u00adsence dans la pre\u00admi\u00e8re Inter\u00adna\u00adtio\u00adnale, et la scis\u00adsion qui en est r\u00e9sul\u00adt\u00e9e nous para\u00eet devoir \u00eatre d\u00e9fi\u00adni\u00adtive. La pen\u00ads\u00e9e liber\u00adtaire est abso\u00adlu\u00adment incon\u00adci\u00adliable avec la pen\u00ads\u00e9e auto\u00adri\u00adtaire. Nous le sen\u00adtons en toutes cir\u00adcons\u00adtances et il ne sert \u00e0 rien de le regret\u00adter. M\u00eame et sur\u00adtout aux jours des grands sou\u00adl\u00e8\u00adve\u00adments r\u00e9vo\u00adlu\u00adtion\u00adnaires, nous devons res\u00adter les enne\u00admis d\u00e9cla\u00adr\u00e9s et d\u00e9ci\u00add\u00e9s de tout pro\u00adc\u00e9\u00add\u00e9 gou\u00adver\u00adne\u00admen\u00adtal, si nous ne vou\u00adlons tra\u00adhir la cause de l\u2019\u00e9mancipation int\u00e9\u00adgrale qui est la&nbsp;n\u00f4tre.<\/p>\n<p>Depuis cin\u00adquante ans, depuis les inou\u00adbliables r\u00e9so\u00adlu\u00adtions de Saint-Imier, un mou\u00adve\u00adment anar\u00adchiste inter\u00adna\u00adtio\u00adnal existe, auquel les faits n\u2019ont ces\u00ads\u00e9 de don\u00adner rai\u00adson. Certes nous avons \u00e9t\u00e9 insuf\u00adfi\u00adsants \u00e0 l\u2019\u00e9norme t\u00e2che qui nous incombe, mais il est net\u00adte\u00adment prou\u00adv\u00e9 que c\u2019est uni\u00adque\u00adment sur les bases indi\u00adqu\u00e9es par nos a\u00een\u00e9s que l\u2019\u0153uvre de d\u00e9fense, de r\u00e9sis\u00adtance et de vic\u00adtoire du pro\u00adl\u00e9\u00adta\u00adriat est pos\u00adsible. Que reste-t-il des triomphes \u00e9lec\u00adto\u00adraux avec les\u00adquels le monde du tra\u00advail a \u00e9t\u00e9 si odieu\u00adse\u00adment trom\u00adp\u00e9&nbsp;? Qu\u2019il nous suf\u00adfise de rap\u00adpe\u00adler ici le der\u00adnier en date, le triomphe tant exal\u00adt\u00e9 du Par\u00adti socia\u00adliste ita\u00adlien, abou\u00adtis\u00adsant au\u2026 <i>fas\u00adcis\u00admo<\/i>, \u00e0 la r\u00e9ac\u00adtion la plus sau\u00advage et la plus sanglante.<\/p>\n<p>Nous n\u2019entendons pas com\u00admen\u00adter ici toutes les r\u00e9so\u00adlu\u00adtions de Saint-Imier&nbsp;; mais il en est une qu\u2019il importe de sou\u00adli\u00adgner en pas\u00adsant. En oppo\u00adsi\u00adtion \u00e0 la fameuse \u00ab&nbsp;dic\u00adta\u00adture| du pro\u00adl\u00e9\u00adta\u00adriat&nbsp;\u00bb, pr\u00f4\u00adn\u00e9e par Marx et les blan\u00adquistes, les anar\u00adchistes d\u00e9cla\u00adraient \u00ab&nbsp;que toute orga\u00adni\u00adsa\u00adtion d\u2019un pou\u00advoir poli\u00adtique soi-disant pro\u00advi\u00adsoire et r\u00e9vo\u00adlu\u00adtion\u00adnaire ne peut \u00eatre qu\u2019une trom\u00adpe\u00adrie de plus et serait aus\u00adsi dan\u00adge\u00adreuse pour le pro\u00adl\u00e9\u00adta\u00adriat que tous les gou\u00adver\u00adne\u00adments exis\u00adtant aujourd\u2019hui&nbsp;\u00bb. Ici encore, l\u2019exp\u00e9rience russe est venue confir\u00admer enti\u00e8\u00adre\u00adment nos pr\u00e9visions.<\/p>\n<p>Rien de plus regret\u00adtable, \u00e0 mon avis, qu\u2019un cer\u00adtain flot\u00adte\u00adment qui s\u2019est pro\u00adduit par\u00admi nous \u00e0 pro\u00adpos de ladite dic\u00adta\u00adture. D\u00e8s la pre\u00admi\u00e8re heure, en novembre 1917, nous aurions d\u00fb affir\u00admer notre oppo\u00adsi\u00adtion \u00e0 tout nou\u00adveau pou\u00advoir poli\u00adtique, en expli\u00adquant bien son carac\u00adt\u00e8re. Toute jus\u00adti\u00adfi\u00adca\u00adtion de notre part du bol\u00adche\u00advisme \u00e9tait absurde et le <i>fait<\/i> dic\u00adta\u00adture ne devait pas nous en impo\u00adser davan\u00adtage que le <i>fait<\/i> guerre. L\u2019une et l\u2019autre se sont r\u00e9v\u00e9\u00adl\u00e9es impuis\u00adsantes \u00e0 atteindre les buts vis\u00e9s, non\u00adobs\u00adtant le mono\u00adpole et l\u2019emploi de tous les moyens. Inutile d\u2019ajouter que ces buts ne sont d\u2019ailleurs pas les n\u00f4tres.<\/p>\n<p>Les cama\u00adrades en Suisse se pr\u00e9\u00adparent \u00e0 com\u00adm\u00e9\u00admo\u00adrer digne\u00adment le cin\u00adquan\u00adte\u00adnaire du Congr\u00e8s de Saint-Imier. La p\u00e9riode de crise et de r\u00e9ac\u00adtion que tra\u00adverse le monde entier ne leur per\u00admet gu\u00e8re d\u2019organiser une grande mani\u00adfes\u00adta\u00adtion inter\u00adna\u00adtio\u00adnale, mais ils veulent n\u00e9an\u00admoins contre toute confu\u00adsion ou \u00e9qui\u00advoque, contre tout aban\u00addon de prin\u00adcipes, affir\u00admer leurs convic\u00adtions pro\u00adfondes, leur espoir dans la libre soli\u00adda\u00adri\u00adt\u00e9, leur d\u00e9ci\u00adsion de pour\u00adsuivre le&nbsp;lutte.<\/p>\n<p>L\u2019anarchisme tou\u00adjours vain\u00adcu mat\u00e9\u00adriel\u00adle\u00adment est d\u00e9j\u00e0 vain\u00adqueur mora\u00adle\u00adment. Il a dit la plus grande parole de v\u00e9ri\u00adt\u00e9, et c\u2019est uni\u00adque\u00adment par celle-ci que l\u2019on peut triom\u00adpher r\u00e9el\u00adle\u00adment. Rien de plus inutile et de plus illu\u00adsoire que la vic\u00adtoire par le mensonge.<\/p>\n<p>[\/\u200bL. Bertoni.\/]<br>\n<\/p>\n<p>[|<b>R\u00e9so\u00adlu\u00adtions du Congr\u00e8s anti-auto\u00adri\u00adtaire inter\u00adna\u00adtio\u00adnal tenu \u00e0 Saint-Imier le 15 sep\u00adtembre 1872, par les d\u00e9l\u00e9\u00adgu\u00e9s des F\u00e9d\u00e9\u00adra\u00adtions et Sec\u00adtions ita\u00adliennes, fran\u00ad\u00e7aises, espa\u00adgnoles, am\u00e9\u00adri\u00adcaines et juras\u00adsiennes<\/b>|]<\/p>\n<p><b>Pre\u00admi\u00e8re r\u00e9solution<\/b><br>\n<\/p>\n<p><i>\u2028Atti\u00adtude des F\u00e9d\u00e9\u00adra\u00adtions r\u00e9unies en Congr\u00e8s \u00e0 Saint-Imier,  en pr\u00e9\u00adsence des r\u00e9so\u00adlu\u00adtions du Congr\u00e8s de la Haye et du Conseil g\u00e9n\u00e9ral.<\/i><\/p>\n<p>Consi\u00add\u00e9\u00adrant que l\u2019autonomie et l\u2019ind\u00e9pendance des f\u00e9d\u00e9\u00adra\u00adtions et sec\u00adtions ouvri\u00e8res sont la pre\u00admi\u00e8re condi\u00adtion de l\u2019\u00e9mancipation des travailleurs&nbsp;;<\/p>\n<p>Que tout pou\u00advoir l\u00e9gis\u00adla\u00adtif et r\u00e9gle\u00admen\u00adtaire accor\u00add\u00e9 aux Congr\u00e8s serait une n\u00e9ga\u00adtion fla\u00adgrante de cette auto\u00adno\u00admie et de cette libert\u00e9&nbsp;;<\/p>\n<p>Le Congr\u00e8s d\u00e9nie en prin\u00adcipe le droit l\u00e9gis\u00adla\u00adtif de tous les Congr\u00e8s, soit g\u00e9n\u00e9\u00adraux, soit r\u00e9gio\u00adnaux, ne leur recon\u00adnais\u00adsant d\u2019autre mis\u00adsion que celle de mettre en pr\u00e9\u00adsence les aspi\u00adra\u00adtions, besoins et id\u00e9es du pro\u00adl\u00e9\u00adta\u00adriat des dif\u00adf\u00e9\u00adrentes loca\u00adli\u00adt\u00e9s ou pays, afin que leur har\u00admo\u00adni\u00adsa\u00adtion et leur uni\u00adfi\u00adca\u00adtion s\u2019y op\u00e8rent autant que pos\u00adsible&nbsp;; mais dans aucun cas la majo\u00adri\u00adt\u00e9 d\u2019un Congr\u00e8s quel\u00adconque ne pour\u00adra impo\u00adser ses r\u00e9so\u00adlu\u00adtions \u00e0 la minorit\u00e9.<\/p>\n<p>Consi\u00add\u00e9\u00adrant d\u2019autre part, que l\u2019institution d\u2019un Conseil g\u00e9n\u00e9\u00adral dans l\u2019internationale est, par sa nature m\u00eame et fata\u00adle\u00adment, pous\u00ads\u00e9e \u00e0 deve\u00adnir une vio\u00adla\u00adtion per\u00adma\u00adnente de cette liber\u00adt\u00e9 qui doit \u00eatre la base fon\u00adda\u00admen\u00adtale de notre grande Association&nbsp;;<\/p>\n<p>Consi\u00add\u00e9\u00adrant que les actes du Conseil g\u00e9n\u00e9\u00adral de Londres qui vient d\u2019\u00eatre dis\u00adsous, pen\u00addant ces trois der\u00adni\u00e8res ann\u00e9es, sont la preuve vivante du vice inh\u00e9\u00adrent \u00e0 cette institution&nbsp;;<\/p>\n<p>Que, pour aug\u00admen\u00adter sa puis\u00adsance d\u2019abord tr\u00e8s minime, il a eu recours aux intrigues, aux men\u00adsonges, aux calom\u00adnies les plus inf\u00e2mes pour ten\u00adter de salir tous ceux qui ont os\u00e9 le combattre&nbsp;;<\/p>\n<p>Que, pour arri\u00adver \u00e0 l\u2019accomplissement final de ses vues, il a pr\u00e9\u00adpa\u00adr\u00e9 de longue main le Congr\u00e8s de la Haye, dont la majo\u00adri\u00adt\u00e9, arti\u00adfi\u00adciel\u00adle\u00adment orga\u00adni\u00ads\u00e9e, n\u2019a \u00e9vi\u00addem\u00adment eu d\u2019autre but que de faire triom\u00adpher dans l\u2019Internationale la domi\u00adna\u00adtion d\u2019un par\u00adti auto\u00adri\u00adtaire, et que, pour atteindre ce but elle n\u2019a pas craint de fou\u00adler aux pieds toute d\u00e9cence et toute justice&nbsp;;<\/p>\n<p>Qu\u2019un tel Congr\u00e8s ne peut pas \u00eatre l\u2019expression du pro\u00adl\u00e9\u00adta\u00adriat des pays qui s\u2019y sont fait repr\u00e9senter&nbsp;;<\/p>\n<p>Le Congr\u00e8s des d\u00e9l\u00e9\u00adgu\u00e9s des f\u00e9d\u00e9\u00adra\u00adtions espa\u00adgnole, ita\u00adlienne, juras\u00adsienne, am\u00e9\u00adri\u00adcaine et fran\u00ad\u00e7aise, r\u00e9uni \u00e0 Saint-Imier, d\u00e9clare&nbsp;:<\/p>\n<p>Repous\u00adser abso\u00adlu\u00adment toutes les r\u00e9so\u00adlu\u00adtions du Congr\u00e8s de la Haye, ne recon\u00adnais\u00adsant en aucune fa\u00e7on les pou\u00advoirs du nou\u00adveau Conseil g\u00e9n\u00e9\u00adral nom\u00adm\u00e9 par lui, et pour sau\u00adve\u00adgar\u00adder leurs f\u00e9d\u00e9\u00adra\u00adtions res\u00adpec\u00adtives contre les pr\u00e9\u00adten\u00adtions gou\u00adver\u00adne\u00admen\u00adtales de ce Conseil g\u00e9n\u00e9\u00adral, aus\u00adsi bien que pour sau\u00adver et for\u00adti\u00adfier davan\u00adtage l\u2019unit\u00e9 de l\u2019Internationale, les d\u00e9l\u00e9\u00adgu\u00e9s ont jet\u00e9s les bases d\u2019un pro\u00adjet de pacte de soli\u00adda\u00adri\u00adt\u00e9 entre ces f\u00e9d\u00e9rations.&nbsp;<\/p>\n<p>&nbsp;<br>\n<b>Deuxi\u00e8me r\u00e9so\u00adlu\u00adtion<\/b><br>\n<\/p>\n<p><i>Pacte d\u2019amiti\u00e9, de soli\u00adda\u00adri\u00adt\u00e9 et de d\u00e9fense mutuelle entre les F\u00e9d\u00e9\u00adra\u00adtions libres.<\/i><\/p>\n<p>Consi\u00add\u00e9\u00adrant que la grande uni\u00adt\u00e9 de l\u2019Internationale est fon\u00add\u00e9e non sur l\u2019organisation arti\u00adfi\u00adcielle et tou\u00adjours mal\u00adfai\u00adsante d\u2019un pou\u00advoir cen\u00adtra\u00adli\u00adsa\u00adteur quel\u00adconque, mais sur l\u2019identit\u00e9 r\u00e9elle des int\u00e9\u00adr\u00eats et des aspi\u00adra\u00adtions du pro\u00adl\u00e9\u00adta\u00adriat de tous les pays, d\u2019un c\u00f4t\u00e9, et de l\u2019autre sur la F\u00e9d\u00e9\u00adra\u00adtion spon\u00adta\u00adn\u00e9e et abso\u00adlu\u00adment libre des F\u00e9d\u00e9\u00adra\u00adtions et des Sec\u00adtions libres de tous les&nbsp;pays&nbsp;;<\/p>\n<p>Consi\u00add\u00e9\u00adrant qu\u2019au sein de l\u2019Internationale il y a aujourd\u2019hui une ten\u00addance, ouver\u00adte\u00adment mani\u00adfes\u00adt\u00e9e au Congr\u00e8s de la Haye par le par\u00adti auto\u00adri\u00adtaire qui est celui du com\u00admu\u00adnisme alle\u00admand, \u00e0 sub\u00adsti\u00adtuer sa domi\u00adna\u00adtion et le pou\u00advoir de ses chefs au libre d\u00e9ve\u00adlop\u00adpe\u00adment et \u00e0 cette orga\u00adni\u00adsa\u00adtion spon\u00adta\u00adn\u00e9e et libre du prol\u00e9tariat&nbsp;;<\/p>\n<p>Consi\u00add\u00e9\u00adrant que la majo\u00adri\u00adt\u00e9 du Congr\u00e8s de la Haye a cyni\u00adque\u00adment sacri\u00adfi\u00e9 aux vues ambi\u00adtieuses de ce par\u00adti et des ses chefs, tous les prin\u00adcipes de l\u2019Internationale, et que le nou\u00adveau Conseil g\u00e9n\u00e9\u00adral, nom\u00adm\u00e9 par elle et inves\u00adti de pou\u00advoirs encore plus grands que ceux qu\u2019il avait vou\u00adlu s\u2019arroger au moyen de la Conf\u00e9\u00adrence de Londres, menace de d\u00e9truire cette uni\u00adt\u00e9 de l\u2019Internationale par ses atten\u00adtats contre sa libert\u00e9&nbsp;;<\/p>\n<p>Les d\u00e9l\u00e9\u00adgu\u00e9s des F\u00e9d\u00e9\u00adra\u00adtions et Sec\u00adtions espa\u00adgnoles, ita\u00adliennes, juras\u00adsiennes, fran\u00ad\u00e7aises et am\u00e9\u00adri\u00adcaines r\u00e9unis \u00e0 ce congr\u00e8s, ont conclu au nom de ces F\u00e9d\u00e9\u00adra\u00adtions et Sec\u00adtions et sauf leur accep\u00adta\u00adtion et confir\u00adma\u00adtion d\u00e9fi\u00adni\u00adtives, le pacte d\u2019amiti\u00e9, de soli\u00adda\u00adri\u00adt\u00e9 et de d\u00e9fense mutuelle suivant&nbsp;:<\/p>\n<p>1\u00b0 Les F\u00e9d\u00e9\u00adra\u00adtions et Sec\u00adtions espa\u00adgnoles ita\u00adliennes, fran\u00ad\u00e7aises, juras\u00adsiennes, am\u00e9\u00adri\u00adcaines, et toutes celles qui vou\u00addront adh\u00e9\u00adrer \u00e0 ce pacte auront entre elles des com\u00admu\u00adni\u00adca\u00adtions et une cor\u00adres\u00adpon\u00addance r\u00e9gu\u00adli\u00e8re et directe tout \u00e0 fait ind\u00e9\u00adpen\u00addantes d\u2019un contr\u00f4le gou\u00adver\u00adne\u00admen\u00adtal quelconque.<\/p>\n<p>2\u00b0 Lorsqu\u2019une de ces F\u00e9d\u00e9\u00adra\u00adtions ou Sec\u00adtions se trou\u00adve\u00adra atta\u00adqu\u00e9e dans sa liber\u00adt\u00e9 soit par la majo\u00adri\u00adt\u00e9 d\u2019un Congr\u00e8s g\u00e9n\u00e9\u00adral, soit pas le gou\u00adver\u00adne\u00adment ou Conseil g\u00e9n\u00e9\u00adral cr\u00e9\u00e9 par cette majo\u00adri\u00adt\u00e9, toutes les autres F\u00e9d\u00e9\u00adra\u00adtions et Sec\u00adtions se pro\u00adcla\u00adme\u00adront abso\u00adlu\u00adment soli\u00addaires avec&nbsp;elle.<\/p>\n<p>3\u00b0 Ils pro\u00adclament hau\u00adte\u00adment que la conclu\u00adsion de ce pacte a pour but prin\u00adci\u00adpal le salut de cette grande uni\u00adt\u00e9 de l\u2019Internationale, que l\u2019ambition du par\u00adti auto\u00adri\u00adtaire a mise en danger.&nbsp;<\/p>\n<p>&nbsp;<br>\n<b>Troi\u00adsi\u00e8me r\u00e9solution<\/b><br>\n<\/p>\n<p><i>Nature de l\u2019action poli\u00adtique du prol\u00e9tariat.<\/i><\/p>\n<p>Consi\u00add\u00e9\u00adrant&nbsp;:<\/p>\n<p>Que vou\u00adloir impo\u00adser au pro\u00adl\u00e9\u00adta\u00adriat une ligne de conduite ou un pro\u00adgramme poli\u00adtique uni\u00adforme, comme la voie unique qui puisse le conduire \u00e0 son \u00e9man\u00adci\u00adpa\u00adtion sociale, est une pr\u00e9\u00adten\u00adtion aus\u00adsi absurde que r\u00e9actionnaire&nbsp;;<\/p>\n<p>Que nul n\u2019a le droit de pri\u00adver les f\u00e9d\u00e9\u00adra\u00adtions et sec\u00adtions auto\u00adnomes du droit incon\u00adtes\u00adtable de d\u00e9ter\u00admi\u00adner elles-m\u00eames et de suivre la ligne de conduite poli\u00adtique qu\u2019elles croi\u00adront la meilleure, et que toute ten\u00adta\u00adtive sem\u00adblable nous condui\u00adrait fata\u00adle\u00adment au plus r\u00e9vol\u00adtant dogmatisme&nbsp;;<\/p>\n<p>Que les aspi\u00adra\u00adtions du pro\u00adl\u00e9\u00adta\u00adriat ne peuvent avoir d\u2019autre objet que l\u2019\u00e9tablissement d\u2019une orga\u00adni\u00adsa\u00adtion et d\u2019une f\u00e9d\u00e9\u00adra\u00adtion \u00e9co\u00adno\u00admiques abso\u00adlu\u00adment libres, fon\u00add\u00e9es sur le tra\u00advail et l\u2019\u00e9galit\u00e9 de tous et abso\u00adlu\u00adment ind\u00e9\u00adpen\u00addantes de tout gou\u00adver\u00adne\u00adment poli\u00adtique, et que cette orga\u00adni\u00adsa\u00adtion et cette f\u00e9d\u00e9\u00adra\u00adtion ne peuvent \u00eatre que le r\u00e9sul\u00adtat de l\u2019action spon\u00adta\u00adn\u00e9e du pro\u00adl\u00e9\u00adta\u00adriat lui-m\u00eame, des corps de m\u00e9tier et des com\u00admunes autonomes&nbsp;;<\/p>\n<p>Consi\u00add\u00e9\u00adrant que toute orga\u00adni\u00adsa\u00adtion poli\u00adtique ne peut rien \u00eatre que l\u2019organisation de la domi\u00adna\u00adtion au pro\u00adfit des classes et au d\u00e9tri\u00adment des masses, et que le pro\u00adl\u00e9\u00adta\u00adriat s\u2019il vou\u00adlait s\u2019emparer du pou\u00advoir poli\u00adtique devien\u00addrait lui-m\u00eame une classe domi\u00adnante et exploitante&nbsp;;<\/p>\n<p>Le Congr\u00e8s r\u00e9uni \u00e0 Saint-Imier d\u00e9clare&nbsp;:<\/p>\n<p>1\u00b0 Que la des\u00adtruc\u00adtion de tout pou\u00advoir poli\u00adtique est le pre\u00admier devoir du prol\u00e9tariat&nbsp;;<\/p>\n<p>2\u00b0 Que toute orga\u00adni\u00adsa\u00adtion d\u2019un pou\u00advoir poli\u00adtique soi-disant pro\u00advi\u00adsoire et r\u00e9vo\u00adlu\u00adtion\u00adnaire pour ame\u00adner cette des\u00adtruc\u00adtion ne peut \u00eatre qu\u2019une trom\u00adpe\u00adrie de plus et serait aus\u00adsi dan\u00adge\u00adreuse pour le pro\u00adl\u00e9\u00adta\u00adriat que tous les gou\u00adver\u00adne\u00adments exis\u00adtant aujourd\u2019hui&nbsp;;<\/p>\n<p>3\u00b0 Que repous\u00adsant tout com\u00adpro\u00admis pour arri\u00adver \u00e0 l\u2019accomplissement de la R\u00e9vo\u00adlu\u00adtion sociale, les pro\u00adl\u00e9\u00adtaires de tous les pays doivent \u00e9ta\u00adblir, en dehors de toute poli\u00adtique bour\u00adgeoise, la soli\u00adda\u00adri\u00adt\u00e9 de l\u2019action r\u00e9volutionnaire.&nbsp;<\/p>\n<p>&nbsp;<br>\n<b>Qua\u00adtri\u00e8me r\u00e9solution<\/b><br>\n<\/p>\n<p><i>Orga\u00adni\u00adsa\u00adtion de la r\u00e9sis\u00adtance du travail.<br>\n<br>Sta\u00adtis\u00adtique.<\/i><\/p>\n<p>La liber\u00adt\u00e9 et le tra\u00advail sont la base de la morale, de la force, de la vie et de la richesse de l\u2019avenir. Mais le tra\u00advail, s\u2019il n\u2019est pas libre\u00adment orga\u00adni\u00ads\u00e9, devient oppres\u00adsif et impro\u00adduc\u00adtif pour le tra\u00advailleur&nbsp;; et c\u2019est pour cela que l\u2019organisation du tra\u00advail est la condi\u00adtion indis\u00adpen\u00adsable de la v\u00e9ri\u00adtable et com\u00adpl\u00e8te \u00e9man\u00adci\u00adpa\u00adtion de l\u2019ouvrier.<\/p>\n<p>Cepen\u00addant le tra\u00advail ne peut s\u2019exercer libre\u00adment sans la pos\u00adses\u00adsion des mati\u00e8res pre\u00admi\u00e8res et de tout le capi\u00adtal social, et ne peut s\u2019organiser si l\u2019ouvrier, s\u2019\u00e9mancipant de la tyran\u00adnie poli\u00adtique et \u00e9co\u00adno\u00admique, ne conquiert le droit de se d\u00e9ve\u00adlop\u00adper com\u00adpl\u00e8\u00adte\u00adment dans toutes ses facul\u00adt\u00e9s. Tout \u00c9tat, c\u2019est-\u00e0-dire tout gou\u00adver\u00adne\u00adment et toute admi\u00adnis\u00adtra\u00adtion des masses popu\u00adlaires, de haut en bas, \u00e9tant n\u00e9ces\u00adsai\u00adre\u00adment fon\u00add\u00e9 sur la bureau\u00adcra\u00adtie, sur les arm\u00e9es, sur l\u2019espionnage, sur le cler\u00adg\u00e9, ne pour\u00adra jamais \u00e9ta\u00adblir la soci\u00e9\u00adt\u00e9 orga\u00adni\u00ads\u00e9e sur le tra\u00advail et sur la jus\u00adtice, puisque par la nature m\u00eame de son orga\u00adnisme il est pous\u00ads\u00e9 fata\u00adle\u00adment \u00e0 oppri\u00admer celui-l\u00e0 et \u00e0 nier celle-ci.<\/p>\n<p>Sui\u00advant nous, l\u2019ouvrier ne pour\u00adra jamais s\u2019\u00e9manciper de l\u2019oppression s\u00e9cu\u00adlaire, si \u00e0 ce corps absor\u00adbant et d\u00e9mo\u00adra\u00adli\u00adsa\u00adteur il ne sub\u00adsti\u00adtue la libre f\u00e9d\u00e9\u00adra\u00adtion de tous les groupes pro\u00adduc\u00adteurs fon\u00add\u00e9e sur la soli\u00adda\u00adri\u00adt\u00e9 et sur l\u2019\u00e9galit\u00e9.<\/p>\n<p>En effet, en plu\u00adsieurs endroits d\u00e9j\u00e0 on a ten\u00adt\u00e9 d\u2019organiser le tra\u00advail pour am\u00e9\u00adlio\u00adrer la condi\u00adtion du pro\u00adl\u00e9\u00adta\u00adriat, mais la moindre am\u00e9\u00adlio\u00adra\u00adtion a bien\u00adt\u00f4t \u00e9t\u00e9 absor\u00adb\u00e9e par la classe pri\u00advi\u00adl\u00e9\u00adgi\u00e9e qui tente conti\u00adnuel\u00adle\u00adment, sans frein et sans limite, d\u2019exploiter la classe ouvri\u00e8re. Cepen\u00addant l\u2019avantage de cette orga\u00adni\u00adsa\u00adtion est tel que, m\u00eame dans l\u2019\u00e9tat actuel des choses on ne sau\u00adrait y renon\u00adcer. Elle fait fra\u00adter\u00adni\u00adser tou\u00adjours davan\u00adtage le pro\u00adl\u00e9\u00adta\u00adriat dans la com\u00admu\u00adnau\u00adt\u00e9 des int\u00e9\u00adr\u00eats, elle l\u2019exerce \u00e0 la vie col\u00adlec\u00adtive, elle le pr\u00e9\u00adpare pour la lutte supr\u00eame. Bien plus, l\u2019organisation libre et spon\u00adta\u00adn\u00e9e du tra\u00advail \u00e9tant celle qui doit se sub\u00adsti\u00adtuer \u00e0 l\u2019organisme pri\u00advi\u00adl\u00e9\u00adgi\u00e9 et auto\u00adri\u00adtaire de l\u2019\u00c9tat poli\u00adtique, sera, une fois \u00e9ta\u00adblie, la garan\u00adtie per\u00adma\u00adnente du main\u00adtien de l\u2019organisme \u00e9co\u00adno\u00admique contre l\u2019organisme politique.<\/p>\n<p>Par cons\u00e9\u00adquent, lais\u00adsant \u00e0 la pra\u00adtique de la R\u00e9vo\u00adlu\u00adtion sociale les d\u00e9tails de l\u2019organisation posi\u00adtive, nous enten\u00addons orga\u00adni\u00adser et soli\u00adda\u00adri\u00adser la r\u00e9sis\u00adtance sur une large \u00e9chelle. La gr\u00e8ve est pour nous un moyen pr\u00e9\u00adcieux de lutte, mais nous ne nous fai\u00adsons aucune illu\u00adsion sur ses r\u00e9sul\u00adtats \u00e9co\u00adno\u00admiques. Nous l\u2019acceptons comme un pro\u00adduit de l\u2019antagonisme entre le Tra\u00advail et le Capi\u00adtal, ayant n\u00e9ces\u00adsai\u00adre\u00adment pour cons\u00e9\u00adquence de rendre les ouvriers de plus en plus conscients de l\u2019ab\u00eeme qui existe entre la Bour\u00adgeoi\u00adsie et le Pro\u00adl\u00e9\u00adta\u00adriat, de for\u00adti\u00adfier l\u2019organisation des tra\u00advailleurs, et de pr\u00e9\u00adpa\u00adrer, par le fait des simples luttes \u00e9co\u00adno\u00admiques, le Pro\u00adl\u00e9\u00adta\u00adriat \u00e0 la grande lutte r\u00e9vo\u00adlu\u00adtion\u00adnaire et d\u00e9fi\u00adni\u00adtive qui, d\u00e9trui\u00adsant tout pri\u00advi\u00adl\u00e8ge et toute dis\u00adtinc\u00adtion de classe, don\u00adne\u00adra \u00e0 l\u2019ouvrier le droit de jouir du pro\u00adduit int\u00e9\u00adgral de son tra\u00advail, et par l\u00e0 les moyens de d\u00e9ve\u00adlop\u00adper dans la col\u00adlec\u00adti\u00advi\u00adt\u00e9 toute sa force intel\u00adlec\u00adtuelle, mat\u00e9\u00adrielle et morale.<\/p>\n<p>La Com\u00admis\u00adsion pro\u00adpose au Congr\u00e8s de nom\u00admer une com\u00admis\u00adsion qui devra pr\u00e9\u00adsen\u00adter au pro\u00adchain Congr\u00e8s un pro\u00adjet d\u2019organisation uni\u00adver\u00adselle de la r\u00e9sis\u00adtance, et des tableaux com\u00adplets de la sta\u00adtis\u00adtique du tra\u00advail dans les\u00adquels cette lutte pui\u00adse\u00adra de la lumi\u00e8re. Elle recom\u00admande l\u2019organisation espa\u00adgnole comme la meilleure jusqu\u2019\u00e0 ce&nbsp;jour.&nbsp;<\/p>\n<p>&nbsp;<br>\n<b>R\u00e9so\u00adlu\u00adtion Finale&nbsp;<\/b><br>\n<\/p>\n<p>Le Congr\u00e8s pro\u00adpose d\u2019envoyer copie de toutes les r\u00e9so\u00adlu\u00adtions du Congr\u00e8s, et du <i>Pacte d\u2019amiti\u00e9, de soli\u00adda\u00adri\u00adt\u00e9 et de d\u00e9fense mutuelle<\/i>, \u00e0 toutes les f\u00e9d\u00e9\u00adra\u00adtions ouvri\u00e8res du monde, et de s\u2019entendre avec elles sur les ques\u00adtions qui sont d\u2019int\u00e9r\u00eat g\u00e9n\u00e9\u00adral pour toutes les f\u00e9d\u00e9\u00adra\u00adtions libres.<\/p>\n<p>Le Congr\u00e8s invite toutes les f\u00e9d\u00e9\u00adra\u00adtions qui ont conclu entre elles ce pacte d\u2019amiti\u00e9, de soli\u00adda\u00adri\u00adt\u00e9 et de d\u00e9fense mutuelle, \u00e0 se concer\u00adter imm\u00e9\u00addia\u00adte\u00adment avec toutes les f\u00e9d\u00e9\u00adra\u00adtions ou sec\u00adtions qui vou\u00addront accep\u00adter ce pacte, pour d\u00e9ter\u00admi\u00adner la nature et l\u2019\u00e9poque de leur Congr\u00e8s inter\u00adna\u00adtio\u00adnal, en expri\u00admant le d\u00e9sir qu\u2019il ne se r\u00e9unisse pas plus tard que dans six&nbsp;mois.<\/p>\n<p>Une com\u00admis\u00adsion, prise dans la f\u00e9d\u00e9\u00adra\u00adtion ita\u00adlienne, est char\u00adg\u00e9e de pr\u00e9\u00adsen\u00adter au pro\u00adchain Congr\u00e8s un pro\u00adjet d\u2019organisation uni\u00adver\u00adselle de la r\u00e9sis\u00adtance et un plan g\u00e9n\u00e9\u00adral de statistique.<\/p>\n<p>Enfin, le com\u00adpa\u00adgnon Adh\u00e9\u00admar Schwitz\u00adgu\u00e9\u00adbel, secr\u00e9\u00adtaire du Comi\u00adt\u00e9 f\u00e9d\u00e9\u00adral juras\u00adsien, a re\u00e7u la mis\u00adsion de signer tous les actes du Congr\u00e8s, et d\u2019en envoyer copie aux diverses f\u00e9d\u00e9rations.<\/p>\n<p>[\/\u200b<i>Pour copie conforme,<\/i><br>\n<br>Au nom et aux ordres du Congr\u00e8s&nbsp;:<br>\n<br>Adh\u00e9\u00admar <sc>Schwitz\u00adgu\u00e9\u00adbel<\/sc>.\/\u200b]<\/p>\n","protected":false},"excerpt":{"rendered":"<p>Le docu\u00adment que nous publions ci-apr\u00e8s peut \u00eatre consi\u00add\u00e9\u00adr\u00e9 comme l\u2019acte de nais\u00adsance de l\u2019anarchisme. Enten\u00ad\u00addons-nous bien. L\u2019id\u00e9e anar\u00adchique avait \u00e9t\u00e9 for\u00admu\u00adl\u00e9e pr\u00e9\u00adc\u00e9\u00addem\u00adment dans plu\u00adsieurs \u00e9crits et r\u00e9unions\u200a\u2014\u200aet tout homme pr\u00e9\u00adco\u00adni\u00adsant dans tel ou tel domaine de la vie l\u2019enti\u00e8re liber\u00adt\u00e9 est en quelque sorte notre col\u00adla\u00adbo\u00adra\u00adteur\u200a\u2014\u200amais jamais l\u2019ensemble de nos doc\u00adtrines n\u2019avait \u00e9t\u00e9 pr\u00e9sent\u00e9&nbsp;[\u2026]<\/p>\n","protected":false},"author":1,"featured_media":0,"comment_status":"closed","ping_status":"closed","sticky":false,"template":"","format":"standard","meta":{"wp_typography_post_enhancements_disabled":false,"footnotes":""},"categories":[367],"tags":[],"ppma_author":[540],"class_list":["post-3085","post","type-post","status-publish","format-standard","hentry","category-la-revue-anarchiste-na8-aout-1922"],"authors":[{"term_id":540,"user_id":1,"is_guest":0,"slug":"admin_3gikpwyf","display_name":"Vincent Dubuc","avatar_url":"https:\/\/secure.gravatar.com\/avatar\/d015720652c25fd2ced191ade86430094e1f288a17483713e3b34d26dea52507?s=96&d=mm&r=g","author_category":"","user_url":"https:\/\/la-presse-anarchiste.net","last_name":"Dubuc","first_name":"Vincent","job_title":"","description":""}],"_links":{"self":[{"href":"https:\/\/la-presse-anarchiste.net\/index.php\/wp-json\/wp\/v2\/posts\/3085","targetHints":{"allow":["GET"]}}],"collection":[{"href":"https:\/\/la-presse-anarchiste.net\/index.php\/wp-json\/wp\/v2\/posts"}],"about":[{"href":"https:\/\/la-presse-anarchiste.net\/index.php\/wp-json\/wp\/v2\/types\/post"}],"author":[{"embeddable":true,"href":"https:\/\/la-presse-anarchiste.net\/index.php\/wp-json\/wp\/v2\/users\/1"}],"replies":[{"embeddable":true,"href":"https:\/\/la-presse-anarchiste.net\/index.php\/wp-json\/wp\/v2\/comments?post=3085"}],"version-history":[{"count":0,"href":"https:\/\/la-presse-anarchiste.net\/index.php\/wp-json\/wp\/v2\/posts\/3085\/revisions"}],"wp:attachment":[{"href":"https:\/\/la-presse-anarchiste.net\/index.php\/wp-json\/wp\/v2\/media?parent=3085"}],"wp:term":[{"taxonomy":"category","embeddable":true,"href":"https:\/\/la-presse-anarchiste.net\/index.php\/wp-json\/wp\/v2\/categories?post=3085"},{"taxonomy":"post_tag","embeddable":true,"href":"https:\/\/la-presse-anarchiste.net\/index.php\/wp-json\/wp\/v2\/tags?post=3085"},{"taxonomy":"author","embeddable":true,"href":"https:\/\/la-presse-anarchiste.net\/index.php\/wp-json\/wp\/v2\/ppma_author?post=3085"}],"curies":[{"name":"wp","href":"https:\/\/api.w.org\/{rel}","templated":true}]}}