{"id":31,"date":"1945-06-01T00:12:12","date_gmt":"1945-06-01T00:12:12","guid":{"rendered":"https:\/\/la-presse-anarchiste.net\/index.php\/2006\/12\/26\/sur-le-vif\/"},"modified":"2025-07-20T01:02:27","modified_gmt":"2025-07-20T01:02:27","slug":"sur-le-vif","status":"publish","type":"post","link":"https:\/\/la-presse-anarchiste.net\/index.php\/1945\/06\/01\/sur-le-vif\/","title":{"rendered":"Sur le&nbsp;vif"},"content":{"rendered":"<div class=\"pdfprnt-buttons pdfprnt-buttons-post pdfprnt-top-right\"><a href=\"https:\/\/la-presse-anarchiste.net\/index.php\/wp-json\/wp\/v2\/posts\/31?print=pdf\" class=\"pdfprnt-button pdfprnt-button-pdf\" target=\"_blank\"><img decoding=\"async\" src=\"https:\/\/la-presse-anarchiste.net\/wp-content\/plugins\/pdf-print\/images\/pdf.png\" alt=\"image_pdf\" title=\"Afficher le PDF\"><\/a><a href=\"https:\/\/la-presse-anarchiste.net\/index.php\/wp-json\/wp\/v2\/posts\/31?print=print\" class=\"pdfprnt-button pdfprnt-button-print\" target=\"_blank\"><img decoding=\"async\" src=\"https:\/\/la-presse-anarchiste.net\/wp-content\/plugins\/pdf-print\/images\/print.png\" alt=\"image_print\" title=\"Contenu imprim\u00e9\"><\/a><\/div><div align=\"justify\">\n<p style=\"text-align: justify;\">Je connais assez bien les \u00c9van\u00adgiles. Il m\u2019est arri\u00adv\u00e9 ces temps-ci de m\u00e9di\u00adter sur les para\u00adboles qui les \u00e9maillent, par exemple sur celle qui veut qu\u2019\u00e0 l\u2019\u00e9\u00adgal de ceux qui tra\u00advaillent depuis l\u2019aube soient trai\u00adt\u00e9s les \u00ab&nbsp;ouvriers de la onzi\u00e8me heure&nbsp;\u00bb. Cer\u00adtaines des affir\u00adma\u00adtions de celui que la chr\u00e9\u00adtien\u00adt\u00e9 consi\u00add\u00e8rent comme le sau\u00adveur du monde me sont fami\u00adli\u00e8re, telles&nbsp;: \u00ab&nbsp;Aimez vos enne\u00admis, faites du bien \u00e0 ceux qui vous ha\u00efssent&nbsp;\u00bb. \u00ab&nbsp;Si quel\u00adqu\u2019un te frappe sur une joue, pr\u00e9\u00adsente-lui aus\u00adsi l\u2019autre&nbsp;\u00bb\u2026 \u00ab&nbsp;Remets ton \u00e9p\u00e9e \u00e0 sa place, car tous ceux qui pren\u00addront l\u2019\u00e9\u00adp\u00e9e p\u00e9ri\u00adront par l\u2019\u00e9\u00adp\u00e9e&nbsp;\u00bb. Et je n\u2019ai garde d\u2019ou\u00adblier la r\u00e9ponse de J\u00e9sus \u00e0 Pilate&nbsp;: \u00ab&nbsp;Mon royaume n\u2019est pas de ce monde&nbsp;\u00bb. Aus\u00adsi bien, quand on m\u2019ap\u00adprend que les reli\u00adgieuses clo\u00ee\u00adtr\u00e9es ont d\u00e9po\u00ads\u00e9 leur bul\u00adle\u00adtin de vote dans l\u2019urne, j\u2019a\u00advoue res\u00adter tout pan\u00adtois. Que peuvent com\u00adprendre ces saintes filles \u00e0 la poli\u00adtique ou \u00e0 la vie sociale&nbsp;? N\u2019ont-elles pas, en dignes \u00e9pouses de celui dont \u00ab&nbsp;le royaume n\u2019est pas de ce monde&nbsp;\u00bb, pro\u00adnon\u00adc\u00e9 des voeux, renon\u00adc\u00e9 \u00e0 la famille, au mariage, au des\u00adtin de la cit\u00e9&nbsp;? Ne sont-elles pas astreintes \u00e0 mener une exis\u00adtence \u00ab&nbsp;\u00e0 c\u00f4t\u00e9&nbsp;\u00bb&nbsp;? L\u2019\u00e9\u00adcho des rumeurs des par\u00adtis ne s\u2019ar\u00adr\u00eate-t-il pas au seuil de leurs couvent&nbsp;? Il me para\u00eet donc, \u00e0 moi, simple pro\u00adfane, qu\u2019elle tra\u00adhissent, en s\u2019oc\u00adcu\u00adpant d\u2019\u00e9\u00adlec\u00adtions, la pen\u00ads\u00e9e supr\u00eame de leur divin mari. Mais sans doute suis-je d\u00e9ci\u00add\u00e9\u00adment trop pro\u00adfane pour com\u00adprendre jus\u00adqu\u2019o\u00f9 peuvent aller les accom\u00admo\u00adde\u00adments de l\u2019\u00c9\u00adglise avec \u00ab&nbsp;le si\u00e8cle&nbsp;\u00bb.<\/p>\n<p style=\"text-align: right;\">Can\u00addide<\/p>\n<\/div>\n","protected":false},"excerpt":{"rendered":"<p>Je connais assez bien les \u00c9van\u00adgiles. Il m\u2019est arri\u00adv\u00e9 ces temps-ci de m\u00e9di\u00adter sur les para\u00adboles qui les \u00e9maillent, par exemple sur celle qui veut qu\u2019\u00e0 l\u2019\u00e9\u00adgal de ceux qui tra\u00advaillent depuis l\u2019aube soient trai\u00adt\u00e9s les \u00ab&nbsp;ouvriers de la onzi\u00e8me heure&nbsp;\u00bb. Cer\u00adtaines des affir\u00adma\u00adtions de celui que la chr\u00e9\u00adtien\u00adt\u00e9 consi\u00add\u00e8rent comme le sau\u00adveur du&nbsp;monde&nbsp;[\u2026]<\/p>\n","protected":false},"author":30,"featured_media":5015,"comment_status":"closed","ping_status":"closed","sticky":false,"template":"wp-custom-template-page-d-article","format":"standard","meta":{"wp_typography_post_enhancements_disabled":false,"footnotes":""},"categories":[5],"tags":[674],"ppma_author":[700],"class_list":["post-31","post","type-post","status-publish","format-standard","has-post-thumbnail","hentry","category-lunique-na1-juin-1945","tag-pensees-et-aphorismes"],"authors":[{"term_id":700,"user_id":30,"is_guest":0,"slug":"candide","display_name":"Candide","avatar_url":"https:\/\/secure.gravatar.com\/avatar\/b6d8f983309fb54a4cae8710f593c9c6ecbc21292e0a5d201f77150851a461a3?s=96&d=mm&r=g","author_category":"","user_url":"","last_name":"","first_name":"Candide","job_title":"","description":""}],"_links":{"self":[{"href":"https:\/\/la-presse-anarchiste.net\/index.php\/wp-json\/wp\/v2\/posts\/31","targetHints":{"allow":["GET"]}}],"collection":[{"href":"https:\/\/la-presse-anarchiste.net\/index.php\/wp-json\/wp\/v2\/posts"}],"about":[{"href":"https:\/\/la-presse-anarchiste.net\/index.php\/wp-json\/wp\/v2\/types\/post"}],"author":[{"embeddable":true,"href":"https:\/\/la-presse-anarchiste.net\/index.php\/wp-json\/wp\/v2\/users\/30"}],"replies":[{"embeddable":true,"href":"https:\/\/la-presse-anarchiste.net\/index.php\/wp-json\/wp\/v2\/comments?post=31"}],"version-history":[{"count":4,"href":"https:\/\/la-presse-anarchiste.net\/index.php\/wp-json\/wp\/v2\/posts\/31\/revisions"}],"predecessor-version":[{"id":8996,"href":"https:\/\/la-presse-anarchiste.net\/index.php\/wp-json\/wp\/v2\/posts\/31\/revisions\/8996"}],"wp:featuredmedia":[{"embeddable":true,"href":"https:\/\/la-presse-anarchiste.net\/index.php\/wp-json\/wp\/v2\/media\/5015"}],"wp:attachment":[{"href":"https:\/\/la-presse-anarchiste.net\/index.php\/wp-json\/wp\/v2\/media?parent=31"}],"wp:term":[{"taxonomy":"category","embeddable":true,"href":"https:\/\/la-presse-anarchiste.net\/index.php\/wp-json\/wp\/v2\/categories?post=31"},{"taxonomy":"post_tag","embeddable":true,"href":"https:\/\/la-presse-anarchiste.net\/index.php\/wp-json\/wp\/v2\/tags?post=31"},{"taxonomy":"author","embeddable":true,"href":"https:\/\/la-presse-anarchiste.net\/index.php\/wp-json\/wp\/v2\/ppma_author?post=31"}],"curies":[{"name":"wp","href":"https:\/\/api.w.org\/{rel}","templated":true}]}}