{"id":3107,"date":"2012-01-31T08:58:01","date_gmt":"2012-01-31T08:58:01","guid":{"rendered":"https:\/\/la-presse-anarchiste.net\/index.php\/2012\/01\/31\/erwin-szabo-et-la-revolution-hongroise\/"},"modified":"2012-01-31T08:58:01","modified_gmt":"2012-01-31T08:58:01","slug":"erwin-szabo-et-la-revolution-hongroise","status":"publish","type":"post","link":"https:\/\/la-presse-anarchiste.net\/index.php\/2012\/01\/31\/erwin-szabo-et-la-revolution-hongroise\/","title":{"rendered":"Erwin Szab\u00f3 et la R\u00e9volution Hongroise"},"content":{"rendered":"<div class=\"pdfprnt-buttons pdfprnt-buttons-post pdfprnt-top-right\"><a href=\"https:\/\/la-presse-anarchiste.net\/index.php\/wp-json\/wp\/v2\/posts\/3107?print=pdf\" class=\"pdfprnt-button pdfprnt-button-pdf\" target=\"_blank\"><img decoding=\"async\" src=\"https:\/\/la-presse-anarchiste.net\/wp-content\/plugins\/pdf-print\/images\/pdf.png\" alt=\"image_pdf\" title=\"Afficher le PDF\"><\/a><a href=\"https:\/\/la-presse-anarchiste.net\/index.php\/wp-json\/wp\/v2\/posts\/3107?print=print\" class=\"pdfprnt-button pdfprnt-button-print\" target=\"_blank\"><img decoding=\"async\" src=\"https:\/\/la-presse-anarchiste.net\/wp-content\/plugins\/pdf-print\/images\/print.png\" alt=\"image_print\" title=\"Contenu imprim\u00e9\"><\/a><\/div><p>[(De temps \u00e0 autre quelque r\u00e9vo\u00adlu\u00adtion\u00adnaire Hon\u00adgrois, condam\u00adn\u00e9 \u00e0 mort, r\u00e9us\u00adsit \u00e0 s\u2019\u00e9chapper des griffes du r\u00e9gime de Hor\u00adthy et erre \u00e0 tra\u00advers les fron\u00adti\u00e8res par l\u2019Europe. Il va d\u2019un groupe de cama\u00adrades r\u00e9vo\u00adlu\u00adtion\u00adnaires \u00e0 un autre et tra\u00adverse de nom\u00adbreux pays jusqu\u2019\u00e0 ce qu\u2019il trouve enfin un lien de repos en Europe orien\u00adtale ou occi\u00adden\u00adtale. Tibor For\u00adgacz \u00e9tait un de ces fugi\u00adtifs. J\u2019ai fait sa connais\u00adsance quelque part en Europe. Ce qui le fai\u00adsait souf\u00adfrir tr\u00e8s par\u00adti\u00adcu\u00adli\u00e8\u00adre\u00adment, lui qui \u00e9tait d\u00e9j\u00e0 si \u00e9prou\u00adv\u00e9, ce fut le sort de sa femme. Apr\u00e8s \u00ab&nbsp;a fuite celle-ci avait \u00e9t\u00e9 empri\u00adson\u00adn\u00e9e pour acti\u00advi\u00adt\u00e9 r\u00e9vo\u00adlu\u00adtion\u00adnaire et \u00e9tait expo\u00ads\u00e9e aux pires repr\u00e9\u00adsailles. Gr\u00e2ce \u00e0 l\u2019aide de bons cama\u00adrades, elle r\u00e9us\u00adsit \u00e0 s\u2019\u00e9chapper, et tous deux se seront bien, retrou\u00adv\u00e9s quelque part.<\/p>\n<p>Un jour Tibor For\u00adgacz \u00e9cri\u00advit ses sou\u00adve\u00adnirs sur Erwin Szab\u00f3 et le mili\u00adta\u00adrisme en Hon\u00adgrie. Ils sont d\u2019un charme na\u00eff. Il les lais\u00adsa \u00e0 un cama\u00adrade. Un autre camarde les eut \u00e0 son tour et ils res\u00adt\u00e8rent incon\u00adnus jusqu\u2019au jour o\u00f9 je trou\u00advai ces sou\u00adve\u00adnirs et les publiai dans \u00ab&nbsp;De Wapens neder&nbsp;\u00bb. Ils me semblent assez impor\u00adtants pour \u00eatre repro\u00adduits dans la presse r\u00e9vo\u00adlu\u00adtion\u00adnaire anti\u00admi\u00adli\u00adta\u00adriste inter\u00adna\u00adtio\u00adnale. Ils parlent de r\u00e9a\u00adli\u00adt\u00e9s pour \u00e9veiller une vie nou\u00advelle et meilleure.<\/p>\n<p>B. <sc>de Ligt<\/sc>.)]<\/p>\n<p>La guerre mon\u00addiale durait encore, lorsque mou\u00adrut Erwin&nbsp;Szab\u00f3.<\/p>\n<p>D\u00e9j\u00e0 la monar\u00adchie trem\u00adblait. Ce n\u2019est qu\u2019\u00e0 l\u2019aide des ba\u00efon\u00adnettes qu\u2019elle pou\u00advait encore se main\u00adte\u00adnir. Cette guerre, si longue d\u00e9j\u00e0, tirait \u00e0 sa fin. Szab\u00f3, ce cham\u00adpion de la v\u00e9ri\u00adt\u00e9, n\u2019a pas pu voir le grand jour du bou\u00adle\u00adver\u00adse\u00adment. Tout son \u00eatre trem\u00adblait du feu des \u00e9v\u00e9\u00adne\u00adments qui allaient venir. Tout \u00e9tait en pleine d\u00e9com\u00adpo\u00adsi\u00adtion et, l\u2019\u00e2me trou\u00adbl\u00e9e, Sza\u00adbo atten\u00addait la fin du mili\u00adta\u00adrisme&nbsp;: la r\u00e9vo\u00adlu\u00adtion&nbsp;! Il savait qu\u2019elle devait venir. Et il lut\u00adtait fi\u00e9\u00advreu\u00adse\u00adment contre sa mala\u00addie. Entre temps les arm\u00e9es des Am\u00e9\u00adri\u00adcains et de nou\u00adveaux dan\u00adgers du c\u00f4t\u00e9 des Rou\u00admains mena\u00ad\u00e7aient, de sorte que la monar\u00adchie aus\u00adtro-hon\u00adgroise cher\u00adchait\u200a\u2014\u200aquoique vai\u00adne\u00adment\u200a\u2014\u200a\u00e0 obte\u00adnir une paix s\u00e9pa\u00adr\u00e9e. D\u00e9j\u00e0 le mot du pr\u00e9\u00adsident des ministres hon\u00adgrois&nbsp;: \u00ab&nbsp;La monar\u00adchie vit et elle vivra&nbsp;\u00bb son\u00adnait creux, lorsque Erwin Szab\u00f3 gisait sur son lit de mort, d\u00e9ses\u00adp\u00e9\u00adr\u00e9, assoif\u00adf\u00e9 de vivre et d\u00e9si\u00adrant ardem\u00adment \u00eatre encore l\u00e0 pour voir la chute du mili\u00adta\u00adrisme. Dans les der\u00adniers jours de sep\u00adtembre, lorsque com\u00admen\u00adc\u00e8rent les ter\u00adribles offen\u00adsives de l\u2019Argonne et de la Piave et que s\u2019enflammaient les fleurs rouges de la r\u00e9vo\u00adlu\u00adtion, il mourut.<\/p>\n<p>Qui \u00e9tait Erwin Szab\u00f3&nbsp;? Nous pou\u00advons peut-\u00eatre dire qu\u2019il \u00e9tait le Dome\u00adla Nieu\u00adwen\u00adhuis hon\u00adgrois. Il avait vu le dan\u00adger latent de la social-d\u00e9mo\u00adcra\u00adtie et il a d\u00e9non\u00adc\u00e9 leur phra\u00ads\u00e9o\u00adlo\u00adgie poli\u00adtique. Il com\u00adpre\u00adnait que la puis\u00adsance du mou\u00adve\u00adment pro\u00adl\u00e9\u00adta\u00adrien serait bri\u00ads\u00e9e. C\u2019\u00e9tait un lut\u00adteur aux larges pr\u00e9\u00advi\u00adsions qui se pr\u00e9\u00adpa\u00adrait pour une longue suite de r\u00e9vo\u00adlu\u00adtions. En cas de bou\u00adle\u00adver\u00adse\u00adment il vou\u00adlait sur\u00adtout la conqu\u00eate des moyens de pro\u00adduc\u00adtion pour ser\u00advir \u00e0 une pro\u00adduc\u00adtion bas\u00e9e sur la libre entente des int\u00e9\u00adres\u00ads\u00e9s. Et c\u2019est pour\u00adquoi il conti\u00adnua sa puis\u00adsante pro\u00adpa\u00adgande anti\u00admi\u00adli\u00adta\u00adriste pen\u00addant la guerre mon\u00addiale et il fut un des prin\u00adci\u00adpaux hommes par l\u2019action des\u00adquels le mili\u00adta\u00adrisme hon\u00adgrois s\u2019\u00e9croula.<\/p>\n<p>\u00c0 la fin de l\u2019ann\u00e9e 1915, Erwin Szab\u00f3 et ses col\u00adla\u00adbo\u00adra\u00adteurs mas\u00adcu\u00adlins et f\u00e9mi\u00adnins avaient com\u00admen\u00adc\u00e9 la lutte dan\u00adge\u00adreuse pour orga\u00adni\u00adser la gr\u00e8ve pour la paix et contre la guerre. D\u00e9j\u00e0 les ouvriers s\u2019\u00e9taient d\u00e9tour\u00adn\u00e9s de leurs soi-disant chefs. Et c\u2019est contre la volon\u00adt\u00e9 des chefs du par\u00adti social-d\u00e9mo\u00adcrate qu\u2019\u00e9clata, au milieu d\u2019une for\u00eat de ba\u00efon\u00adnettes, la gr\u00e8ve mili\u00adtaire de mil\u00adliers de tra\u00advailleurs. \u00ab&nbsp;\u00c0 bas la guerre&nbsp;\u00bb, \u00ab&nbsp;\u00c0 bas le mili\u00adta\u00adrisme&nbsp;\u00bb, \u00ab&nbsp;Nous exi\u00adgeons la paix imm\u00e9\u00addiate&nbsp;\u00bb, lisait-on sur les dra\u00adpeaux. Il y avait des gr\u00e9\u00advistes dans tous les pays. Alors sur\u00advinrent les chefs social-d\u00e9mo\u00adcrates qui firent tout ce qu\u2019ils purent pour bri\u00adser la force de ces exi\u00adgences. Que de fois cri\u00e8rent-ils \u00e0 la masse&nbsp;: \u00ab&nbsp;Le suf\u00adfrage \u00e9ga\u00adli\u00adtaire uni\u00adver\u00adsel et secret&nbsp;\u00bb. Mais cette fois-ci leur man\u0153uvre ne leur r\u00e9us\u00adsit pas. Cette fois-ci ils ne purent main\u00adte\u00adnir leur auto\u00adri\u00adt\u00e9 sur les masses. La gr\u00e8ve conti\u00adnua. Le gou\u00adver\u00adne\u00adment ras\u00adsem\u00adbla \u00e0 Buda\u00adpest et dans toutes les villes indus\u00adtrielles des sol\u00addats, des canons et des mitrailleuses.<\/p>\n<p>Trois jours apr\u00e8s, mal\u00adgr\u00e9 l\u2019\u00e9lan r\u00e9vo\u00adlu\u00adtion\u00adnaire qu\u2019elle avait pris, la gr\u00e8ve per\u00addit son ampleur. Pour\u00adquoi&nbsp;? Parce que les social-d\u00e9mo\u00adcrates avaient com\u00admen\u00adc\u00e9 \u00e0 par\u00adle\u00admen\u00adter. Mal\u00adgr\u00e9 cela eux aus\u00adsi y per\u00addirent. D\u00e8s ce moment la dis\u00adci\u00adpline du par\u00adti avait v\u00e9cu. Les ouvriers des grandes villes indus\u00adtrielles conti\u00adnu\u00e8rent la gr\u00e8ve. On peut d\u2019ailleurs se repr\u00e9\u00adsen\u00adter com\u00adment cette pre\u00admi\u00e8re ten\u00adta\u00adtive anti\u00admi\u00adli\u00adta\u00adriste des ouvriers hon\u00adgrois fut an\u00e9an\u00adtie par l\u2019action cri\u00admi\u00adnelle des chefs social-d\u00e9mocrates.&nbsp;<\/p>\n<p>La grande gr\u00e8ve anti\u00admi\u00adli\u00adta\u00adriste \u00e9tait bri\u00ads\u00e9e. Mais Erwin Szab\u00f3 et ses cama\u00adrades conti\u00adnu\u00e8rent leur action. Leur influence s\u2019infiltra jusque dans les rangs des sol\u00addats. De petits groupes se glis\u00adsaient dans les casernes, les gares et les h\u00f4pi\u00adtaux pour influen\u00adcer les sol\u00addats. Tous les membres mili\u00adtaient avec un cou\u00adrage incroyable et un superbe esprit d\u2019abn\u00e9gation et de sacri\u00adfice. Jour par jour, nuit par nuit, l\u2019agitation conti\u00adnua et des tracts anti\u00admi\u00adli\u00adta\u00adristes furent dis\u00adtri\u00adbu\u00e9s, notam\u00adment aux sol\u00addats qui allaient rejoindre le front. Les r\u00e9sul\u00adtats \u00e9taient tan\u00adgibles. De jour en jour le nombre des d\u00e9ser\u00adteurs s\u2019accroissait. Plu\u00adsieurs com\u00adpa\u00adgnies ne purent par\u00adtir parce que la plu\u00adpart des sol\u00addats avaient dis\u00adpa\u00adru. Les cama\u00adrades conti\u00adnuaient leur pro\u00adpa\u00adgande avec les plus belles perspectives.&nbsp;<\/p>\n<p>Et alors\u2026<\/p>\n<p>Au prin\u00adtemps 1916, la police de Buda\u00adpest avait d\u00e9cou\u00advert le centre de l\u2019organisation. Presque tous les membres du groupe Szab\u00f3 furent empri\u00adson\u00adn\u00e9s. Mais les cama\u00adrades firent tout le n\u00e9ces\u00adsaire pour que Szab\u00f3 lui-m\u00eame ne tom\u00adb\u00e2t pas dans les mains de la police. Et l\u2019agitation continua.<\/p>\n<p>Entre temps on publia les condam\u00adna\u00adtions \u00e0 mort contre les agi\u00adta\u00adteurs et les d\u00e9ser\u00adteurs. Mais le mou\u00adve\u00adment ne s\u2019affaiblit point, il s\u2019accrut. \u00c0 tout moment des gr\u00e8ves par\u00adtielles \u00e9cla\u00adtaient. Des dif\u00adf\u00e9\u00adrents fronts des nou\u00advelles arri\u00advaient disant que la dis\u00adci\u00adpline mili\u00adtaire se rel\u00e2\u00adchait. Le m\u00e9con\u00adten\u00adte\u00adment allait gran\u00addis\u00adsant. Les conseils de guerre tra\u00advaillaient sans rel\u00e2che. Tous les jours on ex\u00e9\u00adcu\u00adtait des condam\u00adn\u00e9s. Le com\u00adman\u00addant mili\u00adtaire de Buda\u00adpest, Luka\u00adsic\u200a\u2014\u200ases propres offi\u00adciers l\u2019avaient sur\u00adnom\u00adm\u00e9 \u00ab&nbsp;le l\u00e2che bour\u00adreau&nbsp;\u00bb\u200a\u2014\u200aenvoyait sans piti\u00e9 les d\u00e9ser\u00adteurs et agi\u00adta\u00adteurs \u00e0 la&nbsp;mort.<\/p>\n<p>Mais le mou\u00adve\u00adment pre\u00adnait de plus en plus d\u2019ampleur. Une fois, les ouvriers des usines m\u00e9tal\u00adlur\u00adgiques de l\u2019\u00c9tat entr\u00e8rent en conflit avec la direc\u00adtion. Le com\u00adman\u00addant mili\u00adtaire essaya de r\u00e9soudre ce conflit en fai\u00adsant tirer sur les ouvriers. Il y eut des morts et des bles\u00ads\u00e9s. D\u00e9j\u00e0 quelques heures apr\u00e8s, des gr\u00e8ves de soli\u00adda\u00adri\u00adt\u00e9 \u00e9cla\u00adtaient. Elles englo\u00adb\u00e8rent toute la Hon\u00adgrie. Pen\u00addant huit jours les tra\u00advailleurs lut\u00adt\u00e8rent h\u00e9ro\u00efquement.<\/p>\n<p>Entre temps le mou\u00adve\u00adment anti\u00admi\u00adli\u00adta\u00adriste re\u00e7ut un grand appoint. Les forces r\u00e9vo\u00adlu\u00adtion\u00adnaires com\u00admen\u00adc\u00e8rent \u00e0 s\u2019organiser effi\u00adca\u00adce\u00adment, mal\u00adgr\u00e9 de grandes dif\u00adfi\u00adcul\u00adt\u00e9s et \u00e0 tra\u00advailler d\u2019apr\u00e8s des plans fix\u00e9s d\u2019un com\u00admun accord. Les mate\u00adlots se sou\u00adle\u00adv\u00e8rent \u00e0 Pola. Les sol\u00addats du front ita\u00adlien se muti\u00adn\u00e8rent. Une crise gou\u00adver\u00adne\u00admen\u00adtale s\u2019ensuivit. \u00c0 ce moment sur\u00advint la mort d\u2019Erwin Szab\u00f3. Il mou\u00adrut, mais son esprit sur\u00adv\u00e9\u00adcut. Les grou\u00adpe\u00adments r\u00e9vo\u00adlu\u00adtion\u00adnaires orga\u00adni\u00ads\u00e8rent une superbe d\u00e9mons\u00adtra\u00adtion anti\u00admi\u00adli\u00adta\u00adriste. Une masse \u00e9norme vou\u00adlait aller devant la mai\u00adson du grand-duc. Les rues furent bar\u00adr\u00e9es avec l\u2019arm\u00e9e et la police. Mais les mani\u00adfes\u00adtants bri\u00ads\u00e8rent leurs cor\u00addons. Les sol\u00addats lais\u00ads\u00e8rent pas\u00adser le peuple et lorsque les offi\u00adciers com\u00adman\u00add\u00e8rent le feu, ils refu\u00ads\u00e8rent de tirer. Alors la police fit feu deux fois. Des morts&nbsp;! Des bles\u00ads\u00e9s&nbsp;! La col\u00e8re du peuple fut indes\u00adcrip\u00adtible. Le len\u00adde\u00admain les ouvriers for\u00adc\u00e8rent les armu\u00adre\u00adries et les arse\u00adnaux et s\u2019arm\u00e8rent. Le gou\u00adver\u00adne\u00adment\u200a\u2014\u200aauquel par\u00adti\u00adci\u00adpaient aus\u00adsi deux social-d\u00e9mo\u00adcrates\u200a\u2014\u200aordon\u00adna \u00e0 la police de faire des per\u00adqui\u00adsi\u00adtions dans les mai\u00adsons d\u2019ouvriers et de confis\u00adquer les armes. Mais la police, qui crai\u00adgnait la ven\u00adgeance des ouvriers \u00e0 cause de la ren\u00adcontre san\u00adglante du jour pr\u00e9\u00adc\u00e9\u00addent, refu\u00adsa l\u2019ob\u00e9issance. La r\u00e9per\u00adcus\u00adsion fut \u00e9norme. La r\u00e9vo\u00adlu\u00adtion anti\u00admi\u00adli\u00adta\u00adriste \u00e9tait d\u00e9j\u00e0 en l\u2019air et s\u2019approchait\u2026 L\u2019esprit d\u2019Erwin Szab\u00f3 por\u00adtait ses effets\u2026<\/p>\n<p>Dans l\u2019apr\u00e8s-midi du 30 octobre, la nou\u00advelle se r\u00e9pan\u00addit que le com\u00adman\u00addant mili\u00adtaire essayait d\u2019\u00e9loigner les troupes \u00e0 ten\u00addances r\u00e9vo\u00adlu\u00adtion\u00adnaires de Buda\u00adpest. Sous la direc\u00adtion d\u2019un g\u00e9n\u00e9\u00adral, les troupes de police firent pri\u00adson\u00adniers, dans la m\u00eame apr\u00e8s-midi, le comi\u00adt\u00e9 des sol\u00addats r\u00e9vo\u00adlu\u00adtion\u00adnaires. Mais le peuple les d\u00e9li\u00advra des mains de la police. Luka\u00adsic tr\u00e9\u00adpi\u00adgna de col\u00e8re. Le soir, une grande masse, chan\u00adtant des chan\u00adsons r\u00e9vo\u00adlu\u00adtion\u00adnaires, par\u00adcou\u00adrait les rues. La masse s\u2019accroissait tou\u00adjours et mar\u00adchait sur le local dans lequel le Conseil natio\u00adnal tenait ses d\u00e9li\u00adb\u00e9\u00adra\u00adtions. Ce conseil avait \u00e9t\u00e9 for\u00adm\u00e9 quelques jours aupa\u00adra\u00advant. Il \u00e9tait le r\u00e9sul\u00adtat d\u2019une coa\u00adli\u00adtion de bour\u00adgeois et de social-d\u00e9mo\u00adcrates, qui crai\u00adgnaient la r\u00e9vo\u00adlu\u00adtion et vou\u00adlaient chan\u00adger le gou\u00adver\u00adne\u00adment pour nom\u00admer le comte Michel Karo\u00adlyi pr\u00e9\u00adsident du Conseil des ministres.<\/p>\n<p>D\u00e8s ce moment le comi\u00adt\u00e9 r\u00e9vo\u00adlu\u00adtion\u00adnaire com\u00admen\u00ad\u00e7a \u00e0 fonc\u00adtion\u00adner offi\u00adciel\u00adle\u00adment. La nou\u00advelle \u00e9tait par\u00adve\u00adnue que Luka\u00adsic vou\u00adlait \u00e9loi\u00adgner les deux der\u00adni\u00e8res com\u00adpa\u00adgnies r\u00e9vo\u00adlu\u00adtion\u00adnaires. \u00ab&nbsp;Rete\u00adnez-les&nbsp;!&nbsp;\u00bb fut le pre\u00admier mot d\u2019ordre du comi\u00adt\u00e9 r\u00e9vo\u00adlu\u00adtion\u00adnaire. Et la masse mar\u00adcha sur la&nbsp;gare.<\/p>\n<p>Les minutes pas\u00adsaient. \u00c9tait-ce la mort ou la vic\u00adtoire&nbsp;?\u200a\u2014\u200aEt\u2026 \u00e0 peine une heure apr\u00e8s,\u200a\u2014\u200a\u00e9cou\u00adtez&nbsp;: des chan\u00adsons r\u00e9vo\u00adlu\u00adtion\u00adnaires\u2026 les deux com\u00adpa\u00adgnies de guerre appa\u00adrurent. La masse pleu\u00adrait et jubi\u00adlait. Ain\u00adsi, \u00e0 minuit, le comi\u00adt\u00e9 r\u00e9vo\u00adlu\u00adtion\u00adnaire avait ses propres sol\u00addats et ceux-ci occu\u00adp\u00e8rent la cen\u00adtrale t\u00e9l\u00e9\u00adpho\u00adnique, les gares, les bureaux des postes et tous les points impor\u00adtants. Tout ceci se pas\u00adsait pen\u00addant que les membres du conseil natio\u00adnal, les r\u00e9vo\u00adlu\u00adtion\u00adnaires bour\u00adgeois et social-d\u00e9mo\u00adcrates dor\u00admaient,\u200a\u2014\u200acomme toujours.<\/p>\n<p>Lorsque ces mes\u00adsieurs les r\u00e9vo\u00adlu\u00adtion\u00adnaires offi\u00adciels apprirent de bon matin tous ces \u00e9v\u00e9\u00adne\u00adments, une petite troupe de sol\u00addats avait d\u00e9j\u00e0 d\u00e9po\u00ads\u00e9 le com\u00adman\u00addant de la ville et d\u00e9sar\u00adm\u00e9 les gardes. Luka\u00adsic et tout son \u00e9tat-major furent faits pri\u00adson\u00adniers. D\u2019une fa\u00e7on mira\u00adcu\u00adleuse, le par\u00adti social-d\u00e9mo\u00adcrate et le conseil natio\u00adnal chan\u00adg\u00e8rent leurs concep\u00adtions et \u00e9taient pr\u00eats \u00e0 for\u00admer un gou\u00adver\u00adne\u00adment r\u00e9volutionnaire.<\/p>\n<p>La ville avait dor\u00admi. Toute la nuit la pluie avait tom\u00adb\u00e9, les ponts, les casernes, les maga\u00adsins d\u2019approvisionnement, les postes de police \u00e9taient rapi\u00adde\u00adment tom\u00adb\u00e9s entre les mains du comi\u00adt\u00e9 r\u00e9vo\u00adlu\u00adtion\u00adnaire. Lorsqu\u2019on se r\u00e9veilla, le matin, on s\u2019aper\u00e7ut, tout \u00e0 coup, que le sys\u00adt\u00e8me, qui avait fait de la masse des tra\u00advailleurs les ser\u00advi\u00adteurs et les esclaves de la guerre mon\u00addiale, s\u2019\u00e9tait \u00e9crou\u00adl\u00e9. Il s\u2019\u00e9tait \u00e9crou\u00adl\u00e9 par le tra\u00advail d\u2019un petit groupe de r\u00e9vo\u00adlu\u00adtion\u00adnaires. Les membres de ce groupe avaient mili\u00adt\u00e9 sans peur, \u00e0 l\u2019ombre du poteau d\u2019ex\u00e9cution, jusqu\u2019\u00e0 ce qu\u2019ils eurent atteint leur but&nbsp;: la des\u00adtruc\u00adtion du mili\u00adta\u00adrisme et la fin de la guerre.<\/p>\n<p>Le mili\u00adta\u00adrisme et la guerre \u00e9taient finis. Un sen\u00adti\u00adment de bon\u00adheur et de liber\u00adt\u00e9 ani\u00admait les gens. Le len\u00adde\u00admain, le nou\u00adveau ministre de la guerre pro\u00adcla\u00admait son pro\u00adgramme&nbsp;: \u00ab&nbsp;Moi, ministre de la guerre, je ne veux plus voir de soldats&nbsp;\u00bb.<\/p>\n<p>Ceci fut la pre\u00admi\u00e8re r\u00e9vo\u00adlu\u00adtion hon\u00adgroise. Ce fut une r\u00e9vo\u00adlu\u00adtion pure\u00adment anti\u00admi\u00adli\u00adta\u00adriste, dont le but unique \u00e9tait la des\u00adtruc\u00adtion du mili\u00adta\u00adrisme et la fin de la guerre. Et ce fut vrai\u00adment une r\u00e9vo\u00adlu\u00adtion de la liber\u00adt\u00e9. Elle eut, de par sa nature, encore un autre c\u00f4t\u00e9 qui se fit jour plus tard. Je ne veux pas en par\u00adler ici. En tout cas les anti\u00admi\u00adli\u00adta\u00adristes hon\u00adgrois ont fait leur devoir.<\/p>\n<p>[\/\u200bTibor <sc>For\u00adgacz<\/sc>.\/\u200b]<\/p>\n","protected":false},"excerpt":{"rendered":"<p>[(De temps \u00e0 autre quelque r\u00e9vo\u00adlu\u00adtion\u00adnaire Hon\u00adgrois, condam\u00adn\u00e9 \u00e0 mort, r\u00e9us\u00adsit \u00e0 s\u2019\u00e9chapper des griffes du r\u00e9gime de Hor\u00adthy et erre \u00e0 tra\u00advers les fron\u00adti\u00e8res par l\u2019Europe. Il va d\u2019un groupe de cama\u00adrades r\u00e9vo\u00adlu\u00adtion\u00adnaires \u00e0 un autre et tra\u00adverse de nom\u00adbreux pays jusqu\u2019\u00e0 ce qu\u2019il trouve enfin un lien de repos en Europe orien\u00adtale&nbsp;ou&nbsp;[\u2026]<\/p>\n","protected":false},"author":1,"featured_media":0,"comment_status":"closed","ping_status":"closed","sticky":false,"template":"","format":"standard","meta":{"wp_typography_post_enhancements_disabled":false,"footnotes":""},"categories":[368],"tags":[],"ppma_author":[540],"class_list":["post-3107","post","type-post","status-publish","format-standard","hentry","category-la-revue-anarchiste-na9-septembre-1922"],"authors":[{"term_id":540,"user_id":1,"is_guest":0,"slug":"admin_3gikpwyf","display_name":"Vincent Dubuc","avatar_url":"https:\/\/secure.gravatar.com\/avatar\/d015720652c25fd2ced191ade86430094e1f288a17483713e3b34d26dea52507?s=96&d=mm&r=g","author_category":"","user_url":"https:\/\/la-presse-anarchiste.net","last_name":"Dubuc","first_name":"Vincent","job_title":"","description":""}],"_links":{"self":[{"href":"https:\/\/la-presse-anarchiste.net\/index.php\/wp-json\/wp\/v2\/posts\/3107","targetHints":{"allow":["GET"]}}],"collection":[{"href":"https:\/\/la-presse-anarchiste.net\/index.php\/wp-json\/wp\/v2\/posts"}],"about":[{"href":"https:\/\/la-presse-anarchiste.net\/index.php\/wp-json\/wp\/v2\/types\/post"}],"author":[{"embeddable":true,"href":"https:\/\/la-presse-anarchiste.net\/index.php\/wp-json\/wp\/v2\/users\/1"}],"replies":[{"embeddable":true,"href":"https:\/\/la-presse-anarchiste.net\/index.php\/wp-json\/wp\/v2\/comments?post=3107"}],"version-history":[{"count":0,"href":"https:\/\/la-presse-anarchiste.net\/index.php\/wp-json\/wp\/v2\/posts\/3107\/revisions"}],"wp:attachment":[{"href":"https:\/\/la-presse-anarchiste.net\/index.php\/wp-json\/wp\/v2\/media?parent=3107"}],"wp:term":[{"taxonomy":"category","embeddable":true,"href":"https:\/\/la-presse-anarchiste.net\/index.php\/wp-json\/wp\/v2\/categories?post=3107"},{"taxonomy":"post_tag","embeddable":true,"href":"https:\/\/la-presse-anarchiste.net\/index.php\/wp-json\/wp\/v2\/tags?post=3107"},{"taxonomy":"author","embeddable":true,"href":"https:\/\/la-presse-anarchiste.net\/index.php\/wp-json\/wp\/v2\/ppma_author?post=3107"}],"curies":[{"name":"wp","href":"https:\/\/api.w.org\/{rel}","templated":true}]}}