{"id":3108,"date":"2012-01-31T08:57:50","date_gmt":"2012-01-31T08:57:50","guid":{"rendered":"https:\/\/la-presse-anarchiste.net\/index.php\/2012\/01\/31\/en-wagon\/"},"modified":"2012-01-31T08:57:50","modified_gmt":"2012-01-31T08:57:50","slug":"en-wagon","status":"publish","type":"post","link":"https:\/\/la-presse-anarchiste.net\/index.php\/2012\/01\/31\/en-wagon\/","title":{"rendered":"En wagon"},"content":{"rendered":"<div class=\"pdfprnt-buttons pdfprnt-buttons-post pdfprnt-top-right\"><a href=\"https:\/\/la-presse-anarchiste.net\/index.php\/wp-json\/wp\/v2\/posts\/3108?print=pdf\" class=\"pdfprnt-button pdfprnt-button-pdf\" target=\"_blank\"><img decoding=\"async\" src=\"https:\/\/la-presse-anarchiste.net\/wp-content\/plugins\/pdf-print\/images\/pdf.png\" alt=\"image_pdf\" title=\"Afficher le PDF\"><\/a><a href=\"https:\/\/la-presse-anarchiste.net\/index.php\/wp-json\/wp\/v2\/posts\/3108?print=print\" class=\"pdfprnt-button pdfprnt-button-print\" target=\"_blank\"><img decoding=\"async\" src=\"https:\/\/la-presse-anarchiste.net\/wp-content\/plugins\/pdf-print\/images\/print.png\" alt=\"image_print\" title=\"Contenu imprim\u00e9\"><\/a><\/div><poesie>Je suis dans le wagon qui m\u2019emporte vers&nbsp;toi,<br>\n\tMa tendre amie&nbsp;;<br>\nD\u2019ici, mes yeux cher\u00adcheurs ne trouvent plus le&nbsp;toit<br>\n\tO\u00f9 ma dou\u00adleur s\u2019est endormie<br>\nQuand ton amour nais\u00adsant m\u2019a redon\u00adn\u00e9 la&nbsp;vie.\n<p>Le train va len\u00adte\u00adment dans un val\u00adlon d\u00e9sert<br>\n\tEt monotone,<br>\nO\u00f9 les pr\u00e9s mal ton\u00addus ont la cou\u00adleur du&nbsp;fer,<br>\n\tCepen\u00addant qu\u2019au loin\u00adtain moutonne<br>\nLe trou\u00adpeau fami\u00adlier des brumes de l\u2019automne.<\/p>\n<p>Le vent du nord, l\u00e9ger, souille dans les rameaux<br>\n\tO\u00f9 l\u2019oiseau r\u00eave&nbsp;;<br>\nEt je vois s\u2019incliner des saules, des ormeaux<br>\n\tSur une rivi\u00e8re sans&nbsp;gr\u00e8ve<br>\nQui parait cou\u00adler d\u2019eux comme un tor\u00adrent de&nbsp;s\u00e8ve.<\/p>\n<p>La tor\u00adpeur du ciel pris des\u00adcend dans les yeux&nbsp;las<br>\n\tDu paysage&nbsp;;<br>\nLa vigne \u00e9che\u00adve\u00adl\u00e9e au pied des \u00e9chalas.<br>\n\tLaisse tom\u00adber son vert corsage<br>\nEt prend la pourpre et l\u2019or des reines de passage\u2026<\/p>\n<p>Je ne suis pas \u00e9mu pour\u00adtant par ce&nbsp;d\u00e9cor<br>\n\tDou\u00adce\u00adment triste&nbsp;;<br>\nCe que j\u2019entends en moi n\u2019est pas le son du&nbsp;cor<br>\n\tDont s\u2019endeuille une \u00e2me d\u2019artiste<br>\nDevant le ciel p\u00e9tri de noir et d\u2019am\u00e9thyste.<\/p>\n<p>Je pense au bon accueil des monts et des ravins,<br>\n\tMa bien-aim\u00e9e.<br>\nO\u00f9 l\u2019\u00e9t\u00e9 rena\u00ee\u00adtra par les bai\u00adsers divins<br>\n\tQue je ver\u00adrai, sous la&nbsp;ram\u00e9e,<br>\nTom\u00adber comme des fleurs de ta l\u00e8vre embaum\u00e9e.<\/p>\n<p>Et s\u2019il me faut, dans l\u2019ombre, attendre encore un&nbsp;jour<br>\n\tCe bien supr\u00eame.<br>\nIl me semble d\u00e9j\u00e0 vivre dans le s\u00e9jour<br>\n\tO\u00f9 la ten\u00addresse que je&nbsp;s\u00e8me<br>\nPour celle qui m\u2019attend pr\u00e9\u00adpare un diad\u00e8me&nbsp;!\u2026<\/p><\/poesie>\n<p>[\/\u200bEug\u00e8ne <sc>Bizeau<\/sc>.\/\u200b]<\/p>\n","protected":false},"excerpt":{"rendered":"<p>Je suis dans le wagon qui m\u2019emporte vers&nbsp;toi, Ma tendre amie&nbsp;; D\u2019ici, mes yeux cher\u00adcheurs ne trouvent plus le&nbsp;toit O\u00f9 ma dou\u00adleur s\u2019est endor\u00admie Quand ton amour nais\u00adsant m\u2019a redon\u00adn\u00e9 la&nbsp;vie. Le train va len\u00adte\u00adment dans un val\u00adlon d\u00e9sert Et mono\u00adtone, O\u00f9 les pr\u00e9s mal ton\u00addus ont la cou\u00adleur du&nbsp;fer, Cepen\u00addant qu\u2019au loin\u00adtain mou\u00adtonne&nbsp;Le&nbsp;[\u2026]<\/p>\n","protected":false},"author":1,"featured_media":0,"comment_status":"closed","ping_status":"closed","sticky":false,"template":"","format":"standard","meta":{"wp_typography_post_enhancements_disabled":false,"footnotes":""},"categories":[368],"tags":[],"ppma_author":[540],"class_list":["post-3108","post","type-post","status-publish","format-standard","hentry","category-la-revue-anarchiste-na9-septembre-1922"],"authors":[{"term_id":540,"user_id":1,"is_guest":0,"slug":"admin_3gikpwyf","display_name":"Vincent Dubuc","avatar_url":"https:\/\/secure.gravatar.com\/avatar\/d015720652c25fd2ced191ade86430094e1f288a17483713e3b34d26dea52507?s=96&d=mm&r=g","author_category":"","user_url":"https:\/\/la-presse-anarchiste.net","last_name":"Dubuc","first_name":"Vincent","job_title":"","description":""}],"_links":{"self":[{"href":"https:\/\/la-presse-anarchiste.net\/index.php\/wp-json\/wp\/v2\/posts\/3108","targetHints":{"allow":["GET"]}}],"collection":[{"href":"https:\/\/la-presse-anarchiste.net\/index.php\/wp-json\/wp\/v2\/posts"}],"about":[{"href":"https:\/\/la-presse-anarchiste.net\/index.php\/wp-json\/wp\/v2\/types\/post"}],"author":[{"embeddable":true,"href":"https:\/\/la-presse-anarchiste.net\/index.php\/wp-json\/wp\/v2\/users\/1"}],"replies":[{"embeddable":true,"href":"https:\/\/la-presse-anarchiste.net\/index.php\/wp-json\/wp\/v2\/comments?post=3108"}],"version-history":[{"count":0,"href":"https:\/\/la-presse-anarchiste.net\/index.php\/wp-json\/wp\/v2\/posts\/3108\/revisions"}],"wp:attachment":[{"href":"https:\/\/la-presse-anarchiste.net\/index.php\/wp-json\/wp\/v2\/media?parent=3108"}],"wp:term":[{"taxonomy":"category","embeddable":true,"href":"https:\/\/la-presse-anarchiste.net\/index.php\/wp-json\/wp\/v2\/categories?post=3108"},{"taxonomy":"post_tag","embeddable":true,"href":"https:\/\/la-presse-anarchiste.net\/index.php\/wp-json\/wp\/v2\/tags?post=3108"},{"taxonomy":"author","embeddable":true,"href":"https:\/\/la-presse-anarchiste.net\/index.php\/wp-json\/wp\/v2\/ppma_author?post=3108"}],"curies":[{"name":"wp","href":"https:\/\/api.w.org\/{rel}","templated":true}]}}