{"id":3114,"date":"2012-01-31T08:58:13","date_gmt":"2012-01-31T08:58:13","guid":{"rendered":"https:\/\/la-presse-anarchiste.net\/index.php\/2012\/01\/31\/revue-des-journaux-9\/"},"modified":"2012-01-31T08:58:13","modified_gmt":"2012-01-31T08:58:13","slug":"revue-des-journaux-9","status":"publish","type":"post","link":"https:\/\/la-presse-anarchiste.net\/index.php\/2012\/01\/31\/revue-des-journaux-9\/","title":{"rendered":"Revue des journaux"},"content":{"rendered":"<div class=\"pdfprnt-buttons pdfprnt-buttons-post pdfprnt-top-right\"><a href=\"https:\/\/la-presse-anarchiste.net\/index.php\/wp-json\/wp\/v2\/posts\/3114?print=pdf\" class=\"pdfprnt-button pdfprnt-button-pdf\" target=\"_blank\"><img decoding=\"async\" src=\"https:\/\/la-presse-anarchiste.net\/wp-content\/plugins\/pdf-print\/images\/pdf.png\" alt=\"image_pdf\" title=\"Afficher le PDF\"><\/a><a href=\"https:\/\/la-presse-anarchiste.net\/index.php\/wp-json\/wp\/v2\/posts\/3114?print=print\" class=\"pdfprnt-button pdfprnt-button-print\" target=\"_blank\"><img decoding=\"async\" src=\"https:\/\/la-presse-anarchiste.net\/wp-content\/plugins\/pdf-print\/images\/print.png\" alt=\"image_print\" title=\"Contenu imprim\u00e9\"><\/a><\/div><h2>Statistiques<\/h2>\n<p>\nLe <i>Petit Pari\u00adsien<\/i> publie ces chiffres qui, de son aveu m\u00eame, doivent don\u00adner \u00e0 penser&nbsp;:<\/p>\n<p><quote>\u00ab&nbsp;La guerre et la&nbsp;mort\u2026<br>\n<br>Quelques chiffres qui donnent \u00e0&nbsp;pense\u2026<br>\n<br>La France a per\u00addu 1.400.000 hommes au cours des quatre ann\u00e9es de la der\u00adni\u00e8re guerre. C\u2019est un tiers de plus des pertes qu\u2019elle subit lors des guerres de la R\u00e9vo\u00adlu\u00adtion, de 1791 \u00e0&nbsp;1799.<br>\n<br>Durant les quinze ann\u00e9es sui\u00advantes, sur 3.137.600 hommes appe\u00adl\u00e9s sous les dra\u00adpeaux, 2.300.000 ne revirent jamais le foyer fami\u00adlial. Il en p\u00e9rit un mil\u00adlion sur les champs de bataille. Le reste suc\u00adcom\u00adba par mala\u00addie ou \u00e0 la suite de graves blessures.<br>\n<br>Quand elle enva\u00adhit le sol de la Rus\u00adsie, la Grande Arm\u00e9e comp\u00adtait 1.100.000 com\u00adbat\u00adtants. \u00c0 la fin de la retraite de Mos\u00adcou, elle \u00e9tait r\u00e9duite \u00e0 60.000 hommes.<br>\n<br>Les guerres du deuxi\u00e8me Empire, Cri\u00adm\u00e9e, Ita\u00adlie, Mexique, co\u00fb\u00adt\u00e8rent la vie \u00e0 pr\u00e8s de 300.000 Fran\u00ad\u00e7ais. La cam\u00adpagne de 1870\u200a\u2013\u200a71 en vit dis\u00adpa\u00adra\u00eetre plus de 490.000.<br>\n<br>Sou\u00adhai\u00adtons que ces fun\u00e8bres sta\u00adtis\u00adtiques ne se repr\u00e9\u00adsentent, plus dans l\u2019avenir.&nbsp;\u00bb<\/quote><\/p>\n<p>Le sou\u00adhait du jour\u00adna\u00adliste bour\u00adgeois part d\u2019un bon natu\u00adrel, mais il est \u00e0 notre avis beau\u00adcoup plus effi\u00adcace, pour emp\u00ea\u00adcher des guerres futures, de s\u2019attaquer \u00e0 cause de tous les \u00e9gor\u00adge\u00adments&nbsp;: L\u2019\u00c9tat, et \u00e0 sa cons\u00e9\u00adquence logique&nbsp;: le Militarisme.<\/p>\n<h2>Apr\u00e8s la gr\u00e8ve g\u00e9n\u00e9rale<\/h2>\n<p><\/p>\n<p>Natu\u00adrel\u00adle\u00adment, la presse bour\u00adgeoise s\u2019est empres\u00ads\u00e9e de se r\u00e9jouir de \u00ab&nbsp;l\u2019\u00e9chec&nbsp;\u00bb de la gr\u00e8ve g\u00e9n\u00e9\u00adrale de pro\u00adtes\u00adta\u00adtion contre les assas\u00adsi\u00adnats du Havre. <i>La Liber\u00adt\u00e9<\/i> apr\u00e8s avoir signi\u00adfi\u00e9 l\u2019appel de l\u2019<i>Huma\u00adni\u00adt\u00e9<\/i> et celui de l\u2019<i>Union anar\u00adchiste<\/i>, gogue\u00adnarde&nbsp;:<\/p>\n<p><quote>\u00ab&nbsp;Quel est le r\u00e9sul\u00adtat de cette union des com\u00admu\u00adnistes et des anarchistes&nbsp;?&nbsp;\u00bb<\/quote><\/p>\n<p>\u00ab&nbsp;Vous avez pu, ce matin, aller \u00e0 votre tra\u00advail comme d\u2019habitude. Vous avez eu votre m\u00e9tro&nbsp;; vous avez en votre tram\u00adway ou votre auto\u00adbus&nbsp;; vous avez cir\u00adcu\u00adl\u00e9 pai\u00adsi\u00adble\u00adment dans les rues&nbsp;; vous lisez votre jour\u00adnal&nbsp;; vous allez dans, les maga\u00adsins. La vie dans Paris suit son cours normal.&nbsp;\u00bb<\/p>\n<p>Il y a pour\u00adtant eu ici et l\u00e0 des inci\u00addents, ce qui n\u2019est pas \u00e9ton\u00adnant puisque ce sont les \u00ab&nbsp;pires r\u00e9vo\u00adlu\u00adtion\u00adnaires&nbsp;\u00bb qui sont en gr\u00e8ve. Les autres r\u00e9vo\u00adlu\u00adtion\u00adnaires qui, eux, ne sont pas les pires, ne s\u2019\u00e9meuvent pas pour si&nbsp;peu&nbsp;:<\/p>\n<blockquote><p>\u00ab&nbsp;La C.G.T. se refuse \u00e0 col\u00adla\u00adbo\u00adrer \u00e0 un mou\u00adve\u00adment diri\u00adg\u00e9, dit-elle, par \u00ab&nbsp;des irres\u00adpon\u00adsables&nbsp;\u00bb. Elle se contente de dire \u00e0 ses adh\u00e9\u00adrents d\u2019abandonner une jour\u00adn\u00e9e de salaires aux gr\u00e9\u00advistes du Havre. C\u2019est un joli geste&nbsp;! Seule\u00adment, les gr\u00e9\u00advistes du Havre atten\u00addront peut-\u00eatre quelque temps la dis\u00adtri\u00adbu\u00adtion de la col\u00adlecte. En tout cas, la C.G.T. ne marche pas avec les com\u00admu\u00adnistes. C\u2019est significatif.&nbsp;\u00bb<\/p><\/blockquote>\n<p>En effet.<\/p>\n<h2>Pour Cottin<\/h2>\n<p>\nLes juges a tout faire de la R\u00e9pu\u00adblique fran\u00ad\u00e7aise ont condam\u00adn\u00e9 nos cama\u00adrades Lor\u00e9al, Vil\u00adliers et Dele\u00adcourt, pour avoir os\u00e9 r\u00e9cla\u00admer en faveur de notre ami <i>Cot\u00adtin<\/i> un peu de cette jus\u00adtice qui ne peut exis\u00adter en r\u00e9gime auto\u00adri\u00adtaire. \u00c0 ce pro\u00adpos, <i>Daniel Renoult<\/i>, dans l\u2019<i>Inter\u00adna\u00adtio\u00adnale<\/i> \u00e9crit courageusement&nbsp;:<\/p>\n<p><quote>\u00ab&nbsp;Si le gou\u00adver\u00adne\u00adment s\u2019imagine que cette condam\u00adna\u00adtion arr\u00ea\u00adte\u00adra la cam\u00adpagne en faveur de Cot\u00adtin, il se trompe.<\/quote><\/p>\n<p>Com\u00adment les anar\u00adchistes se d\u00e9s\u00adin\u00adt\u00e9\u00adres\u00adse\u00adraient-ils du sort de leur jeune cama\u00adrade, qui n\u2019a pas tu\u00e9, qui, m\u00eame, selon toute vrai\u00adsem\u00adblance, n\u2019a pas atteint M.&nbsp;Cle\u00admen\u00adceau, et qui a \u00e9t\u00e9 condam\u00adn\u00e9 avec la der\u00adni\u00e8re s\u00e9v\u00e9\u00adri\u00adt\u00e9&nbsp;? Com\u00adment tous les hommes de c\u0153ur ne pro\u00adtes\u00adte\u00adraient-ils pas contre la d\u00e9ten\u00adtion pro\u00adlon\u00adg\u00e9e de Cottin&nbsp;?<\/p>\n<p>L\u2019opposition entre son cas et celui de Vil\u00adlain est main\u00adte\u00adnant clas\u00adsique. Elle sou\u00adligne toute l\u2019hypocrisie de la soci\u00e9\u00adt\u00e9 bourgeoise.<\/p>\n<p>L\u2019opinion r\u00e9vo\u00adlu\u00adtion\u00adnaire, sans dis\u00adtinc\u00adtion, ne peut qu\u2019honorer les anar\u00adchistes qui se font jeter en pri\u00adson pour ten\u00adter de lib\u00e9\u00adrer leur&nbsp;ami.<\/p>\n<p>Une grande cam\u00adpagne en faveur des vic\u00adtimes de la r\u00e9pres\u00adsion est indis\u00adpen\u00adsable. Dans cette cam\u00adpagne, il sera juste de ne pas oublier Cottin.&nbsp;\u00bb<\/p>\n<p>Tout autre que Cle\u00admen\u00adceau, ajoute D. Renoult, se f\u00fbt fait un point d\u2019honneur d\u2019inter\u00advenir en faveur du condamn\u00e9&nbsp;:<\/p>\n<p><quote>\u00ab&nbsp;Est-ce que l\u2019abb\u00e9 Lemire\u200a\u2014\u200acelui des d\u00e9pu\u00adt\u00e9s qui fut le plus s\u00e9rieu\u00adse\u00adment bles\u00ads\u00e9 par la bombe de Vaillant \u00e0 la Chambre\u200a\u2014\u200ane se ren\u00addit pas aupr\u00e8s du pr\u00e9\u00adsident de la R\u00e9pu\u00adblique pour ten\u00adter d\u2019\u00e9viter l\u2019ex\u00e9cution&nbsp;? Mais M.&nbsp;l\u2019abb\u00e9 Lemire est un brave&nbsp;homme.<\/quote><\/p>\n<p>M.&nbsp;Cle\u00admen\u00adceau, lui, est dur et impla\u00adcable. Sur le point de mou\u00adrir, il n\u2019a pas piti\u00e9 du jeune homme dont la d\u00e9ten\u00adtion va bien\u00adt\u00f4t faire un autre vieillard pro\u00admis \u00e0 la&nbsp;tombe.<\/p>\n<p>\u2026 Nous tenions \u00e0 dire ces choses au len\u00adde\u00admain de la condam\u00adna\u00adtion des cama\u00adrades anarchistes.&nbsp;\u00bb<\/p>\n<h2>D\u2019autres condamn\u00e9s<\/h2>\n<p><\/p>\n<p>Est-il vrai qu\u2019un des condam\u00adn\u00e9s \u00e0 mort, en sur\u00adsis de Mos\u00adcou, se soit pen\u00addu dans sa cel\u00adlule et que ses cod\u00e9\u00adte\u00adnus aient fait la gr\u00e8ve de la&nbsp;faim&nbsp;?<\/p>\n<p><i>Hen\u00adri Fabre<\/i> qui, sous toutes r\u00e9serves, nous annonce ces faits dans le <i>Jour\u00adnal du Peuple<\/i>, \u00e9crit&nbsp;:<\/p>\n<p><quote>\u00ab&nbsp;Il n\u2019est pas pos\u00adsible qu\u2019un gou\u00adver\u00adne\u00adment ani\u00adm\u00e9 des prin\u00adcipes socia\u00adlistes se conduise, vis-\u00e0-vis d\u2019adversaires poli\u00adtiques, comme les gou\u00adver\u00adne\u00adments bourgeois.<\/quote><\/p>\n<p>Il est inad\u00admis\u00adsible de gar\u00adder des condam\u00adn\u00e9s \u00e0 mort comme otages afin de leur faire payer, le cas \u00e9ch\u00e9ant, les crimes qui pour\u00adraient \u00eatre com\u00admis par des hommes res\u00adt\u00e9s libres.<\/p>\n<p>Ce serait une faute lourde de la part de la Rus\u00adsie r\u00e9vo\u00adlu\u00adtion\u00adnaire que d\u2019apporter dans l\u2019exercice de la r\u00e9pres\u00adsion les m\u0153urs de l\u2019Inquisition.<\/p>\n<p>Que pour\u00adrions-nous r\u00e9pondre \u00e0 nos diri\u00adgeants, quand nous leur deman\u00addons de mettre Jeanne Morand et Cou\u00addom dit M\u00e9ric au r\u00e9gime poli\u00adtique, s\u2019ils se jus\u00adti\u00adfiaient en nous mon\u00adtrant ce qui se passe \u00e0 Moscou&nbsp;?&nbsp;\u00bb<\/p>\n<p>Il est \u00e9vident que les socia\u00adlistes auto\u00adri\u00adtaires qui jus\u00adti\u00adfient les actes d\u2019arbitraire qui se com\u00admettent en Rus\u00adsie sur les anar\u00adchistes et leurs autres adver\u00adsaires poli\u00adtiques, doivent \u00eatre plu\u00adt\u00f4t g\u00ean\u00e9s pour r\u00e9cla\u00admer contre l\u2019injustice gou\u00adver\u00adne\u00admen\u00adtale, quant eux-m\u00eames\u2026<\/p>\n<p>Mais nous autres, anar\u00adchistes, n\u2019avons pas de ces consi\u00add\u00e9\u00adra\u00adtions. Les fusilleurs de Mos\u00adcou et du Havre ont \u00e9ga\u00adle\u00adment droit \u00e0 notre&nbsp;haine.<\/p>\n<p>Et nous sommes les seuls logiques.<\/p>\n<h2>Deux morts<\/h2>\n<p><\/p>\n<p>Le th\u00e9o\u00adri\u00adcien du syn\u00addi\u00adca\u00adlisme r\u00e9vo\u00adlu\u00adtion\u00adnaire Georges Sorel, vient de mou\u00adrir, dans sa retraite de Bou\u00adlogne-sur-Seine. Nos cama\u00adrades auront la dans le <i>Liber\u00adtaire<\/i>, le remar\u00adquable article que lui a consa\u00adcr\u00e9 E. Casteu.<\/p>\n<p>Plus reten\u00adtis\u00adsante a \u00e9t\u00e9 la mort du citoyen Mar\u00adcel Sem\u00adbat, dra\u00adma\u00adti\u00ads\u00e9e par le sui\u00adcide de sa compagne.<\/p>\n<p>Toute la presse socia\u00adliste, \u00ab&nbsp;com\u00admu\u00adniste&nbsp;\u00bb, ind\u00e9\u00adpen\u00addante&nbsp;!\u2026 r\u00e9pu\u00adbli\u00adcaine de toutes nuances roya\u00adliste, bona\u00adpar\u00adtiste, que sais-je s\u2019est r\u00e9pan\u00addue en louanges sur l\u2019artiste, l\u2019homme d\u2019esprit, l\u2019\u00e9minent jour\u00adna\u00adliste. Georges Yve\u00adtot dans le <i>Jour\u00adnal du Peuple<\/i> consacre un article au \u00ab&nbsp;bon Sem\u00adbat&nbsp;\u00bb. Aucune voix dis\u00adcor\u00addante dans le concert \u00e9logieux.<\/p>\n<p>\u00c0 ses obs\u00e8ques o\u00f9 se pres\u00adsaient au c\u00f4t\u00e9 de MM.&nbsp;A. Tho\u00admas et Lou\u00adcheur&nbsp;! les membres les plus mar\u00adquants du socia\u00adlisme de guerre et d\u2019apr\u00e8s-guerre, le citoyen Bracke, d\u2019apr\u00e8s <i>l\u2019Humanit\u00e9<\/i> a fait l\u2019historique de la car\u00adri\u00e8re de Sembat&nbsp;:<\/p>\n<blockquote><p>\u00ab&nbsp;Il rap\u00adpelle sa pre\u00admi\u00e8re inter\u00adven\u00adtion \u00e0 la Chambre, le 12 juin 1894, lorsqu\u2019il d\u00e9fen\u00addit le droit pour un ouvrier qui n\u2019exerce pas de fait sa pro\u00adfes\u00adsion d\u2019\u00eatre pour\u00adtant secr\u00e9\u00adtaire de syn\u00addi\u00adcat. Il \u00e9voque les cam\u00adpagnes contre les lois sc\u00e9\u00adl\u00e9\u00adrates pour la sup\u00adpres\u00adsion de l\u2019ambassade au Vati\u00adcan. Il explique que Sem\u00adbat, avec Vaillant, ont r\u00e9sis\u00adter au \u00ab&nbsp;millerandisme&nbsp;\u00bb\u2026&nbsp;\u00bb<\/p><\/blockquote>\n<p>Sans vou\u00adloir le moins du monde, insul\u00adter \u00e0 la m\u00e9moire d\u2019un homme aus\u00adsi uni\u00adver\u00adsel\u00adle\u00adment regret\u00adt\u00e9, il serait peut-\u00eatre bon de rap\u00adpe\u00adler que le \u00ab&nbsp;bon&nbsp;\u00bb Sem\u00adbat les avait au pr\u00e9a\u00adlable vot\u00e9es les lois sc\u00e9\u00adl\u00e9\u00adrates, qu\u2019il a, ain\u00adsi que ses col\u00adl\u00e8gues, dont quelques uns sont deve\u00adnus les farouches inter\u00adna\u00adtio\u00adna\u00adlistes que l\u2019on sait, pr\u00ea\u00adt\u00e9 son concours \u00e0 la guerre du droit, qu\u2019il a \u00e9t\u00e9 plu\u00adsieurs fois ministre et que ma foi, c\u2019est un par\u00adle\u00admen\u00adtaire qui vient de mou\u00adrir et gui, comme tous les parlementaires\u2026<\/p>\n<h2>La Marne<\/h2>\n<p><\/p>\n<p>Les cyniques res\u00adpon\u00adsables de tant de mil\u00adliers de cadavres ont \u00ab&nbsp;f\u00eat\u00e9&nbsp;\u00bb le 8<sup>e<\/sup> anni\u00adver\u00adsaire de la \u00ab&nbsp;vic\u00adtoire&nbsp;\u00bb de la Marne. \u00c0 cette occa\u00adsion, le grand chef des Sau\u00advages, Poin\u00adca\u00adr\u00e9, a pro\u00adnon\u00adc\u00e9 un grand dis\u00adcours, pieu\u00adse\u00adment recueilli et pro\u00adpa\u00adg\u00e9 par la presse patrio\u00adtarde\u200a\u2014\u200aavec la peau des autres\u200a\u2014\u200aet par <i>l\u2019Action Fran\u00ad\u00e7aise<\/i> en particulier.<\/p>\n<p>Par\u00adlant des alliances de la \u00ab&nbsp;der\u00adni\u00e8re&nbsp;\u00bb guerre, Poin\u00adca\u00adr\u00e9 d\u00e9clare&nbsp;:<\/p>\n<blockquote><p>\u00ab&nbsp;Les coa\u00adli\u00adtions qui se sont for\u00adm\u00e9es en d\u2019autres temps \u00e9taient, en g\u00e9n\u00e9\u00adral, condam\u00adn\u00e9es \u00e0 se d\u00e9sa\u00adgr\u00e9\u00adger, parce qu\u2019elles avaient \u00e9t\u00e9 ins\u00adpi\u00adr\u00e9es par la convoi\u00adtise. Cette fois, nous nous sommes grou\u00adp\u00e9s pour emp\u00ea\u00adcher l\u2019Allemagne d\u2019opprimer les autres peuples&nbsp;: nous nous sommes bat\u00adtus pour la jus\u00adtice et la libert\u00e9.&nbsp;\u00bb<\/p><\/blockquote>\n<p>Cela ne fait pas plai\u00adsir \u00e0 Maurras&nbsp;:<\/p>\n<blockquote><p>\u00ab&nbsp;Je ne sais pas bien, dit-il, jusqu\u2019\u00e0 quand \u00ab&nbsp;les for\u00admules de cet ordre seront sup\u00adpor\u00adt\u00e9es du papier et se feront souf\u00adfrir des oreilles humaines. Elles passent encore.&nbsp;\u00bb<\/p><\/blockquote>\n<p>C\u2019est que Maur\u00adras sait bien que chez les capi\u00adta\u00adlistes et les gou\u00adver\u00adnants \u00e0 leur solde, le d\u00e9s\u00adin\u00adt\u00e9\u00adres\u00adse\u00adment est un luxe dont ils ne s\u2019embarrassent gu\u00e8re. France, Patrie, Droit, Liber\u00adt\u00e9, ne sont que des mots dont ils savent se ser\u00advir habi\u00adle\u00adment pour asseoir plus soli\u00adde\u00adment leur domination.<\/p>\n<h2>L\u2019increvable<\/h2>\n<p><\/p>\n<p>La \u00ab&nbsp;vic\u00adtime&nbsp;\u00bb si peu int\u00e9\u00adres\u00adsante de Cot\u00adtin se porte \u00e0 mer\u00adveille. Le m\u00eame pitre, qui ne veut pas se d\u00e9ci\u00adder \u00e0 rendre au diable une \u00e2me qui serait pour\u00adtant re\u00e7ue \u00e0 bras ouverts, vient en effet de se d\u00e9ci\u00adder \u00e0 accom\u00adplir le voyage d\u2019Am\u00e9rique \u00e0 seule fin de prou\u00adver p\u00e9remp\u00adtoi\u00adre\u00adment aux am\u00e9\u00adri\u00adcains qu\u2019ils ont tort d\u2019accuser la France d\u2019imp\u00e9rialisme et de militarisme.<\/p>\n<p>\u00ab&nbsp;Au pays de Bar\u00adnum, dit Jacques Ban\u00adville, dans <i>la Liber\u00adt\u00e9<\/i>, Cle\u00admen\u00adceau est s\u00fbr d\u2019un suc\u00adc\u00e8s de sym\u00adpa\u00adthie et de curiosit\u00e9.&nbsp;\u00bb<\/p>\n<p><quote>\u00ab&nbsp;S\u2019il parle des dettes, il fau\u00addra qu\u2019il soit vrai\u00adment inspir\u00e9.<\/quote><\/p>\n<p>Mais il se pro\u00adpose sur\u00adtout de d\u00e9fendre la France contre le reproche de mili\u00adta\u00adrisme et d\u2019imp\u00e9rialisme. L\u00e0, nous dou\u00adtons encore plus de l\u2019efficacit\u00e9. D\u2019abord pour\u00adquoi tou\u00adjours se d\u00e9fendre, tou\u00adjours s\u2019excuser, ce qui revient \u00e0 s\u2019accuser&nbsp;? L\u2019Angleterre s\u2019excuse-t-elle d\u2019\u00eatre la pre\u00admi\u00e8re puis\u00adsance mari\u00adtime du monde, de s\u2019appeler et de consti\u00adtuer offi\u00adciel\u00adle\u00adment un empire, le Bri\u00adtish Empire, d\u2019avoir des plans imp\u00e9\u00adria\u00adlistes et imp\u00e9\u00adriaux sur une moi\u00adti\u00e9 de l\u2019Asie&nbsp;?&nbsp;\u00bb<\/p>\n<p>En effet, la France qu\u2019illustrent, d\u2019aussi illustres g\u00e9n\u00e9\u00adraux que le nom\u00adm\u00e9 Duch\u00eane, le glo\u00adrieux vain\u00adqueur du Havre, n\u2019a pas besoin de s\u2019excuser. Elle n\u2019a qu\u2019\u00e0 tirer son grand sabre et \u00e0 faire d\u00e9mo\u00adlir \u00e0 nou\u00adveau quelques cen\u00adtaines de mil\u00adliers de ses \u00ab&nbsp;enfants&nbsp;\u00bb qui ne semblent pas avoir conscience de l\u2019ab\u00eeme o\u00f9 les conduit la rapa\u00adci\u00adt\u00e9 de leurs dirigeants.<\/p>\n<h2>Alliance franco-allemande<\/h2>\n<p><\/p>\n<p>Les hommes d\u2019affaires, eux, ne perdent pas leur temps, qui est d\u2019or, en vains palabres. Lou\u00adcheur et Rathe\u00adneau avaient d\u00e9j\u00e0 essay\u00e9 une com\u00adbi\u00adnai\u00adson Hugo Stinnes, concur\u00adrent de Rathe\u00adnau et l\u2019un des plus gros requins alle\u00admands, vient d\u2019en conclure une autre avec de Luber\u00adsac au nom de la Conf\u00e9\u00add\u00e9\u00adra\u00adtion g\u00e9n\u00e9\u00adrale des coop\u00e9\u00adra\u00adtives de recons\u00adtruc\u00adtion des r\u00e9gions d\u00e9vast\u00e9es.<\/p>\n<p>Gus\u00adtave Her\u00adv\u00e9 annonce triom\u00adpha\u00adle\u00adment la chose dans le <i>Petit Pari\u00adsien<\/i>&nbsp;:<\/p>\n<p><quote>\u00ab&nbsp;Aujourd\u2019hui, c\u2019est un puis\u00adsant groupe indus\u00adtriel alle\u00admand qui traite avec le groupe non moins impor\u00adtant d\u2019entrepreneurs fran\u00ad\u00e7ais qui sont der\u00adri\u00e8re M.&nbsp;de Lubersac.<\/quote><\/p>\n<p>Demain, c\u2019est le groupe alle\u00admand de l\u2019industrie de la potasse et le groupe fran\u00ad\u00e7ais des potasses alsa\u00adciennes qui se r\u00e9par\u00adti\u00adront par un libre accord les prin\u00adci\u00adpaux mar\u00adch\u00e9s d\u2019Europe et d\u2019Am\u00e9rique.<\/p>\n<p>Apr\u00e8s-demain, ce sont les m\u00e9tal\u00adlur\u00adgistes fran\u00ad\u00e7ais de Lor\u00adraine qui signe\u00adront avec les gros m\u00e9tal\u00adlur\u00adgistes de la Ruhr d\u2019autres contrats par les\u00adquels les pre\u00admiers assu\u00adre\u00adront aux seconds une cer\u00adtaine quan\u00adti\u00adt\u00e9 de mine\u00adrais de fer de Lor\u00adraine contre une cer\u00adtaine quan\u00adti\u00adt\u00e9 de coke de la&nbsp;Ruhr.<\/p>\n<p>[|\u2026\u2026\u2026\u2026\u2026\u2026\u2026\u2026\u2026\u2026\u2026\u2026\u2026\u2026\u2026\u2026\u2026\u2026\u2026\u2026\u2026\u2026\u2026\u2026\u2026\u2026\u2026\u2026\u2026\u2026\u2026\u2026\u2026\u2026\u2026\u2026\u2026|]<br>\n<\/p>\n<p>\u00ab&nbsp;Quand le monde des affaires, du com\u00admerce et de l\u2019industrie aura soli\u00adde\u00adment li\u00e9 les int\u00e9\u00adr\u00eats des deux nations, le temps aidant, le d\u00e9sar\u00adme\u00adment moral pour\u00adra suivre.<\/p>\n<p>Par-des\u00adsus l\u2019ab\u00eeme que la guerre a creu\u00ads\u00e9 entre l\u2019Allemagne et la France, <i>ce sont des hommes d\u2019affaires qui jettent le pre\u00admier pont<\/i>.&nbsp;\u00bb<\/p>\n<p>S\u2019il reste encore par\u00admi les probes, des patriotes sin\u00adc\u00e8res, ils doivent main\u00adte\u00adnant \u00eatre \u00e9di\u00adfi\u00e9s. Le tableau, bros\u00ads\u00e9 par l\u2019ex \u00ab&nbsp;sans-patrie&nbsp;\u00bb, de l\u2019industrie fran\u00ad\u00e7aise leur pro\u00admet encore de beaux jours d\u2019exploitation.<\/p>\n<p>Fini\u00adront-ils par voir clair et comprendre&nbsp;?&nbsp;<\/p>\n<p>[\/\u200bPierre <sc>Mual\u00add\u00e8s<\/sc>.\/\u200b]<\/p>\n","protected":false},"excerpt":{"rendered":"<p>Sta\u00adtis\u00adtiques Le Petit Pari\u00adsien publie ces chiffres qui, de son aveu m\u00eame, doivent don\u00adner \u00e0 pen\u00adser&nbsp;: \u00ab&nbsp;La guerre et la&nbsp;mort\u2026 Quelques chiffres qui donnent \u00e0&nbsp;pense\u2026 La France a per\u00addu 1.400.000 hommes au cours des quatre ann\u00e9es de la der\u00adni\u00e8re guerre. C\u2019est un tiers de plus des pertes qu\u2019elle subit lors des guerres de la R\u00e9volution,&nbsp;[\u2026]<\/p>\n","protected":false},"author":1,"featured_media":0,"comment_status":"closed","ping_status":"closed","sticky":false,"template":"","format":"standard","meta":{"wp_typography_post_enhancements_disabled":false,"footnotes":""},"categories":[368],"tags":[],"ppma_author":[540],"class_list":["post-3114","post","type-post","status-publish","format-standard","hentry","category-la-revue-anarchiste-na9-septembre-1922"],"authors":[{"term_id":540,"user_id":1,"is_guest":0,"slug":"admin_3gikpwyf","display_name":"Vincent Dubuc","avatar_url":"https:\/\/secure.gravatar.com\/avatar\/d015720652c25fd2ced191ade86430094e1f288a17483713e3b34d26dea52507?s=96&d=mm&r=g","author_category":"","user_url":"https:\/\/la-presse-anarchiste.net","last_name":"Dubuc","first_name":"Vincent","job_title":"","description":""}],"_links":{"self":[{"href":"https:\/\/la-presse-anarchiste.net\/index.php\/wp-json\/wp\/v2\/posts\/3114","targetHints":{"allow":["GET"]}}],"collection":[{"href":"https:\/\/la-presse-anarchiste.net\/index.php\/wp-json\/wp\/v2\/posts"}],"about":[{"href":"https:\/\/la-presse-anarchiste.net\/index.php\/wp-json\/wp\/v2\/types\/post"}],"author":[{"embeddable":true,"href":"https:\/\/la-presse-anarchiste.net\/index.php\/wp-json\/wp\/v2\/users\/1"}],"replies":[{"embeddable":true,"href":"https:\/\/la-presse-anarchiste.net\/index.php\/wp-json\/wp\/v2\/comments?post=3114"}],"version-history":[{"count":0,"href":"https:\/\/la-presse-anarchiste.net\/index.php\/wp-json\/wp\/v2\/posts\/3114\/revisions"}],"wp:attachment":[{"href":"https:\/\/la-presse-anarchiste.net\/index.php\/wp-json\/wp\/v2\/media?parent=3114"}],"wp:term":[{"taxonomy":"category","embeddable":true,"href":"https:\/\/la-presse-anarchiste.net\/index.php\/wp-json\/wp\/v2\/categories?post=3114"},{"taxonomy":"post_tag","embeddable":true,"href":"https:\/\/la-presse-anarchiste.net\/index.php\/wp-json\/wp\/v2\/tags?post=3114"},{"taxonomy":"author","embeddable":true,"href":"https:\/\/la-presse-anarchiste.net\/index.php\/wp-json\/wp\/v2\/ppma_author?post=3114"}],"curies":[{"name":"wp","href":"https:\/\/api.w.org\/{rel}","templated":true}]}}